{"id":2743,"date":"2025-02-26T18:40:00","date_gmt":"2025-02-26T18:40:00","guid":{"rendered":"https:\/\/diariodegarca.com\/2025\/02\/26\/pat-de-garca-abre-vagas-para-diversas-areas\/"},"modified":"2025-02-26T18:40:00","modified_gmt":"2025-02-26T18:40:00","slug":"pat-de-garca-abre-vagas-para-diversas-areas","status":"publish","type":"post","link":"https:\/\/diariodegarca.com\/?p=2743","title":{"rendered":"PAT de Gar\u00e7a abre vagas para diversas \u00e1reas"},"content":{"rendered":"<div class=\"separator\" style=\"clear: both;text-align: center\"><a href=\"https:\/\/i0.wp.com\/blogger.googleusercontent.com\/img\/b\/R29vZ2xl\/AVvXsEj52gAf-hoUkd5pGlIEoaPBKl7eZsMERidgNf822J7wTraIXcos5izbaFysPTGJM-yoDqSzUORK0ZsjdwmZKl4oU1ZTT_Er-KQqcJYqZY8YKTw9egMsX0kWSi7KU-kArKNbQGrR-Q6xN9aMJMYC-93DrQJPFMqxlzx0ZHcVE-hCdu6TVwrPT7c0IOSFVPM\/s3200\/young-business-woman-working-laptop-office.jpg?ssl=1\" style=\"margin-left: 1em;margin-right: 1em\"><img data-recalc-dims=\"1\" loading=\"lazy\" decoding=\"async\" border=\"0\" height=\"266\" src=\"https:\/\/i0.wp.com\/blogger.googleusercontent.com\/img\/b\/R29vZ2xl\/AVvXsEj52gAf-hoUkd5pGlIEoaPBKl7eZsMERidgNf822J7wTraIXcos5izbaFysPTGJM-yoDqSzUORK0ZsjdwmZKl4oU1ZTT_Er-KQqcJYqZY8YKTw9egMsX0kWSi7KU-kArKNbQGrR-Q6xN9aMJMYC-93DrQJPFMqxlzx0ZHcVE-hCdu6TVwrPT7c0IOSFVPM\/w400-h266\/young-business-woman-working-laptop-office.jpg?resize=400%2C266&#038;ssl=1\" width=\"400\" \/><\/a><\/div>\n<div><\/div>\n<div><\/div>\n<div>O Posto de Atendimento ao Trabalhador (PAT) de Gar\u00e7a est\u00e1 com vagas abertas para: Salgadeira, Cozinheira, Auxiliar de Pet Shop e Assistente Financeiro. As oportunidades s\u00e3o voltadas para profissionais com experi\u00eancia nas respectivas \u00e1reas, e as inscri\u00e7\u00f5es podem ser realizadas at\u00e9 o dia 2 de mar\u00e7o de 2025.\u00a0\u00a0<\/div>\n<div><\/div>\n<div><b>Confira os detalhes das vagas:<\/b><\/div>\n<div>\ud83e\udd50\u00a0<span style=\"letter-spacing: 0.2px\">Para a vaga de <\/span><b style=\"letter-spacing: 0.2px\">Salgadeira<\/b><span style=\"letter-spacing: 0.2px\">, o candidato deve ter experi\u00eancia na produ\u00e7\u00e3o de salgados variados, como coxinhas, bolinhos de bacalhau e quiches, al\u00e9m de ser respons\u00e1vel pela apresenta\u00e7\u00e3o final dos produtos.\u00a0<\/span><\/div>\n<div>\n<div><\/div>\n<div>\ud83e\udd44\u00a0<span style=\"letter-spacing: 0.2px\">J\u00e1 a fun\u00e7\u00e3o de <\/span><b style=\"letter-spacing: 0.2px\">Cozinheira\u00a0<\/b><span style=\"letter-spacing: 0.2px\">exige conhecimentos na prepara\u00e7\u00e3o de alimentos, garantindo qualidade, higiene e sabor, al\u00e9m de auxiliar na coordena\u00e7\u00e3o das atividades da cozinha. Ambas as vagas oferecem como benef\u00edcio a cesta b\u00e1sica.\u00a0\u00a0<\/span><\/div>\n<\/div>\n<div><\/div>\n<div>\n<div>\ud83d\udc3e\u00a0<span style=\"letter-spacing: 0.2px\">Quem busca atuar na \u00e1rea de cuidados com animais, a vaga de <\/span><b style=\"letter-spacing: 0.2px\">Auxiliar de Pet Shop<\/b><span style=\"letter-spacing: 0.2px\">\u00a0pode ser a oportunidade ideal. O profissional ser\u00e1 respons\u00e1vel por interagir com os animais, realizar banho e tosa, atender clientes e auxiliar na limpeza e manuten\u00e7\u00e3o do estabelecimento. \u00c9 necess\u00e1rio possuir curso de banho e tosa e habilita\u00e7\u00e3o.\u00a0\u00a0<\/span><\/div>\n<\/div>\n<div><\/div>\n<div>\n<div>\ud83e\uddee\u00a0<span style=\"letter-spacing: 0.2px\">Para os interessados na \u00e1rea administrativa, a vaga de <b>Assistente Financeiro\u00a0<\/b>exige ensino superior e experi\u00eancia em planejamento, gest\u00e3o e an\u00e1lise de recursos financeiros. O profissional ser\u00e1 respons\u00e1vel por garantir a rentabilidade e gerenciar gastos e recursos da empresa.\u00a0\u00a0<\/span><\/div>\n<\/div>\n<div><\/div>\n<div>As inscri\u00e7\u00f5es devem ser realizadas exclusivamente pelo site <a href=\"https:\/\/www.emprega.garca.sp.gov.br\/\">https:\/\/www.emprega.garca.sp.gov.br<\/a><span style=\"letter-spacing: 0.2px\">. O candidato deve fazer login, localizar a vaga desejada, clicar em &#8220;detalhes&#8221; e submeter sua candidatura. \u00c9 fundamental preencher todas as informa\u00e7\u00f5es do curr\u00edculo durante a inscri\u00e7\u00e3o, pois isso aumenta as chances de ser chamado para uma entrevista.\u00a0\u00a0<\/span><\/div>\n<div><\/div>\n<div>Essas oportunidades s\u00e3o ideais para quem busca recoloca\u00e7\u00e3o profissional ou deseja ingressar em uma nova \u00e1rea. Fique atento aos prazos e n\u00e3o deixe de se inscrever!\u00a0\u00a0<\/div>\n","protected":false},"excerpt":{"rendered":"<p>O Posto de Atendimento ao Trabalhador (PAT) de Gar\u00e7a est\u00e1 com vagas abertas para: Salgadeira, Cozinheira, Auxiliar de Pet Shop e Assistente Financeiro. As oportunidades s\u00e3o voltadas para profissionais com experi\u00eancia nas respectivas \u00e1reas, e as inscri\u00e7\u00f5es podem ser realizadas at\u00e9 o dia 2 de mar\u00e7o de 2025.\u00a0\u00a0 Confira os detalhes das vagas: \ud83e\udd50\u00a0Para a [&hellip;]<\/p>\n","protected":false},"author":260896546,"featured_media":0,"comment_status":"open","ping_status":"open","sticky":false,"template":"","format":"standard","meta":{"_crdt_document":"","_monsterinsights_skip_tracking":false,"_monsterinsights_sitenote_active":false,"_monsterinsights_sitenote_note":"","_monsterinsights_sitenote_category":0,"advanced_seo_description":"","jetpack_seo_html_title":"","jetpack_seo_noindex":false,"_jetpack_newsletter_access":"","_jetpack_dont_email_post_to_subs":false,"_jetpack_newsletter_tier_id":0,"_jetpack_memberships_contains_paywalled_content":false,"_jetpack_memberships_contains_paid_content":false,"footnotes":"","jetpack_publicize_message":"","jetpack_publicize_feature_enabled":true,"jetpack_social_post_already_shared":false,"jetpack_social_options":{"image_generator_settings":{"template":"fullscreen","default_image_id":0,"font":"","enabled":false},"version":2},"_wpas_customize_per_network":false,"jetpack_post_was_ever_published":false},"categories":[38185],"tags":[781171801,781171807],"class_list":["post-2743","post","type-post","status-publish","format-standard","hentry","category-brasil","tag-brasil","tag-vagas"],"jetpack_publicize_connections":[],"jetpack_featured_media_url":"","jetpack_likes_enabled":true,"jetpack_sharing_enabled":true,"jetpack_shortlink":"https:\/\/wp.me\/pgitne-If","jetpack-related-posts":[{"id":2387,"url":"https:\/\/diariodegarca.com\/?p=2387","url_meta":{"origin":2743,"position":0},"title":"PAT de Gar\u00e7a abre vagas para Secret\u00e1ria do Lar e Encarregado Florestal","author":"Di\u00e1rio de Gar\u00e7a","date":"11 de abril de 2025","format":false,"excerpt":"\u00a0O Posto de Atendimento ao Trabalhador (PAT) de Gar\u00e7a est\u00e1 com duas vagas em destaque para profissionais de diferentes \u00e1reas:\u00a0Secret\u00e1ria do Lar\u00a0e\u00a0Encarregado de Opera\u00e7\u00f5es Florestais. As oportunidades t\u00eam prazos curtos para inscri\u00e7\u00e3o, exigindo que os interessados se cadastrem rapidamente pelo site\u00a0Emprega Gar\u00e7a.Secret\u00e1ria do LarVagas:\u00a01Remunera\u00e7\u00e3o:\u00a0A combinarPer\u00edodo de inscri\u00e7\u00e3o:\u00a0at\u00e9 15\/04\/2025Hor\u00e1rio:\u00a0Segunda a sexta,\u2026","rel":"","context":"Em &quot;Brasil&quot;","block_context":{"text":"Brasil","link":"https:\/\/diariodegarca.com\/?cat=38185"},"img":{"alt_text":"","src":"https:\/\/i0.wp.com\/blogger.googleusercontent.com\/img\/b\/R29vZ2xl\/AVvXsEiVjlaQtRw6F9Nrwy4AOJLXYHJJPt2VMGSG7uoK-V8qFZUzt77V0CbviWdJw9Qb9jEeOAzDu-Enfy0kTeFHue4noyjLQWLkzUpKb17YRkYknqwSkM1Tasf-Lccl0l9Vg8AsrhSPH98Kbj7nyFoAxExipWX5l94y9fCOfXX58fFgrfYkVaOWd3EMn9lqcaU\/s320\/full-shot-forest-warden-looking-tree.jpg?resize=350%2C200&ssl=1","width":350,"height":200},"classes":[]},{"id":2571,"url":"https:\/\/diariodegarca.com\/?p=2571","url_meta":{"origin":2743,"position":1},"title":"PAT de Gar\u00e7a abre vagas para consultores de viagens e secret\u00e1ria do lar","author":"Di\u00e1rio de Gar\u00e7a","date":"21 de mar\u00e7o de 2025","format":false,"excerpt":"O Posto de Atendimento ao Trabalhador (PAT) de Gar\u00e7a est\u00e1 com novas oportunidades de emprego para profissionais interessados nas \u00e1reas de consultoria de viagens e servi\u00e7os dom\u00e9sticos. As vagas oferecem benef\u00edcios atrativos e exigem experi\u00eancia pr\u00e9via. As inscri\u00e7\u00f5es devem ser feitas exclusivamente pelo site oficial do PAT de Gar\u00e7a, com\u2026","rel":"","context":"Em &quot;Brasil&quot;","block_context":{"text":"Brasil","link":"https:\/\/diariodegarca.com\/?cat=38185"},"img":{"alt_text":"","src":"","width":0,"height":0},"classes":[]},{"id":2224,"url":"https:\/\/diariodegarca.com\/?p=2224","url_meta":{"origin":2743,"position":2},"title":"PAT de Gar\u00e7a oferta vagas em diversas \u00e1reas com sal\u00e1rios de at\u00e9 R$ 2,4 mil","author":"Di\u00e1rio de Gar\u00e7a","date":"2 de maio de 2025","format":false,"excerpt":"\u00a0 O Posto de Atendimento ao Trabalhador (PAT) de Gar\u00e7a est\u00e1 com cinco oportunidades abertas para profissionais em busca de recoloca\u00e7\u00e3o no mercado. As vagas, distribu\u00eddas em setores como transporte, gastronomia e ind\u00fastria, oferecem remunera\u00e7\u00f5es que variam entre R$ 1.800,00 e R$ 2.405,83, al\u00e9m de benef\u00edcios como vale-alimenta\u00e7\u00e3o e participa\u00e7\u00e3o\u2026","rel":"","context":"Em &quot;Brasil&quot;","block_context":{"text":"Brasil","link":"https:\/\/diariodegarca.com\/?cat=38185"},"img":{"alt_text":"","src":"","width":0,"height":0},"classes":[]},{"id":2125,"url":"https:\/\/diariodegarca.com\/?p=2125","url_meta":{"origin":2743,"position":3},"title":"PAT de Gar\u00e7a oferece vagas em diversas \u00e1reas com sal\u00e1rios de at\u00e9 R$ 3,5 mil","author":"Di\u00e1rio de Gar\u00e7a","date":"12 de maio de 2025","format":false,"excerpt":"O Posto de Atendimento ao Trabalhador (PAT) de Gar\u00e7a est\u00e1 com oportunidades abertas para profissionais em diferentes setores, incluindo administrativo, operacional e florestal. As vagas dispon\u00edveis variam em requisitos, benef\u00edcios e remunera\u00e7\u00e3o, com destaque para o cargo de\u00a0Encarregado de Opera\u00e7\u00f5es Florestais, que oferece sal\u00e1rio de\u00a0R$ 3.547,12\u00a0e benef\u00edcios como vale-alimenta\u00e7\u00e3o, conv\u00eanios\u2026","rel":"","context":"Em &quot;Brasil&quot;","block_context":{"text":"Brasil","link":"https:\/\/diariodegarca.com\/?cat=38185"},"img":{"alt_text":"","src":"https:\/\/i0.wp.com\/blogger.googleusercontent.com\/img\/b\/R29vZ2xl\/AVvXsEj8-vppBKOfylPQnSHC3HX3hix7zHLhyNvtB98HCJEYR92TsDv4plY93IXKEjugxCi3zpaQ5kLteedt-ngGHEv-7Cn1CZ7Q2TFmKtLrCqny9gcBB0sq34iSnZV1Nz2hTpVfOFTYEaX0f-vhdmrn3zU_Cqe9NnvUK9KjltLtJ8Drz7pQlZxrjpjndCOduAM\/s320\/two-colleagues-factory.jpg?resize=350%2C200&ssl=1","width":350,"height":200},"classes":[]},{"id":2652,"url":"https:\/\/diariodegarca.com\/?p=2652","url_meta":{"origin":2743,"position":4},"title":"PAT de Gar\u00e7a abre vagas em diferentes setores; confira as oportunidades","author":"Di\u00e1rio de Gar\u00e7a","date":"11 de mar\u00e7o de 2025","format":false,"excerpt":"O Posto de Atendimento ao Trabalhador (PAT) de Gar\u00e7a est\u00e1 com vagas abertas em diversas \u00e1reas, oferecendo oportunidades para profissionais com diferentes perfis. As oportunidades incluem fun\u00e7\u00f5es como Vendedor de Caf\u00e9, Trabalhador Rural e L\u00edder Florestal, atendendo \u00e0 demanda de empresas locais.As inscri\u00e7\u00f5es s\u00e3o gratuitas e realizadas exclusivamente online, por\u2026","rel":"","context":"Em &quot;Brasil&quot;","block_context":{"text":"Brasil","link":"https:\/\/diariodegarca.com\/?cat=38185"},"img":{"alt_text":"","src":"","width":0,"height":0},"classes":[]},{"id":2359,"url":"https:\/\/diariodegarca.com\/?p=2359","url_meta":{"origin":2743,"position":5},"title":"PAT de Gar\u00e7a oferece oportunidades de emprego em diferentes \u00e1reas","author":"Di\u00e1rio de Gar\u00e7a","date":"15 de abril de 2025","format":false,"excerpt":"O Posto de Atendimento ao Trabalhador (PAT) de Gar\u00e7a divulgou novas vagas de emprego para profissionais em busca de recoloca\u00e7\u00e3o no mercado. As oportunidades incluem fun\u00e7\u00f5es como motorista, estoquista e pedreiro, com prazos de inscri\u00e7\u00e3o entre abril e maio de 2025. Confira os detalhes: Motorista Quantidade de vagas: 3 Remunera\u00e7\u00e3o:\u2026","rel":"","context":"Em &quot;Brasil&quot;","block_context":{"text":"Brasil","link":"https:\/\/diariodegarca.com\/?cat=38185"},"img":{"alt_text":"","src":"","width":0,"height":0},"classes":[]}],"_links":{"self":[{"href":"https:\/\/diariodegarca.com\/index.php?rest_route=\/wp\/v2\/posts\/2743","targetHints":{"allow":["GET"]}}],"collection":[{"href":"https:\/\/diariodegarca.com\/index.php?rest_route=\/wp\/v2\/posts"}],"about":[{"href":"https:\/\/diariodegarca.com\/index.php?rest_route=\/wp\/v2\/types\/post"}],"author":[{"embeddable":true,"href":"https:\/\/diariodegarca.com\/index.php?rest_route=\/wp\/v2\/users\/260896546"}],"replies":[{"embeddable":true,"href":"https:\/\/diariodegarca.com\/index.php?rest_route=%2Fwp%2Fv2%2Fcomments&post=2743"}],"version-history":[{"count":0,"href":"https:\/\/diariodegarca.com\/index.php?rest_route=\/wp\/v2\/posts\/2743\/revisions"}],"wp:attachment":[{"href":"https:\/\/diariodegarca.com\/index.php?rest_route=%2Fwp%2Fv2%2Fmedia&parent=2743"}],"wp:term":[{"taxonomy":"category","embeddable":true,"href":"https:\/\/diariodegarca.com\/index.php?rest_route=%2Fwp%2Fv2%2Fcategories&post=2743"},{"taxonomy":"post_tag","embeddable":true,"href":"https:\/\/diariodegarca.com\/index.php?rest_route=%2Fwp%2Fv2%2Ftags&post=2743"}],"curies":[{"name":"wp","href":"https:\/\/api.w.org\/{rel}","templated":true}]}}