{"id":2746,"date":"2025-02-26T15:51:00","date_gmt":"2025-02-26T15:51:00","guid":{"rendered":"https:\/\/diariodegarca.com\/2025\/02\/26\/filhotes-de-cachorro-buscam-adocao-responsavel-em-garca\/"},"modified":"2025-02-26T15:51:00","modified_gmt":"2025-02-26T15:51:00","slug":"filhotes-de-cachorro-buscam-adocao-responsavel-em-garca","status":"publish","type":"post","link":"https:\/\/diariodegarca.com\/?p=2746","title":{"rendered":"Filhotes de cachorro buscam ado\u00e7\u00e3o respons\u00e1vel em Gar\u00e7a"},"content":{"rendered":"<div class=\"separator\" style=\"clear: both;text-align: center\">\n  <a href=\"https:\/\/blogger.googleusercontent.com\/img\/a\/AVvXsEg3y0jnVuJw33c9r-FkrEV9a-SmapnHD6TMXPEAdg5G_ybn9xQZyrsBKvgJ_1d496Z1yeI2gy6lPwjM3RdDrQtdEaTrN8uoFvPezjxnOMiwP6na1r32B_ByIkBDtUZnQf70jUc_c-R71bX_dH1pJKc_214q_Y66EjRPlVFgYQs2n5Qa1arDnwWOjmkhP1k\" style=\"margin-left: 1em;margin-right: 1em\"><br \/>\n    <img decoding=\"async\" border=\"0\" src=\"https:\/\/blogger.googleusercontent.com\/img\/a\/AVvXsEg3y0jnVuJw33c9r-FkrEV9a-SmapnHD6TMXPEAdg5G_ybn9xQZyrsBKvgJ_1d496Z1yeI2gy6lPwjM3RdDrQtdEaTrN8uoFvPezjxnOMiwP6na1r32B_ByIkBDtUZnQf70jUc_c-R71bX_dH1pJKc_214q_Y66EjRPlVFgYQs2n5Qa1arDnwWOjmkhP1k\" width=\"400\"><br \/>\n  <\/a>\n<\/div>\n<p><\/p>\n<div><\/div>\n<div>Quatro filhotes de aproximadamente dois meses de idade est\u00e3o em busca de lares amorosos em Gar\u00e7a. Dois machos e duas f\u00eameas, esses pequenos esperam por adotantes respons\u00e1veis que possam oferecer carinho, seguran\u00e7a e os cuidados necess\u00e1rios para uma vida saud\u00e1vel.<\/div>\n<div><\/div>\n<div>\n<div class=\"separator\" style=\"clear: both;text-align: center\">\n  <a href=\"https:\/\/blogger.googleusercontent.com\/img\/a\/AVvXsEhM8MDZS6PbfxnfBsh1BG4H8mrhXCE5wbf2PQZOjy7Dtep0FIjvPbAzwrh2Q9ItNxZp6TDzH82P8nvZaxPNT61jp26otweFCYfy3arJ-OjoFI7itlvo-XndSc-RQfNcMBIMTAEBAY-zOTzxeqVtmY_CgA07oWVqryadc6ENvSJQpZX1PBIJRIMViuwKGnw\" style=\"margin-left: 1em;margin-right: 1em\"><br \/>\n    <img decoding=\"async\" border=\"0\" src=\"https:\/\/blogger.googleusercontent.com\/img\/a\/AVvXsEhM8MDZS6PbfxnfBsh1BG4H8mrhXCE5wbf2PQZOjy7Dtep0FIjvPbAzwrh2Q9ItNxZp6TDzH82P8nvZaxPNT61jp26otweFCYfy3arJ-OjoFI7itlvo-XndSc-RQfNcMBIMTAEBAY-zOTzxeqVtmY_CgA07oWVqryadc6ENvSJQpZX1PBIJRIMViuwKGnw\" width=\"400\"><br \/>\n  <\/a>\n<\/div>\n<p><\/div>\n<div>Com pelagens variadas e olhares cheios de ternura, os filhotes demonstram o desejo de encontrar fam\u00edlias que os acolham. Como qualquer animal de estima\u00e7\u00e3o, eles precisar\u00e3o de aten\u00e7\u00e3o, alimenta\u00e7\u00e3o adequada e, futuramente, vacinas e castra\u00e7\u00e3o para garantir seu bem-estar.<\/div>\n<div><\/div>\n<div>\n<div class=\"separator\" style=\"clear: both;text-align: center\">\n  <a href=\"https:\/\/blogger.googleusercontent.com\/img\/a\/AVvXsEiHg4tAcVa1EkWQY8QMozXgGZ2Tc99dWws78dOkA9K_hdJizCib23NpoILwc8Im6nD0QraJa3i9KuPZaawgwGwraw66ImKynDIWP54EH7HOYYL-YeMwh42dMvNEQ-hDgGmUuubd3aL_1kLS2uz3Jhr86Foy9CHnAFGbTmfHb-LbNnMoMBinkUmJePny4jM\" style=\"margin-left: 1em;margin-right: 1em\"><br \/>\n    <img decoding=\"async\" border=\"0\" src=\"https:\/\/blogger.googleusercontent.com\/img\/a\/AVvXsEiHg4tAcVa1EkWQY8QMozXgGZ2Tc99dWws78dOkA9K_hdJizCib23NpoILwc8Im6nD0QraJa3i9KuPZaawgwGwraw66ImKynDIWP54EH7HOYYL-YeMwh42dMvNEQ-hDgGmUuubd3aL_1kLS2uz3Jhr86Foy9CHnAFGbTmfHb-LbNnMoMBinkUmJePny4jM\" width=\"400\"><br \/>\n  <\/a>\n<\/div>\n<p><\/div>\n<div>A ado\u00e7\u00e3o respons\u00e1vel \u00e9 um ato de amor e compromisso. Quem tiver interesse em proporcionar um futuro melhor para um dos cachorrinhos pode entrar em contato com <b>Ana Bia pelo telefone (14) 99157-6330<\/b>.<\/div>\n<div><\/div>\n<div>\n<div class=\"separator\" style=\"clear: both;text-align: center\">\n  <a href=\"https:\/\/blogger.googleusercontent.com\/img\/a\/AVvXsEgfdC0hDmJjCCXyEEY16blbsbrv9WhgJpXneAyCjyGQrjBd7ocFf-yIaTEYXi-LY42iXwZdnueScm2Vf68blARPbWDtHiOkq1r3Xs6EmFOHLdylrHfGy3YXqatyDk_1-0zEFiLkPrPmcyDBLBQ8hJ85e21cKoeO24XD40wNPKHPznztiuPIrloHJqs1U3M\" style=\"margin-left: 1em;margin-right: 1em\"><br \/>\n    <img decoding=\"async\" border=\"0\" src=\"https:\/\/blogger.googleusercontent.com\/img\/a\/AVvXsEgfdC0hDmJjCCXyEEY16blbsbrv9WhgJpXneAyCjyGQrjBd7ocFf-yIaTEYXi-LY42iXwZdnueScm2Vf68blARPbWDtHiOkq1r3Xs6EmFOHLdylrHfGy3YXqatyDk_1-0zEFiLkPrPmcyDBLBQ8hJ85e21cKoeO24XD40wNPKHPznztiuPIrloHJqs1U3M\" width=\"400\"><br \/>\n  <\/a>\n<\/div>\n<p><\/div>\n<div>Dar uma chance a um animal resgatado n\u00e3o apenas transforma a vida dele, mas tamb\u00e9m traz alegria e companheirismo para quem adota. Se voc\u00ea est\u00e1 pronto para essa experi\u00eancia, n\u00e3o perca a oportunidade de conhecer esses filhotes e fazer a diferen\u00e7a!<\/div>\n<div><\/div>\n<div>\n<p><\/div>\n<div><\/div>\n<div><\/div>\n","protected":false},"excerpt":{"rendered":"<p>Quatro filhotes de aproximadamente dois meses de idade est\u00e3o em busca de lares amorosos em Gar\u00e7a. Dois machos e duas f\u00eameas, esses pequenos esperam por adotantes respons\u00e1veis que possam oferecer carinho, seguran\u00e7a e os cuidados necess\u00e1rios para uma vida saud\u00e1vel. Com pelagens variadas e olhares cheios de ternura, os filhotes demonstram o desejo de encontrar [&hellip;]<\/p>\n","protected":false},"author":260896546,"featured_media":0,"comment_status":"open","ping_status":"open","sticky":false,"template":"","format":"standard","meta":{"_crdt_document":"","_monsterinsights_skip_tracking":false,"_monsterinsights_sitenote_active":false,"_monsterinsights_sitenote_note":"","_monsterinsights_sitenote_category":0,"advanced_seo_description":"","jetpack_seo_html_title":"","jetpack_seo_noindex":false,"_jetpack_newsletter_access":"","_jetpack_dont_email_post_to_subs":false,"_jetpack_newsletter_tier_id":0,"_jetpack_memberships_contains_paywalled_content":false,"_jetpack_memberships_contains_paid_content":false,"footnotes":"","jetpack_publicize_message":"","jetpack_publicize_feature_enabled":true,"jetpack_social_post_already_shared":false,"jetpack_social_options":{"image_generator_settings":{"template":"fullscreen","default_image_id":0,"font":"","enabled":false},"version":2},"_wpas_customize_per_network":false,"jetpack_post_was_ever_published":false},"categories":[38185],"tags":[781171801,781171833],"class_list":["post-2746","post","type-post","status-publish","format-standard","hentry","category-brasil","tag-brasil","tag-causa-animal"],"jetpack_publicize_connections":[],"jetpack_featured_media_url":"","jetpack_likes_enabled":true,"jetpack_sharing_enabled":true,"jetpack_shortlink":"https:\/\/wp.me\/pgitne-Ii","jetpack-related-posts":[{"id":2686,"url":"https:\/\/diariodegarca.com\/?p=2686","url_meta":{"origin":2746,"position":0},"title":"Gatinhos para ado\u00e7\u00e3o respons\u00e1vel em Gar\u00e7a","author":"Di\u00e1rio de Gar\u00e7a","date":"7 de mar\u00e7o de 2025","format":false,"excerpt":"ATUALIZA\u00c7\u00c3O: OS DOIS ANIMAIS FORAM ADOTADOS.Dois filhotes de gato est\u00e3o em busca de um lar amoroso em Gar\u00e7a. Ambos s\u00e3o machos, j\u00e1 se alimentam de ra\u00e7\u00e3o e utilizam a caixinha de areia sozinhos. Ainda n\u00e3o foram castrados, pois s\u00e3o muito novos, mas precisam de uma ado\u00e7\u00e3o respons\u00e1vel que garanta esse\u2026","rel":"","context":"Em &quot;Brasil&quot;","block_context":{"text":"Brasil","link":"https:\/\/diariodegarca.com\/?cat=38185"},"img":{"alt_text":"","src":"","width":0,"height":0},"classes":[]},{"id":2447,"url":"https:\/\/diariodegarca.com\/?p=2447","url_meta":{"origin":2746,"position":1},"title":"\ud83d\udc3e Adote um animal: c\u00e3es e gatos est\u00e3o dispon\u00edveis para ado\u00e7\u00e3o respons\u00e1vel","author":"Di\u00e1rio de Gar\u00e7a","date":"8 de abril de 2025","format":false,"excerpt":"O site Adote um Animal - Gar\u00e7a est\u00e1 com novos pets que buscam um lar seguro e amoroso, onde possam compartilhar momentos felizes com seus novos tutores. Al\u00e9m disso, diariamente, o site tem se destacado por dedicar-se a promover informa\u00e7\u00f5es sobre cuidados com os pets e dicas pr\u00e1ticas para os\u2026","rel":"","context":"Em &quot;Brasil&quot;","block_context":{"text":"Brasil","link":"https:\/\/diariodegarca.com\/?cat=38185"},"img":{"alt_text":"","src":"https:\/\/i0.wp.com\/blogger.googleusercontent.com\/img\/b\/R29vZ2xl\/AVvXsEhGo_DmCXOiHgyobZe_e1X-8kTwXM_mj8dt3J6r2H3TKtkzyAI-C6ByJuAv2eC4ZL4_iesNYNdd-KLf61N9ZFvJ5WPlS3sDW4gFKGiMmQbwSNKGDzm3aR17Sx6RnDDWY14oP4T6nBlFMeWU9Br0qPlRkA_QLg8Moim_9xGtvS7c5SpsE3skaqK_CUy6K3U\/s320\/Captura%20de%20tela_8-4-2025_104317_adoteumanimalgarca.blogspot.com.jpeg?resize=350%2C200&ssl=1","width":350,"height":200},"classes":[]},{"id":2122,"url":"https:\/\/diariodegarca.com\/?p=2122","url_meta":{"origin":2746,"position":2},"title":"C\u00e3es e gatos est\u00e3o dispon\u00edveis para ado\u00e7\u00e3o respons\u00e1vel em Gar\u00e7a","author":"Di\u00e1rio de Gar\u00e7a","date":"13 de maio de 2025","format":false,"excerpt":"Em um esfor\u00e7o volunt\u00e1rio para proteger e garantir o bem-estar dos animais no munic\u00edpio de Gar\u00e7a, o projeto\u00a0\"Adote Um Animal Gar\u00e7a\"\u00a0tem se destacado como uma iniciativa fundamental para conectar animais resgatados e futuros tutores.\u00a0Desde sua cria\u00e7\u00e3o, em mar\u00e7o deste ano,\u00a022 gatos e 17 cachorros\u00a0j\u00e1 encontraram lares amorosos, com a ajuda\u2026","rel":"","context":"Em &quot;Brasil&quot;","block_context":{"text":"Brasil","link":"https:\/\/diariodegarca.com\/?cat=38185"},"img":{"alt_text":"","src":"https:\/\/i0.wp.com\/blogger.googleusercontent.com\/img\/b\/R29vZ2xl\/AVvXsEhXI0RpF5aExwhzmr82sm3zX5FflDlsItblePJaeScbFSlDuYOvr3ZZbQ2FWaeAEjcvf0xOYiKHUqsC_av2GegOro4l7v-gLvvzzk328be93NMREvRiLGeP6t1-QOoEUr1JYkThJnCK_vIgF7xJa3reK3rId88CKHFaKHlRCrV6_RyT2NOxwpV2kb0B4LU\/s320\/gato.jpg?resize=350%2C200&ssl=1","width":350,"height":200},"classes":[]},{"id":4223,"url":"https:\/\/diariodegarca.com\/?p=4223","url_meta":{"origin":2746,"position":3},"title":"Gatinhos buscam lares amorosos em \u00c1lvaro de Carvalho","author":"Di\u00e1rio de Gar\u00e7a","date":"24 de junho de 2025","format":false,"excerpt":"Grupo de ado\u00e7\u00e3o facilita encontro entre animais resgatados e futuros tutores na regi\u00e3o de Gar\u00e7a Julia Bonato, membro do grupo\u00a0\"Animais perdidos ou para ado\u00e7\u00e3o - Gar\u00e7a\", compartilhou uma oportunidade para quem deseja adotar um felino. Seis gatinhos saud\u00e1veis \u2014 cinco f\u00eameas e um macho \u2014 aguardam por fam\u00edlias respons\u00e1veis em\u2026","rel":"","context":"Em &quot;\u00c1lvaro de Carvalho&quot;","block_context":{"text":"\u00c1lvaro de Carvalho","link":"https:\/\/diariodegarca.com\/?cat=29815376"},"img":{"alt_text":"","src":"https:\/\/i0.wp.com\/diariodegarca.com\/wp-content\/uploads\/2025\/06\/design-sem-nome-2.png?fit=1200%2C838&ssl=1&resize=350%2C200","width":350,"height":200,"srcset":"https:\/\/i0.wp.com\/diariodegarca.com\/wp-content\/uploads\/2025\/06\/design-sem-nome-2.png?fit=1200%2C838&ssl=1&resize=350%2C200 1x, https:\/\/i0.wp.com\/diariodegarca.com\/wp-content\/uploads\/2025\/06\/design-sem-nome-2.png?fit=1200%2C838&ssl=1&resize=525%2C300 1.5x, https:\/\/i0.wp.com\/diariodegarca.com\/wp-content\/uploads\/2025\/06\/design-sem-nome-2.png?fit=1200%2C838&ssl=1&resize=700%2C400 2x, https:\/\/i0.wp.com\/diariodegarca.com\/wp-content\/uploads\/2025\/06\/design-sem-nome-2.png?fit=1200%2C838&ssl=1&resize=1050%2C600 3x"},"classes":[]},{"id":2719,"url":"https:\/\/diariodegarca.com\/?p=2719","url_meta":{"origin":2746,"position":4},"title":"Filhotes de cachorro para ado\u00e7\u00e3o respons\u00e1vel em G\u00e1lia","author":"Di\u00e1rio de Gar\u00e7a","date":"2 de mar\u00e7o de 2025","format":false,"excerpt":"\u00a0\u00a0Em G\u00e1lia, quatro filhotes de cachorro, com aproximadamente dois meses de vida, aguardam por uma chance de encontrar um lar cheio de amor e cuidado. A situa\u00e7\u00e3o \u00e9 de urg\u00eancia: a tutora dos animais, que n\u00e3o tem condi\u00e7\u00f5es de cuidar de todos, busca adotantes respons\u00e1veis para um macho e tr\u00eas\u2026","rel":"","context":"Em &quot;Brasil&quot;","block_context":{"text":"Brasil","link":"https:\/\/diariodegarca.com\/?cat=38185"},"img":{"alt_text":"","src":"","width":0,"height":0},"classes":[]},{"id":8028,"url":"https:\/\/diariodegarca.com\/?p=8028","url_meta":{"origin":2746,"position":5},"title":"Filhotes aguardam um lar em Gar\u00e7a: 11 c\u00e3ezinhos est\u00e3o dispon\u00edveis para ado\u00e7\u00e3o","author":"Andreza Sega","date":"24 de outubro de 2025","format":false,"excerpt":"Animais resgatados esperam por fam\u00edlias amorosas; h\u00e1 machos e f\u00eameas de diferentes cores e personalidades. Interessados devem entrar em contato com Amanda pelo telefone (14) 99136-3260. Onze filhotes, com aproximadamente dois meses de idade, est\u00e3o \u00e0 procura de um lar em Gar\u00e7a. Entre eles, h\u00e1 machos e f\u00eameas, de pelo\u2026","rel":"","context":"Em &quot;Causa animal&quot;","block_context":{"text":"Causa animal","link":"https:\/\/diariodegarca.com\/?cat=26891317"},"img":{"alt_text":"","src":"https:\/\/i0.wp.com\/diariodegarca.com\/wp-content\/uploads\/2025\/10\/Design-sem-nome-e1761330840150.png?fit=1200%2C805&ssl=1&resize=350%2C200","width":350,"height":200,"srcset":"https:\/\/i0.wp.com\/diariodegarca.com\/wp-content\/uploads\/2025\/10\/Design-sem-nome-e1761330840150.png?fit=1200%2C805&ssl=1&resize=350%2C200 1x, https:\/\/i0.wp.com\/diariodegarca.com\/wp-content\/uploads\/2025\/10\/Design-sem-nome-e1761330840150.png?fit=1200%2C805&ssl=1&resize=525%2C300 1.5x, https:\/\/i0.wp.com\/diariodegarca.com\/wp-content\/uploads\/2025\/10\/Design-sem-nome-e1761330840150.png?fit=1200%2C805&ssl=1&resize=700%2C400 2x, https:\/\/i0.wp.com\/diariodegarca.com\/wp-content\/uploads\/2025\/10\/Design-sem-nome-e1761330840150.png?fit=1200%2C805&ssl=1&resize=1050%2C600 3x"},"classes":[]}],"_links":{"self":[{"href":"https:\/\/diariodegarca.com\/index.php?rest_route=\/wp\/v2\/posts\/2746","targetHints":{"allow":["GET"]}}],"collection":[{"href":"https:\/\/diariodegarca.com\/index.php?rest_route=\/wp\/v2\/posts"}],"about":[{"href":"https:\/\/diariodegarca.com\/index.php?rest_route=\/wp\/v2\/types\/post"}],"author":[{"embeddable":true,"href":"https:\/\/diariodegarca.com\/index.php?rest_route=\/wp\/v2\/users\/260896546"}],"replies":[{"embeddable":true,"href":"https:\/\/diariodegarca.com\/index.php?rest_route=%2Fwp%2Fv2%2Fcomments&post=2746"}],"version-history":[{"count":0,"href":"https:\/\/diariodegarca.com\/index.php?rest_route=\/wp\/v2\/posts\/2746\/revisions"}],"wp:attachment":[{"href":"https:\/\/diariodegarca.com\/index.php?rest_route=%2Fwp%2Fv2%2Fmedia&parent=2746"}],"wp:term":[{"taxonomy":"category","embeddable":true,"href":"https:\/\/diariodegarca.com\/index.php?rest_route=%2Fwp%2Fv2%2Fcategories&post=2746"},{"taxonomy":"post_tag","embeddable":true,"href":"https:\/\/diariodegarca.com\/index.php?rest_route=%2Fwp%2Fv2%2Ftags&post=2746"}],"curies":[{"name":"wp","href":"https:\/\/api.w.org\/{rel}","templated":true}]}}