{"id":2747,"date":"2025-02-26T14:22:00","date_gmt":"2025-02-26T14:22:00","guid":{"rendered":"https:\/\/diariodegarca.com\/2025\/02\/26\/mulher-e-presa-em-flagrante-por-trafico-de-drogas-em-tupa\/"},"modified":"2025-02-26T14:22:00","modified_gmt":"2025-02-26T14:22:00","slug":"mulher-e-presa-em-flagrante-por-trafico-de-drogas-em-tupa","status":"publish","type":"post","link":"https:\/\/diariodegarca.com\/?p=2747","title":{"rendered":"Mulher \u00e9 presa em flagrante por tr\u00e1fico de drogas em Tup\u00e3"},"content":{"rendered":"<div class=\"separator\" style=\"clear: both;text-align: center\">\n  <a href=\"https:\/\/blogger.googleusercontent.com\/img\/a\/AVvXsEiSxaSxmZH7-XG_uvnW8SIloT46738Y1DbQYPwYizwr6OEyEm9MZ3K7EGdfRV8BcZRqbOEwlfQRSvoojrbrTHk6n5s72HjISIQYJBMjriuTzZhjj3mTfLYQ9zLi2dzXf9xlf9yW4OYzU70RxT74eDDTEOoeHZwW6KgT2nkqDshhYndUB1RpcHGxgaiBbiU\" style=\"margin-left: 1em;margin-right: 1em\"><br \/>\n    <img decoding=\"async\" border=\"0\" src=\"https:\/\/blogger.googleusercontent.com\/img\/a\/AVvXsEiSxaSxmZH7-XG_uvnW8SIloT46738Y1DbQYPwYizwr6OEyEm9MZ3K7EGdfRV8BcZRqbOEwlfQRSvoojrbrTHk6n5s72HjISIQYJBMjriuTzZhjj3mTfLYQ9zLi2dzXf9xlf9yW4OYzU70RxT74eDDTEOoeHZwW6KgT2nkqDshhYndUB1RpcHGxgaiBbiU\" width=\"400\"><br \/>\n  <\/a>\n<\/div>\n<p><\/p>\n<div><\/div>\n<div>Na noite de ter\u00e7a-feira, dia 25 de fevereiro, policiais militares do 9\u00ba Batalh\u00e3o de Pol\u00edcia Militar do Interior prenderam em flagrante uma mulher por tr\u00e1fico de drogas na cidade de Tup\u00e3. A a\u00e7\u00e3o foi resultado de averigua\u00e7\u00f5es de den\u00fancias sobre a venda de entorpecentes no local.\u00a0\u00a0<\/div>\n<div><\/div>\n<div>Por volta das 23h30, durante uma abordagem, a mulher, ao avistar a viatura policial, jogou uma pochete no ch\u00e3o, atitude que levantou suspeitas. Nada de il\u00edcito foi encontrado em sua posse, mas, dentro da pochete, os policiais localizaram R$ 238 em dinheiro e 29 pedras de crack.\u00a0\u00a0<\/div>\n<div><\/div>\n<div>A mulher assumiu a propriedade tanto do dinheiro quanto das drogas e confessou que atuava na venda de entorpecentes na regi\u00e3o, confirmando as den\u00fancias recebidas anteriormente. Ela foi conduzida \u00e0 Central de Pol\u00edcia Judici\u00e1ria de Tup\u00e3, onde permaneceu presa aguardando audi\u00eancia de cust\u00f3dia.\u00a0\u00a0<\/div>\n","protected":false},"excerpt":{"rendered":"<p>Na noite de ter\u00e7a-feira, dia 25 de fevereiro, policiais militares do 9\u00ba Batalh\u00e3o de Pol\u00edcia Militar do Interior prenderam em flagrante uma mulher por tr\u00e1fico de drogas na cidade de Tup\u00e3. A a\u00e7\u00e3o foi resultado de averigua\u00e7\u00f5es de den\u00fancias sobre a venda de entorpecentes no local.\u00a0\u00a0 Por volta das 23h30, durante uma abordagem, a mulher, [&hellip;]<\/p>\n","protected":false},"author":260896546,"featured_media":0,"comment_status":"open","ping_status":"open","sticky":false,"template":"","format":"standard","meta":{"_crdt_document":"","_monsterinsights_skip_tracking":false,"_monsterinsights_sitenote_active":false,"_monsterinsights_sitenote_note":"","_monsterinsights_sitenote_category":0,"advanced_seo_description":"","jetpack_seo_html_title":"","jetpack_seo_noindex":false,"_jetpack_newsletter_access":"","_jetpack_dont_email_post_to_subs":false,"_jetpack_newsletter_tier_id":0,"_jetpack_memberships_contains_paywalled_content":false,"_jetpack_memberships_contains_paid_content":false,"footnotes":"","jetpack_publicize_message":"","jetpack_publicize_feature_enabled":true,"jetpack_social_post_already_shared":false,"jetpack_social_options":{"image_generator_settings":{"template":"fullscreen","default_image_id":0,"font":"","enabled":false},"version":2},"_wpas_customize_per_network":false,"jetpack_post_was_ever_published":false},"categories":[38185],"tags":[1036487,2099801],"class_list":["post-2747","post","type-post","status-publish","format-standard","hentry","category-brasil","tag-seguranca-publica","tag-tupa"],"jetpack_publicize_connections":[],"jetpack_featured_media_url":"","jetpack_likes_enabled":true,"jetpack_sharing_enabled":true,"jetpack_shortlink":"https:\/\/wp.me\/pgitne-Ij","jetpack-related-posts":[{"id":3989,"url":"https:\/\/diariodegarca.com\/?p=3989","url_meta":{"origin":2747,"position":0},"title":"Pol\u00edcia Militar prende traficantes e apreende drogas em Gar\u00e7a e Tup\u00e3","author":"Di\u00e1rio de Gar\u00e7a","date":"15 de junho de 2025","format":false,"excerpt":"A\u00e7\u00f5es do 9\u00ba BPM\/I resultam na retirada de entorpecentes das ruas e refor\u00e7am a seguran\u00e7a nas cidades A Pol\u00edcia Militar do Estado de S\u00e3o Paulo, por meio do 9\u00ba Batalh\u00e3o de Pol\u00edcia Militar do Interior (9\u00ba BPM\/I), mant\u00e9m suas opera\u00e7\u00f5es ostensivas e investigativas no combate ao tr\u00e1fico de drogas, garantindo\u2026","rel":"","context":"Em &quot;Gar\u00e7a&quot;","block_context":{"text":"Gar\u00e7a","link":"https:\/\/diariodegarca.com\/?cat=781171664"},"img":{"alt_text":"","src":"https:\/\/i0.wp.com\/diariodegarca.com\/wp-content\/uploads\/2025\/05\/500084858_18302219050246526_4028368060180630968_n-e1760650460275.webp?fit=1080%2C704&ssl=1&resize=350%2C200","width":350,"height":200,"srcset":"https:\/\/i0.wp.com\/diariodegarca.com\/wp-content\/uploads\/2025\/05\/500084858_18302219050246526_4028368060180630968_n-e1760650460275.webp?fit=1080%2C704&ssl=1&resize=350%2C200 1x, https:\/\/i0.wp.com\/diariodegarca.com\/wp-content\/uploads\/2025\/05\/500084858_18302219050246526_4028368060180630968_n-e1760650460275.webp?fit=1080%2C704&ssl=1&resize=525%2C300 1.5x, https:\/\/i0.wp.com\/diariodegarca.com\/wp-content\/uploads\/2025\/05\/500084858_18302219050246526_4028368060180630968_n-e1760650460275.webp?fit=1080%2C704&ssl=1&resize=700%2C400 2x, https:\/\/i0.wp.com\/diariodegarca.com\/wp-content\/uploads\/2025\/05\/500084858_18302219050246526_4028368060180630968_n-e1760650460275.webp?fit=1080%2C704&ssl=1&resize=1050%2C600 3x"},"classes":[]},{"id":4537,"url":"https:\/\/diariodegarca.com\/?p=4537","url_meta":{"origin":2747,"position":1},"title":"Tr\u00e1fico de drogas: Mar\u00edlia, Gar\u00e7a e Tup\u00e3 t\u00eam suspeitos presos em a\u00e7\u00f5es","author":"Di\u00e1rio de Gar\u00e7a","date":"8 de julho de 2025","format":false,"excerpt":"Opera\u00e7\u00f5es da Pol\u00edcia Militar apreendem coca\u00edna, crack e maconha; tr\u00eas homens foram detidos. O 9\u00ba Batalh\u00e3o de Pol\u00edcia Militar do Interior (9\u00ba BPM\/I) registrou tr\u00eas ocorr\u00eancias em diferentes cidades da regi\u00e3o, mostrando a atua\u00e7\u00e3o firme das equipes em Mar\u00edlia, Gar\u00e7a e Tup\u00e3. Mar\u00edlia: Homem preso com 158 doses de coca\u00edna\u2026","rel":"","context":"Em &quot;Gar\u00e7a&quot;","block_context":{"text":"Gar\u00e7a","link":"https:\/\/diariodegarca.com\/?cat=781171664"},"img":{"alt_text":"","src":"https:\/\/i0.wp.com\/diariodegarca.com\/wp-content\/uploads\/2025\/05\/502985877_18303467734246526_5566770497985067473_n.webp?fit=960%2C1200&ssl=1&resize=350%2C200","width":350,"height":200,"srcset":"https:\/\/i0.wp.com\/diariodegarca.com\/wp-content\/uploads\/2025\/05\/502985877_18303467734246526_5566770497985067473_n.webp?fit=960%2C1200&ssl=1&resize=350%2C200 1x, https:\/\/i0.wp.com\/diariodegarca.com\/wp-content\/uploads\/2025\/05\/502985877_18303467734246526_5566770497985067473_n.webp?fit=960%2C1200&ssl=1&resize=525%2C300 1.5x, https:\/\/i0.wp.com\/diariodegarca.com\/wp-content\/uploads\/2025\/05\/502985877_18303467734246526_5566770497985067473_n.webp?fit=960%2C1200&ssl=1&resize=700%2C400 2x"},"classes":[]},{"id":4643,"url":"https:\/\/diariodegarca.com\/?p=4643","url_meta":{"origin":2747,"position":2},"title":"Opera\u00e7\u00f5es policiais em Gar\u00e7a, Pomp\u00e9ia e Tup\u00e3 resultam em pris\u00f5es e apreens\u00e3o de drogas","author":"Di\u00e1rio de Gar\u00e7a","date":"12 de julho de 2025","format":false,"excerpt":"A\u00e7\u00f5es da PM no interior de S\u00e3o Paulo prendem suspeitos por tr\u00e1fico e fiscalizam tr\u00e2nsito em opera\u00e7\u00e3o integrada. As a\u00e7\u00f5es do\u00a09\u00ba Batalh\u00e3o da Pol\u00edcia Militar\u00a0em\u00a0Gar\u00e7a, Pomp\u00e9ia e Tup\u00e3\u00a0demonstram a\u00a0efetividade do trabalho integrado\u00a0no combate ao crime e na fiscaliza\u00e7\u00e3o do tr\u00e2nsito nos \u00faltimos dias. Enquanto as opera\u00e7\u00f5es contra o tr\u00e1fico de\u2026","rel":"","context":"Em &quot;Gar\u00e7a&quot;","block_context":{"text":"Gar\u00e7a","link":"https:\/\/diariodegarca.com\/?cat=781171664"},"img":{"alt_text":"","src":"https:\/\/i0.wp.com\/diariodegarca.com\/wp-content\/uploads\/2025\/06\/503566608_18306010942246526_8008225824564545424_n-e1764161649475.webp?fit=1080%2C733&ssl=1&resize=350%2C200","width":350,"height":200,"srcset":"https:\/\/i0.wp.com\/diariodegarca.com\/wp-content\/uploads\/2025\/06\/503566608_18306010942246526_8008225824564545424_n-e1764161649475.webp?fit=1080%2C733&ssl=1&resize=350%2C200 1x, https:\/\/i0.wp.com\/diariodegarca.com\/wp-content\/uploads\/2025\/06\/503566608_18306010942246526_8008225824564545424_n-e1764161649475.webp?fit=1080%2C733&ssl=1&resize=525%2C300 1.5x, https:\/\/i0.wp.com\/diariodegarca.com\/wp-content\/uploads\/2025\/06\/503566608_18306010942246526_8008225824564545424_n-e1764161649475.webp?fit=1080%2C733&ssl=1&resize=700%2C400 2x, https:\/\/i0.wp.com\/diariodegarca.com\/wp-content\/uploads\/2025\/06\/503566608_18306010942246526_8008225824564545424_n-e1764161649475.webp?fit=1080%2C733&ssl=1&resize=1050%2C600 3x"},"classes":[]},{"id":6336,"url":"https:\/\/diariodegarca.com\/?p=6336","url_meta":{"origin":2747,"position":3},"title":"Opera\u00e7\u00f5es da PM em Tup\u00e3 e Mar\u00edlia resultam em quatro pris\u00f5es por crimes diversos","author":"Di\u00e1rio de Gar\u00e7a","date":"3 de setembro de 2025","format":false,"excerpt":"A\u00e7\u00f5es da For\u00e7a T\u00e1tica prenderam suspeitos por estupro de vulner\u00e1vel, tr\u00e1fico de drogas e cumpriram mandados durante a ter\u00e7a-feira. Um conjunto de opera\u00e7\u00f5es realizadas pela Pol\u00edcia Militar na \u00faltima ter\u00e7a-feira, 2 de setembro, resultou na captura de quatro indiv\u00edduos nas cidades de Mar\u00edlia e Tup\u00e3. As a\u00e7\u00f5es, executadas pelas equipes\u2026","rel":"","context":"Em &quot;Mar\u00edlia&quot;","block_context":{"text":"Mar\u00edlia","link":"https:\/\/diariodegarca.com\/?cat=683453294"},"img":{"alt_text":"","src":"https:\/\/i0.wp.com\/diariodegarca.com\/wp-content\/uploads\/2025\/08\/snapinsta.to_538731954_18313351471246526_1871743859055979954_n-1-e1762717736830.webp?fit=1080%2C716&ssl=1&resize=350%2C200","width":350,"height":200,"srcset":"https:\/\/i0.wp.com\/diariodegarca.com\/wp-content\/uploads\/2025\/08\/snapinsta.to_538731954_18313351471246526_1871743859055979954_n-1-e1762717736830.webp?fit=1080%2C716&ssl=1&resize=350%2C200 1x, https:\/\/i0.wp.com\/diariodegarca.com\/wp-content\/uploads\/2025\/08\/snapinsta.to_538731954_18313351471246526_1871743859055979954_n-1-e1762717736830.webp?fit=1080%2C716&ssl=1&resize=525%2C300 1.5x, https:\/\/i0.wp.com\/diariodegarca.com\/wp-content\/uploads\/2025\/08\/snapinsta.to_538731954_18313351471246526_1871743859055979954_n-1-e1762717736830.webp?fit=1080%2C716&ssl=1&resize=700%2C400 2x, https:\/\/i0.wp.com\/diariodegarca.com\/wp-content\/uploads\/2025\/08\/snapinsta.to_538731954_18313351471246526_1871743859055979954_n-1-e1762717736830.webp?fit=1080%2C716&ssl=1&resize=1050%2C600 3x"},"classes":[]},{"id":4899,"url":"https:\/\/diariodegarca.com\/?p=4899","url_meta":{"origin":2747,"position":4},"title":"PM prende traficantes, agressores e apreende drogas em cidades da regi\u00e3o","author":"Di\u00e1rio de Gar\u00e7a","date":"22 de julho de 2025","format":false,"excerpt":"A\u00e7\u00f5es aconteceram nas cidades de Tup\u00e3, Quat\u00e1, Pomp\u00e9ia, Bastos e Vera Cruz. Nos \u00faltimos dias, opera\u00e7\u00f5es da Pol\u00edcia Militar, em cidades da regi\u00e3o, resultaram na captura de suspeitos por tr\u00e1fico, viol\u00eancia dom\u00e9stica e cumprimento de mandados. Confira os detalhes das ocorr\u00eancias: Tup\u00e3: Dupla \u00e9 presa com coca\u00edna, maconha e apetrechos\u2026","rel":"","context":"Em &quot;Bastos&quot;","block_context":{"text":"Bastos","link":"https:\/\/diariodegarca.com\/?cat=1636719"},"img":{"alt_text":"","src":"","width":0,"height":0},"classes":[]},{"id":2624,"url":"https:\/\/diariodegarca.com\/?p=2624","url_meta":{"origin":2747,"position":5},"title":"Tr\u00eas homens s\u00e3o presos em flagrante por tr\u00e1fico de drogas em Tup\u00e3","author":"Di\u00e1rio de Gar\u00e7a","date":"13 de mar\u00e7o de 2025","format":false,"excerpt":"Nesta quarta-feira, dia 12 de mar\u00e7o, o 9\u00ba Batalh\u00e3o de Pol\u00edcia Militar do Interior prendeu tr\u00eas homens em flagrante por tr\u00e1fico e associa\u00e7\u00e3o para o tr\u00e1fico de drogas na cidade de Tup\u00e3. A a\u00e7\u00e3o ocorreu por volta das 19h, durante patrulhamento realizado pela For\u00e7a T\u00e1tica na zona sul do munic\u00edpio.Os\u2026","rel":"","context":"Em &quot;Brasil&quot;","block_context":{"text":"Brasil","link":"https:\/\/diariodegarca.com\/?cat=38185"},"img":{"alt_text":"","src":"","width":0,"height":0},"classes":[]}],"_links":{"self":[{"href":"https:\/\/diariodegarca.com\/index.php?rest_route=\/wp\/v2\/posts\/2747","targetHints":{"allow":["GET"]}}],"collection":[{"href":"https:\/\/diariodegarca.com\/index.php?rest_route=\/wp\/v2\/posts"}],"about":[{"href":"https:\/\/diariodegarca.com\/index.php?rest_route=\/wp\/v2\/types\/post"}],"author":[{"embeddable":true,"href":"https:\/\/diariodegarca.com\/index.php?rest_route=\/wp\/v2\/users\/260896546"}],"replies":[{"embeddable":true,"href":"https:\/\/diariodegarca.com\/index.php?rest_route=%2Fwp%2Fv2%2Fcomments&post=2747"}],"version-history":[{"count":0,"href":"https:\/\/diariodegarca.com\/index.php?rest_route=\/wp\/v2\/posts\/2747\/revisions"}],"wp:attachment":[{"href":"https:\/\/diariodegarca.com\/index.php?rest_route=%2Fwp%2Fv2%2Fmedia&parent=2747"}],"wp:term":[{"taxonomy":"category","embeddable":true,"href":"https:\/\/diariodegarca.com\/index.php?rest_route=%2Fwp%2Fv2%2Fcategories&post=2747"},{"taxonomy":"post_tag","embeddable":true,"href":"https:\/\/diariodegarca.com\/index.php?rest_route=%2Fwp%2Fv2%2Ftags&post=2747"}],"curies":[{"name":"wp","href":"https:\/\/api.w.org\/{rel}","templated":true}]}}