{"id":2748,"date":"2025-02-26T13:59:00","date_gmt":"2025-02-26T13:59:00","guid":{"rendered":"https:\/\/diariodegarca.com\/2025\/02\/26\/homem-e-preso-por-descumprir-medida-protetiva-da-lei-maria-da-penha-em-tupa\/"},"modified":"2025-02-26T13:59:00","modified_gmt":"2025-02-26T13:59:00","slug":"homem-e-preso-por-descumprir-medida-protetiva-da-lei-maria-da-penha-em-tupa","status":"publish","type":"post","link":"https:\/\/diariodegarca.com\/?p=2748","title":{"rendered":"Homem \u00e9 preso por descumprir medida protetiva da Lei Maria da Penha em Tup\u00e3"},"content":{"rendered":"<div class=\"separator\" style=\"clear: both;text-align: center\">\n  <a href=\"https:\/\/blogger.googleusercontent.com\/img\/a\/AVvXsEjj9VRiyrwbEAcKn-El6yvEREkUqQ8Ucy9uCf1rBjzFi_HMVwrPVg2VUeXloiH3MA_l81enbmn2EBQRvpjOFv4hCc2mNpGTuSm9rc4Cy9IGdODzkrbR3acUX0mbOldIQjdRpQ4FbRaI7NjcGOVBV1Uig2RYuYwLWRGuf9TUJBeRL8TDCrkiS04DMYFLeEc\" style=\"margin-left: 1em;margin-right: 1em\"><br \/>\n    <img decoding=\"async\" border=\"0\" src=\"https:\/\/blogger.googleusercontent.com\/img\/a\/AVvXsEjj9VRiyrwbEAcKn-El6yvEREkUqQ8Ucy9uCf1rBjzFi_HMVwrPVg2VUeXloiH3MA_l81enbmn2EBQRvpjOFv4hCc2mNpGTuSm9rc4Cy9IGdODzkrbR3acUX0mbOldIQjdRpQ4FbRaI7NjcGOVBV1Uig2RYuYwLWRGuf9TUJBeRL8TDCrkiS04DMYFLeEc\" width=\"400\"><br \/>\n  <\/a>\n<\/div>\n<p><\/p>\n<div><\/div>\n<div>Na ter\u00e7a-feira, dia 25 de fevereiro, policiais militares do 9\u00ba Batalh\u00e3o de Pol\u00edcia Militar do Interior prenderam um homem que estava sendo procurado pela Justi\u00e7a na cidade de Tup\u00e3.\u00a0<\/div>\n<div><\/div>\n<div>O indiv\u00edduo tinha um mandado de pris\u00e3o preventiva expedido por descumprir decis\u00e3o judicial que deferiu medida protetiva de urg\u00eancia prevista na Lei Maria da Penha (art. 24-A, da Lei 11.340\/06). A legisla\u00e7\u00e3o prev\u00ea pena de dois a cinco anos de reclus\u00e3o e multa para casos como este.\u00a0\u00a0<\/div>\n<div><\/div>\n<div>As equipes de For\u00e7a T\u00e1tica e Radiopatrulhamento, cientes da situa\u00e7\u00e3o do suspeito, realizaram patrulhamento direcionado e conseguiram localiz\u00e1-lo no bairro Jardim Aritana. Durante a abordagem, nada de il\u00edcito foi encontrado em sua posse, mas o COPOM (Centro de Opera\u00e7\u00f5es da Pol\u00edcia Militar) confirmou a vig\u00eancia do mandado de pris\u00e3o.\u00a0\u00a0<\/div>\n<div><\/div>\n<div>O homem foi conduzido \u00e0 Central de Pol\u00edcia Judici\u00e1ria de Tup\u00e3, onde permaneceu custodiado aguardando audi\u00eancia de cust\u00f3dia.<\/div>\n","protected":false},"excerpt":{"rendered":"<p>Na ter\u00e7a-feira, dia 25 de fevereiro, policiais militares do 9\u00ba Batalh\u00e3o de Pol\u00edcia Militar do Interior prenderam um homem que estava sendo procurado pela Justi\u00e7a na cidade de Tup\u00e3.\u00a0 O indiv\u00edduo tinha um mandado de pris\u00e3o preventiva expedido por descumprir decis\u00e3o judicial que deferiu medida protetiva de urg\u00eancia prevista na Lei Maria da Penha (art. [&hellip;]<\/p>\n","protected":false},"author":260896546,"featured_media":0,"comment_status":"open","ping_status":"open","sticky":false,"template":"","format":"standard","meta":{"_crdt_document":"","_monsterinsights_skip_tracking":false,"_monsterinsights_sitenote_active":false,"_monsterinsights_sitenote_note":"","_monsterinsights_sitenote_category":0,"advanced_seo_description":"","jetpack_seo_html_title":"","jetpack_seo_noindex":false,"_jetpack_newsletter_access":"","_jetpack_dont_email_post_to_subs":false,"_jetpack_newsletter_tier_id":0,"_jetpack_memberships_contains_paywalled_content":false,"_jetpack_memberships_contains_paid_content":false,"footnotes":"","jetpack_publicize_message":"","jetpack_publicize_feature_enabled":true,"jetpack_social_post_already_shared":false,"jetpack_social_options":{"image_generator_settings":{"template":"fullscreen","default_image_id":0,"font":"","enabled":false},"version":2},"_wpas_customize_per_network":false,"jetpack_post_was_ever_published":false},"categories":[38185],"tags":[1036487,2099801],"class_list":["post-2748","post","type-post","status-publish","format-standard","hentry","category-brasil","tag-seguranca-publica","tag-tupa"],"jetpack_publicize_connections":[],"jetpack_featured_media_url":"","jetpack_likes_enabled":true,"jetpack_sharing_enabled":true,"jetpack_shortlink":"https:\/\/wp.me\/pgitne-Ik","jetpack-related-posts":[{"id":6851,"url":"https:\/\/diariodegarca.com\/?p=6851","url_meta":{"origin":2748,"position":0},"title":"Homem \u00e9 preso por descumprir medida protetiva e invadir resid\u00eancia da m\u00e3e em Tup\u00e3","author":"Di\u00e1rio de Gar\u00e7a","date":"17 de setembro de 2025","format":false,"excerpt":"Ap\u00f3s tentativa de resist\u00eancia, individuo foi contido pela Pol\u00edcia Militar e encaminhado \u00e0 cust\u00f3dia. Um homem foi preso na manh\u00e3 de ter\u00e7a-feira, 16 de setembro, em Tup\u00e3, acusado de descumprir medida protetiva de urg\u00eancia, um instrumento legal que visa proteger v\u00edtimas de viol\u00eancia dom\u00e9stica. A a\u00e7\u00e3o foi deflagrada pelo 9\u00ba\u2026","rel":"","context":"Em &quot;Seguran\u00e7a&quot;","block_context":{"text":"Seguran\u00e7a","link":"https:\/\/diariodegarca.com\/?cat=21243"},"img":{"alt_text":"","src":"https:\/\/i0.wp.com\/diariodegarca.com\/wp-content\/uploads\/2025\/08\/snapinsta.to_541167752_18313811869246526_8602846701173977583_n-1-1-e1761514992462.webp?fit=1200%2C754&ssl=1&resize=350%2C200","width":350,"height":200,"srcset":"https:\/\/i0.wp.com\/diariodegarca.com\/wp-content\/uploads\/2025\/08\/snapinsta.to_541167752_18313811869246526_8602846701173977583_n-1-1-e1761514992462.webp?fit=1200%2C754&ssl=1&resize=350%2C200 1x, https:\/\/i0.wp.com\/diariodegarca.com\/wp-content\/uploads\/2025\/08\/snapinsta.to_541167752_18313811869246526_8602846701173977583_n-1-1-e1761514992462.webp?fit=1200%2C754&ssl=1&resize=525%2C300 1.5x, https:\/\/i0.wp.com\/diariodegarca.com\/wp-content\/uploads\/2025\/08\/snapinsta.to_541167752_18313811869246526_8602846701173977583_n-1-1-e1761514992462.webp?fit=1200%2C754&ssl=1&resize=700%2C400 2x, https:\/\/i0.wp.com\/diariodegarca.com\/wp-content\/uploads\/2025\/08\/snapinsta.to_541167752_18313811869246526_8602846701173977583_n-1-1-e1761514992462.webp?fit=1200%2C754&ssl=1&resize=1050%2C600 3x"},"classes":[]},{"id":7390,"url":"https:\/\/diariodegarca.com\/?p=7390","url_meta":{"origin":2748,"position":1},"title":"Homem \u00e9 preso em flagrante por descumprir medida protetiva em Parapu\u00e3","author":"Andreza Sega","date":"2 de outubro de 2025","format":false,"excerpt":"Indiv\u00edduo foi encontrado embriagado e armado com um peda\u00e7o de madeira na frente da resid\u00eancia da m\u00e3e, contra quem possui uma ordem de afastamento. Um homem foi preso em flagrante na noite de ter\u00e7a-feira, 30 de setembro no munic\u00edpio de Parapu\u00e3, ap\u00f3s descumprir medida protetiva de urg\u00eancia prevista na Lei\u2026","rel":"","context":"Em &quot;Parapu\u00e3&quot;","block_context":{"text":"Parapu\u00e3","link":"https:\/\/diariodegarca.com\/?cat=2380082"},"img":{"alt_text":"","src":"https:\/\/i0.wp.com\/diariodegarca.com\/wp-content\/uploads\/2025\/08\/snapinsta.to_540648967_18313882312246526_8378131112146749854_n.jpg?fit=1080%2C1080&ssl=1&resize=350%2C200","width":350,"height":200,"srcset":"https:\/\/i0.wp.com\/diariodegarca.com\/wp-content\/uploads\/2025\/08\/snapinsta.to_540648967_18313882312246526_8378131112146749854_n.jpg?fit=1080%2C1080&ssl=1&resize=350%2C200 1x, https:\/\/i0.wp.com\/diariodegarca.com\/wp-content\/uploads\/2025\/08\/snapinsta.to_540648967_18313882312246526_8378131112146749854_n.jpg?fit=1080%2C1080&ssl=1&resize=525%2C300 1.5x, https:\/\/i0.wp.com\/diariodegarca.com\/wp-content\/uploads\/2025\/08\/snapinsta.to_540648967_18313882312246526_8378131112146749854_n.jpg?fit=1080%2C1080&ssl=1&resize=700%2C400 2x, https:\/\/i0.wp.com\/diariodegarca.com\/wp-content\/uploads\/2025\/08\/snapinsta.to_540648967_18313882312246526_8378131112146749854_n.jpg?fit=1080%2C1080&ssl=1&resize=1050%2C600 3x"},"classes":[]},{"id":2554,"url":"https:\/\/diariodegarca.com\/?p=2554","url_meta":{"origin":2748,"position":2},"title":"Homem \u00e9 preso por descumprir medida protetiva e amea\u00e7ar ex-companheira com faca em Tup\u00e3","author":"Di\u00e1rio de Gar\u00e7a","date":"24 de mar\u00e7o de 2025","format":false,"excerpt":"Na madrugada desta segunda-feira, dis 24 de\u00a0 mar\u00e7o, policiais militares do 9\u00ba Batalh\u00e3o do Interior prenderam um homem por descumprimento de medida protetiva e agress\u00e3o contra sua ex-companheira no bairro Morada do Sol, em Tup\u00e3.\u00a0\u00a0De acordo com informa\u00e7\u00f5es da Pol\u00edcia Militar, o fato ocorreu por volta das 0h48, ap\u00f3s a\u2026","rel":"","context":"Em &quot;Brasil&quot;","block_context":{"text":"Brasil","link":"https:\/\/diariodegarca.com\/?cat=38185"},"img":{"alt_text":"","src":"","width":0,"height":0},"classes":[]},{"id":2762,"url":"https:\/\/diariodegarca.com\/?p=2762","url_meta":{"origin":2748,"position":3},"title":"PM captura dois foragidos da justi\u00e7a em opera\u00e7\u00f5es simult\u00e2neas em Tup\u00e3","author":"Di\u00e1rio de Gar\u00e7a","date":"24 de fevereiro de 2025","format":false,"excerpt":"No \u00faltimo domingo, dia 23 de fevereiro, policiais do 9\u00ba Batalh\u00e3o de Pol\u00edcia Militar do Interior prenderam dois homens com mandados de pris\u00e3o em aberto em diferentes bairros de Tup\u00e3. As a\u00e7\u00f5es, realizadas com base em informa\u00e7\u00f5es estrat\u00e9gicas, refor\u00e7aram o combate \u00e0 impunidade na regi\u00e3o.\u00a0\u00a0O primeiro detido foi localizado no\u2026","rel":"","context":"Em &quot;Brasil&quot;","block_context":{"text":"Brasil","link":"https:\/\/diariodegarca.com\/?cat=38185"},"img":{"alt_text":"","src":"","width":0,"height":0},"classes":[]},{"id":2885,"url":"https:\/\/diariodegarca.com\/?p=2885","url_meta":{"origin":2748,"position":4},"title":"Homem \u00e9 preso por descumprir medida protetiva e amea\u00e7ar a pr\u00f3pria m\u00e3e em Tup\u00e3","author":"Di\u00e1rio de Gar\u00e7a","date":"6 de fevereiro de 2025","format":false,"excerpt":"Na noite de quarta-feira, dia 5 de fevereiro, a Pol\u00edcia Militar prendeu um homem por descumprimento de medida protetiva de urg\u00eancia em Tup\u00e3, no interior de S\u00e3o Paulo. A a\u00e7\u00e3o ocorreu ap\u00f3s uma den\u00fancia via 190, por volta das 19h.Ao chegarem ao local, os policiais encontraram o port\u00e3o da resid\u00eancia\u2026","rel":"","context":"Em &quot;Brasil&quot;","block_context":{"text":"Brasil","link":"https:\/\/diariodegarca.com\/?cat=38185"},"img":{"alt_text":"","src":"","width":0,"height":0},"classes":[]},{"id":8002,"url":"https:\/\/diariodegarca.com\/?p=8002","url_meta":{"origin":2748,"position":5},"title":"Aplicativo SOS Mulher garante pris\u00e3o imediata de agressor em Tup\u00e3","author":"Di\u00e1rio de Gar\u00e7a","date":"24 de outubro de 2025","format":false,"excerpt":"Ao descumprir medida protetiva, homem foi localizado pela Pol\u00edcia Militar minutos ap\u00f3s a v\u00edtima acionar o bot\u00e3o de p\u00e2nico do aplicativo. Um caso ocorrido em Tup\u00e3 na \u00faltima ter\u00e7a-feira, 20 outubro, ilustrou a efic\u00e1cia de uma ferramenta digital no combate \u00e0 viol\u00eancia dom\u00e9stica. Por volta do meio-dia, policiais militares do\u2026","rel":"","context":"Em &quot;Seguran\u00e7a&quot;","block_context":{"text":"Seguran\u00e7a","link":"https:\/\/diariodegarca.com\/?cat=21243"},"img":{"alt_text":"","src":"https:\/\/i0.wp.com\/diariodegarca.com\/wp-content\/uploads\/2025\/09\/SnapInsta.to_549246522_18315848824246526_8866214513591854039_n.webp?fit=1200%2C1003&ssl=1&resize=350%2C200","width":350,"height":200,"srcset":"https:\/\/i0.wp.com\/diariodegarca.com\/wp-content\/uploads\/2025\/09\/SnapInsta.to_549246522_18315848824246526_8866214513591854039_n.webp?fit=1200%2C1003&ssl=1&resize=350%2C200 1x, https:\/\/i0.wp.com\/diariodegarca.com\/wp-content\/uploads\/2025\/09\/SnapInsta.to_549246522_18315848824246526_8866214513591854039_n.webp?fit=1200%2C1003&ssl=1&resize=525%2C300 1.5x, https:\/\/i0.wp.com\/diariodegarca.com\/wp-content\/uploads\/2025\/09\/SnapInsta.to_549246522_18315848824246526_8866214513591854039_n.webp?fit=1200%2C1003&ssl=1&resize=700%2C400 2x, https:\/\/i0.wp.com\/diariodegarca.com\/wp-content\/uploads\/2025\/09\/SnapInsta.to_549246522_18315848824246526_8866214513591854039_n.webp?fit=1200%2C1003&ssl=1&resize=1050%2C600 3x"},"classes":[]}],"_links":{"self":[{"href":"https:\/\/diariodegarca.com\/index.php?rest_route=\/wp\/v2\/posts\/2748","targetHints":{"allow":["GET"]}}],"collection":[{"href":"https:\/\/diariodegarca.com\/index.php?rest_route=\/wp\/v2\/posts"}],"about":[{"href":"https:\/\/diariodegarca.com\/index.php?rest_route=\/wp\/v2\/types\/post"}],"author":[{"embeddable":true,"href":"https:\/\/diariodegarca.com\/index.php?rest_route=\/wp\/v2\/users\/260896546"}],"replies":[{"embeddable":true,"href":"https:\/\/diariodegarca.com\/index.php?rest_route=%2Fwp%2Fv2%2Fcomments&post=2748"}],"version-history":[{"count":0,"href":"https:\/\/diariodegarca.com\/index.php?rest_route=\/wp\/v2\/posts\/2748\/revisions"}],"wp:attachment":[{"href":"https:\/\/diariodegarca.com\/index.php?rest_route=%2Fwp%2Fv2%2Fmedia&parent=2748"}],"wp:term":[{"taxonomy":"category","embeddable":true,"href":"https:\/\/diariodegarca.com\/index.php?rest_route=%2Fwp%2Fv2%2Fcategories&post=2748"},{"taxonomy":"post_tag","embeddable":true,"href":"https:\/\/diariodegarca.com\/index.php?rest_route=%2Fwp%2Fv2%2Ftags&post=2748"}],"curies":[{"name":"wp","href":"https:\/\/api.w.org\/{rel}","templated":true}]}}