{"id":2749,"date":"2025-02-26T13:45:00","date_gmt":"2025-02-26T13:45:00","guid":{"rendered":"https:\/\/diariodegarca.com\/2025\/02\/26\/homem-e-preso-por-trafico-de-drogas-em-garca-quatro-pes-de-maconha-e-sementes-sao-apreendidos\/"},"modified":"2025-02-26T13:45:00","modified_gmt":"2025-02-26T13:45:00","slug":"homem-e-preso-por-trafico-de-drogas-em-garca-quatro-pes-de-maconha-e-sementes-sao-apreendidos","status":"publish","type":"post","link":"https:\/\/diariodegarca.com\/?p=2749","title":{"rendered":"Homem \u00e9 preso por tr\u00e1fico de drogas em Gar\u00e7a; quatro p\u00e9s de maconha e sementes s\u00e3o apreendidos"},"content":{"rendered":"<div class=\"separator\" style=\"clear: both;text-align: center\">\n  <a href=\"https:\/\/blogger.googleusercontent.com\/img\/a\/AVvXsEjnHSJy-R9bOd3Vn3Bto4ijVjI1OlhUoYSZ8tuv5J_SjvFRcczaVYWMaUOM-0BlCe7e2MZCoZwVwmYIetQkjMEUr1EDwSAkzimG0hwMtKa3FXpzOcKArwd82Lr--oqtoNgK6ksjYllaQFf5tceYLXuDYygE459LaqC97od2qYEs2EqqfV2jBdx4KohojhQ\" style=\"margin-left: 1em;margin-right: 1em\"><br \/>\n    <img decoding=\"async\" border=\"0\" src=\"https:\/\/blogger.googleusercontent.com\/img\/a\/AVvXsEjnHSJy-R9bOd3Vn3Bto4ijVjI1OlhUoYSZ8tuv5J_SjvFRcczaVYWMaUOM-0BlCe7e2MZCoZwVwmYIetQkjMEUr1EDwSAkzimG0hwMtKa3FXpzOcKArwd82Lr--oqtoNgK6ksjYllaQFf5tceYLXuDYygE459LaqC97od2qYEs2EqqfV2jBdx4KohojhQ\" width=\"400\"><br \/>\n  <\/a>\n<\/div>\n<p><\/p>\n<div><\/div>\n<div>Na tarde de ter\u00e7a-feira, di 25 de fevereiro, policiais militares do 9\u00ba Batalh\u00e3o de Pol\u00edcia Militar do Interior prenderam um homem por tr\u00e1fico de drogas na cidade de Gar\u00e7a. A a\u00e7\u00e3o ocorreu no bairro Jardim Nova Gar\u00e7a, onde foram apreendidos quatro p\u00e9s de maconha plantados no quintal da resid\u00eancia do suspeito, al\u00e9m de sementes da subst\u00e2ncia e outros objetos.<\/div>\n<div><\/div>\n<div>Por volta das 18h, uma equipe de Radiopatrulhamento, em rondas pela regi\u00e3o, identificou uma situa\u00e7\u00e3o suspeita em frente a uma casa. Ao abordar o indiv\u00edduo, os policiais n\u00e3o encontraram nada il\u00edcito em sua posse no momento. No entanto, diante de den\u00fancias recorrentes sobre a venda de maconha no local, os agentes solicitaram autoriza\u00e7\u00e3o para vistoriar a resid\u00eancia.<\/div>\n<div><\/div>\n<div>Durante a busca, os policiais localizaram quatro p\u00e9s de maconha cultivados no quintal. Dentro da casa, foram apreendidos um pote com sementes de maconha, R$ 32 em dinheiro e um telefone celular. O material foi encaminhado para per\u00edcia, e o suspeito foi levado \u00e0 Central de Pol\u00edcia Judici\u00e1ria de Mar\u00edlia, onde a pris\u00e3o foi formalizada.<\/div>\n<div><\/div>\n<div>O indiv\u00edduo permaneceu custodiado, aguardando audi\u00eancia de cust\u00f3dia para defini\u00e7\u00e3o das medidas legais. A a\u00e7\u00e3o refor\u00e7a o trabalho cont\u00ednuo da Pol\u00edcia Militar no combate ao tr\u00e1fico de drogas e na resposta \u00e0s den\u00fancias da comunidade.<\/div>\n","protected":false},"excerpt":{"rendered":"<p>Na tarde de ter\u00e7a-feira, di 25 de fevereiro, policiais militares do 9\u00ba Batalh\u00e3o de Pol\u00edcia Militar do Interior prenderam um homem por tr\u00e1fico de drogas na cidade de Gar\u00e7a. A a\u00e7\u00e3o ocorreu no bairro Jardim Nova Gar\u00e7a, onde foram apreendidos quatro p\u00e9s de maconha plantados no quintal da resid\u00eancia do suspeito, al\u00e9m de sementes da [&hellip;]<\/p>\n","protected":false},"author":260896546,"featured_media":0,"comment_status":"open","ping_status":"open","sticky":false,"template":"","format":"standard","meta":{"_crdt_document":"","_monsterinsights_skip_tracking":false,"_monsterinsights_sitenote_active":false,"_monsterinsights_sitenote_note":"","_monsterinsights_sitenote_category":0,"advanced_seo_description":"","jetpack_seo_html_title":"","jetpack_seo_noindex":false,"_jetpack_newsletter_access":"","_jetpack_dont_email_post_to_subs":false,"_jetpack_newsletter_tier_id":0,"_jetpack_memberships_contains_paywalled_content":false,"_jetpack_memberships_contains_paid_content":false,"footnotes":"","jetpack_publicize_message":"","jetpack_publicize_feature_enabled":true,"jetpack_social_post_already_shared":false,"jetpack_social_options":{"image_generator_settings":{"template":"fullscreen","default_image_id":0,"font":"","enabled":false},"version":2},"_wpas_customize_per_network":false,"jetpack_post_was_ever_published":false},"categories":[38185],"tags":[781171801,1036487],"class_list":["post-2749","post","type-post","status-publish","format-standard","hentry","category-brasil","tag-brasil","tag-seguranca-publica"],"jetpack_publicize_connections":[],"jetpack_featured_media_url":"","jetpack_likes_enabled":true,"jetpack_sharing_enabled":true,"jetpack_shortlink":"https:\/\/wp.me\/pgitne-Il","jetpack-related-posts":[{"id":10203,"url":"https:\/\/diariodegarca.com\/?p=10203","url_meta":{"origin":2749,"position":0},"title":"Homem \u00e9 preso em flagrante por tr\u00e1fico de drogas no bairro Labien\u00f3polis","author":"Di\u00e1rio de Gar\u00e7a","date":"24 de janeiro de 2026","format":false,"excerpt":"Na manh\u00e3 de 23 de janeiro, um homem foi preso em Gar\u00e7a por tr\u00e1fico de drogas, ap\u00f3s fugir e descartar por\u00e7\u00f5es de coca\u00edna e maconha, totalizando 79 gramas apreendidas.","rel":"","context":"Em &quot;Gar\u00e7a&quot;","block_context":{"text":"Gar\u00e7a","link":"https:\/\/diariodegarca.com\/?cat=781171664"},"img":{"alt_text":"","src":"https:\/\/i0.wp.com\/diariodegarca.com\/wp-content\/uploads\/2026\/01\/labieno-e1769260841558.jpeg?fit=720%2C520&ssl=1&resize=350%2C200","width":350,"height":200,"srcset":"https:\/\/i0.wp.com\/diariodegarca.com\/wp-content\/uploads\/2026\/01\/labieno-e1769260841558.jpeg?fit=720%2C520&ssl=1&resize=350%2C200 1x, https:\/\/i0.wp.com\/diariodegarca.com\/wp-content\/uploads\/2026\/01\/labieno-e1769260841558.jpeg?fit=720%2C520&ssl=1&resize=525%2C300 1.5x, https:\/\/i0.wp.com\/diariodegarca.com\/wp-content\/uploads\/2026\/01\/labieno-e1769260841558.jpeg?fit=720%2C520&ssl=1&resize=700%2C400 2x"},"classes":[]},{"id":3655,"url":"https:\/\/diariodegarca.com\/?p=3655","url_meta":{"origin":2749,"position":1},"title":"Pris\u00f5es por estupro e tr\u00e1fico marcam fim de semana na regi\u00e3o","author":"Di\u00e1rio de Gar\u00e7a","date":"4 de junho de 2025","format":false,"excerpt":"A\u00e7\u00f5es do 9\u00ba Batalh\u00e3o da aconteceu nas cidades de Mar\u00edlia, Tup\u00e3 e Gar\u00e7a, com pris\u00f5es em flagrantes O 9\u00ba Batalh\u00e3o de Pol\u00edcia Militar do Interior registrou, no \u00faltimo fim de semana, ocorr\u00eancias graves em diferentes cidades da regi\u00e3o, resultando na pris\u00e3o de indiv\u00edduos por crimes como estupro, viol\u00eancia dom\u00e9stica e\u2026","rel":"","context":"Em &quot;Gar\u00e7a&quot;","block_context":{"text":"Gar\u00e7a","link":"https:\/\/diariodegarca.com\/?cat=781171664"},"img":{"alt_text":"","src":"","width":0,"height":0},"classes":[]},{"id":8313,"url":"https:\/\/diariodegarca.com\/?p=8313","url_meta":{"origin":2749,"position":2},"title":"A\u00e7\u00e3o policial apreende drogas e prende mulher por tr\u00e1fico em Gar\u00e7a","author":"Di\u00e1rio de Gar\u00e7a","date":"1 de novembro de 2025","format":false,"excerpt":"Opera\u00e7\u00e3o no Jardim S\u00e3o Lucas resultou na apreens\u00e3o de coca\u00edna, crack, maconha e dinheiro, com uma pessoa presa em flagrante. Uma a\u00e7\u00e3o de rotina da Pol\u00edcia Militar na manh\u00e3 de sexta-feira, 31 de novembro, resultou na desarticula\u00e7\u00e3o de um ponto de venda de drogas no Jardim S\u00e3o Lucas, em Gar\u00e7a.\u2026","rel":"","context":"Em &quot;Brasil&quot;","block_context":{"text":"Brasil","link":"https:\/\/diariodegarca.com\/?cat=38185"},"img":{"alt_text":"","src":"https:\/\/i0.wp.com\/diariodegarca.com\/wp-content\/uploads\/2025\/11\/image_editor_output_image-1959510407-17620341099481982961546659164432.jpg?fit=756%2C925&ssl=1&resize=350%2C200","width":350,"height":200,"srcset":"https:\/\/i0.wp.com\/diariodegarca.com\/wp-content\/uploads\/2025\/11\/image_editor_output_image-1959510407-17620341099481982961546659164432.jpg?fit=756%2C925&ssl=1&resize=350%2C200 1x, https:\/\/i0.wp.com\/diariodegarca.com\/wp-content\/uploads\/2025\/11\/image_editor_output_image-1959510407-17620341099481982961546659164432.jpg?fit=756%2C925&ssl=1&resize=525%2C300 1.5x, https:\/\/i0.wp.com\/diariodegarca.com\/wp-content\/uploads\/2025\/11\/image_editor_output_image-1959510407-17620341099481982961546659164432.jpg?fit=756%2C925&ssl=1&resize=700%2C400 2x"},"classes":[]},{"id":3528,"url":"https:\/\/diariodegarca.com\/?p=3528","url_meta":{"origin":2749,"position":3},"title":"Drogas e furtos na mira da PM: quatro pris\u00f5es em um s\u00f3 dia em Mar\u00edlia","author":"Di\u00e1rio de Gar\u00e7a","date":"28 de maio de 2025","format":false,"excerpt":"A\u00e7\u00f5es resultam em pris\u00f5es e apreens\u00e3o de drogas e celulares roubados A ter\u00e7a-feira, dia 27 de maio, foi agitada para o 9\u00b0 Batalh\u00e3o de Pol\u00edcia Militar do Interior resultando em pris\u00f5es por tr\u00e1fico de drogas e furto de celulares, confira: Opera\u00e7\u00e3o contra o tr\u00e1fico de drogas apreende grande quantidade de\u2026","rel":"","context":"Em &quot;Mar\u00edlia&quot;","block_context":{"text":"Mar\u00edlia","link":"https:\/\/diariodegarca.com\/?cat=683453294"},"img":{"alt_text":"","src":"https:\/\/i0.wp.com\/diariodegarca.com\/wp-content\/uploads\/2025\/05\/1-4.jpg?fit=1080%2C827&ssl=1&resize=350%2C200","width":350,"height":200,"srcset":"https:\/\/i0.wp.com\/diariodegarca.com\/wp-content\/uploads\/2025\/05\/1-4.jpg?fit=1080%2C827&ssl=1&resize=350%2C200 1x, https:\/\/i0.wp.com\/diariodegarca.com\/wp-content\/uploads\/2025\/05\/1-4.jpg?fit=1080%2C827&ssl=1&resize=525%2C300 1.5x, https:\/\/i0.wp.com\/diariodegarca.com\/wp-content\/uploads\/2025\/05\/1-4.jpg?fit=1080%2C827&ssl=1&resize=700%2C400 2x, https:\/\/i0.wp.com\/diariodegarca.com\/wp-content\/uploads\/2025\/05\/1-4.jpg?fit=1080%2C827&ssl=1&resize=1050%2C600 3x"},"classes":[]},{"id":7553,"url":"https:\/\/diariodegarca.com\/?p=7553","url_meta":{"origin":2749,"position":4},"title":"Tr\u00e1fico de drogas durante evento esportivo em Gar\u00e7a","author":"Andreza Sega","date":"9 de outubro de 2025","format":false,"excerpt":"Durante policiamento preventivo em campeonato esportivo, PM prende homem, localiza drogas e apreende dinheiro e materiais usados na venda de entorpecentes. Uma a\u00e7\u00e3o de policiamento preventivo durante o Campeonato de Futsal Garcense, na noite de ter\u00e7a-feira, 7 de outubro, resultou na pris\u00e3o em flagrante de um indiv\u00edduo por tr\u00e1fico de\u2026","rel":"","context":"Em &quot;Gar\u00e7a&quot;","block_context":{"text":"Gar\u00e7a","link":"https:\/\/diariodegarca.com\/?cat=781171664"},"img":{"alt_text":"","src":"https:\/\/i0.wp.com\/diariodegarca.com\/wp-content\/uploads\/2025\/10\/WhatsApp-Image-2025-10-09-at-09.54.59.jpeg?fit=1200%2C1200&ssl=1&resize=350%2C200","width":350,"height":200,"srcset":"https:\/\/i0.wp.com\/diariodegarca.com\/wp-content\/uploads\/2025\/10\/WhatsApp-Image-2025-10-09-at-09.54.59.jpeg?fit=1200%2C1200&ssl=1&resize=350%2C200 1x, https:\/\/i0.wp.com\/diariodegarca.com\/wp-content\/uploads\/2025\/10\/WhatsApp-Image-2025-10-09-at-09.54.59.jpeg?fit=1200%2C1200&ssl=1&resize=525%2C300 1.5x, https:\/\/i0.wp.com\/diariodegarca.com\/wp-content\/uploads\/2025\/10\/WhatsApp-Image-2025-10-09-at-09.54.59.jpeg?fit=1200%2C1200&ssl=1&resize=700%2C400 2x, https:\/\/i0.wp.com\/diariodegarca.com\/wp-content\/uploads\/2025\/10\/WhatsApp-Image-2025-10-09-at-09.54.59.jpeg?fit=1200%2C1200&ssl=1&resize=1050%2C600 3x"},"classes":[]},{"id":5326,"url":"https:\/\/diariodegarca.com\/?p=5326","url_meta":{"origin":2749,"position":5},"title":"Flagrante de tr\u00e1fico de drogas em Gar\u00e7a: dupla \u00e9 presa com maconha e dinheiro","author":"Di\u00e1rio de Gar\u00e7a","date":"6 de agosto de 2025","format":false,"excerpt":"Policiais militares flagraram suspeitos em a\u00e7\u00e3o suspeita pr\u00f3ximo \u00e0 FAEF; um deles tentou fugir, mas foi capturado. Na noite de ter\u00e7a-feira, 5 de agosto, policiais militares do 9\u00ba BPM\/I prenderam dois homens por tr\u00e1fico de drogas e associa\u00e7\u00e3o ao tr\u00e1fico em Gar\u00e7a. A a\u00e7\u00e3o ocorreu por volta das 22h45, nas\u2026","rel":"","context":"Em &quot;Gar\u00e7a&quot;","block_context":{"text":"Gar\u00e7a","link":"https:\/\/diariodegarca.com\/?cat=781171664"},"img":{"alt_text":"","src":"https:\/\/i0.wp.com\/diariodegarca.com\/wp-content\/uploads\/2025\/08\/em-garca-e28093-flagrante-de-trafico-de-drogas-associacao-para-o-traficoontem-5-por-volta-das-22h.webp?fit=900%2C1200&ssl=1&resize=350%2C200","width":350,"height":200,"srcset":"https:\/\/i0.wp.com\/diariodegarca.com\/wp-content\/uploads\/2025\/08\/em-garca-e28093-flagrante-de-trafico-de-drogas-associacao-para-o-traficoontem-5-por-volta-das-22h.webp?fit=900%2C1200&ssl=1&resize=350%2C200 1x, https:\/\/i0.wp.com\/diariodegarca.com\/wp-content\/uploads\/2025\/08\/em-garca-e28093-flagrante-de-trafico-de-drogas-associacao-para-o-traficoontem-5-por-volta-das-22h.webp?fit=900%2C1200&ssl=1&resize=525%2C300 1.5x, https:\/\/i0.wp.com\/diariodegarca.com\/wp-content\/uploads\/2025\/08\/em-garca-e28093-flagrante-de-trafico-de-drogas-associacao-para-o-traficoontem-5-por-volta-das-22h.webp?fit=900%2C1200&ssl=1&resize=700%2C400 2x"},"classes":[]}],"_links":{"self":[{"href":"https:\/\/diariodegarca.com\/index.php?rest_route=\/wp\/v2\/posts\/2749","targetHints":{"allow":["GET"]}}],"collection":[{"href":"https:\/\/diariodegarca.com\/index.php?rest_route=\/wp\/v2\/posts"}],"about":[{"href":"https:\/\/diariodegarca.com\/index.php?rest_route=\/wp\/v2\/types\/post"}],"author":[{"embeddable":true,"href":"https:\/\/diariodegarca.com\/index.php?rest_route=\/wp\/v2\/users\/260896546"}],"replies":[{"embeddable":true,"href":"https:\/\/diariodegarca.com\/index.php?rest_route=%2Fwp%2Fv2%2Fcomments&post=2749"}],"version-history":[{"count":0,"href":"https:\/\/diariodegarca.com\/index.php?rest_route=\/wp\/v2\/posts\/2749\/revisions"}],"wp:attachment":[{"href":"https:\/\/diariodegarca.com\/index.php?rest_route=%2Fwp%2Fv2%2Fmedia&parent=2749"}],"wp:term":[{"taxonomy":"category","embeddable":true,"href":"https:\/\/diariodegarca.com\/index.php?rest_route=%2Fwp%2Fv2%2Fcategories&post=2749"},{"taxonomy":"post_tag","embeddable":true,"href":"https:\/\/diariodegarca.com\/index.php?rest_route=%2Fwp%2Fv2%2Ftags&post=2749"}],"curies":[{"name":"wp","href":"https:\/\/api.w.org\/{rel}","templated":true}]}}