{"id":2754,"date":"2025-02-25T21:12:00","date_gmt":"2025-02-25T21:12:00","guid":{"rendered":"https:\/\/diariodegarca.com\/2025\/02\/25\/moradores-enfrentam-transtornos-apos-caminhao-arrebentar-fios-na-rua-sargento-wilson\/"},"modified":"2025-02-25T21:12:00","modified_gmt":"2025-02-25T21:12:00","slug":"moradores-enfrentam-transtornos-apos-caminhao-arrebentar-fios-na-rua-sargento-wilson","status":"publish","type":"post","link":"https:\/\/diariodegarca.com\/?p=2754","title":{"rendered":"Moradores enfrentam transtornos ap\u00f3s caminh\u00e3o arrebentar fios na rua Sargento Wilson"},"content":{"rendered":"<h1>\n<div>\n  <a href=\"https:\/\/blogger.googleusercontent.com\/img\/a\/AVvXsEhBf5KX5x0lIPUieY4cwQ_NVM5AzoXFgvbWnIBmdplDQSEdYFokBCoOKr4FBCcSTTMDvHW-esWW14SHW-QH4ISI4DrQqwJckX5X3tERZdaPd2b6COJcWS0_QHtcHDUq4LLCZOOE_4VKzcOFSSvMvO0DMKqWSU-OdShGy6-4K9gpEXPQ53uLsM3PguzN4mQ\"><br \/>\n    <img decoding=\"async\" border=\"0\" src=\"https:\/\/blogger.googleusercontent.com\/img\/a\/AVvXsEhBf5KX5x0lIPUieY4cwQ_NVM5AzoXFgvbWnIBmdplDQSEdYFokBCoOKr4FBCcSTTMDvHW-esWW14SHW-QH4ISI4DrQqwJckX5X3tERZdaPd2b6COJcWS0_QHtcHDUq4LLCZOOE_4VKzcOFSSvMvO0DMKqWSU-OdShGy6-4K9gpEXPQ53uLsM3PguzN4mQ\" width=\"400\"><br \/>\n  <\/a>\n<\/div>\n<\/h1>\n<p>Diversos moradores de Gar\u00e7a relataram nas redes sociais que um caminh\u00e3o, <strong>supostamente com altura superior ao permitido<\/strong>, passou pela <strong>rua Sargento Wilson Abel de Oliveira<\/strong> no dia <strong>24 de fevereiro<\/strong> e arrebentou v\u00e1rios fios. O incidente causou transtornos para quem depende de internet\/telefone, pedestres e motoristas que tiveram avarias em que estavam estacionados.<\/p>\n<p>Segundo os relatos, o ve\u00edculo <strong>n\u00e3o parou<\/strong> e seguiu arrastando os cabos. Os moradores afirmam que esse tipo de problema ocorre com frequ\u00eancia em v\u00e1rias ruas da cidade.<\/p>\n<h2><strong><br \/><\/strong><\/h2>\n<h2><strong>Debate entre moradores<\/strong><\/h2>\n<p>O caso gerou diverg\u00eancias entre os moradores. Alguns defendem que a <strong>Prefeitura deveria fiscalizar a altura dos fios<\/strong>, alegando que podem estar abaixo do padr\u00e3o. J\u00e1 outros argumentam que <strong>as cargas transportadas ultrapassam o limite permitido<\/strong>, e por isso os incidentes ocorrem.<\/p>\n<p>H\u00e1 ainda quem defenda os caminhoneiros, alegando que a responsabilidade pela manuten\u00e7\u00e3o da fia\u00e7\u00e3o <strong>\u00e9 das empresas de telecomunica\u00e7\u00f5es e energia<\/strong>, e n\u00e3o dos motoristas.<\/p>\n<h2><strong><\/p>\n<div class=\"separator\" style=\"clear: both;text-align: center\">\n  <a href=\"https:\/\/blogger.googleusercontent.com\/img\/a\/AVvXsEg2dQOw4HHqFkUYIBfG-HxT1yZyEizLb_YD933MfYaTIQT5COCpJs9zrMPvRqprRRbfOAJej0KK9XD2Y-K8LGcQ6xiJhpIk53aMWEz0bmpgV5xbkW8Rbf_ZRdflQz2uCQXHxZ-WbZOejOXCy6j9TyhyRrBkna-IF1-tn13S1EFF7Q2n-o-OBIMHrH8XX48\" style=\"margin-left: 1em;margin-right: 1em\"><br \/>\n    <img decoding=\"async\" border=\"0\" src=\"https:\/\/blogger.googleusercontent.com\/img\/a\/AVvXsEg2dQOw4HHqFkUYIBfG-HxT1yZyEizLb_YD933MfYaTIQT5COCpJs9zrMPvRqprRRbfOAJej0KK9XD2Y-K8LGcQ6xiJhpIk53aMWEz0bmpgV5xbkW8Rbf_ZRdflQz2uCQXHxZ-WbZOejOXCy6j9TyhyRrBkna-IF1-tn13S1EFF7Q2n-o-OBIMHrH8XX48\" width=\"400\"><br \/>\n  <\/a>\n<\/div>\n<p><\/strong><\/h2>\n<h2><strong>O que diz a legisla\u00e7\u00e3o?<\/strong><\/h2>\n<p>A legisla\u00e7\u00e3o estabelece par\u00e2metros para evitar esse tipo de incidente.<\/p>\n<ul>\n<li>O <strong>C\u00f3digo de Tr\u00e2nsito Brasileiro (Lei 9.503\/1997)<\/strong> define a <strong>altura m\u00e1xima permitida<\/strong> para ve\u00edculos de carga em <strong>4,40 metros<\/strong>.<\/li>\n<li>A <strong>norma NBR 15214\/2005<\/strong> determina que:\n<ul>\n<li>Os <strong>cabos de energia el\u00e9trica<\/strong> devem estar a <strong>pelo menos 5,50 metros<\/strong> do solo.<\/li>\n<li>Os <strong>cabos de telecomunica\u00e7\u00f5es<\/strong> devem ter altura m\u00ednima de <strong>3,50 metros<\/strong> em vias com circula\u00e7\u00e3o de ve\u00edculos.<\/li>\n<\/ul>\n<\/li>\n<\/ul>\n<h2><strong><\/p>\n<div class=\"separator\" style=\"clear: both;text-align: center\">\n  <a href=\"https:\/\/blogger.googleusercontent.com\/img\/a\/AVvXsEj8NRcTKW8aKWQCawnbHWf23Za3QNa6t7PNU0FXvYxecS--vTp2oxoAkfIEiOLTPAF1lj4CFgbVsOZSC7AG-Mf7yoPbQUE5SnjW1sjcwV5sFLoEc4w29pczzZ-CPB78f1j_JGGPjq7gUoKlugMENNHlzHQby1Hm2fIR2NObJtQfGzfwSDqqB7ZoUKmzgYk\" style=\"margin-left: 1em;margin-right: 1em\"><br \/>\n    <img decoding=\"async\" border=\"0\" src=\"https:\/\/blogger.googleusercontent.com\/img\/a\/AVvXsEj8NRcTKW8aKWQCawnbHWf23Za3QNa6t7PNU0FXvYxecS--vTp2oxoAkfIEiOLTPAF1lj4CFgbVsOZSC7AG-Mf7yoPbQUE5SnjW1sjcwV5sFLoEc4w29pczzZ-CPB78f1j_JGGPjq7gUoKlugMENNHlzHQby1Hm2fIR2NObJtQfGzfwSDqqB7ZoUKmzgYk\" width=\"400\"><br \/>\n  <\/a>\n<\/div>\n<p><\/strong><\/h2>\n<h2><strong>Posicionamento da CPFL Paulista<\/strong><\/h2>\n<p>Em nota, a <strong>CPFL Paulista<\/strong> informou que o incidente <strong>n\u00e3o afetou a rede el\u00e9trica<\/strong>, mas impactou cabos de telecomunica\u00e7\u00f5es.<\/p>\n<p>A companhia esclareceu que:<\/p>\n<p>\u2705 <strong>Uma equipe foi enviada ao local<\/strong> para eliminar riscos.<br \/>\n\u2705 <strong>As empresas respons\u00e1veis ser\u00e3o notificadas<\/strong> para verificar e organizar os cabos.<br \/>\n\u2705 <strong>A manuten\u00e7\u00e3o dos cabos de telecomunica\u00e7\u00f5es<\/strong> \u00e9 responsabilidade exclusiva das operadoras ocupantes dos postes, conforme normas da <strong>ANEEL (Ag\u00eancia Nacional de Energia El\u00e9trica)<\/strong>.<br \/>\n\u2705 A CPFL Paulista <strong>atua emergencialmente<\/strong> sempre que h\u00e1 risco \u00e0 popula\u00e7\u00e3o ou \u00e0 rede el\u00e9trica.<\/p>\n<p>\ud83d\udcde <strong>A concession\u00e1ria orienta que, caso algum cabo rompido seja identificado, a popula\u00e7\u00e3o deve entrar em contato com o servi\u00e7o emergencial pelo telefone 0800 010 1010.<\/strong><\/p>\n<h2><strong><br \/><\/strong><\/h2>\n<h2><strong>Monitoramento da Prefeitura<\/strong><\/h2>\n<p>No ano passado, a Prefeitura anunciou que as <strong>c\u00e2meras instaladas em pontos estrat\u00e9gicos da cidade tamb\u00e9m passariam a fiscalizar caminh\u00f5es<\/strong> que evitam ped\u00e1gios ou possuem altura superior \u00e0 permitida.<\/p>\n<p>\ud83d\udd39 O sistema de monitoramento <strong>j\u00e1 existia<\/strong> e era utilizado para <strong>verifica\u00e7\u00e3o de placas de ve\u00edculos roubados e acompanhamento de acidentes de tr\u00e2nsito<\/strong>.<br \/>\n\ud83d\udd39 <strong>Embora a rua Sargento Wilson Abel de Oliveira n\u00e3o tenha c\u00e2meras<\/strong>, todas as <strong>entradas do munic\u00edpio contam com monitoramento<\/strong>.<\/p>\n<p>At\u00e9 o momento, a Prefeitura <strong>n\u00e3o se manifestou<\/strong> sobre o caso. O espa\u00e7o segue aberto para um posicionamento da administra\u00e7\u00e3o municipal.<\/p>\n","protected":false},"excerpt":{"rendered":"<p>Diversos moradores de Gar\u00e7a relataram nas redes sociais que um caminh\u00e3o, supostamente com altura superior ao permitido, passou pela rua Sargento Wilson Abel de Oliveira no dia 24 de fevereiro e arrebentou v\u00e1rios fios. O incidente causou transtornos para quem depende de internet\/telefone, pedestres e motoristas que tiveram avarias em que estavam estacionados. Segundo os [&hellip;]<\/p>\n","protected":false},"author":260896546,"featured_media":0,"comment_status":"open","ping_status":"open","sticky":false,"template":"","format":"standard","meta":{"_crdt_document":"","_monsterinsights_skip_tracking":false,"_monsterinsights_sitenote_active":false,"_monsterinsights_sitenote_note":"","_monsterinsights_sitenote_category":0,"advanced_seo_description":"","jetpack_seo_html_title":"","jetpack_seo_noindex":false,"_jetpack_newsletter_access":"","_jetpack_dont_email_post_to_subs":false,"_jetpack_newsletter_tier_id":0,"_jetpack_memberships_contains_paywalled_content":false,"_jetpack_memberships_contains_paid_content":false,"footnotes":"","jetpack_publicize_message":"","jetpack_publicize_feature_enabled":true,"jetpack_social_post_already_shared":false,"jetpack_social_options":{"image_generator_settings":{"template":"fullscreen","default_image_id":0,"font":"","enabled":false},"version":2},"_wpas_customize_per_network":false,"jetpack_post_was_ever_published":false},"categories":[38185],"tags":[781171801],"class_list":["post-2754","post","type-post","status-publish","format-standard","hentry","category-brasil","tag-brasil"],"jetpack_publicize_connections":[],"jetpack_featured_media_url":"","jetpack_likes_enabled":true,"jetpack_sharing_enabled":true,"jetpack_shortlink":"https:\/\/wp.me\/pgitne-Iq","jetpack-related-posts":[{"id":4907,"url":"https:\/\/diariodegarca.com\/?p=4907","url_meta":{"origin":2754,"position":0},"title":"Gar\u00e7a recebe a\u00e7\u00e3o gratuita para troca de l\u00e2mpadas por LED e incentivo \u00e0 economia de energia","author":"Di\u00e1rio de Gar\u00e7a","date":"22 de julho de 2025","format":false,"excerpt":"Programa da ANEEL e CPFL Energia oferece substitui\u00e7\u00e3o de at\u00e9 8 l\u00e2mpadas antigas por modelos eficientes; iniciativa visa reduzir custos e consumo energ\u00e9tico. Na pr\u00f3xima quinta-feira, 24 de julho, os moradores de Gar\u00e7a ter\u00e3o a oportunidade de trocar l\u00e2mpadas incandescentes ou fluorescentes por modelos LED, gratuitamente, em uma a\u00e7\u00e3o do\u2026","rel":"","context":"Em &quot;Gar\u00e7a&quot;","block_context":{"text":"Gar\u00e7a","link":"https:\/\/diariodegarca.com\/?cat=781171664"},"img":{"alt_text":"","src":"","width":0,"height":0},"classes":[]},{"id":2977,"url":"https:\/\/diariodegarca.com\/?p=2977","url_meta":{"origin":2754,"position":1},"title":"Mutir\u00e3o do MEI em Gar\u00e7a: Sebrae M\u00f3vel oferece atendimento gratuito nos dias 23 e 24 de janeiro","author":"Di\u00e1rio de Gar\u00e7a","date":"22 de janeiro de 2025","format":false,"excerpt":"Nos dias 23 e 24 de janeiro de 2025, o Sebrae M\u00f3vel estar\u00e1 em Gar\u00e7a para auxiliar os Microempreendedores Individuais (MEIs) com consultas e regulariza\u00e7\u00f5es.\u00a0A a\u00e7\u00e3o busca ajudar os empreendedores a ficarem em dia com suas obriga\u00e7\u00f5es fiscais, como o pagamento do DAS (Documento de Arrecada\u00e7\u00e3o do Simples Nacional) e\u2026","rel":"","context":"Em &quot;Brasil&quot;","block_context":{"text":"Brasil","link":"https:\/\/diariodegarca.com\/?cat=38185"},"img":{"alt_text":"","src":"","width":0,"height":0},"classes":[]},{"id":6893,"url":"https:\/\/diariodegarca.com\/?p=6893","url_meta":{"origin":2754,"position":2},"title":"Preso em regime aberto agride m\u00e3e e irm\u00e3 durante sa\u00edda tempor\u00e1ria em Gar\u00e7a","author":"Di\u00e1rio de Gar\u00e7a","date":"18 de setembro de 2025","format":false,"excerpt":"Homem, que cumpria pena e tinha direito a sa\u00eddas mensais, cometeu novos crimes de viol\u00eancia dom\u00e9stica e resistiu \u00e0 pris\u00e3o ap\u00f3s ser localizado pela PM. Um preso beneficiado pelo direito \u00e0 sa\u00edda tempor\u00e1ria foi detido novamente na noite de ter\u00e7a-feira, 16 de setembro, ap\u00f3s agredir a pr\u00f3pria fam\u00edlia e resistir\u2026","rel":"","context":"Em &quot;Gar\u00e7a&quot;","block_context":{"text":"Gar\u00e7a","link":"https:\/\/diariodegarca.com\/?cat=781171664"},"img":{"alt_text":"","src":"https:\/\/i0.wp.com\/diariodegarca.com\/wp-content\/uploads\/2025\/05\/1747614796816088-0-e1763988403926.jpg?fit=1080%2C670&ssl=1&resize=350%2C200","width":350,"height":200,"srcset":"https:\/\/i0.wp.com\/diariodegarca.com\/wp-content\/uploads\/2025\/05\/1747614796816088-0-e1763988403926.jpg?fit=1080%2C670&ssl=1&resize=350%2C200 1x, https:\/\/i0.wp.com\/diariodegarca.com\/wp-content\/uploads\/2025\/05\/1747614796816088-0-e1763988403926.jpg?fit=1080%2C670&ssl=1&resize=525%2C300 1.5x, https:\/\/i0.wp.com\/diariodegarca.com\/wp-content\/uploads\/2025\/05\/1747614796816088-0-e1763988403926.jpg?fit=1080%2C670&ssl=1&resize=700%2C400 2x, https:\/\/i0.wp.com\/diariodegarca.com\/wp-content\/uploads\/2025\/05\/1747614796816088-0-e1763988403926.jpg?fit=1080%2C670&ssl=1&resize=1050%2C600 3x"},"classes":[]},{"id":9316,"url":"https:\/\/diariodegarca.com\/?p=9316","url_meta":{"origin":2754,"position":3},"title":"Sa\u00fade, sal\u00e1rios e obras: C\u00e2mara de Gar\u00e7a aprovou s\u00e9rie de cobran\u00e7as ao Executivo na \u00faltima sess\u00e3o","author":"Andreza Sega","date":"4 de dezembro de 2025","format":false,"excerpt":"Sess\u00e3o ordin\u00e1ria aprovou 25 requerimentos que questionam atraso no pagamento de m\u00e9dicos, falta de profissional no CAPS, reajuste do vale alimenta\u00e7\u00e3o dos servidores e andamento de obras; Assuntos foram tratados antes do Grande Expediente, onde o foco foi o transporte p\u00fablico. A 40\u00aa Sess\u00e3o Ordin\u00e1ria da C\u00e2mara Municipal de Gar\u00e7a,\u2026","rel":"","context":"Em &quot;Gar\u00e7a&quot;","block_context":{"text":"Gar\u00e7a","link":"https:\/\/diariodegarca.com\/?cat=781171664"},"img":{"alt_text":"","src":"https:\/\/i0.wp.com\/diariodegarca.com\/wp-content\/uploads\/2025\/12\/25debb5b-1c3d-4d21-a1b3-2dbced9d835e-e1764848540974.png?fit=374%2C206&ssl=1&resize=350%2C200","width":350,"height":200},"classes":[]},{"id":2999,"url":"https:\/\/diariodegarca.com\/?p=2999","url_meta":{"origin":2754,"position":4},"title":"SAAE esclarece manuten\u00e7\u00e3o emergencial e impacto no abastecimento","author":"Di\u00e1rio de Gar\u00e7a","date":"18 de janeiro de 2025","format":false,"excerpt":"Na noite de ontem, sexta-feira, dia 17 de janeiro, o Servi\u00e7o Aut\u00f4nomo de \u00c1gua e Esgoto (SAAE) foi alvo de diversas reclama\u00e7\u00f5es em grupos de redes sociais. Moradores relataram problemas no fornecimento de \u00e1gua em diversos bairros. Em resposta, o \u00f3rg\u00e3o emitiu uma nota oficial explicando que o transtorno foi\u2026","rel":"","context":"Em &quot;Brasil&quot;","block_context":{"text":"Brasil","link":"https:\/\/diariodegarca.com\/?cat=38185"},"img":{"alt_text":"","src":"","width":0,"height":0},"classes":[]},{"id":8295,"url":"https:\/\/diariodegarca.com\/?p=8295","url_meta":{"origin":2754,"position":5},"title":"Nova Zona Azul de Gar\u00e7a entra em vigor com \u00e1rea reduzida e limite de horas para estacionar","author":"Andreza Sega","date":"31 de outubro de 2025","format":false,"excerpt":"Decreto 10.440\/2025, publicado no Di\u00e1rio Oficial, altera o per\u00edmetro do estacionamento rotativo e estabelece tempo m\u00e1ximo de perman\u00eancia: 4 horas nos dias \u00fateis e 2 horas aos s\u00e1bados. Em uma mudan\u00e7a que afeta diretamente o dia-a-dia de motoristas e o com\u00e9rcio local, a Prefeitura de Gar\u00e7a colocou em vigor o\u2026","rel":"","context":"Em &quot;Gar\u00e7a&quot;","block_context":{"text":"Gar\u00e7a","link":"https:\/\/diariodegarca.com\/?cat=781171664"},"img":{"alt_text":"","src":"https:\/\/i0.wp.com\/diariodegarca.com\/wp-content\/uploads\/2025\/10\/Uo31Dhwy-area-azul-garca_1639140970.png?fit=1024%2C675&ssl=1&resize=350%2C200","width":350,"height":200,"srcset":"https:\/\/i0.wp.com\/diariodegarca.com\/wp-content\/uploads\/2025\/10\/Uo31Dhwy-area-azul-garca_1639140970.png?fit=1024%2C675&ssl=1&resize=350%2C200 1x, https:\/\/i0.wp.com\/diariodegarca.com\/wp-content\/uploads\/2025\/10\/Uo31Dhwy-area-azul-garca_1639140970.png?fit=1024%2C675&ssl=1&resize=525%2C300 1.5x, https:\/\/i0.wp.com\/diariodegarca.com\/wp-content\/uploads\/2025\/10\/Uo31Dhwy-area-azul-garca_1639140970.png?fit=1024%2C675&ssl=1&resize=700%2C400 2x"},"classes":[]}],"_links":{"self":[{"href":"https:\/\/diariodegarca.com\/index.php?rest_route=\/wp\/v2\/posts\/2754","targetHints":{"allow":["GET"]}}],"collection":[{"href":"https:\/\/diariodegarca.com\/index.php?rest_route=\/wp\/v2\/posts"}],"about":[{"href":"https:\/\/diariodegarca.com\/index.php?rest_route=\/wp\/v2\/types\/post"}],"author":[{"embeddable":true,"href":"https:\/\/diariodegarca.com\/index.php?rest_route=\/wp\/v2\/users\/260896546"}],"replies":[{"embeddable":true,"href":"https:\/\/diariodegarca.com\/index.php?rest_route=%2Fwp%2Fv2%2Fcomments&post=2754"}],"version-history":[{"count":0,"href":"https:\/\/diariodegarca.com\/index.php?rest_route=\/wp\/v2\/posts\/2754\/revisions"}],"wp:attachment":[{"href":"https:\/\/diariodegarca.com\/index.php?rest_route=%2Fwp%2Fv2%2Fmedia&parent=2754"}],"wp:term":[{"taxonomy":"category","embeddable":true,"href":"https:\/\/diariodegarca.com\/index.php?rest_route=%2Fwp%2Fv2%2Fcategories&post=2754"},{"taxonomy":"post_tag","embeddable":true,"href":"https:\/\/diariodegarca.com\/index.php?rest_route=%2Fwp%2Fv2%2Ftags&post=2754"}],"curies":[{"name":"wp","href":"https:\/\/api.w.org\/{rel}","templated":true}]}}