{"id":2756,"date":"2025-02-25T13:36:00","date_gmt":"2025-02-25T13:36:00","guid":{"rendered":"https:\/\/diariodegarca.com\/2025\/02\/25\/garca-oferece-curso-gratuito-de-pizzas-artesanais-com-tecnicas-profissionais\/"},"modified":"2025-02-25T13:36:00","modified_gmt":"2025-02-25T13:36:00","slug":"garca-oferece-curso-gratuito-de-pizzas-artesanais-com-tecnicas-profissionais","status":"publish","type":"post","link":"https:\/\/diariodegarca.com\/?p=2756","title":{"rendered":"Gar\u00e7a oferece curso gratuito de pizzas artesanais com t\u00e9cnicas profissionais"},"content":{"rendered":"<p>\u00a0\u00a0<\/p>\n<div>\n<div class=\"separator\" style=\"clear: both;text-align: center\">\n  <a href=\"https:\/\/blogger.googleusercontent.com\/img\/a\/AVvXsEggg-IOmisi9WdNQlPLHL_tCtf407s1fdMWxrIWpak_tkuT3EZs7UHvDkQBja9ksgtn1jGRZy3xQNvWqMHs6ByDY9LG91ayqQaohh_jHXkG_SfRjeL6jRHJgsgSXCh2U7bvUvhewawiP54VbKDY2PO6jjDAhlonELbO0nVXra_YMH0dY9ilJEBCNCyFrPU\" style=\"margin-left: 1em;margin-right: 1em\"><br \/>\n    <img decoding=\"async\" border=\"0\" src=\"https:\/\/blogger.googleusercontent.com\/img\/a\/AVvXsEggg-IOmisi9WdNQlPLHL_tCtf407s1fdMWxrIWpak_tkuT3EZs7UHvDkQBja9ksgtn1jGRZy3xQNvWqMHs6ByDY9LG91ayqQaohh_jHXkG_SfRjeL6jRHJgsgSXCh2U7bvUvhewawiP54VbKDY2PO6jjDAhlonELbO0nVXra_YMH0dY9ilJEBCNCyFrPU\" width=\"400\"><br \/>\n  <\/a>\n<\/div>\n<p><\/div>\n<div>A Prefeitura de Gar\u00e7a, por meio da Secretaria de Desenvolvimento Econ\u00f4mico e Turismo, em parceria com o SEBRAE, abre inscri\u00e7\u00f5es para o curso \u201c<b>Prepare e venda pizzas doces e salgadas\u201d<\/b>, uma oportunidade para empreendedores e entusiastas da gastronomia dominarem t\u00e9cnicas de produ\u00e7\u00e3o, seguran\u00e7a alimentar e gest\u00e3o de neg\u00f3cios.\u00a0<\/div>\n<div><\/div>\n<div>Com aulas te\u00f3ricas e pr\u00e1ticas, a iniciativa visa capacitar participantes para atuar no mercado de alimenta\u00e7\u00e3o, impulsionando a economia local.\u00a0\u00a0<\/div>\n<div><\/div>\n<div>O curso ter\u00e1 in\u00edcio nos dias <b>17 e 18 de mar\u00e7o de 2025<\/b>, na sede da Acig Gar\u00e7a, com aulas t\u00e9cnicas entre <b>24 e 28 de mar\u00e7o<\/b>\u00a0na Cozinha CRAS II, localizada na Rua Alzira Nazar\u00e9, 599. As atividades ocorrer\u00e3o sempre das <b>18h30 \u00e0s 22h30<\/b>, permitindo a participa\u00e7\u00e3o de quem busca conciliar rotinas profissionais ou familiares.\u00a0\u00a0<\/div>\n<div><\/div>\n<div>Os alunos aprender\u00e3o desde o preparo da massa at\u00e9 a finaliza\u00e7\u00e3o de pizzas com recheios criativos, al\u00e9m de receber orienta\u00e7\u00f5es sobre higiene, organiza\u00e7\u00e3o e estrat\u00e9gias de vendas. Com turma limitada a <b>18 vagas<\/b>, o curso \u00e9 totalmente gratuito e prioriza o ensino personalizado.\u00a0\u00a0<\/div>\n<div><\/div>\n<div>Interessados devem se inscrever pelo link:\u00a0\u00a0<a href=\"https:\/\/inscricao.sebraesp.com.br\/kit\/turma\/45364\">https:\/\/inscricao.sebraesp.com.br\/kit\/turma\/45364<\/a><\/div>\n","protected":false},"excerpt":{"rendered":"<p>\u00a0\u00a0 A Prefeitura de Gar\u00e7a, por meio da Secretaria de Desenvolvimento Econ\u00f4mico e Turismo, em parceria com o SEBRAE, abre inscri\u00e7\u00f5es para o curso \u201cPrepare e venda pizzas doces e salgadas\u201d, uma oportunidade para empreendedores e entusiastas da gastronomia dominarem t\u00e9cnicas de produ\u00e7\u00e3o, seguran\u00e7a alimentar e gest\u00e3o de neg\u00f3cios.\u00a0 Com aulas te\u00f3ricas e pr\u00e1ticas, a [&hellip;]<\/p>\n","protected":false},"author":260896546,"featured_media":0,"comment_status":"open","ping_status":"open","sticky":false,"template":"","format":"standard","meta":{"_crdt_document":"","_monsterinsights_skip_tracking":false,"_monsterinsights_sitenote_active":false,"_monsterinsights_sitenote_note":"","_monsterinsights_sitenote_category":0,"advanced_seo_description":"","jetpack_seo_html_title":"","jetpack_seo_noindex":false,"_jetpack_newsletter_access":"","_jetpack_dont_email_post_to_subs":false,"_jetpack_newsletter_tier_id":0,"_jetpack_memberships_contains_paywalled_content":false,"_jetpack_memberships_contains_paid_content":false,"footnotes":"","jetpack_publicize_message":"","jetpack_publicize_feature_enabled":true,"jetpack_social_post_already_shared":false,"jetpack_social_options":{"image_generator_settings":{"template":"fullscreen","default_image_id":0,"font":"","enabled":false},"version":2},"_wpas_customize_per_network":false,"jetpack_post_was_ever_published":false},"categories":[38185],"tags":[781171801,69028],"class_list":["post-2756","post","type-post","status-publish","format-standard","hentry","category-brasil","tag-brasil","tag-oficina"],"jetpack_publicize_connections":[],"jetpack_featured_media_url":"","jetpack_likes_enabled":true,"jetpack_sharing_enabled":true,"jetpack_shortlink":"https:\/\/wp.me\/pgitne-Is","jetpack-related-posts":[{"id":3345,"url":"https:\/\/diariodegarca.com\/?p=3345","url_meta":{"origin":2756,"position":0},"title":"Curso em Lucian\u00f3polis ensina t\u00e9cnicas para fabrica\u00e7\u00e3o e venda de pizzas","author":"Di\u00e1rio de Gar\u00e7a","date":"23 de maio de 2025","format":false,"excerpt":"Para quem deseja empreender no setor aliment\u00edcio ou buscar uma nova fonte de renda, o curso\u00a0\"Aprenda a Fabricar e Vender Pizzas e Salgados Assados\"\u00a0oferece uma oportunidade valiosa. Com aulas presenciais e pr\u00e1ticas, a capacita\u00e7\u00e3o \u00e9 voltada para quem quer dominar desde o preparo at\u00e9 a comercializa\u00e7\u00e3o desses produtos, que est\u00e3o\u2026","rel":"","context":"Em &quot;Curso&quot;","block_context":{"text":"Curso","link":"https:\/\/diariodegarca.com\/?cat=36947"},"img":{"alt_text":"","src":"","width":0,"height":0},"classes":[]},{"id":5836,"url":"https:\/\/diariodegarca.com\/?p=5836","url_meta":{"origin":2756,"position":1},"title":"Pomp\u00e9ia oferece cursos gratuitos e presenciais de Soldagem, Panifica\u00e7\u00e3o e Jogos Digitais","author":"Di\u00e1rio de Gar\u00e7a","date":"23 de agosto de 2025","format":false,"excerpt":"Iniciativa do Fundo Social de SP oferece quatro op\u00e7\u00f5es de qualifica\u00e7\u00e3o gratuita em diferentes locais da cidade. Inscri\u00e7\u00f5es devem ser feitas online e vagas s\u00e3o limitadas. A popula\u00e7\u00e3o de Pomp\u00e9ia tem uma oportunidade de capacita\u00e7\u00e3o profissional com a chegada do programa \u201cCaminho da Capacita\u00e7\u00e3o \u2013 Transformando vidas com educa\u00e7\u00e3o e\u2026","rel":"","context":"Em &quot;Curso&quot;","block_context":{"text":"Curso","link":"https:\/\/diariodegarca.com\/?cat=36947"},"img":{"alt_text":"","src":"https:\/\/i0.wp.com\/diariodegarca.com\/wp-content\/uploads\/2025\/08\/maos-de-alto-angulo-segurando-o-controlador.jpg?fit=1200%2C800&ssl=1&resize=350%2C200","width":350,"height":200,"srcset":"https:\/\/i0.wp.com\/diariodegarca.com\/wp-content\/uploads\/2025\/08\/maos-de-alto-angulo-segurando-o-controlador.jpg?fit=1200%2C800&ssl=1&resize=350%2C200 1x, https:\/\/i0.wp.com\/diariodegarca.com\/wp-content\/uploads\/2025\/08\/maos-de-alto-angulo-segurando-o-controlador.jpg?fit=1200%2C800&ssl=1&resize=525%2C300 1.5x, https:\/\/i0.wp.com\/diariodegarca.com\/wp-content\/uploads\/2025\/08\/maos-de-alto-angulo-segurando-o-controlador.jpg?fit=1200%2C800&ssl=1&resize=700%2C400 2x, https:\/\/i0.wp.com\/diariodegarca.com\/wp-content\/uploads\/2025\/08\/maos-de-alto-angulo-segurando-o-controlador.jpg?fit=1200%2C800&ssl=1&resize=1050%2C600 3x"},"classes":[]},{"id":2607,"url":"https:\/\/diariodegarca.com\/?p=2607","url_meta":{"origin":2756,"position":2},"title":"Gar\u00e7a ter\u00e1 curso presencial e gratuito de t\u00e9cnicas de venda para empres\u00e1rios de vestu\u00e1rio","author":"Di\u00e1rio de Gar\u00e7a","date":"17 de mar\u00e7o de 2025","format":false,"excerpt":"Empres\u00e1rios do setor de vestu\u00e1rio em Gar\u00e7a ter\u00e3o uma oportunidade \u00fanica para aprimorar suas estrat\u00e9gias de vendas. O Sebrae, em parceria com a Prefeitura de Gar\u00e7a, promover\u00e1 o curso \"Aprenda T\u00e9cnicas de Visual Merchandising para Varejo de Moda\", que acontecer\u00e1 presencialmente entre os dias 09 e 30 de abril, na\u2026","rel":"","context":"Em &quot;Brasil&quot;","block_context":{"text":"Brasil","link":"https:\/\/diariodegarca.com\/?cat=38185"},"img":{"alt_text":"","src":"","width":0,"height":0},"classes":[]},{"id":2350,"url":"https:\/\/diariodegarca.com\/?p=2350","url_meta":{"origin":2756,"position":3},"title":"Sebrae abre inscri\u00e7\u00f5es para curso gratuito e presencial de Confeitaria em Gar\u00e7a","author":"Di\u00e1rio de Gar\u00e7a","date":"16 de abril de 2025","format":false,"excerpt":"A parceria entre o Sebrae e a Prefeitura de Gar\u00e7a, abre inscri\u00e7\u00f5es para o curso \u201cAprenda T\u00e9cnicas de Confeitaria\u201d. A iniciativa oferece capacita\u00e7\u00e3o gratuita e presencial, voltada a quem deseja se aperfei\u00e7oar ou iniciar um neg\u00f3cio no ramo da confeitaria. O curso ter\u00e1 in\u00edcio no dia 6 de maio e\u2026","rel":"","context":"Em &quot;Brasil&quot;","block_context":{"text":"Brasil","link":"https:\/\/diariodegarca.com\/?cat=38185"},"img":{"alt_text":"","src":"https:\/\/i0.wp.com\/blogger.googleusercontent.com\/img\/b\/R29vZ2xl\/AVvXsEigNx7UFOowuRxw8vwq8VPJ0nOpjEPgJ6cj6-s8wpRUOq2n_k8CsbyMKJbgD9pyDlX7Y3Pjzj2dmvbwMl_Aw3yP45BKN2wXSpdVrmvOW0tyOz3bz90zzqJ4aq6zSeno3LeMbS_cXPtNVhyphenhyphenSfRTBJmcKzUWkywpEmwRKs7mt6mU4ZpqtZ19_zXHXWjX4sJ0\/s320\/woman-working-as-professional-chef.jpg?resize=350%2C200&ssl=1","width":350,"height":200},"classes":[]},{"id":2450,"url":"https:\/\/diariodegarca.com\/?p=2450","url_meta":{"origin":2756,"position":4},"title":"EMCA est\u00e1 com vagas remanescentes para v\u00e1rios cursos","author":"Di\u00e1rio de Gar\u00e7a","date":"7 de abril de 2025","format":false,"excerpt":"A Escola Municipal de Cultura Art\u00edstica \u201cAm\u00e9lio \u2018Nan\u00e1\u2019 Zancop\u00e9\u201d (EMCA), em Gar\u00e7a, est\u00e1 com vagas remanescentes para seus cursos culturais com turmas iniciadas neste ano. As vagas s\u00e3o voltadas para crian\u00e7as, jovens, adultos e id\u00e3os, abrangendo dan\u00e7a, m\u00fasica e canto. A institui\u00e7\u00e3o refor\u00e7a que as inscri\u00e7\u00f5es devem ser feitas rapidamente,\u2026","rel":"","context":"Em &quot;Brasil&quot;","block_context":{"text":"Brasil","link":"https:\/\/diariodegarca.com\/?cat=38185"},"img":{"alt_text":"","src":"","width":0,"height":0},"classes":[]},{"id":2998,"url":"https:\/\/diariodegarca.com\/?p=2998","url_meta":{"origin":2756,"position":5},"title":"IFSULDEMINAS abre inscri\u00e7\u00f5es para cursos t\u00e9cnicos subsequentes na modalidade EaD","author":"Di\u00e1rio de Gar\u00e7a","date":"19 de janeiro de 2025","format":false,"excerpt":"O Instituto Federal do Sul de Minas Gerais (IFSULDEMINAS) est\u00e1 com inscri\u00e7\u00f5es abertas para o Processo Seletivo de cursos t\u00e9cnicos subsequentes na modalidade a dist\u00e2ncia (EaD). Os cursos s\u00e3o voltados para quem j\u00e1 concluiu o Ensino M\u00e9dio e busca capacita\u00e7\u00e3o t\u00e9cnica em \u00e1reas espec\u00edficas.Cursos Dispon\u00edveis\u2714\ufe0f Marketing\u2714\ufe0f Seguran\u00e7a do Trabalho\u2714\ufe0f Administra\u00e7\u00e3o\u2714\ufe0f\u2026","rel":"","context":"Em &quot;Brasil&quot;","block_context":{"text":"Brasil","link":"https:\/\/diariodegarca.com\/?cat=38185"},"img":{"alt_text":"","src":"","width":0,"height":0},"classes":[]}],"_links":{"self":[{"href":"https:\/\/diariodegarca.com\/index.php?rest_route=\/wp\/v2\/posts\/2756","targetHints":{"allow":["GET"]}}],"collection":[{"href":"https:\/\/diariodegarca.com\/index.php?rest_route=\/wp\/v2\/posts"}],"about":[{"href":"https:\/\/diariodegarca.com\/index.php?rest_route=\/wp\/v2\/types\/post"}],"author":[{"embeddable":true,"href":"https:\/\/diariodegarca.com\/index.php?rest_route=\/wp\/v2\/users\/260896546"}],"replies":[{"embeddable":true,"href":"https:\/\/diariodegarca.com\/index.php?rest_route=%2Fwp%2Fv2%2Fcomments&post=2756"}],"version-history":[{"count":0,"href":"https:\/\/diariodegarca.com\/index.php?rest_route=\/wp\/v2\/posts\/2756\/revisions"}],"wp:attachment":[{"href":"https:\/\/diariodegarca.com\/index.php?rest_route=%2Fwp%2Fv2%2Fmedia&parent=2756"}],"wp:term":[{"taxonomy":"category","embeddable":true,"href":"https:\/\/diariodegarca.com\/index.php?rest_route=%2Fwp%2Fv2%2Fcategories&post=2756"},{"taxonomy":"post_tag","embeddable":true,"href":"https:\/\/diariodegarca.com\/index.php?rest_route=%2Fwp%2Fv2%2Ftags&post=2756"}],"curies":[{"name":"wp","href":"https:\/\/api.w.org\/{rel}","templated":true}]}}