{"id":2763,"date":"2025-02-23T22:00:00","date_gmt":"2025-02-23T22:00:00","guid":{"rendered":"https:\/\/diariodegarca.com\/2025\/02\/23\/gatinhos-resgatados-buscam-um-lar-amoroso\/"},"modified":"2025-02-23T22:00:00","modified_gmt":"2025-02-23T22:00:00","slug":"gatinhos-resgatados-buscam-um-lar-amoroso","status":"publish","type":"post","link":"https:\/\/diariodegarca.com\/?p=2763","title":{"rendered":"Gatinhos resgatados buscam um lar amoroso"},"content":{"rendered":"<p><div class=\"separator\" style=\"clear: both;text-align: center\">\n  <a href=\"https:\/\/blogger.googleusercontent.com\/img\/a\/AVvXsEjLPw6fiJ5TojksaeyWjVDDIb-HFEmACgJolAqX7kLJR64_cTwwt0k5RmMujwVLSPgsTO9d5cbpCXdLVf1b4UwDRIBYVUd1xTWxZw_sguZegwmg5PrGhHrTWxGzmhyNz6MSmIp9ycNdJbCmX-bX6qOx9WDb5k4FTr-BZk-srE4ErR7LflQHrjYmqI4wA-Y\" style=\"margin-left: 1em;margin-right: 1em\"><br \/>\n    <img decoding=\"async\" border=\"0\" src=\"https:\/\/blogger.googleusercontent.com\/img\/a\/AVvXsEjLPw6fiJ5TojksaeyWjVDDIb-HFEmACgJolAqX7kLJR64_cTwwt0k5RmMujwVLSPgsTO9d5cbpCXdLVf1b4UwDRIBYVUd1xTWxZw_sguZegwmg5PrGhHrTWxGzmhyNz6MSmIp9ycNdJbCmX-bX6qOx9WDb5k4FTr-BZk-srE4ErR7LflQHrjYmqI4wA-Y\" width=\"400\"><br \/>\n  <\/a>\n<\/div>\n<\/p>\n<p>O abandono de animais \u00e9 uma realidade cruel, mas, para esses pequenos guerreiros, um novo cap\u00edtulo pode come\u00e7ar agora.\u00a0<\/p>\n<p>Encontrados ainda rec\u00e9m-nascidos, descartados dentro de uma sacola como se fossem lixo, esses filhotes desafiaram as probabilidades e lutaram pela vida. Gra\u00e7as ao cuidado e dedica\u00e7\u00e3o de pessoas comprometidas com o bem-estar animal, eles foram alimentados, protegidos e agora est\u00e3o prontos para encontrar um lar definitivo.<\/p>\n<p>J\u00e1 est\u00e3o saud\u00e1veis, aprendendo a explorar o mundo com curiosidade, se alimentando sozinhos e usando a caixinha de areia. H\u00e1 machos e f\u00eameas dispon\u00edveis para ado\u00e7\u00e3o (identificados na imagem), todos \u00e0 espera de uma fam\u00edlia que os acolha com carinho e responsabilidade.<\/p>\n<p>A ado\u00e7\u00e3o de um animal \u00e9 um compromisso de amor e cuidado por toda a vida. Se voc\u00ea tem espa\u00e7o no cora\u00e7\u00e3o e no lar para um desses filhotes, entre em contato pelo telefone <strong>(14) 9913-63260<\/strong> e fale com a Amanda.\u00a0<\/p>\n<p>Transforme a vida de um deles \u2013 e a sua tamb\u00e9m.\u00a0<span style=\"letter-spacing: 0.2px\">Adote! Salve uma vida. Ganhe um amigo para sempre.<\/span><\/p>\n","protected":false},"excerpt":{"rendered":"<p>O abandono de animais \u00e9 uma realidade cruel, mas, para esses pequenos guerreiros, um novo cap\u00edtulo pode come\u00e7ar agora.\u00a0 Encontrados ainda rec\u00e9m-nascidos, descartados dentro de uma sacola como se fossem lixo, esses filhotes desafiaram as probabilidades e lutaram pela vida. Gra\u00e7as ao cuidado e dedica\u00e7\u00e3o de pessoas comprometidas com o bem-estar animal, eles foram alimentados, [&hellip;]<\/p>\n","protected":false},"author":260896546,"featured_media":0,"comment_status":"open","ping_status":"open","sticky":false,"template":"","format":"standard","meta":{"_crdt_document":"","_monsterinsights_skip_tracking":false,"_monsterinsights_sitenote_active":false,"_monsterinsights_sitenote_note":"","_monsterinsights_sitenote_category":0,"advanced_seo_description":"","jetpack_seo_html_title":"","jetpack_seo_noindex":false,"_jetpack_newsletter_access":"","_jetpack_dont_email_post_to_subs":false,"_jetpack_newsletter_tier_id":0,"_jetpack_memberships_contains_paywalled_content":false,"_jetpack_memberships_contains_paid_content":false,"footnotes":"","jetpack_publicize_message":"","jetpack_publicize_feature_enabled":true,"jetpack_social_post_already_shared":false,"jetpack_social_options":{"image_generator_settings":{"template":"fullscreen","default_image_id":0,"font":"","enabled":false},"version":2},"_wpas_customize_per_network":false,"jetpack_post_was_ever_published":false},"categories":[38185],"tags":[781171801,781171833],"class_list":["post-2763","post","type-post","status-publish","format-standard","hentry","category-brasil","tag-brasil","tag-causa-animal"],"jetpack_publicize_connections":[],"jetpack_featured_media_url":"","jetpack_likes_enabled":true,"jetpack_sharing_enabled":true,"jetpack_shortlink":"https:\/\/wp.me\/pgitne-Iz","jetpack-related-posts":[{"id":2678,"url":"https:\/\/diariodegarca.com\/?p=2678","url_meta":{"origin":2763,"position":0},"title":"Plataforma amplia suporte a animais em Gar\u00e7a com novas funcionalidades","author":"Di\u00e1rio de Gar\u00e7a","date":"7 de mar\u00e7o de 2025","format":false,"excerpt":"O site Adote um Animal Gar\u00e7a, adoteumanimalgarca.com,\u00a0acaba de lan\u00e7ar novas ferramentas para refor\u00e7ar a prote\u00e7\u00e3o e o bem-estar dos animais na cidade. Al\u00e9m de conectar bichinhos resgatados a poss\u00edveis adotantes, agora a plataforma tamb\u00e9m conta com formul\u00e1rios para den\u00fancias de maus-tratos e aux\u00edlio na busca por animais perdidos.Aqueles que desejam\u2026","rel":"","context":"Em &quot;Brasil&quot;","block_context":{"text":"Brasil","link":"https:\/\/diariodegarca.com\/?cat=38185"},"img":{"alt_text":"","src":"","width":0,"height":0},"classes":[]},{"id":2447,"url":"https:\/\/diariodegarca.com\/?p=2447","url_meta":{"origin":2763,"position":1},"title":"\ud83d\udc3e Adote um animal: c\u00e3es e gatos est\u00e3o dispon\u00edveis para ado\u00e7\u00e3o respons\u00e1vel","author":"Di\u00e1rio de Gar\u00e7a","date":"8 de abril de 2025","format":false,"excerpt":"O site Adote um Animal - Gar\u00e7a est\u00e1 com novos pets que buscam um lar seguro e amoroso, onde possam compartilhar momentos felizes com seus novos tutores. Al\u00e9m disso, diariamente, o site tem se destacado por dedicar-se a promover informa\u00e7\u00f5es sobre cuidados com os pets e dicas pr\u00e1ticas para os\u2026","rel":"","context":"Em &quot;Brasil&quot;","block_context":{"text":"Brasil","link":"https:\/\/diariodegarca.com\/?cat=38185"},"img":{"alt_text":"","src":"https:\/\/i0.wp.com\/blogger.googleusercontent.com\/img\/b\/R29vZ2xl\/AVvXsEhGo_DmCXOiHgyobZe_e1X-8kTwXM_mj8dt3J6r2H3TKtkzyAI-C6ByJuAv2eC4ZL4_iesNYNdd-KLf61N9ZFvJ5WPlS3sDW4gFKGiMmQbwSNKGDzm3aR17Sx6RnDDWY14oP4T6nBlFMeWU9Br0qPlRkA_QLg8Moim_9xGtvS7c5SpsE3skaqK_CUy6K3U\/s320\/Captura%20de%20tela_8-4-2025_104317_adoteumanimalgarca.blogspot.com.jpeg?resize=350%2C200&ssl=1","width":350,"height":200},"classes":[]},{"id":2295,"url":"https:\/\/diariodegarca.com\/?p=2295","url_meta":{"origin":2763,"position":2},"title":"Cachorrinha busca um lar ou ajuda para custear hotel pet","author":"Di\u00e1rio de Gar\u00e7a","date":"20 de abril de 2025","format":false,"excerpt":"Uma cachorrinha filhote, que possu\u00eda uma fam\u00edlia, mas foi cruelmente abandonada, passou dias sob uma lixeira, dependendo da bondade de um morador que lhe oferecia comida todas as noites. Apesar da desnutri\u00e7\u00e3o e dos riscos das ruas \u2013 como atropelamentos e doen\u00e7as \u2013, a pequena mant\u00e9m um temperamento d\u00f3cil e\u2026","rel":"","context":"Em &quot;Brasil&quot;","block_context":{"text":"Brasil","link":"https:\/\/diariodegarca.com\/?cat=38185"},"img":{"alt_text":"","src":"https:\/\/i0.wp.com\/blogger.googleusercontent.com\/img\/b\/R29vZ2xl\/AVvXsEgEpKGjhGyh8GV9x1pt6SGhKYEjVKxnvrWpxUULsJvDu55d9c16y0iQnVp3Rq5726hK30cGWuTh2pDntdTYM8zmKC5IYjLqGkXNC7bSpqZocFJHTVz_Vh-fIHM_J2jMwBci7kgLU77BUGo1KFA4oXUGup8MP0HaVawViHZGcdglLkw9VtF_Ugx1mKjZwL0\/s320\/1745154651013110-0.jpg?resize=350%2C200&ssl=1","width":350,"height":200},"classes":[]},{"id":2358,"url":"https:\/\/diariodegarca.com\/?p=2358","url_meta":{"origin":2763,"position":3},"title":"Gatinho \u00e9 resgatado ap\u00f3s ficar preso em para-choque de viatura em Mar\u00edlia","author":"Di\u00e1rio de Gar\u00e7a","date":"15 de abril de 2025","format":false,"excerpt":"Na tarde do \u00faltimo domingo, 13 de abril, uma situa\u00e7\u00e3o incomum mobilizou a equipe do 10\u00ba Grupamento do Corpo de Bombeiros de S\u00e3o Paulo, sediado em Mar\u00edlia. Ao retornar de uma ocorr\u00eancia, os bombeiros da Base de Centro foram alertados por populares sobre um gatinho que estava preso no para-choque\u2026","rel":"","context":"Em &quot;Brasil&quot;","block_context":{"text":"Brasil","link":"https:\/\/diariodegarca.com\/?cat=38185"},"img":{"alt_text":"","src":"","width":0,"height":0},"classes":[]},{"id":2332,"url":"https:\/\/diariodegarca.com\/?p=2332","url_meta":{"origin":2763,"position":4},"title":"ProPatinhas e SinPatinhas: Governo Federal lan\u00e7a programa pioneiro para prote\u00e7\u00e3o de c\u00e3es e gatos","author":"Di\u00e1rio de Gar\u00e7a","date":"17 de abril de 2025","format":false,"excerpt":"Nesta quinta-feira, dia 17 de abril, o Governo Federal deu um passo hist\u00f3rico na defesa dos animais com o lan\u00e7amento do\u00a0Programa Nacional de Prote\u00e7\u00e3o e Manejo Populacional \u00c9tico de C\u00e3es e Gatos (ProPatinhas)\u00a0e do\u00a0Sistema de Cadastro Nacional de Animais Dom\u00e9sticos (SinPatinhas). As iniciativas, coordenadas pelo\u00a0Minist\u00e9rio do Meio Ambiente e Mudan\u00e7a\u2026","rel":"","context":"Em &quot;Brasil&quot;","block_context":{"text":"Brasil","link":"https:\/\/diariodegarca.com\/?cat=38185"},"img":{"alt_text":"","src":"https:\/\/i0.wp.com\/blogger.googleusercontent.com\/img\/b\/R29vZ2xl\/AVvXsEgs8WMwifJGuum8PS_UR1-RPhico2Z-_YPtzVQDLoE6U8KvYU48yFYFnYjO5KVDAHeBpjBHAX2Mk4uFwRA1wT66BnhKqQJ13T2YglzVP3lDAG1Zv4TSwXgBi_9N0kirBD9_7UmDMsVw6olX6EugNznStvkhOD3qB_XZN-IfatlpuDzHoHrLJTF25VJ2Sik\/s320\/54458589055_be6a99e4b8_c.jpg?resize=350%2C200&ssl=1","width":350,"height":200},"classes":[]},{"id":2658,"url":"https:\/\/diariodegarca.com\/?p=2658","url_meta":{"origin":2763,"position":5},"title":"Sistema Nacional de Identifica\u00e7\u00e3o de C\u00e3es e Gatos est\u00e1 sendo implantado este ano","author":"Di\u00e1rio de Gar\u00e7a","date":"10 de mar\u00e7o de 2025","format":false,"excerpt":"A partir deste ano, o Brasil conta com uma nova ferramenta para promover a guarda respons\u00e1vel e combater o abandono e os maus-tratos de animais. O Sistema Nacional de Identifica\u00e7\u00e3o de C\u00e3es e Gatos, criado com base na Lei n\u00ba 15.046\/2024, j\u00e1 est\u00e1 em fase de implementa\u00e7\u00e3o. Desenvolvido pelo Minist\u00e9rio\u2026","rel":"","context":"Em &quot;Brasil&quot;","block_context":{"text":"Brasil","link":"https:\/\/diariodegarca.com\/?cat=38185"},"img":{"alt_text":"","src":"","width":0,"height":0},"classes":[]}],"_links":{"self":[{"href":"https:\/\/diariodegarca.com\/index.php?rest_route=\/wp\/v2\/posts\/2763","targetHints":{"allow":["GET"]}}],"collection":[{"href":"https:\/\/diariodegarca.com\/index.php?rest_route=\/wp\/v2\/posts"}],"about":[{"href":"https:\/\/diariodegarca.com\/index.php?rest_route=\/wp\/v2\/types\/post"}],"author":[{"embeddable":true,"href":"https:\/\/diariodegarca.com\/index.php?rest_route=\/wp\/v2\/users\/260896546"}],"replies":[{"embeddable":true,"href":"https:\/\/diariodegarca.com\/index.php?rest_route=%2Fwp%2Fv2%2Fcomments&post=2763"}],"version-history":[{"count":0,"href":"https:\/\/diariodegarca.com\/index.php?rest_route=\/wp\/v2\/posts\/2763\/revisions"}],"wp:attachment":[{"href":"https:\/\/diariodegarca.com\/index.php?rest_route=%2Fwp%2Fv2%2Fmedia&parent=2763"}],"wp:term":[{"taxonomy":"category","embeddable":true,"href":"https:\/\/diariodegarca.com\/index.php?rest_route=%2Fwp%2Fv2%2Fcategories&post=2763"},{"taxonomy":"post_tag","embeddable":true,"href":"https:\/\/diariodegarca.com\/index.php?rest_route=%2Fwp%2Fv2%2Ftags&post=2763"}],"curies":[{"name":"wp","href":"https:\/\/api.w.org\/{rel}","templated":true}]}}