{"id":2772,"date":"2025-02-21T17:55:00","date_gmt":"2025-02-21T17:55:00","guid":{"rendered":"https:\/\/diariodegarca.com\/2025\/02\/21\/saberes-da-floresta-oferece-cursos-gratuitos-em-sustentabilidade\/"},"modified":"2025-02-21T17:55:00","modified_gmt":"2025-02-21T17:55:00","slug":"saberes-da-floresta-oferece-cursos-gratuitos-em-sustentabilidade","status":"publish","type":"post","link":"https:\/\/diariodegarca.com\/?p=2772","title":{"rendered":"Saberes da Floresta oferece cursos gratuitos em sustentabilidade"},"content":{"rendered":"<h1>\n<div>\n<div class=\"separator\" style=\"clear: both;text-align: center\">\n  <a href=\"https:\/\/blogger.googleusercontent.com\/img\/a\/AVvXsEjd0gKD7LeyiUzwGHdpyCS0c5JtDru3CjunrO8C_YRg7yAmyJU2NAyQsxvcB4YwGF8Z1msCxw4YzsAkGLhUJtQ3M9O0kLk0TgPhLr2W2OnSkgGdsvBrlz8J23lC1lMGBxskti9sq9Nhi4td8vHym-68xzuUuhrbcpPnvJdZBCEyRWsVvIFi6rDmQB7YAlo\" style=\"margin-left: 1em;margin-right: 1em\"><br \/>\n    <img decoding=\"async\" border=\"0\" src=\"https:\/\/blogger.googleusercontent.com\/img\/a\/AVvXsEjd0gKD7LeyiUzwGHdpyCS0c5JtDru3CjunrO8C_YRg7yAmyJU2NAyQsxvcB4YwGF8Z1msCxw4YzsAkGLhUJtQ3M9O0kLk0TgPhLr2W2OnSkgGdsvBrlz8J23lC1lMGBxskti9sq9Nhi4td8vHym-68xzuUuhrbcpPnvJdZBCEyRWsVvIFi6rDmQB7YAlo\" width=\"400\"><br \/>\n  <\/a>\n<\/div>\n<p><\/div>\n<\/h1>\n<p>O <strong>Minist\u00e9rio do Meio Ambiente e Mudan\u00e7a do Clima (MMA)<\/strong>, como parte dos programas oferecidos pelo <strong>Servi\u00e7o Florestal Brasileiro (SFB)<\/strong>, mant\u00e9m em opera\u00e7\u00e3o a plataforma <strong>Saberes da Floresta<\/strong>, um espa\u00e7o virtual dedicado \u00e0 <strong>educa\u00e7\u00e3o ambiental e ao desenvolvimento sustent\u00e1vel<\/strong>. Com <strong>cursos gratuitos e online<\/strong>, a iniciativa tem como objetivo capacitar <strong>produtores rurais, gestores p\u00fablicos, estudantes e comunidades tradicionais<\/strong> em temas como <strong>manejo florestal, agroecologia e conserva\u00e7\u00e3o de biomas<\/strong>.<\/p>\n<p><\/p>\n<h2><strong>\ud83d\udcda Estrutura e Metodologia<\/strong><\/h2>\n<p>A plataforma combina <strong>teoria e pr\u00e1tica<\/strong>, oferecendo <strong>cursos autoinstrucionais<\/strong> com materiais complementares, como <strong>v\u00eddeos educativos e ferramentas interativas<\/strong>. Um <strong>painel de monitoramento p\u00fablico<\/strong> permite acompanhar o progresso das turmas e os resultados das capacita\u00e7\u00f5es, refor\u00e7ando a transpar\u00eancia do projeto.<\/p>\n<p>Todo o conte\u00fado \u00e9 desenvolvido em parceria com <strong>especialistas do SFB, institui\u00e7\u00f5es de pesquisa e organiza\u00e7\u00f5es da sociedade civil<\/strong>, garantindo <strong>qualidade t\u00e9cnica e alinhamento com as pol\u00edticas ambientais do governo federal<\/strong>.<\/p>\n<p><\/p>\n<h2><strong>\ud83c\udf93 Cursos para Diversos Perfis<\/strong><\/h2>\n<p>Entre as op\u00e7\u00f5es dispon\u00edveis, destacam-se forma\u00e7\u00f5es como:<\/p>\n<p>\u2714\ufe0f <strong>Geoprocessamento e CAR<\/strong> \u2013 Capacita\u00e7\u00e3o em ajustes de dados no Cadastro Ambiental Rural usando softwares como QGIS.<br \/>\n\u2714\ufe0f <strong>Manejo Florestal Comunit\u00e1rio<\/strong> \u2013 Estrat\u00e9gias para gera\u00e7\u00e3o de renda sustent\u00e1vel na Amaz\u00f4nia, com foco em pr\u00e1ticas de baixo impacto.<br \/>\n\u2714\ufe0f <strong>Recomposi\u00e7\u00e3o Vegetal no Cerrado<\/strong> \u2013 M\u00e9todos para recupera\u00e7\u00e3o de \u00c1reas de Preserva\u00e7\u00e3o Permanente (APP) e Reserva Legal (RL).<br \/>\n\u2714\ufe0f <strong>Gest\u00e3o de Cooperativas<\/strong> \u2013 Orienta\u00e7\u00e3o sobre administra\u00e7\u00e3o de empreendimentos coletivos na floresta.<br \/>\n\u2714\ufe0f <strong>Cadeias Produtivas do A\u00e7a\u00ed e Castanha<\/strong> \u2013 Boas pr\u00e1ticas de extra\u00e7\u00e3o, beneficiamento e comercializa\u00e7\u00e3o de produtos da sociobiodiversidade.<\/p>\n<p><\/p>\n<h2><strong>\ud83d\udd17 Trilha de Aprendizagem Integrada<\/strong><\/h2>\n<p>Para quem busca um caminho estruturado, a plataforma prop\u00f5e uma trilha com quatro cursos sequenciais:<\/p>\n<p>1\ufe0f\u20e3 <strong>SocioBiodiversidade e Sa\u00fade<\/strong> \u2013 Rela\u00e7\u00e3o entre conserva\u00e7\u00e3o ambiental e bem-estar humano.<br \/>\n2\ufe0f\u20e3 <strong>Transi\u00e7\u00e3o Agroecol\u00f3gica<\/strong> \u2013 Papel do agricultor na produ\u00e7\u00e3o sustent\u00e1vel e na seguran\u00e7a alimentar.<br \/>\n3\ufe0f\u20e3 <strong>Cadeias de Valor Sustent\u00e1veis<\/strong> \u2013 Modelos de neg\u00f3cios alinhados aos Objetivos de Desenvolvimento Sustent\u00e1vel (ODS).<br \/>\n4\ufe0f\u20e3 <strong>Agricultura e Sa\u00fade no Territ\u00f3rio<\/strong> \u2013 Integra\u00e7\u00e3o entre pr\u00e1ticas agr\u00edcolas, medicina tradicional e sa\u00fade coletiva.<\/p>\n<p><\/p>\n<h2><strong>\ud83c\udf0d Impacto Nacional e Inclus\u00e3o Social<\/strong><\/h2>\n<p>O <strong>Saberes da Floresta<\/strong> refor\u00e7a o compromisso do <strong>MMA e do SFB<\/strong> com a <strong>educa\u00e7\u00e3o ambiental inclusiva<\/strong>. Ao priorizar temas como <strong>manejo comunit\u00e1rio e agroecossistemas<\/strong>, a plataforma se torna uma ferramenta essencial para <strong>reduzir desigualdades, promover a economia verde e enfrentar os desafios das mudan\u00e7as clim\u00e1ticas<\/strong>.<\/p>\n<p>\ud83d\udccc <strong>Interessados podem se inscrever gratuitamente e acessar os cursos atrav\u00e9s da plataforma oficial:<\/strong><br \/>\n\ud83d\udd17 <a href=\"https:\/\/saberes.florestal.gov.br\/\">Saberes da Floresta<\/a><\/p>\n","protected":false},"excerpt":{"rendered":"<p>O Minist\u00e9rio do Meio Ambiente e Mudan\u00e7a do Clima (MMA), como parte dos programas oferecidos pelo Servi\u00e7o Florestal Brasileiro (SFB), mant\u00e9m em opera\u00e7\u00e3o a plataforma Saberes da Floresta, um espa\u00e7o virtual dedicado \u00e0 educa\u00e7\u00e3o ambiental e ao desenvolvimento sustent\u00e1vel. Com cursos gratuitos e online, a iniciativa tem como objetivo capacitar produtores rurais, gestores p\u00fablicos, estudantes [&hellip;]<\/p>\n","protected":false},"author":260896546,"featured_media":0,"comment_status":"open","ping_status":"open","sticky":false,"template":"","format":"standard","meta":{"_monsterinsights_skip_tracking":false,"advanced_seo_description":"","jetpack_seo_html_title":"","jetpack_seo_noindex":false,"jetpack_seo_schema_type":"","_jetpack_newsletter_access":"","_jetpack_dont_email_post_to_subs":false,"_jetpack_newsletter_tier_id":0,"_jetpack_memberships_contains_paywalled_content":false,"_wpcom_ai_launchpad_first_post":false,"_jetpack_feature_clip_id":0,"_jetpack_memberships_contains_paid_content":false,"footnotes":"","jetpack_publicize_message":"{title}\n\n{excerpt}\n\n{url}","jetpack_publicize_feature_enabled":true,"jetpack_social_post_already_shared":false,"jetpack_social_options":{"image_generator_settings":{"template":"fullscreen","default_image_id":0,"font":"","enabled":false},"version":2},"_wpas_customize_per_network":false,"jetpack_post_was_ever_published":false},"categories":[38185],"tags":[10922,781171796],"class_list":["post-2772","post","type-post","status-publish","format-standard","hentry","category-brasil","tag-cursos","tag-meio-ambiente"],"jetpack_publicize_connections":[],"jetpack_likes_enabled":true,"jetpack_sharing_enabled":true,"jetpack_shortlink":"https:\/\/wp.me\/pgitne-II","jetpack-related-posts":[{"id":6533,"url":"https:\/\/diariodegarca.com\/?p=6533","url_meta":{"origin":2772,"position":0},"title":"Estado lan\u00e7a curso de capacita\u00e7\u00e3o da popula\u00e7\u00e3o no resgate de animais durante inc\u00eandios","author":"Di\u00e1rio de Gar\u00e7a","date":"10 de setembro de 2025","format":false,"excerpt":"Iniciativa da Opera\u00e7\u00e3o S\u00e3o Paulo Sem Fogo oferece 10 videoaulas sobre primeiros socorros, transporte e manejo seguro de fauna; objetivo \u00e9 fortalecer a rede de prote\u00e7\u00e3o em emerg\u00eancias ambientais. Os frequentes inc\u00eandios florestais que assolam o estado de S\u00e3o Paulo trazem consequ\u00eancias devastadoras, indo muito al\u00e9m da destrui\u00e7\u00e3o da vegeta\u00e7\u00e3o.\u2026","rel":"","context":"Em &quot;Brasil&quot;","block_context":{"text":"Brasil","link":"https:\/\/diariodegarca.com\/?cat=38185"},"img":{"alt_text":"","src":"https:\/\/i0.wp.com\/diariodegarca.com\/wp-content\/uploads\/2025\/09\/incendios-florestais-e-suas-consequencias-para-natureza.jpg?fit=1200%2C1200&ssl=1&resize=350%2C200","width":350,"height":200,"srcset":"https:\/\/i0.wp.com\/diariodegarca.com\/wp-content\/uploads\/2025\/09\/incendios-florestais-e-suas-consequencias-para-natureza.jpg?fit=1200%2C1200&ssl=1&resize=350%2C200 1x, https:\/\/i0.wp.com\/diariodegarca.com\/wp-content\/uploads\/2025\/09\/incendios-florestais-e-suas-consequencias-para-natureza.jpg?fit=1200%2C1200&ssl=1&resize=525%2C300 1.5x, https:\/\/i0.wp.com\/diariodegarca.com\/wp-content\/uploads\/2025\/09\/incendios-florestais-e-suas-consequencias-para-natureza.jpg?fit=1200%2C1200&ssl=1&resize=700%2C400 2x, https:\/\/i0.wp.com\/diariodegarca.com\/wp-content\/uploads\/2025\/09\/incendios-florestais-e-suas-consequencias-para-natureza.jpg?fit=1200%2C1200&ssl=1&resize=1050%2C600 3x"},"classes":[]},{"id":8235,"url":"https:\/\/diariodegarca.com\/?p=8235","url_meta":{"origin":2772,"position":1},"title":"STIHL lan\u00e7a curso online e gratuito para profissionalizar o mercado de jardinagem","author":"Andreza Sega","date":"30 de outubro de 2025","format":false,"excerpt":"Iniciativa da empresa alem\u00e3 busca capacitar desde entusiastas at\u00e9 quem deseja empreender na \u00e1rea, com videoaulas din\u00e2micas e materiais de apoio. A STIHL, tradicional empresa no segmento de equipamentos para jardim e floresta, acaba de lan\u00e7ar uma iniciativa abrangente para capacita\u00e7\u00e3o na \u00e1rea de jardinagem e paisagismo. Trata-se do\u00a0Pr\u00f3-Jardim STIHL,\u2026","rel":"","context":"Em &quot;Agricultura&quot;","block_context":{"text":"Agricultura","link":"https:\/\/diariodegarca.com\/?cat=34615"},"img":{"alt_text":"","src":"https:\/\/i0.wp.com\/diariodegarca.com\/wp-content\/uploads\/2025\/10\/retrato-ao-ar-livre-de-uma-jovem-atraente-barbudo-homem-hispanico-em-camiseta-azul-e-luvas-trabalhando-no-jardim-com-ferramentas-folhas-de-corte-rega-de-plantas-vida-rural.jpg?fit=1200%2C800&ssl=1&resize=350%2C200","width":350,"height":200,"srcset":"https:\/\/i0.wp.com\/diariodegarca.com\/wp-content\/uploads\/2025\/10\/retrato-ao-ar-livre-de-uma-jovem-atraente-barbudo-homem-hispanico-em-camiseta-azul-e-luvas-trabalhando-no-jardim-com-ferramentas-folhas-de-corte-rega-de-plantas-vida-rural.jpg?fit=1200%2C800&ssl=1&resize=350%2C200 1x, https:\/\/i0.wp.com\/diariodegarca.com\/wp-content\/uploads\/2025\/10\/retrato-ao-ar-livre-de-uma-jovem-atraente-barbudo-homem-hispanico-em-camiseta-azul-e-luvas-trabalhando-no-jardim-com-ferramentas-folhas-de-corte-rega-de-plantas-vida-rural.jpg?fit=1200%2C800&ssl=1&resize=525%2C300 1.5x, https:\/\/i0.wp.com\/diariodegarca.com\/wp-content\/uploads\/2025\/10\/retrato-ao-ar-livre-de-uma-jovem-atraente-barbudo-homem-hispanico-em-camiseta-azul-e-luvas-trabalhando-no-jardim-com-ferramentas-folhas-de-corte-rega-de-plantas-vida-rural.jpg?fit=1200%2C800&ssl=1&resize=700%2C400 2x, https:\/\/i0.wp.com\/diariodegarca.com\/wp-content\/uploads\/2025\/10\/retrato-ao-ar-livre-de-uma-jovem-atraente-barbudo-homem-hispanico-em-camiseta-azul-e-luvas-trabalhando-no-jardim-com-ferramentas-folhas-de-corte-rega-de-plantas-vida-rural.jpg?fit=1200%2C800&ssl=1&resize=1050%2C600 3x"},"classes":[]},{"id":5848,"url":"https:\/\/diariodegarca.com\/?p=5848","url_meta":{"origin":2772,"position":2},"title":"PAT de Gar\u00e7a oferta vagas e capacita\u00e7\u00e3o gratuita para operadores florestais","author":"Di\u00e1rio de Gar\u00e7a","date":"19 de agosto de 2025","format":false,"excerpt":"Oportunidades s\u00e3o ideais para quem busca recoloca\u00e7\u00e3o no mercado de trabalho. Processo seletivo para o curso de capacita\u00e7\u00e3o ocorre presencialmente na quinta-feira. O Posto de Atendimento ao Trabalhador (PAT) de Gar\u00e7a est\u00e1 com oportunidades de emprego abertas para as fun\u00e7\u00f5es de Operador de Neg\u00f3cios e Soldador. Al\u00e9m das vagas formais,\u2026","rel":"","context":"Em &quot;Curso&quot;","block_context":{"text":"Curso","link":"https:\/\/diariodegarca.com\/?cat=36947"},"img":{"alt_text":"","src":"https:\/\/i0.wp.com\/diariodegarca.com\/wp-content\/uploads\/2025\/08\/homem-usando-uma-escavadeira-para-cavar-na-luz-dia.jpg?fit=1200%2C800&ssl=1&resize=350%2C200","width":350,"height":200,"srcset":"https:\/\/i0.wp.com\/diariodegarca.com\/wp-content\/uploads\/2025\/08\/homem-usando-uma-escavadeira-para-cavar-na-luz-dia.jpg?fit=1200%2C800&ssl=1&resize=350%2C200 1x, https:\/\/i0.wp.com\/diariodegarca.com\/wp-content\/uploads\/2025\/08\/homem-usando-uma-escavadeira-para-cavar-na-luz-dia.jpg?fit=1200%2C800&ssl=1&resize=525%2C300 1.5x, https:\/\/i0.wp.com\/diariodegarca.com\/wp-content\/uploads\/2025\/08\/homem-usando-uma-escavadeira-para-cavar-na-luz-dia.jpg?fit=1200%2C800&ssl=1&resize=700%2C400 2x, https:\/\/i0.wp.com\/diariodegarca.com\/wp-content\/uploads\/2025\/08\/homem-usando-uma-escavadeira-para-cavar-na-luz-dia.jpg?fit=1200%2C800&ssl=1&resize=1050%2C600 3x"},"classes":[]},{"id":3548,"url":"https:\/\/diariodegarca.com\/?p=3548","url_meta":{"origin":2772,"position":3},"title":"Palestra presencial discute queimadas, APP e recupera\u00e7\u00e3o de \u00e1reas","author":"Di\u00e1rio de Gar\u00e7a","date":"29 de maio de 2025","format":false,"excerpt":"Evento reunir\u00e1 especialistas para orientar produtores rurais e comunidade sobre pr\u00e1ticas sustent\u00e1veis e legisla\u00e7\u00e3o ambiental A preserva\u00e7\u00e3o do meio ambiente e o uso respons\u00e1vel da terra s\u00e3o temas urgentes, especialmente no meio rural. Pensando nisso, uma palestra gratuita ser\u00e1 realizada no dia\u00a05 de junho, em\u00a0G\u00e1lia, para debater\u00a0controle de queimadas irregulares,\u2026","rel":"","context":"Em &quot;Curso&quot;","block_context":{"text":"Curso","link":"https:\/\/diariodegarca.com\/?cat=36947"},"img":{"alt_text":"","src":"","width":0,"height":0},"classes":[]},{"id":2423,"url":"https:\/\/diariodegarca.com\/?p=2423","url_meta":{"origin":2772,"position":4},"title":"Curso gratuito prepara popula\u00e7\u00e3o para a COP30, confer\u00eancia global do clima em Bel\u00e9m","author":"Di\u00e1rio de Gar\u00e7a","date":"9 de abril de 2025","format":false,"excerpt":"O\u00a0Minist\u00e9rio do Meio Ambiente e Mudan\u00e7a do Clima (MMA), em parceria com a\u00a0Apolitical\u00a0e a\u00a0Escola Nacional de Administra\u00e7\u00e3o P\u00fablica (Enap), lan\u00e7ou na \u00faltima segunda-feira, dia 7 de abril, o curso online\u00a0\u201cVoc\u00ea sabe o que \u00e9 a COP?\u201d. A iniciativa visa ampliar o conhecimento sobre a\u00a0COP30, a Confer\u00eancia da ONU sobre Mudan\u00e7as\u2026","rel":"","context":"Em &quot;Brasil&quot;","block_context":{"text":"Brasil","link":"https:\/\/diariodegarca.com\/?cat=38185"},"img":{"alt_text":"","src":"https:\/\/i0.wp.com\/blogger.googleusercontent.com\/img\/b\/R29vZ2xl\/AVvXsEizSSg6pf_4AuyBAqVqtvMCKlVi-Sm5G3IxZ0jImh46v5aV4Evt-zHET7jcYK9NBR6xLf07hC94kyzC67gZOT938y2U5Vck19PY-gyGJy6pOyL2huBwShNG2zOUlNQmd7X4Heuv_a0AwLEI8rsVNoSK6p9Fa2_Vo_KR9c6P9Dc8cDMB3gDRbduevF03ghM\/s320\/f803523e-81c2-4c80-8035-44dda105a06b.jpeg?resize=350%2C200&ssl=1","width":350,"height":200},"classes":[]},{"id":2556,"url":"https:\/\/diariodegarca.com\/?p=2556","url_meta":{"origin":2772,"position":5},"title":"Curso do SENAR ensina como aplicar ESG no agroneg\u00f3cio com sustentabilidade e governan\u00e7a","author":"Di\u00e1rio de Gar\u00e7a","date":"24 de mar\u00e7o de 2025","format":false,"excerpt":"O Servi\u00e7o Nacional de Aprendizagem Rural (SENAR) est\u00e1 com inscri\u00e7\u00f5es abertas para o curso \"Pr\u00e1ticas ESG no Meio Rural\", que capacita produtores e trabalhadores do campo a implementarem estrat\u00e9gias sustent\u00e1veis em seus neg\u00f3cios. Com 40 horas de conte\u00fado online e gratuito, o programa aborda os tr\u00eas pilares da Agenda ESG\u2026","rel":"","context":"Em &quot;Brasil&quot;","block_context":{"text":"Brasil","link":"https:\/\/diariodegarca.com\/?cat=38185"},"img":{"alt_text":"","src":"","width":0,"height":0},"classes":[]}],"jetpack_featured_media_url":"","_links":{"self":[{"href":"https:\/\/diariodegarca.com\/index.php?rest_route=\/wp\/v2\/posts\/2772","targetHints":{"allow":["GET"]}}],"collection":[{"href":"https:\/\/diariodegarca.com\/index.php?rest_route=\/wp\/v2\/posts"}],"about":[{"href":"https:\/\/diariodegarca.com\/index.php?rest_route=\/wp\/v2\/types\/post"}],"author":[{"embeddable":true,"href":"https:\/\/diariodegarca.com\/index.php?rest_route=\/wp\/v2\/users\/260896546"}],"replies":[{"embeddable":true,"href":"https:\/\/diariodegarca.com\/index.php?rest_route=%2Fwp%2Fv2%2Fcomments&post=2772"}],"version-history":[{"count":0,"href":"https:\/\/diariodegarca.com\/index.php?rest_route=\/wp\/v2\/posts\/2772\/revisions"}],"wp:attachment":[{"href":"https:\/\/diariodegarca.com\/index.php?rest_route=%2Fwp%2Fv2%2Fmedia&parent=2772"}],"wp:term":[{"taxonomy":"category","embeddable":true,"href":"https:\/\/diariodegarca.com\/index.php?rest_route=%2Fwp%2Fv2%2Fcategories&post=2772"},{"taxonomy":"post_tag","embeddable":true,"href":"https:\/\/diariodegarca.com\/index.php?rest_route=%2Fwp%2Fv2%2Ftags&post=2772"}],"curies":[{"name":"wp","href":"https:\/\/api.w.org\/{rel}","templated":true}]}}