{"id":2786,"date":"2025-02-19T19:39:00","date_gmt":"2025-02-19T19:39:00","guid":{"rendered":"https:\/\/diariodegarca.com\/2025\/02\/19\/ministerio-da-cultura-oferece-curso-gratuito-design-do-espetaculo\/"},"modified":"2025-02-19T19:39:00","modified_gmt":"2025-02-19T19:39:00","slug":"ministerio-da-cultura-oferece-curso-gratuito-design-do-espetaculo","status":"publish","type":"post","link":"https:\/\/diariodegarca.com\/?p=2786","title":{"rendered":"Minist\u00e9rio da Cultura oferece curso gratuito \u201cDesign do Espet\u00e1culo\u201d"},"content":{"rendered":"<div>\n<p><div class=\"separator\" style=\"clear: both;text-align: center\">\n  <a href=\"https:\/\/blogger.googleusercontent.com\/img\/a\/AVvXsEhAvaIXNnk1DVnoWEQujW7lsbhoh69K95J2SkWYNLaPJ04eZF1CdlNjCRNPowTw9odiIzfRNPzhw1eWq2d8mcc7PFGtJ7LJW32d0wy5Lh95qjm7cwhirUgE3vQ45TNo5KKtNBWTp4gzwMoiLg9CZ_eF4uUtEfpbn8o6HNuC_13E1gClOq_oiPJ_SEcc9pE\" style=\"margin-left: 1em;margin-right: 1em\"><br \/>\n    <img decoding=\"async\" border=\"0\" src=\"https:\/\/blogger.googleusercontent.com\/img\/a\/AVvXsEhAvaIXNnk1DVnoWEQujW7lsbhoh69K95J2SkWYNLaPJ04eZF1CdlNjCRNPowTw9odiIzfRNPzhw1eWq2d8mcc7PFGtJ7LJW32d0wy5Lh95qjm7cwhirUgE3vQ45TNo5KKtNBWTp4gzwMoiLg9CZ_eF4uUtEfpbn8o6HNuC_13E1gClOq_oiPJ_SEcc9pE\" width=\"400\"><br \/>\n  <\/a>\n<\/div>\n<p><\/p>\n<h3>Forma\u00e7\u00e3o online foca na profissionaliza\u00e7\u00e3o art\u00edstica e acessibilidade<\/h3>\n<p>Est\u00e3o abertas as inscri\u00e7\u00f5es para o curso <strong>\u201cDesign do Espet\u00e1culo\u201d<\/strong>, iniciativa gratuita promovida pelo <strong>Minist\u00e9rio da Cultura<\/strong>, em parceria com a <strong>Escola Solano Trindade de Forma\u00e7\u00e3o e Qualifica\u00e7\u00e3o Art\u00edstica, T\u00e9cnica e Cultural (Escult)<\/strong> e o <strong>Centro de Cultura, Linguagens e Tecnologias Aplicadas (Cecult)<\/strong> da <strong>Universidade Federal do Rec\u00f4ncavo da Bahia (UFRB)<\/strong>.<\/p>\n<p>Com <strong>160 horas de conte\u00fado online<\/strong>, a forma\u00e7\u00e3o aborda <strong>figurino, maquiagem, ilumina\u00e7\u00e3o e cenografia<\/strong>, ampliando a qualifica\u00e7\u00e3o de artistas, t\u00e9cnicos e produtores culturais. Al\u00e9m das t\u00e9cnicas pr\u00e1ticas, o curso prop\u00f5e uma reflex\u00e3o cr\u00edtica sobre o papel da arte na sociedade contempor\u00e2nea.<\/p>\n<h2><strong>Destaques da forma\u00e7\u00e3o<\/strong><\/h2>\n<p>\u2714 <strong>Acessibilidade:<\/strong> aulas com <strong>audiodescri\u00e7\u00e3o, legendas e tradu\u00e7\u00e3o em Libras<\/strong>, garantindo inclus\u00e3o para pessoas com defici\u00eancia auditiva ou visual.<\/p>\n<p>\u2714 <strong>Flexibilidade:<\/strong> 100% online pela plataforma <strong>Escult<\/strong>, permitindo que os participantes ajustem os estudos aos seus hor\u00e1rios.<\/p>\n<p>\u2714 <strong>Inscri\u00e7\u00f5es abertas at\u00e9 7 de maio de 2025<\/strong> no site <a href=\"http:\/\/escult.cultura.gov.br\">escult.cultura.gov.br<\/a>.<\/p>\n<p>Segundo o <strong>Minist\u00e9rio da Cultura<\/strong>, a iniciativa refor\u00e7a o compromisso com pol\u00edticas p\u00fablicas que integram <strong>educa\u00e7\u00e3o, tecnologia e diversidade<\/strong>, fortalecendo o setor cultural nacional.<\/p>\n<blockquote>\n<p><em>\u201cForma\u00e7\u00f5es como essa s\u00e3o fundamentais para transformar a realidade de profissionais que atuam nos bastidores da cultura, muitas vezes invisibilizados, mas essenciais para a magia do espet\u00e1culo\u201d<\/em>, destacou a pasta em comunicado oficial.<\/p>\n<\/blockquote>\n<\/div>\n","protected":false},"excerpt":{"rendered":"<p>Forma\u00e7\u00e3o online foca na profissionaliza\u00e7\u00e3o art\u00edstica e acessibilidade Est\u00e3o abertas as inscri\u00e7\u00f5es para o curso \u201cDesign do Espet\u00e1culo\u201d, iniciativa gratuita promovida pelo Minist\u00e9rio da Cultura, em parceria com a Escola Solano Trindade de Forma\u00e7\u00e3o e Qualifica\u00e7\u00e3o Art\u00edstica, T\u00e9cnica e Cultural (Escult) e o Centro de Cultura, Linguagens e Tecnologias Aplicadas (Cecult) da Universidade Federal do [&hellip;]<\/p>\n","protected":false},"author":260896546,"featured_media":0,"comment_status":"open","ping_status":"open","sticky":false,"template":"","format":"standard","meta":{"_crdt_document":"","_monsterinsights_skip_tracking":false,"_monsterinsights_sitenote_active":false,"_monsterinsights_sitenote_note":"","_monsterinsights_sitenote_category":0,"advanced_seo_description":"","jetpack_seo_html_title":"","jetpack_seo_noindex":false,"_jetpack_newsletter_access":"","_jetpack_dont_email_post_to_subs":false,"_jetpack_newsletter_tier_id":0,"_jetpack_memberships_contains_paywalled_content":false,"_jetpack_memberships_contains_paid_content":false,"footnotes":"","jetpack_publicize_message":"","jetpack_publicize_feature_enabled":true,"jetpack_social_post_already_shared":false,"jetpack_social_options":{"image_generator_settings":{"template":"fullscreen","default_image_id":0,"font":"","enabled":false},"version":2},"_wpas_customize_per_network":false,"jetpack_post_was_ever_published":false},"categories":[38185],"tags":[781171790,781171800],"class_list":["post-2786","post","type-post","status-publish","format-standard","hentry","category-brasil","tag-cultura","tag-curso"],"jetpack_publicize_connections":[],"jetpack_featured_media_url":"","jetpack_likes_enabled":true,"jetpack_sharing_enabled":true,"jetpack_shortlink":"https:\/\/wp.me\/pgitne-IW","jetpack-related-posts":[{"id":6320,"url":"https:\/\/diariodegarca.com\/?p=6320","url_meta":{"origin":2786,"position":0},"title":"Escult abre inscri\u00e7\u00f5es para curso gratuito de Produ\u00e7\u00e3o Musical","author":"Di\u00e1rio de Gar\u00e7a","date":"3 de setembro de 2025","format":false,"excerpt":"Forma\u00e7\u00e3o de 160 horas explora do est\u00fadio ao palco, com foco em mercados e espet\u00e1culos O Minist\u00e9rio da Cultura (MinC), em parceria com a Universidade Federal do Rec\u00f4ncavo da Bahia (UFRB) e a Escola Solano Trindade de Forma\u00e7\u00e3o Art\u00edstica e Cultural (Escult), lan\u00e7ou o curso livre \u201cProdu\u00e7\u00e3o Musical: Mercados e\u2026","rel":"","context":"Em &quot;Cultura&quot;","block_context":{"text":"Cultura","link":"https:\/\/diariodegarca.com\/?cat=2367"},"img":{"alt_text":"","src":"https:\/\/i0.wp.com\/diariodegarca.com\/wp-content\/uploads\/2025\/09\/homem-de-tiro-medio-fazendo-musica.jpg?fit=1200%2C800&ssl=1&resize=350%2C200","width":350,"height":200,"srcset":"https:\/\/i0.wp.com\/diariodegarca.com\/wp-content\/uploads\/2025\/09\/homem-de-tiro-medio-fazendo-musica.jpg?fit=1200%2C800&ssl=1&resize=350%2C200 1x, https:\/\/i0.wp.com\/diariodegarca.com\/wp-content\/uploads\/2025\/09\/homem-de-tiro-medio-fazendo-musica.jpg?fit=1200%2C800&ssl=1&resize=525%2C300 1.5x, https:\/\/i0.wp.com\/diariodegarca.com\/wp-content\/uploads\/2025\/09\/homem-de-tiro-medio-fazendo-musica.jpg?fit=1200%2C800&ssl=1&resize=700%2C400 2x, https:\/\/i0.wp.com\/diariodegarca.com\/wp-content\/uploads\/2025\/09\/homem-de-tiro-medio-fazendo-musica.jpg?fit=1200%2C800&ssl=1&resize=1050%2C600 3x"},"classes":[]},{"id":4495,"url":"https:\/\/diariodegarca.com\/?p=4495","url_meta":{"origin":2786,"position":1},"title":"Minist\u00e9rio da Cultura oferece curso gratuito de Ilumina\u00e7\u00e3o C\u00eanica","author":"Di\u00e1rio de Gar\u00e7a","date":"5 de julho de 2025","format":false,"excerpt":"\u00a0Inscri\u00e7\u00f5es abertas at\u00e9 4 de outubro para forma\u00e7\u00e3o online que explora a luz como linguagem art\u00edstica. O Minist\u00e9rio da Cultura, por meio da plataforma\u00a0Escult, em parceria com o\u00a0Instituto Federal de Goi\u00e1s (IFG), est\u00e1 com inscri\u00e7\u00f5es abertas para o\u00a0curso online e gratuito de Ilumina\u00e7\u00e3o C\u00eanica. A forma\u00e7\u00e3o, com\u00a060 horas de carga\u2026","rel":"","context":"Em &quot;Brasil&quot;","block_context":{"text":"Brasil","link":"https:\/\/diariodegarca.com\/?cat=38185"},"img":{"alt_text":"","src":"","width":0,"height":0},"classes":[]},{"id":7014,"url":"https:\/\/diariodegarca.com\/?p=7014","url_meta":{"origin":2786,"position":2},"title":"Inscri\u00e7\u00f5es abertas: curso de produ\u00e7\u00e3o musical com foco no mercado contempor\u00e2neo","author":"Di\u00e1rio de Gar\u00e7a","date":"22 de setembro de 2025","format":false,"excerpt":"Forma\u00e7\u00e3o da Escult, on-line e gratuita, com 160 horas aborda desde os processos criativos em est\u00fadio at\u00e9 a distribui\u00e7\u00e3o digital e a economia dos espet\u00e1culos. A ESCULT (Escola Solano Trindade de Forma\u00e7\u00e3o e Qualifica\u00e7\u00e3o Art\u00edstica, T\u00e9cnica e Cultural) est\u00e1 com inscri\u00e7\u00f5es abertas para o curso\u00a0\u201cProdu\u00e7\u00e3o Musical: Mercados e Espet\u00e1culos\u201d. A\u2026","rel":"","context":"Em &quot;Cultura&quot;","block_context":{"text":"Cultura","link":"https:\/\/diariodegarca.com\/?cat=2367"},"img":{"alt_text":"","src":"https:\/\/i0.wp.com\/diariodegarca.com\/wp-content\/uploads\/2025\/09\/guitarrista-talentoso-tocar-ao-vivo-num-estudio-profissional.jpg?fit=1200%2C675&ssl=1&resize=350%2C200","width":350,"height":200,"srcset":"https:\/\/i0.wp.com\/diariodegarca.com\/wp-content\/uploads\/2025\/09\/guitarrista-talentoso-tocar-ao-vivo-num-estudio-profissional.jpg?fit=1200%2C675&ssl=1&resize=350%2C200 1x, https:\/\/i0.wp.com\/diariodegarca.com\/wp-content\/uploads\/2025\/09\/guitarrista-talentoso-tocar-ao-vivo-num-estudio-profissional.jpg?fit=1200%2C675&ssl=1&resize=525%2C300 1.5x, https:\/\/i0.wp.com\/diariodegarca.com\/wp-content\/uploads\/2025\/09\/guitarrista-talentoso-tocar-ao-vivo-num-estudio-profissional.jpg?fit=1200%2C675&ssl=1&resize=700%2C400 2x, https:\/\/i0.wp.com\/diariodegarca.com\/wp-content\/uploads\/2025\/09\/guitarrista-talentoso-tocar-ao-vivo-num-estudio-profissional.jpg?fit=1200%2C675&ssl=1&resize=1050%2C600 3x"},"classes":[]},{"id":7582,"url":"https:\/\/diariodegarca.com\/?p=7582","url_meta":{"origin":2786,"position":3},"title":"Minist\u00e9rio da Cultura oferta curso gratuito de Anima\u00e7\u00e3o Digital","author":"Andreza Sega","date":"9 de outubro de 2025","format":false,"excerpt":"Forma\u00e7\u00e3o on-line de 60 horas capacita para atua\u00e7\u00e3o em cinema, games, redes sociais e outras plataformas digitais; inscri\u00e7\u00f5es abertas at\u00e9 janeiro de 2026. Est\u00e3o abertas as inscri\u00e7\u00f5es para o curso livre\u00a0Anima\u00e7\u00e3o Digital, oferecido pelo Minist\u00e9rio da Cultura (MinC) por meio da Escola Solano Trindade de Forma\u00e7\u00e3o Art\u00edstica e Cultural (Escult).\u2026","rel":"","context":"Em &quot;Cultura&quot;","block_context":{"text":"Cultura","link":"https:\/\/diariodegarca.com\/?cat=2367"},"img":{"alt_text":"","src":"https:\/\/i0.wp.com\/diariodegarca.com\/wp-content\/uploads\/2025\/10\/115778f4-967b-42da-92ac-63f2bec91fc6.png?fit=768%2C510&ssl=1&resize=350%2C200","width":350,"height":200,"srcset":"https:\/\/i0.wp.com\/diariodegarca.com\/wp-content\/uploads\/2025\/10\/115778f4-967b-42da-92ac-63f2bec91fc6.png?fit=768%2C510&ssl=1&resize=350%2C200 1x, https:\/\/i0.wp.com\/diariodegarca.com\/wp-content\/uploads\/2025\/10\/115778f4-967b-42da-92ac-63f2bec91fc6.png?fit=768%2C510&ssl=1&resize=525%2C300 1.5x, https:\/\/i0.wp.com\/diariodegarca.com\/wp-content\/uploads\/2025\/10\/115778f4-967b-42da-92ac-63f2bec91fc6.png?fit=768%2C510&ssl=1&resize=700%2C400 2x"},"classes":[]},{"id":3822,"url":"https:\/\/diariodegarca.com\/?p=3822","url_meta":{"origin":2786,"position":4},"title":"Curso Federal gratuito para artistas: aprenda a produzir e lan\u00e7ar suas m\u00fasicas","author":"Di\u00e1rio de Gar\u00e7a","date":"9 de junho de 2025","format":false,"excerpt":"Minist\u00e9rio da Cultura e CECULT\/UFRB anunciam forma\u00e7\u00e3o gratuita para impulsionar carreiras musicais Na pr\u00f3xima semana, a plataforma\u00a0ESCULT (Escola Solano Trindade de Forma\u00e7\u00e3o e Qualifica\u00e7\u00e3o Art\u00edstica, T\u00e9cnica e Cultural), vinculada ao\u00a0Minist\u00e9rio da Cultura e gerida pelo CECULT\/UFRB, lan\u00e7ar\u00e1 o curso\u00a0\"Produ\u00e7\u00e3o de Single, EP e \u00c1lbum Musical\". A iniciativa tem como objetivo\u2026","rel":"","context":"Em &quot;Cultura&quot;","block_context":{"text":"Cultura","link":"https:\/\/diariodegarca.com\/?cat=2367"},"img":{"alt_text":"","src":"","width":0,"height":0},"classes":[]},{"id":7837,"url":"https:\/\/diariodegarca.com\/?p=7837","url_meta":{"origin":2786,"position":5},"title":"Curso gratuito e online forma figurinistas para teatro, cinema e carnaval","author":"Andreza Sega","date":"20 de outubro de 2025","format":false,"excerpt":"Forma\u00e7\u00e3o da Escult, em parceria com UFRB e MinC, ensina desde pesquisa hist\u00f3rica at\u00e9 t\u00e9cnicas de croqui e atua\u00e7\u00e3o no mercado cultural. Est\u00e1 aberto o curso\u00a0\u201cProdu\u00e7\u00e3o de Figurino: da Pesquisa ao Mercado\u201d, uma forma\u00e7\u00e3o online e gratuita voltada para quem deseja atuar na cria\u00e7\u00e3o de figurinos para teatro, dan\u00e7a, cinema,\u2026","rel":"","context":"Em &quot;Cinema&quot;","block_context":{"text":"Cinema","link":"https:\/\/diariodegarca.com\/?cat=597"},"img":{"alt_text":"","src":"https:\/\/i0.wp.com\/diariodegarca.com\/wp-content\/uploads\/2025\/10\/artistas-de-cabare-feminino-se-preparando-nos-bastidores-juntos.jpg?fit=1200%2C800&ssl=1&resize=350%2C200","width":350,"height":200,"srcset":"https:\/\/i0.wp.com\/diariodegarca.com\/wp-content\/uploads\/2025\/10\/artistas-de-cabare-feminino-se-preparando-nos-bastidores-juntos.jpg?fit=1200%2C800&ssl=1&resize=350%2C200 1x, https:\/\/i0.wp.com\/diariodegarca.com\/wp-content\/uploads\/2025\/10\/artistas-de-cabare-feminino-se-preparando-nos-bastidores-juntos.jpg?fit=1200%2C800&ssl=1&resize=525%2C300 1.5x, https:\/\/i0.wp.com\/diariodegarca.com\/wp-content\/uploads\/2025\/10\/artistas-de-cabare-feminino-se-preparando-nos-bastidores-juntos.jpg?fit=1200%2C800&ssl=1&resize=700%2C400 2x, https:\/\/i0.wp.com\/diariodegarca.com\/wp-content\/uploads\/2025\/10\/artistas-de-cabare-feminino-se-preparando-nos-bastidores-juntos.jpg?fit=1200%2C800&ssl=1&resize=1050%2C600 3x"},"classes":[]}],"_links":{"self":[{"href":"https:\/\/diariodegarca.com\/index.php?rest_route=\/wp\/v2\/posts\/2786","targetHints":{"allow":["GET"]}}],"collection":[{"href":"https:\/\/diariodegarca.com\/index.php?rest_route=\/wp\/v2\/posts"}],"about":[{"href":"https:\/\/diariodegarca.com\/index.php?rest_route=\/wp\/v2\/types\/post"}],"author":[{"embeddable":true,"href":"https:\/\/diariodegarca.com\/index.php?rest_route=\/wp\/v2\/users\/260896546"}],"replies":[{"embeddable":true,"href":"https:\/\/diariodegarca.com\/index.php?rest_route=%2Fwp%2Fv2%2Fcomments&post=2786"}],"version-history":[{"count":0,"href":"https:\/\/diariodegarca.com\/index.php?rest_route=\/wp\/v2\/posts\/2786\/revisions"}],"wp:attachment":[{"href":"https:\/\/diariodegarca.com\/index.php?rest_route=%2Fwp%2Fv2%2Fmedia&parent=2786"}],"wp:term":[{"taxonomy":"category","embeddable":true,"href":"https:\/\/diariodegarca.com\/index.php?rest_route=%2Fwp%2Fv2%2Fcategories&post=2786"},{"taxonomy":"post_tag","embeddable":true,"href":"https:\/\/diariodegarca.com\/index.php?rest_route=%2Fwp%2Fv2%2Ftags&post=2786"}],"curies":[{"name":"wp","href":"https:\/\/api.w.org\/{rel}","templated":true}]}}