{"id":2794,"date":"2025-02-19T16:40:00","date_gmt":"2025-02-19T16:40:00","guid":{"rendered":"https:\/\/diariodegarca.com\/2025\/02\/19\/policia-apreende-r-8-mil-em-drogas-e-prende-suspeito-em-tupa\/"},"modified":"2025-02-19T16:40:00","modified_gmt":"2025-02-19T16:40:00","slug":"policia-apreende-r-8-mil-em-drogas-e-prende-suspeito-em-tupa","status":"publish","type":"post","link":"https:\/\/diariodegarca.com\/?p=2794","title":{"rendered":"Pol\u00edcia apreende R$ 8 mil em drogas e prende suspeito em Tup\u00e3"},"content":{"rendered":"<div class=\"separator\" style=\"clear: both;text-align: center\">\n  <a href=\"https:\/\/blogger.googleusercontent.com\/img\/a\/AVvXsEih-IXzS5vp5dlnKboZMXuTp8ulC1Yi8VyNuHK59WLRx6RQyWchLV49jTnicEseZ-Icz6YZR15zFQgCZdjJMIKSiIyfFscCE-aPm4uMiULOKjpbBAHBUEO150tiNDSQyiCPcj-7-XQ54xD4LnV2r9ZAvU7EjnFG8DCbl-lC7xBtdw7JD5szuRTBsvK-Kb8\" style=\"margin-left: 1em;margin-right: 1em\"><br \/>\n    <img decoding=\"async\" border=\"0\" src=\"https:\/\/blogger.googleusercontent.com\/img\/a\/AVvXsEih-IXzS5vp5dlnKboZMXuTp8ulC1Yi8VyNuHK59WLRx6RQyWchLV49jTnicEseZ-Icz6YZR15zFQgCZdjJMIKSiIyfFscCE-aPm4uMiULOKjpbBAHBUEO150tiNDSQyiCPcj-7-XQ54xD4LnV2r9ZAvU7EjnFG8DCbl-lC7xBtdw7JD5szuRTBsvK-Kb8\" width=\"400\"><br \/>\n  <\/a>\n<\/div>\n<p>\u00a0<\/p>\n<div>Na tarde de segunda-feira, dia 17 de fevereiro, policiais do 9\u00ba Batalh\u00e3o de Pol\u00edcia Militar do Interior (9\u00ba BPMI) realizaram uma opera\u00e7\u00e3o de combate ao tr\u00e1fico de drogas no bairro Jamil Dualib, em Tup\u00e3.\u00a0<\/div>\n<div><\/div>\n<div>Por volta das 18h35, ap\u00f3s receberem den\u00fancias sobre a atua\u00e7\u00e3o de um suspeito na venda de entorpecentes, as equipes localizaram e abordaram o indiv\u00edduo em via p\u00fablica. Durante a revista, foram encontrados R$ 190 em notas fracionadas e uma por\u00e7\u00e3o de maconha em suas vestes.\u00a0\u00a0<\/div>\n<div><\/div>\n<div>Em depoimento, o homem assumiu a pr\u00e1tica do tr\u00e1fico na regi\u00e3o e revelou que mais drogas estavam enterradas no quintal de sua resid\u00eancia.\u00a0<\/div>\n<div><\/div>\n<div>Com a autoriza\u00e7\u00e3o da m\u00e3e do suspeito, que afirmou desconhecer as atividades ilegais do filho, mas admitiu t\u00ea-lo visto mexendo no terreno, os policiais iniciaram buscas no local. A a\u00e7\u00e3o resultou na apreens\u00e3o de um <b>tijolo de maconha<\/b>, <b>por\u00e7\u00f5es de coca\u00edna a granel, *dry* (haxixe), crack, seis pinos de coca\u00edna, uma balan\u00e7a de precis\u00e3o e materiais para embalagem<\/b>. O montante total dos entorpecentes foi <b>estimado em R$ 8 mil<\/b>.\u00a0\u00a0<\/div>\n<div><\/div>\n<div>O suspeito, cuja identidade n\u00e3o foi divulgada, foi encaminhado ao plant\u00e3o policial e permanece custodiado, aguardando audi\u00eancia de cust\u00f3dia.\u00a0<span style=\"letter-spacing: 0.2px\">A m\u00e3e, que cooperou com a investiga\u00e7\u00e3o, n\u00e3o foi indiciada.\u00a0<\/span><\/div>\n","protected":false},"excerpt":{"rendered":"<p>\u00a0 Na tarde de segunda-feira, dia 17 de fevereiro, policiais do 9\u00ba Batalh\u00e3o de Pol\u00edcia Militar do Interior (9\u00ba BPMI) realizaram uma opera\u00e7\u00e3o de combate ao tr\u00e1fico de drogas no bairro Jamil Dualib, em Tup\u00e3.\u00a0 Por volta das 18h35, ap\u00f3s receberem den\u00fancias sobre a atua\u00e7\u00e3o de um suspeito na venda de entorpecentes, as equipes localizaram [&hellip;]<\/p>\n","protected":false},"author":260896546,"featured_media":0,"comment_status":"open","ping_status":"open","sticky":false,"template":"","format":"standard","meta":{"_crdt_document":"","_monsterinsights_skip_tracking":false,"_monsterinsights_sitenote_active":false,"_monsterinsights_sitenote_note":"","_monsterinsights_sitenote_category":0,"advanced_seo_description":"","jetpack_seo_html_title":"","jetpack_seo_noindex":false,"_jetpack_newsletter_access":"","_jetpack_dont_email_post_to_subs":false,"_jetpack_newsletter_tier_id":0,"_jetpack_memberships_contains_paywalled_content":false,"_jetpack_memberships_contains_paid_content":false,"footnotes":"","jetpack_publicize_message":"","jetpack_publicize_feature_enabled":true,"jetpack_social_post_already_shared":false,"jetpack_social_options":{"image_generator_settings":{"template":"fullscreen","default_image_id":0,"font":"","enabled":false},"version":2},"_wpas_customize_per_network":false,"jetpack_post_was_ever_published":false},"categories":[38185],"tags":[1036487,2099801],"class_list":["post-2794","post","type-post","status-publish","format-standard","hentry","category-brasil","tag-seguranca-publica","tag-tupa"],"jetpack_publicize_connections":[],"jetpack_featured_media_url":"","jetpack_likes_enabled":true,"jetpack_sharing_enabled":true,"jetpack_shortlink":"https:\/\/wp.me\/pgitne-J4","jetpack-related-posts":[{"id":2411,"url":"https:\/\/diariodegarca.com\/?p=2411","url_meta":{"origin":2794,"position":0},"title":"Den\u00fancia an\u00f4nima leva \u00e0 pris\u00e3o de homem por tr\u00e1fico de drogas em Tup\u00e3","author":"Di\u00e1rio de Gar\u00e7a","date":"10 de abril de 2025","format":false,"excerpt":"\u00a0Na quarta-feira, dia 9 de abril, um homem foi preso em flagrante por tr\u00e1fico de drogas no bairro Aeroporto, em Tup\u00e3, gra\u00e7as a uma\u00a0den\u00fancia pr\u00e9via\u00a0que guiou a a\u00e7\u00e3o policial. O trabalho conjunto da For\u00e7a T\u00e1tica e do Radiopatrulhamento do\u00a09\u00ba Batalh\u00e3o de Pol\u00edcia Militar do Interior\u00a0resultou na apreens\u00e3o de drogas e\u2026","rel":"","context":"Em &quot;Brasil&quot;","block_context":{"text":"Brasil","link":"https:\/\/diariodegarca.com\/?cat=38185"},"img":{"alt_text":"","src":"https:\/\/i0.wp.com\/blogger.googleusercontent.com\/img\/b\/R29vZ2xl\/AVvXsEiQEz1gdJEC5WWbb4hWVbtP5eVlQWJbC2kcvUbGP6A-SUwx2l1AKmWXORrJIbbV6Kg3eNqEAZ2gDBzR9QXDku7ghNX940M8n9qFzFiEnyUvq8UjMFHnvzdJ4EL4B_SCk2IXoQIe_vRmuPZEIugSX98JVUdgNiUtkQIhGbBm0hIHP6lpGM1nDzdcLTC92bo\/s320\/WhatsApp%20Image%202025-04-10%20at%2016.28.42.jpeg?resize=350%2C200&ssl=1","width":350,"height":200},"classes":[]},{"id":2015,"url":"https:\/\/diariodegarca.com\/?p=2015","url_meta":{"origin":2794,"position":1},"title":"Pol\u00edcia Militar prende dois por furto a quitanda e apreende drogas e arma em Tup\u00e3","author":"Di\u00e1rio de Gar\u00e7a","date":"20 de maio de 2025","format":false,"excerpt":"Na \u00faltima segunda-feira, dia 19 de maio, o\u00a09\u00ba Batalh\u00e3o de Pol\u00edcia Militar do Interior\u00a0registrou duas ocorr\u00eancias de destaque em\u00a0Tup\u00e3, resultando em pris\u00f5es em flagrante por furto qualificado, recepta\u00e7\u00e3o e tr\u00e1fico de drogas. Furto a estabelecimento comercial Por volta das\u00a05h, o propriet\u00e1rio de uma\u00a0quitanda\u00a0no centro da cidade acionou a\u00a0Pol\u00edcia Militar\u00a0ap\u00f3s flagrar\u2026","rel":"","context":"Em &quot;Seguran\u00e7a&quot;","block_context":{"text":"Seguran\u00e7a","link":"https:\/\/diariodegarca.com\/?cat=21243"},"img":{"alt_text":"","src":"","width":0,"height":0},"classes":[]},{"id":2874,"url":"https:\/\/diariodegarca.com\/?p=2874","url_meta":{"origin":2794,"position":2},"title":"Dois homens s\u00e3o presos por tr\u00e1fico de drogas em Tup\u00e3 ap\u00f3s abordagem policial","author":"Di\u00e1rio de Gar\u00e7a","date":"8 de fevereiro de 2025","format":false,"excerpt":"Na noite da \u00faltima sexta-feira, dia 7 de fevereiro, policiais militares do 9\u00b0 Batalh\u00e3o de Pol\u00edcia Militar do Interior (9\u00b0 BPMI) prenderam dois homens por tr\u00e1fico de drogas no Bairro S\u00e3o Francisco, em Tup\u00e3. A a\u00e7\u00e3o ocorreu por volta das 23h30, durante patrulhamento de rotina realizado por equipes da For\u00e7a\u2026","rel":"","context":"Em &quot;Brasil&quot;","block_context":{"text":"Brasil","link":"https:\/\/diariodegarca.com\/?cat=38185"},"img":{"alt_text":"","src":"","width":0,"height":0},"classes":[]},{"id":3030,"url":"https:\/\/diariodegarca.com\/?p=3030","url_meta":{"origin":2794,"position":3},"title":"Opera\u00e7\u00e3o da PM desarticula estoque de drogas em Tup\u00e3","author":"Di\u00e1rio de Gar\u00e7a","date":"21 de maio de 2025","format":false,"excerpt":"Na tarde de ter\u00e7a-feira, 20 de maio, policiais militares do 9\u00ba Batalh\u00e3o de Pol\u00edcia Militar do Interior prenderam um homem por tr\u00e1fico de drogas em Tup\u00e3. A a\u00e7\u00e3o, realizada pela For\u00e7a T\u00e1tica por volta das 17h50, resultou na apreens\u00e3o de entorpecentes e materiais usados no com\u00e9rcio ilegal. O suspeito, j\u00e1\u2026","rel":"","context":"Em &quot;Seguran\u00e7a&quot;","block_context":{"text":"Seguran\u00e7a","link":"https:\/\/diariodegarca.com\/?cat=21243"},"img":{"alt_text":"","src":"","width":0,"height":0},"classes":[]},{"id":2138,"url":"https:\/\/diariodegarca.com\/?p=2138","url_meta":{"origin":2794,"position":4},"title":"Pol\u00edcia Militar de Tup\u00e3 prende dois suspeitos por tr\u00e1fico de drogas em a\u00e7\u00f5es consecutivas","author":"Di\u00e1rio de Gar\u00e7a","date":"10 de maio de 2025","format":false,"excerpt":"Na noite de sexta-feira, 9 de maio, equipes da For\u00e7a T\u00e1tica do 9\u00ba Batalh\u00e3o de Pol\u00edcia Militar do Interior (PM-SP) efetuaram a pris\u00e3o de dois homens acusados de tr\u00e1fico de entorpecentes e associa\u00e7\u00e3o ao tr\u00e1fico no munic\u00edpio de Tup\u00e3. As ocorr\u00eancias, realizadas em menos de uma hora, refor\u00e7aram o combate\u2026","rel":"","context":"Em &quot;Brasil&quot;","block_context":{"text":"Brasil","link":"https:\/\/diariodegarca.com\/?cat=38185"},"img":{"alt_text":"","src":"","width":0,"height":0},"classes":[]},{"id":2261,"url":"https:\/\/diariodegarca.com\/?p=2261","url_meta":{"origin":2794,"position":5},"title":"Homem \u00e9 preso em flagrante por tr\u00e1fico de drogas durante opera\u00e7\u00e3o policial em Tup\u00e3","author":"Di\u00e1rio de Gar\u00e7a","date":"27 de abril de 2025","format":false,"excerpt":"Na madrugada de sexta-feira, dia 25 de abril, um homem foi detido em flagrante por tr\u00e1fico de drogas durante a\u00e7\u00f5es do 9\u00ba Batalh\u00e3o de Pol\u00edcia Militar do Interior em Tup\u00e3.\u00a0A pris\u00e3o ocorreu por volta das 0h, quando equipes da For\u00e7a T\u00e1tica atuavam no combate a perturba\u00e7\u00f5es do sossego p\u00fablico e\u2026","rel":"","context":"Em &quot;Brasil&quot;","block_context":{"text":"Brasil","link":"https:\/\/diariodegarca.com\/?cat=38185"},"img":{"alt_text":"","src":"","width":0,"height":0},"classes":[]}],"_links":{"self":[{"href":"https:\/\/diariodegarca.com\/index.php?rest_route=\/wp\/v2\/posts\/2794","targetHints":{"allow":["GET"]}}],"collection":[{"href":"https:\/\/diariodegarca.com\/index.php?rest_route=\/wp\/v2\/posts"}],"about":[{"href":"https:\/\/diariodegarca.com\/index.php?rest_route=\/wp\/v2\/types\/post"}],"author":[{"embeddable":true,"href":"https:\/\/diariodegarca.com\/index.php?rest_route=\/wp\/v2\/users\/260896546"}],"replies":[{"embeddable":true,"href":"https:\/\/diariodegarca.com\/index.php?rest_route=%2Fwp%2Fv2%2Fcomments&post=2794"}],"version-history":[{"count":0,"href":"https:\/\/diariodegarca.com\/index.php?rest_route=\/wp\/v2\/posts\/2794\/revisions"}],"wp:attachment":[{"href":"https:\/\/diariodegarca.com\/index.php?rest_route=%2Fwp%2Fv2%2Fmedia&parent=2794"}],"wp:term":[{"taxonomy":"category","embeddable":true,"href":"https:\/\/diariodegarca.com\/index.php?rest_route=%2Fwp%2Fv2%2Fcategories&post=2794"},{"taxonomy":"post_tag","embeddable":true,"href":"https:\/\/diariodegarca.com\/index.php?rest_route=%2Fwp%2Fv2%2Ftags&post=2794"}],"curies":[{"name":"wp","href":"https:\/\/api.w.org\/{rel}","templated":true}]}}