{"id":2810,"date":"2025-02-16T23:47:00","date_gmt":"2025-02-16T23:47:00","guid":{"rendered":"https:\/\/diariodegarca.com\/2025\/02\/16\/luto-no-futebol-paulista-gabriel-popo-jogador-do-xv-de-jau-morre-por-mal-subito\/"},"modified":"2025-02-16T23:47:00","modified_gmt":"2025-02-16T23:47:00","slug":"luto-no-futebol-paulista-gabriel-popo-jogador-do-xv-de-jau-morre-por-mal-subito","status":"publish","type":"post","link":"https:\/\/diariodegarca.com\/?p=2810","title":{"rendered":"Luto no Futebol Paulista: Gabriel Pop\u00f3, jogador do XV de Ja\u00fa, morre por mal s\u00fabito"},"content":{"rendered":"<p>Aqui est\u00e1 a sua mat\u00e9ria com uma diagrama\u00e7\u00e3o mais organizada, destacando informa\u00e7\u00f5es importantes para facilitar a leitura:<\/p>\n<hr>\n<h1><strong>Mar\u00edlia Chora\u00a0<\/p>\n<div class=\"separator\" style=\"clear: both;text-align: center\">\n  <a href=\"https:\/\/blogger.googleusercontent.com\/img\/a\/AVvXsEgtwqleWzflmf2xMg7w50oizr__x5oggCrO5XZ76OgR2mK4fF6x8lGmSl4XU01fxuhd4ASgVajgl0OSl0XPrfnldRSdZzcFbCYz3Cf1j0fm-TsJ95X-I3kvdBlsdNVVEexiGUSs0a-rJZzadObICBuvLlcGXHYfaFYuh_BoMsWMP5Gt9kMvPoicM8eamXM\" style=\"margin-left: 1em;margin-right: 1em\"><br \/>\n    <img decoding=\"async\" border=\"0\" src=\"https:\/\/blogger.googleusercontent.com\/img\/a\/AVvXsEgtwqleWzflmf2xMg7w50oizr__x5oggCrO5XZ76OgR2mK4fF6x8lGmSl4XU01fxuhd4ASgVajgl0OSl0XPrfnldRSdZzcFbCYz3Cf1j0fm-TsJ95X-I3kvdBlsdNVVEexiGUSs0a-rJZzadObICBuvLlcGXHYfaFYuh_BoMsWMP5Gt9kMvPoicM8eamXM\" width=\"400\"><br \/>\n  <\/a>\n<\/div>\n<p><\/strong><\/h1>\n<p>O futebol paulista e a cidade de Mar\u00edlia est\u00e3o de luto. Neste domingo, o atleta <strong>Gabriel Prot\u00e1sio, conhecido como Pop\u00f3<\/strong>, de 26 anos, morreu ap\u00f3s sofrer um mal s\u00fabito na concentra\u00e7\u00e3o do XV de Ja\u00fa, pouco antes do jogo contra o Uni\u00e3o Suzano pela S\u00e9rie A-3 do Campeonato Paulista.<\/p>\n<p>Natural de <strong>Mar\u00edlia (SP)<\/strong>, o meia n\u00e3o estava relacionado para a partida, que foi <strong>adiada<\/strong> por acordo entre os clubes e a Federa\u00e7\u00e3o Paulista de Futebol (FPF).<\/p>\n<h2><strong>Circunst\u00e2ncias da Morte<\/strong><\/h2>\n<p>Pop\u00f3 foi encontrado desacordado pelo companheiro de quarto durante a manh\u00e3, quando o time se preparava para a partida. Ele foi socorrido rapidamente \u00e0 <strong>Santa Casa de Ja\u00fa<\/strong>, mas n\u00e3o resistiu.<\/p>\n<p>A causa da morte segue em investiga\u00e7\u00e3o. Em nota oficial, o XV de Ja\u00fa informou:<\/p>\n<blockquote>\n<p><em>&#8220;A causa do \u00f3bito est\u00e1 sob investiga\u00e7\u00e3o e ser\u00e1 confirmada assim que o laudo for emitido pelo \u00f3rg\u00e3o respons\u00e1vel.&#8221;<\/em><\/p>\n<\/blockquote>\n<h2><strong>Carreira e Trajet\u00f3ria<\/strong><\/h2>\n<p>Gabriel Pop\u00f3 chegou ao XV de Ja\u00fa no in\u00edcio de <strong>2024<\/strong> para refor\u00e7ar o time na terceira divis\u00e3o estadual. Ao longo da carreira, passou por clubes como:<\/p>\n<ul>\n<li><strong>Sampaio Corr\u00eaa (MA)<\/strong><\/li>\n<li><strong>Souza (PB)<\/strong><\/li>\n<li><strong>Linense (SP)<\/strong><\/li>\n<\/ul>\n<p>No XV, disputou apenas uma partida nesta temporada, entrando como substituto no confronto contra o <strong>Bandeirante<\/strong>, em fevereiro.<\/p>\n<h2><strong>Homenagens e Nota de Pesar<\/strong><\/h2>\n<p>Nas redes sociais, o XV de Ja\u00fa lamentou a perda do jogador:<\/p>\n<blockquote>\n<p><em>&#8220;Neste momento de dor, expressamos nossa solidariedade \u00e0 fam\u00edlia, membros do clube, amigos e companheiros de Gabriel Pop\u00f3. Que sua mem\u00f3ria seja honrada e que possamos encontrar for\u00e7as para enfrentar essa perda irrepar\u00e1vel.&#8221;<\/em><\/p>\n<\/blockquote>\n<p>A <strong>FPF<\/strong> tamb\u00e9m emitiu uma nota de pesar, refor\u00e7ando o sentimento de tristeza no meio esportivo.<\/p>\n<h2><strong>O Impacto da Perda<\/strong><\/h2>\n<p>A morte de Pop\u00f3 reverbera al\u00e9m dos gramados. Criado em <strong>Mar\u00edlia<\/strong>, ele carregava consigo a identidade de um atleta da regi\u00e3o, sendo um exemplo de perseveran\u00e7a para jovens que sonham em seguir carreira no futebol.<\/p>\n<p>O <strong>XV de Ja\u00fa<\/strong> encerrou sua nota oficial com um apelo por respeito ao luto:<\/p>\n<blockquote>\n<p><em>&#8220;Em comum acordo, a partida foi cancelada. Que possamos honrar sua mem\u00f3ria.&#8221;<\/em><\/p>\n<\/blockquote>\n<p>Enquanto a fam\u00edlia aguarda esclarecimentos sobre a trag\u00e9dia, o futebol se une em solidariedade para lembrar n\u00e3o s\u00f3 do jogador, mas do filho da terra que partiu precocemente.<\/p>\n<h3><strong><br \/><\/strong><\/h3>\n<h3><strong>Fontes:<\/strong> Federa\u00e7\u00e3o Paulista de Futebol e Esporte Clube XV de Novembro de Ja\u00fa.<\/h3>\n<p><\/p>\n","protected":false},"excerpt":{"rendered":"<p>Aqui est\u00e1 a sua mat\u00e9ria com uma diagrama\u00e7\u00e3o mais organizada, destacando informa\u00e7\u00f5es importantes para facilitar a leitura: Mar\u00edlia Chora\u00a0 O futebol paulista e a cidade de Mar\u00edlia est\u00e3o de luto. Neste domingo, o atleta Gabriel Prot\u00e1sio, conhecido como Pop\u00f3, de 26 anos, morreu ap\u00f3s sofrer um mal s\u00fabito na concentra\u00e7\u00e3o do XV de Ja\u00fa, pouco [&hellip;]<\/p>\n","protected":false},"author":260896546,"featured_media":0,"comment_status":"open","ping_status":"open","sticky":false,"template":"","format":"standard","meta":{"_monsterinsights_skip_tracking":false,"advanced_seo_description":"","jetpack_seo_html_title":"","jetpack_seo_noindex":false,"jetpack_seo_schema_type":"","_jetpack_newsletter_access":"","_jetpack_dont_email_post_to_subs":false,"_jetpack_newsletter_tier_id":0,"_jetpack_memberships_contains_paywalled_content":false,"_wpcom_ai_launchpad_first_post":false,"_jetpack_feature_clip_id":0,"_jetpack_memberships_contains_paid_content":false,"footnotes":"","jetpack_publicize_message":"{title}\n\n{excerpt}\n\n{url}","jetpack_publicize_feature_enabled":true,"jetpack_social_post_already_shared":false,"jetpack_social_options":{"image_generator_settings":{"template":"fullscreen","default_image_id":0,"font":"","enabled":false},"version":2},"_wpas_customize_per_network":false,"jetpack_post_was_ever_published":false},"categories":[38185],"tags":[781171794],"class_list":["post-2810","post","type-post","status-publish","format-standard","hentry","category-brasil","tag-esporte"],"jetpack_publicize_connections":[],"jetpack_likes_enabled":true,"jetpack_sharing_enabled":true,"jetpack_shortlink":"https:\/\/wp.me\/pgitne-Jk","jetpack-related-posts":[{"id":2690,"url":"https:\/\/diariodegarca.com\/?p=2690","url_meta":{"origin":2810,"position":0},"title":"Times de Gar\u00e7a ficam de fora da Copa Record Interior e Copa Bom Senso","author":"Di\u00e1rio de Gar\u00e7a","date":"6 de mar\u00e7o de 2025","format":false,"excerpt":"Em uma decis\u00e3o que pegou a comunidade esportiva de surpresa, a cidade de Gar\u00e7a n\u00e3o estar\u00e1 presente em duas das principais competi\u00e7\u00f5es de futsal do interior paulista: Copa Record Interior Paulista (Regi\u00e3o Bauru) e Copa Bom Senso. O per\u00edodo de inscri\u00e7\u00f5es para ambos os torneios j\u00e1 foi encerrado, e a\u2026","rel":"","context":"Em &quot;Brasil&quot;","block_context":{"text":"Brasil","link":"https:\/\/diariodegarca.com\/?cat=38185"},"img":{"alt_text":"","src":"","width":0,"height":0},"classes":[]},{"id":9042,"url":"https:\/\/diariodegarca.com\/?p=9042","url_meta":{"origin":2810,"position":1},"title":"Gar\u00e7a d\u00e1 salto hist\u00f3rico e se consolida entre os principais polos tur\u00edsticos do interior paulista","author":"Andreza Sega","date":"25 de novembro de 2025","format":false,"excerpt":"Munic\u00edpio avan\u00e7ou 35 posi\u00e7\u00f5es no ranking oficial do Estado, saindo da 52\u00aa para a 17\u00aa coloca\u00e7\u00e3o entre os Munic\u00edpios de Interesse Tur\u00edstico (MIT) na lista de dados consolidados de 2024. Gar\u00e7a acaba de registrar uma das maiores ascens\u00f5es no cen\u00e1rio tur\u00edstico paulista. O munic\u00edpio conquistou a 17\u00aa posi\u00e7\u00e3o no ranking\u2026","rel":"","context":"Em &quot;Gar\u00e7a&quot;","block_context":{"text":"Gar\u00e7a","link":"https:\/\/diariodegarca.com\/?cat=781171664"},"img":{"alt_text":"","src":"https:\/\/i0.wp.com\/diariodegarca.com\/wp-content\/uploads\/2025\/11\/Garca-Tori-Jd-Oriental.jpg?fit=1200%2C800&ssl=1&resize=350%2C200","width":350,"height":200,"srcset":"https:\/\/i0.wp.com\/diariodegarca.com\/wp-content\/uploads\/2025\/11\/Garca-Tori-Jd-Oriental.jpg?fit=1200%2C800&ssl=1&resize=350%2C200 1x, https:\/\/i0.wp.com\/diariodegarca.com\/wp-content\/uploads\/2025\/11\/Garca-Tori-Jd-Oriental.jpg?fit=1200%2C800&ssl=1&resize=525%2C300 1.5x, https:\/\/i0.wp.com\/diariodegarca.com\/wp-content\/uploads\/2025\/11\/Garca-Tori-Jd-Oriental.jpg?fit=1200%2C800&ssl=1&resize=700%2C400 2x, https:\/\/i0.wp.com\/diariodegarca.com\/wp-content\/uploads\/2025\/11\/Garca-Tori-Jd-Oriental.jpg?fit=1200%2C800&ssl=1&resize=1050%2C600 3x"},"classes":[]},{"id":2606,"url":"https:\/\/diariodegarca.com\/?p=2606","url_meta":{"origin":2810,"position":2},"title":"Secret\u00e1rios de Ja\u00fa viram r\u00e9us por destrui\u00e7\u00e3o de 4 hectares de \u00e1rea de preserva\u00e7\u00e3o permanente","author":"Di\u00e1rio de Gar\u00e7a","date":"17 de mar\u00e7o de 2025","format":false,"excerpt":"Os secret\u00e1rios municipais de Ja\u00fa, Giovani Fabr\u00edcio (Meio Ambiente) e Neto Leonelli (Planejamento Urban\u00edstico), foram formalmente acusados pelo Minist\u00e9rio P\u00fablico (MP) do Meio Ambiente por destru\u00edrem quase 4 hectares de \u00c1rea de Preserva\u00e7\u00e3o Permanente (APP) \u00e0s margens do Rio Ja\u00fa. A a\u00e7\u00e3o judicial, que os torna r\u00e9us, foi movida ap\u00f3s\u2026","rel":"","context":"Em &quot;Brasil&quot;","block_context":{"text":"Brasil","link":"https:\/\/diariodegarca.com\/?cat=38185"},"img":{"alt_text":"","src":"","width":0,"height":0},"classes":[]},{"id":3007,"url":"https:\/\/diariodegarca.com\/?p=3007","url_meta":{"origin":2810,"position":3},"title":"Regi\u00e3o","author":"Di\u00e1rio de Gar\u00e7a","date":"11 de fevereiro de 2025","format":false,"excerpt":"\u00a0Confira a dist\u00e2ncia de Gar\u00e7a at\u00e9 algumas cidades vizinhas!\u00a0Se quiser ler as not\u00edcias que j\u00e1 publicamos sobre elas, basta clicar no nome da cidade para ser redirecionado.\u00a0Aproveite para explorar as informa\u00e7\u00f5es e ficar por dentro do que acontece na regi\u00e3o.\u00a0\u00a0\u00c1lvaro de Carvalho\u00a0- 18 kmVera Cruz\u00a0- 20 kmG\u00e1lia\u00a0- 20 kmFern\u00e3o\u00a0- 29\u2026","rel":"","context":"Em &quot;Brasil&quot;","block_context":{"text":"Brasil","link":"https:\/\/diariodegarca.com\/?cat=38185"},"img":{"alt_text":"","src":"","width":0,"height":0},"classes":[]},{"id":9149,"url":"https:\/\/diariodegarca.com\/?p=9149","url_meta":{"origin":2810,"position":4},"title":"&#8220;A Festa de L\u00e9o&#8221;: drama brasileiro com premiado internacionalmente ser\u00e1 exibido em Mar\u00edlia","author":"Andreza Sega","date":"29 de novembro de 2025","format":false,"excerpt":"Produ\u00e7\u00e3o do grupo N\u00f3s do Morro, filmada no Vidigal, retrata luta materna com urg\u00eancia e afeto em sess\u00e3o gratuita do Clube de Cinema. O Clube de Cinema de Mar\u00edlia come\u00e7a a semana com uma mostra do cinema nacional contempor\u00e2neo em alta qualidade. No domingo, 30 de novembro, \u00e0s 20h, ser\u00e1\u2026","rel":"","context":"Em &quot;Cinema&quot;","block_context":{"text":"Cinema","link":"https:\/\/diariodegarca.com\/?cat=597"},"img":{"alt_text":"","src":"https:\/\/i0.wp.com\/diariodegarca.com\/wp-content\/uploads\/2025\/11\/A-Festa-de-Leo.jpg?fit=770%2C514&ssl=1&resize=350%2C200","width":350,"height":200,"srcset":"https:\/\/i0.wp.com\/diariodegarca.com\/wp-content\/uploads\/2025\/11\/A-Festa-de-Leo.jpg?fit=770%2C514&ssl=1&resize=350%2C200 1x, https:\/\/i0.wp.com\/diariodegarca.com\/wp-content\/uploads\/2025\/11\/A-Festa-de-Leo.jpg?fit=770%2C514&ssl=1&resize=525%2C300 1.5x, https:\/\/i0.wp.com\/diariodegarca.com\/wp-content\/uploads\/2025\/11\/A-Festa-de-Leo.jpg?fit=770%2C514&ssl=1&resize=700%2C400 2x"},"classes":[]},{"id":5451,"url":"https:\/\/diariodegarca.com\/?p=5451","url_meta":{"origin":2810,"position":5},"title":"Regi\u00e3o de Bauru e Mar\u00edlia registra quase 500 acidentes com escorpi\u00f5es por m\u00eas; saiba como se proteger","author":"Di\u00e1rio de Gar\u00e7a","date":"9 de agosto de 2025","format":false,"excerpt":"Aumento de casos exige aten\u00e7\u00e3o e medidas preventivas. Dados da Secretaria de Estado da Sa\u00fade de S\u00e3o Paulo (SES-SP) revelam um cen\u00e1rio preocupante: apenas em 2025, j\u00e1 foram registrados\u00a024.366 acidentes com escorpi\u00f5es\u00a0no estado, com uma morte confirmada. Nas regi\u00f5es de Bauru e Mar\u00edlia, os n\u00fameros s\u00e3o alarmantes, somando\u00a03.455 ocorr\u00eancias\u00a0este ano,\u2026","rel":"","context":"Em &quot;Bauru&quot;","block_context":{"text":"Bauru","link":"https:\/\/diariodegarca.com\/?cat=1357691"},"img":{"alt_text":"","src":"https:\/\/i0.wp.com\/diariodegarca.com\/wp-content\/uploads\/2025\/08\/escorpiao-hottentotta-com-babys-no-corpo-vista-frontal-escorpiao-hottentotta-em-folhas-verdes.jpg?fit=1200%2C800&ssl=1&resize=350%2C200","width":350,"height":200,"srcset":"https:\/\/i0.wp.com\/diariodegarca.com\/wp-content\/uploads\/2025\/08\/escorpiao-hottentotta-com-babys-no-corpo-vista-frontal-escorpiao-hottentotta-em-folhas-verdes.jpg?fit=1200%2C800&ssl=1&resize=350%2C200 1x, https:\/\/i0.wp.com\/diariodegarca.com\/wp-content\/uploads\/2025\/08\/escorpiao-hottentotta-com-babys-no-corpo-vista-frontal-escorpiao-hottentotta-em-folhas-verdes.jpg?fit=1200%2C800&ssl=1&resize=525%2C300 1.5x, https:\/\/i0.wp.com\/diariodegarca.com\/wp-content\/uploads\/2025\/08\/escorpiao-hottentotta-com-babys-no-corpo-vista-frontal-escorpiao-hottentotta-em-folhas-verdes.jpg?fit=1200%2C800&ssl=1&resize=700%2C400 2x, https:\/\/i0.wp.com\/diariodegarca.com\/wp-content\/uploads\/2025\/08\/escorpiao-hottentotta-com-babys-no-corpo-vista-frontal-escorpiao-hottentotta-em-folhas-verdes.jpg?fit=1200%2C800&ssl=1&resize=1050%2C600 3x"},"classes":[]}],"jetpack_featured_media_url":"","_links":{"self":[{"href":"https:\/\/diariodegarca.com\/index.php?rest_route=\/wp\/v2\/posts\/2810","targetHints":{"allow":["GET"]}}],"collection":[{"href":"https:\/\/diariodegarca.com\/index.php?rest_route=\/wp\/v2\/posts"}],"about":[{"href":"https:\/\/diariodegarca.com\/index.php?rest_route=\/wp\/v2\/types\/post"}],"author":[{"embeddable":true,"href":"https:\/\/diariodegarca.com\/index.php?rest_route=\/wp\/v2\/users\/260896546"}],"replies":[{"embeddable":true,"href":"https:\/\/diariodegarca.com\/index.php?rest_route=%2Fwp%2Fv2%2Fcomments&post=2810"}],"version-history":[{"count":0,"href":"https:\/\/diariodegarca.com\/index.php?rest_route=\/wp\/v2\/posts\/2810\/revisions"}],"wp:attachment":[{"href":"https:\/\/diariodegarca.com\/index.php?rest_route=%2Fwp%2Fv2%2Fmedia&parent=2810"}],"wp:term":[{"taxonomy":"category","embeddable":true,"href":"https:\/\/diariodegarca.com\/index.php?rest_route=%2Fwp%2Fv2%2Fcategories&post=2810"},{"taxonomy":"post_tag","embeddable":true,"href":"https:\/\/diariodegarca.com\/index.php?rest_route=%2Fwp%2Fv2%2Ftags&post=2810"}],"curies":[{"name":"wp","href":"https:\/\/api.w.org\/{rel}","templated":true}]}}