{"id":2813,"date":"2025-02-16T12:49:00","date_gmt":"2025-02-16T12:49:00","guid":{"rendered":"https:\/\/diariodegarca.com\/2025\/02\/16\/premio-sesc-de-literatura-2025-abre-inscricoes-para-novos-talentos-da-escrita\/"},"modified":"2025-02-16T12:49:00","modified_gmt":"2025-02-16T12:49:00","slug":"premio-sesc-de-literatura-2025-abre-inscricoes-para-novos-talentos-da-escrita","status":"publish","type":"post","link":"https:\/\/diariodegarca.com\/?p=2813","title":{"rendered":"Pr\u00eamio Sesc de Literatura 2025 abre inscri\u00e7\u00f5es para novos talentos da escrita"},"content":{"rendered":"<div>\n<p><div class=\"separator\" style=\"clear: both;text-align: center\">\n  <a href=\"https:\/\/blogger.googleusercontent.com\/img\/a\/AVvXsEh0bCBXgzT1HFDMzT3SiOuB0BZfGJ33ReR-VX6GrWbliECO2te1VQ1YOBGEoNZVQmTrlzy0MVrtVoojayEm5YQkkJ23ed3zaImKv5YpIKzaRWtaltVtfeSf79yjYEIeU7IHz4J6jq9GSPGnKCjR5Qfvm1ki5HGNrbKYqoSi86_HRQ7kE1E7nSMzftgy2uA\" style=\"margin-left: 1em;margin-right: 1em\"><br \/>\n    <img decoding=\"async\" border=\"0\" src=\"https:\/\/blogger.googleusercontent.com\/img\/a\/AVvXsEh0bCBXgzT1HFDMzT3SiOuB0BZfGJ33ReR-VX6GrWbliECO2te1VQ1YOBGEoNZVQmTrlzy0MVrtVoojayEm5YQkkJ23ed3zaImKv5YpIKzaRWtaltVtfeSf79yjYEIeU7IHz4J6jq9GSPGnKCjR5Qfvm1ki5HGNrbKYqoSi86_HRQ7kE1E7nSMzftgy2uA\" width=\"400\"><br \/>\n  <\/a>\n<\/div>\n<p><\/p>\n<p>As inscri\u00e7\u00f5es para o <strong>Pr\u00eamio Sesc de Literatura 2025<\/strong> est\u00e3o abertas a partir desta segunda-feira, <strong>10 de fevereiro<\/strong>. Considerado uma das principais portas de entrada para escritores estreantes, o concurso contempla as categorias <strong>romance, conto e poesia<\/strong>.<\/p>\n<p>Os vencedores ter\u00e3o suas obras publicadas pela <strong>Editora Senac Rio<\/strong> e receber\u00e3o um pr\u00eamio de <strong>R$ 30 mil<\/strong> cada. A iniciativa busca revelar novas vozes na literatura brasileira.<\/p>\n<h2><strong>Como participar?<\/strong><\/h2>\n<p>\ud83d\udccc <strong>Quem pode se inscrever?<\/strong><\/p>\n<ul>\n<li>Brasileiros residentes no pa\u00eds.<\/li>\n<li>Maiores de <strong>18 anos<\/strong>.<\/li>\n<li>Autores <strong>sem publica\u00e7\u00f5es anteriores<\/strong> na categoria escolhida.<\/li>\n<\/ul>\n<p>\ud83d\udccc <strong>Regras para o original:<\/strong><\/p>\n<ul>\n<li><strong>Conto<\/strong>: 100 mil a 400 mil caracteres, com no m\u00ednimo 6 narrativas.<\/li>\n<li><strong>Romance<\/strong>: 160 mil a 600 mil caracteres.<\/li>\n<li><strong>Poesia<\/strong>: 50 a 100 p\u00e1ginas, com pelo menos 30 poemas.<\/li>\n<li>O texto deve ser <strong>in\u00e9dito<\/strong> (n\u00e3o publicado em plataformas digitais, blogs ou livrarias).<\/li>\n<li>N\u00e3o pode conter identifica\u00e7\u00e3o do autor, nem no conte\u00fado nem no nome do arquivo.<\/li>\n<\/ul>\n<p>\ud83d\udcc5 <strong>Inscri\u00e7\u00f5es gratuitas at\u00e9 10 de mar\u00e7o de 2025<\/strong>, exclusivamente pelo site:<br \/>\n\ud83d\udd17 <a href=\"http:\/\/www.sesc.com.br\/premiosesc\"><strong>Sesc.com.br\/premiosesc<\/strong><\/a><\/p>\n<h2><strong>Processo de sele\u00e7\u00e3o e benef\u00edcios<\/strong><\/h2>\n<p>\ud83d\udd0d <strong>Avalia\u00e7\u00e3o cega<\/strong>: os textos ser\u00e3o analisados sem identifica\u00e7\u00e3o do autor por jurados especializados.<\/p>\n<p>\ud83c\udfc6 <strong>O que os vencedores ganham?<\/strong><\/p>\n<ul>\n<li>Publica\u00e7\u00e3o do livro em <strong>formato f\u00edsico e e-book<\/strong>, com distribui\u00e7\u00e3o nacional.<\/li>\n<li>Participa\u00e7\u00e3o em eventos liter\u00e1rios organizados pelo Sesc, com <strong>viagens e hospedagens custeadas<\/strong>.<\/li>\n<li>Lan\u00e7amento oficial das obras em uma cerim\u00f4nia especial (data a definir).<\/li>\n<\/ul>\n<p>\ud83d\udccc <strong>Destaque especial<\/strong>: trabalhadores do com\u00e9rcio, servi\u00e7os e turismo que chegarem \u00e0 fase final receber\u00e3o <strong>men\u00e7\u00e3o honrosa<\/strong>.<\/p>\n<h2><strong>Proteja sua originalidade<\/strong><\/h2>\n<p>\u274c <strong>N\u00e3o ser\u00e3o aceitos:<\/strong><\/p>\n<ul>\n<li>Textos gerados por intelig\u00eancia artificial.<\/li>\n<li>Obras p\u00f3stumas ou escritas em coautoria.<\/li>\n<li>Participa\u00e7\u00f5es de vencedores de edi\u00e7\u00f5es anteriores.<\/li>\n<\/ul>\n<p>\ud83d\udcd6 <strong>Seu manuscrito pode virar um livro!<\/strong><br \/>\nAcesse o edital, prepare seu original e inscreva-se:<br \/>\n\ud83d\udd17 <strong><a href=\"http:\/\/www.sesc.com.br\/premiosesc\">Sesc.com.br\/premiosesc<\/a><\/strong><\/p>\n<\/div>\n<div><\/div>\n<div><\/div>\n","protected":false},"excerpt":{"rendered":"<p>As inscri\u00e7\u00f5es para o Pr\u00eamio Sesc de Literatura 2025 est\u00e3o abertas a partir desta segunda-feira, 10 de fevereiro. Considerado uma das principais portas de entrada para escritores estreantes, o concurso contempla as categorias romance, conto e poesia. Os vencedores ter\u00e3o suas obras publicadas pela Editora Senac Rio e receber\u00e3o um pr\u00eamio de R$ 30 mil [&hellip;]<\/p>\n","protected":false},"author":260896546,"featured_media":0,"comment_status":"open","ping_status":"open","sticky":false,"template":"","format":"standard","meta":{"_monsterinsights_skip_tracking":false,"advanced_seo_description":"","jetpack_seo_html_title":"","jetpack_seo_noindex":false,"jetpack_seo_schema_type":"","_jetpack_newsletter_access":"","_jetpack_dont_email_post_to_subs":false,"_jetpack_newsletter_tier_id":0,"_jetpack_memberships_contains_paywalled_content":false,"_wpcom_ai_launchpad_first_post":false,"_jetpack_feature_clip_id":0,"_jetpack_memberships_contains_paid_content":false,"footnotes":"","jetpack_publicize_message":"{title}\n\n{excerpt}\n\n{url}","jetpack_publicize_feature_enabled":true,"jetpack_social_post_already_shared":false,"jetpack_social_options":{"image_generator_settings":{"template":"fullscreen","default_image_id":0,"font":"","enabled":false},"version":2},"_wpas_customize_per_network":false,"jetpack_post_was_ever_published":false},"categories":[38185],"tags":[781171790,869242],"class_list":["post-2813","post","type-post","status-publish","format-standard","hentry","category-brasil","tag-cultura","tag-premiacao"],"jetpack_publicize_connections":[],"jetpack_likes_enabled":true,"jetpack_sharing_enabled":true,"jetpack_shortlink":"https:\/\/wp.me\/pgitne-Jn","jetpack-related-posts":[{"id":5023,"url":"https:\/\/diariodegarca.com\/?p=5023","url_meta":{"origin":2813,"position":0},"title":"Pr\u00eamio Liter\u00e1rio da Biblioteca Nacional 2025 abre inscri\u00e7\u00f5es com premia\u00e7\u00e3o de R$ 30 mil por categoria","author":"Di\u00e1rio de Gar\u00e7a","date":"25 de julho de 2025","format":false,"excerpt":"Inscri\u00e7\u00f5es gratuitas v\u00e3o at\u00e9 22 de agosto para obras in\u00e9ditas publicadas entre maio de 2024 e abril de 2025. Confira as regras e categorias. A Funda\u00e7\u00e3o Biblioteca Nacional (FBN) abriu inscri\u00e7\u00f5es para a edi\u00e7\u00e3o 2025 do\u00a0Pr\u00eamio Liter\u00e1rio Biblioteca Nacional, um dos mais tradicionais do pa\u00eds. Com 12 categorias, a premia\u00e7\u00e3o\u2026","rel":"","context":"Em &quot;Cultura&quot;","block_context":{"text":"Cultura","link":"https:\/\/diariodegarca.com\/?cat=2367"},"img":{"alt_text":"","src":"","width":0,"height":0},"classes":[]},{"id":2625,"url":"https:\/\/diariodegarca.com\/?p=2625","url_meta":{"origin":2813,"position":1},"title":"Pr\u00eamio Kindle Vozes Negras: Oportunidade para autores negros publicarem obras in\u00e9ditas de fic\u00e7\u00e3o","author":"Di\u00e1rio de Gar\u00e7a","date":"13 de mar\u00e7o de 2025","format":false,"excerpt":"O Pr\u00eamio Kindle Vozes Negras, uma iniciativa da Amazon.com.br em parceria com o Grupo Companhia das Letras e a Audible, est\u00e1 com inscri\u00e7\u00f5es abertas para autores negros que desejam publicar obras in\u00e9ditas no g\u00eanero de fic\u00e7\u00e3o\/romance. O concurso busca ampliar a visibilidade de vozes negras na literatura brasileira e oferece\u2026","rel":"","context":"Em &quot;Brasil&quot;","block_context":{"text":"Brasil","link":"https:\/\/diariodegarca.com\/?cat=38185"},"img":{"alt_text":"","src":"","width":0,"height":0},"classes":[]},{"id":2771,"url":"https:\/\/diariodegarca.com\/?p=2771","url_meta":{"origin":2813,"position":2},"title":"Pr\u00eamio Er\u00ea Dend\u00ea incentiva literatura infantojuvenil afrocentrada com premia\u00e7\u00e3o de R$ 200 mil","author":"Di\u00e1rio de Gar\u00e7a","date":"22 de fevereiro de 2025","format":false,"excerpt":"A primeira edi\u00e7\u00e3o do Pr\u00eamio Nacional de Afro Literatura Infantojuvenil \"Er\u00ea Dend\u00ea\", promovido pela Universidade Federal do Rec\u00f4ncavo da Bahia (UFRB) e pelo Minist\u00e9rio da Igualdade Racial (MIR), tem como objetivo reconhecer e premiar obras que valorizem a cultura afro-brasileira e as tradi\u00e7\u00f5es das comunidades de terreiro. Com um total\u2026","rel":"","context":"Em &quot;Brasil&quot;","block_context":{"text":"Brasil","link":"https:\/\/diariodegarca.com\/?cat=38185"},"img":{"alt_text":"","src":"","width":0,"height":0},"classes":[]},{"id":8863,"url":"https:\/\/diariodegarca.com\/?p=8863","url_meta":{"origin":2813,"position":3},"title":"PAT de Gar\u00e7a oferece 68 oportunidades de emprego","author":"Andreza Sega","date":"19 de novembro de 2025","format":false,"excerpt":"Sal\u00e1rios chegam a R$ 4.455,00; processo seletivo para 60 vagas de Operador de Telesservi\u00e7os encerra em 21 de novembro. O Posto de Atendimento ao Trabalhador (PAT) de Gar\u00e7a \u00e9 um importante agente no fomento ao emprego local e atualmente centraliza 68 oportunidades de trabalho em diversas \u00e1reas. As vagas abrangem\u2026","rel":"","context":"Em &quot;Gar\u00e7a&quot;","block_context":{"text":"Gar\u00e7a","link":"https:\/\/diariodegarca.com\/?cat=781171664"},"img":{"alt_text":"","src":"https:\/\/i0.wp.com\/diariodegarca.com\/wp-content\/uploads\/2025\/11\/homem-senior-trabalhando-no-campo-com-frutas.jpg?fit=1200%2C800&ssl=1&resize=350%2C200","width":350,"height":200,"srcset":"https:\/\/i0.wp.com\/diariodegarca.com\/wp-content\/uploads\/2025\/11\/homem-senior-trabalhando-no-campo-com-frutas.jpg?fit=1200%2C800&ssl=1&resize=350%2C200 1x, https:\/\/i0.wp.com\/diariodegarca.com\/wp-content\/uploads\/2025\/11\/homem-senior-trabalhando-no-campo-com-frutas.jpg?fit=1200%2C800&ssl=1&resize=525%2C300 1.5x, https:\/\/i0.wp.com\/diariodegarca.com\/wp-content\/uploads\/2025\/11\/homem-senior-trabalhando-no-campo-com-frutas.jpg?fit=1200%2C800&ssl=1&resize=700%2C400 2x, https:\/\/i0.wp.com\/diariodegarca.com\/wp-content\/uploads\/2025\/11\/homem-senior-trabalhando-no-campo-com-frutas.jpg?fit=1200%2C800&ssl=1&resize=1050%2C600 3x"},"classes":[]},{"id":3599,"url":"https:\/\/diariodegarca.com\/?p=3599","url_meta":{"origin":2813,"position":4},"title":"Viagem Liter\u00e1ria 2025: confira as cidades selecionadas para o m\u00f3dulo de apoio a festivais","author":"Di\u00e1rio de Gar\u00e7a","date":"30 de maio de 2025","format":false,"excerpt":"Programa do SisEB anuncia 14 munic\u00edpios paulistas que receber\u00e3o atividades culturais; Gar\u00e7a, que participou em edi\u00e7\u00f5es anteriores, n\u00e3o est\u00e1 entre as contempladas este ano. O Sistema Estadual de Bibliotecas P\u00fablicas de S\u00e3o Paulo (SisEB), em parceria com a SP Leituras, divulgou os munic\u00edpios selecionados para o m\u00f3dulo \"Apoio a Festivais,\u2026","rel":"","context":"Em &quot;Cultura&quot;","block_context":{"text":"Cultura","link":"https:\/\/diariodegarca.com\/?cat=2367"},"img":{"alt_text":"","src":"","width":0,"height":0},"classes":[]},{"id":2576,"url":"https:\/\/diariodegarca.com\/?p=2576","url_meta":{"origin":2813,"position":5},"title":"Oficina &#034;Imagens Proibidas&#034; discute censura e cinema em evento gratuito em Mar\u00edlia","author":"Di\u00e1rio de Gar\u00e7a","date":"21 de mar\u00e7o de 2025","format":false,"excerpt":"A Secretaria da Cultura de Mar\u00edlia, em parceria com o Pontos MIS, promove no dia 21 de mar\u00e7o a oficina \"Imagens Proibidas\", ministrada pelo m\u00fasico, produtor e pesquisador Lu\u00eds Carlos Pavan. O evento, que acontece na Sala de Proje\u00e7\u00e3o do CCM \"Em\u00edlio Pedutti Filho\", no Complexo Cultural (Av. Sampaio Vidal,\u2026","rel":"","context":"Em &quot;Brasil&quot;","block_context":{"text":"Brasil","link":"https:\/\/diariodegarca.com\/?cat=38185"},"img":{"alt_text":"","src":"","width":0,"height":0},"classes":[]}],"jetpack_featured_media_url":"","_links":{"self":[{"href":"https:\/\/diariodegarca.com\/index.php?rest_route=\/wp\/v2\/posts\/2813","targetHints":{"allow":["GET"]}}],"collection":[{"href":"https:\/\/diariodegarca.com\/index.php?rest_route=\/wp\/v2\/posts"}],"about":[{"href":"https:\/\/diariodegarca.com\/index.php?rest_route=\/wp\/v2\/types\/post"}],"author":[{"embeddable":true,"href":"https:\/\/diariodegarca.com\/index.php?rest_route=\/wp\/v2\/users\/260896546"}],"replies":[{"embeddable":true,"href":"https:\/\/diariodegarca.com\/index.php?rest_route=%2Fwp%2Fv2%2Fcomments&post=2813"}],"version-history":[{"count":0,"href":"https:\/\/diariodegarca.com\/index.php?rest_route=\/wp\/v2\/posts\/2813\/revisions"}],"wp:attachment":[{"href":"https:\/\/diariodegarca.com\/index.php?rest_route=%2Fwp%2Fv2%2Fmedia&parent=2813"}],"wp:term":[{"taxonomy":"category","embeddable":true,"href":"https:\/\/diariodegarca.com\/index.php?rest_route=%2Fwp%2Fv2%2Fcategories&post=2813"},{"taxonomy":"post_tag","embeddable":true,"href":"https:\/\/diariodegarca.com\/index.php?rest_route=%2Fwp%2Fv2%2Ftags&post=2813"}],"curies":[{"name":"wp","href":"https:\/\/api.w.org\/{rel}","templated":true}]}}