{"id":2821,"date":"2025-02-14T21:06:00","date_gmt":"2025-02-14T21:06:00","guid":{"rendered":"https:\/\/diariodegarca.com\/2025\/02\/14\/homem-e-preso-por-tentativa-de-roubo-apos-ameacar-casal-com-faca-em-tupa\/"},"modified":"2025-02-14T21:06:00","modified_gmt":"2025-02-14T21:06:00","slug":"homem-e-preso-por-tentativa-de-roubo-apos-ameacar-casal-com-faca-em-tupa","status":"publish","type":"post","link":"https:\/\/diariodegarca.com\/?p=2821","title":{"rendered":"Homem \u00e9 preso por tentativa de roubo ap\u00f3s amea\u00e7ar casal com faca em Tup\u00e3"},"content":{"rendered":"<div>\n<div class=\"separator\" style=\"clear: both;text-align: center\">\n  <a href=\"https:\/\/blogger.googleusercontent.com\/img\/a\/AVvXsEjQA11u9-GNzos8Ks7Lw7N2ppGL8m-82S1t8DJuOTcoM_LnSJD0ltPaoeP-mUNCssllNkjLopdKfX2je2D075wKFuEF7d3poZdvRKcjakJAGVxEU0FPbAYHGhmB6VwHSFv9w4y82JFnyogYClHezDkf7JnnbFXNds0vJYt0x-eo0DHnma1MADYore9EvPs\" style=\"margin-left: 1em;margin-right: 1em\"><br \/>\n    <img decoding=\"async\" border=\"0\" src=\"https:\/\/blogger.googleusercontent.com\/img\/a\/AVvXsEjQA11u9-GNzos8Ks7Lw7N2ppGL8m-82S1t8DJuOTcoM_LnSJD0ltPaoeP-mUNCssllNkjLopdKfX2je2D075wKFuEF7d3poZdvRKcjakJAGVxEU0FPbAYHGhmB6VwHSFv9w4y82JFnyogYClHezDkf7JnnbFXNds0vJYt0x-eo0DHnma1MADYore9EvPs\" width=\"400\"><br \/>\n  <\/a>\n<\/div>\n<p><\/div>\n<div>Na madrugada de sexta-feira, dia 14 de fevereiro, equipes de Radiopatrulhamento da Pol\u00edcia Militar prenderam um homem por tentativa de roubo no bairro Jamil Dualib, em Tup\u00e3. O suspeito, armado com uma faca, amea\u00e7ou e agrediu um casal por volta das 05h30, na tentativa de subtrair dinheiro.\u00a0\u00a0<\/div>\n<div><\/div>\n<div>Ap\u00f3s o crime, o autor fugiu do local, mas foi localizado pelos policiais em uma casa abandonada no Jardim Apoema. A faca utilizada no assalto foi apreendida como prova do crime.<\/div>\n<div><\/div>\n<div>O suspeito foi conduzido \u00e0 Central de Pol\u00edcia Judici\u00e1ria, onde permaneceu \u00e0 disposi\u00e7\u00e3o da Justi\u00e7a, aguardando audi\u00eancia de cust\u00f3dia por roubo tentado.\u00a0\u00a0<\/div>\n<div><\/div>\n<div>A r\u00e1pida atua\u00e7\u00e3o das equipes de Radiopatrulhamento garantiu a pris\u00e3o do suspeito e refor\u00e7ou a seguran\u00e7a na regi\u00e3o.\u00a0\u00a0<\/div>\n","protected":false},"excerpt":{"rendered":"<p>Na madrugada de sexta-feira, dia 14 de fevereiro, equipes de Radiopatrulhamento da Pol\u00edcia Militar prenderam um homem por tentativa de roubo no bairro Jamil Dualib, em Tup\u00e3. O suspeito, armado com uma faca, amea\u00e7ou e agrediu um casal por volta das 05h30, na tentativa de subtrair dinheiro.\u00a0\u00a0 Ap\u00f3s o crime, o autor fugiu do local, [&hellip;]<\/p>\n","protected":false},"author":260896546,"featured_media":0,"comment_status":"open","ping_status":"open","sticky":false,"template":"","format":"standard","meta":{"_crdt_document":"","_monsterinsights_skip_tracking":false,"_monsterinsights_sitenote_active":false,"_monsterinsights_sitenote_note":"","_monsterinsights_sitenote_category":0,"advanced_seo_description":"","jetpack_seo_html_title":"","jetpack_seo_noindex":false,"_jetpack_newsletter_access":"","_jetpack_dont_email_post_to_subs":false,"_jetpack_newsletter_tier_id":0,"_jetpack_memberships_contains_paywalled_content":false,"_jetpack_memberships_contains_paid_content":false,"footnotes":"","jetpack_publicize_message":"","jetpack_publicize_feature_enabled":true,"jetpack_social_post_already_shared":false,"jetpack_social_options":{"image_generator_settings":{"template":"fullscreen","default_image_id":0,"font":"","enabled":false},"version":2},"_wpas_customize_per_network":false,"jetpack_post_was_ever_published":false},"categories":[38185],"tags":[1036487,2099801],"class_list":["post-2821","post","type-post","status-publish","format-standard","hentry","category-brasil","tag-seguranca-publica","tag-tupa"],"jetpack_publicize_connections":[],"jetpack_featured_media_url":"","jetpack_likes_enabled":true,"jetpack_sharing_enabled":true,"jetpack_shortlink":"https:\/\/wp.me\/pgitne-Jv","jetpack-related-posts":[{"id":6459,"url":"https:\/\/diariodegarca.com\/?p=6459","url_meta":{"origin":2821,"position":0},"title":"PM prende homem por viol\u00eancia dom\u00e9stica ap\u00f3s tentativa de fuga em Tup\u00e3","author":"Di\u00e1rio de Gar\u00e7a","date":"7 de setembro de 2025","format":false,"excerpt":"Agressor foi contido pela equipe de Radiopatrulhamento no bairro Parque Alian\u00e7a e encaminhado \u00e0 pol\u00edcia judici\u00e1ria. Um caso de viol\u00eancia dom\u00e9stica foi contido pela Pol\u00edcia Militar na manh\u00e3 desta sexta-feira, 5 de setembro, no bairro Parque Alian\u00e7a, em Tup\u00e3. Por volta das 8h, as equipes de Radiopatrulhamento foram acionadas para\u2026","rel":"","context":"Em &quot;Tup\u00e3&quot;","block_context":{"text":"Tup\u00e3","link":"https:\/\/diariodegarca.com\/?cat=781171665"},"img":{"alt_text":"","src":"https:\/\/i0.wp.com\/diariodegarca.com\/wp-content\/uploads\/2025\/08\/silhuetas-de-maos-aterrorizantes-no-estudio.jpg?fit=1200%2C800&ssl=1&resize=350%2C200","width":350,"height":200,"srcset":"https:\/\/i0.wp.com\/diariodegarca.com\/wp-content\/uploads\/2025\/08\/silhuetas-de-maos-aterrorizantes-no-estudio.jpg?fit=1200%2C800&ssl=1&resize=350%2C200 1x, https:\/\/i0.wp.com\/diariodegarca.com\/wp-content\/uploads\/2025\/08\/silhuetas-de-maos-aterrorizantes-no-estudio.jpg?fit=1200%2C800&ssl=1&resize=525%2C300 1.5x, https:\/\/i0.wp.com\/diariodegarca.com\/wp-content\/uploads\/2025\/08\/silhuetas-de-maos-aterrorizantes-no-estudio.jpg?fit=1200%2C800&ssl=1&resize=700%2C400 2x, https:\/\/i0.wp.com\/diariodegarca.com\/wp-content\/uploads\/2025\/08\/silhuetas-de-maos-aterrorizantes-no-estudio.jpg?fit=1200%2C800&ssl=1&resize=1050%2C600 3x"},"classes":[]},{"id":6042,"url":"https:\/\/diariodegarca.com\/?p=6042","url_meta":{"origin":2821,"position":1},"title":"Dois homens s\u00e3o presos em flagrante por tentativa de homic\u00eddio em Tup\u00e3","author":"Di\u00e1rio de Gar\u00e7a","date":"24 de agosto de 2025","format":false,"excerpt":"V\u00edtima foi encontrada inconsciente e sangrando no ch\u00e3o; autores fugiram de carro, mas foram localizados pela PM minutos depois com a arma do crime dentro do ve\u00edculo. Na noite desta s\u00e1bado, 23 de agosto, por volta das 20h40, dois indiv\u00edduos foram presos em flagrante pela Pol\u00edcia Militar do 9\u00ba Batalh\u00e3o\u2026","rel":"","context":"Em &quot;Seguran\u00e7a&quot;","block_context":{"text":"Seguran\u00e7a","link":"https:\/\/diariodegarca.com\/?cat=21243"},"img":{"alt_text":"","src":"https:\/\/i0.wp.com\/diariodegarca.com\/wp-content\/uploads\/2025\/08\/snapinsta.to_539095022_18313350073246526_1019714987667346732_n.webp?fit=1080%2C1080&ssl=1&resize=350%2C200","width":350,"height":200,"srcset":"https:\/\/i0.wp.com\/diariodegarca.com\/wp-content\/uploads\/2025\/08\/snapinsta.to_539095022_18313350073246526_1019714987667346732_n.webp?fit=1080%2C1080&ssl=1&resize=350%2C200 1x, https:\/\/i0.wp.com\/diariodegarca.com\/wp-content\/uploads\/2025\/08\/snapinsta.to_539095022_18313350073246526_1019714987667346732_n.webp?fit=1080%2C1080&ssl=1&resize=525%2C300 1.5x, https:\/\/i0.wp.com\/diariodegarca.com\/wp-content\/uploads\/2025\/08\/snapinsta.to_539095022_18313350073246526_1019714987667346732_n.webp?fit=1080%2C1080&ssl=1&resize=700%2C400 2x, https:\/\/i0.wp.com\/diariodegarca.com\/wp-content\/uploads\/2025\/08\/snapinsta.to_539095022_18313350073246526_1019714987667346732_n.webp?fit=1080%2C1080&ssl=1&resize=1050%2C600 3x"},"classes":[]},{"id":4970,"url":"https:\/\/diariodegarca.com\/?p=4970","url_meta":{"origin":2821,"position":2},"title":"PM: A\u00e7\u00f5es em Gar\u00e7a, Mar\u00edlia, Tup\u00e3 e G\u00e1lia levam a pris\u00f5es","author":"Di\u00e1rio de Gar\u00e7a","date":"24 de julho de 2025","format":false,"excerpt":"Ao todo foram presas 8 pessoas por estupro, tr\u00e1fico e roubo em quatro cidades do interior Em uma s\u00e9rie de opera\u00e7\u00f5es realizadas entre os dias 23 e 24 de julho, o 9\u00ba Batalh\u00e3o de Pol\u00edcia Militar do Interior demonstrou efici\u00eancia no combate ao crime organizado na regi\u00e3o. As a\u00e7\u00f5es, que\u2026","rel":"","context":"Em &quot;Gar\u00e7a&quot;","block_context":{"text":"Gar\u00e7a","link":"https:\/\/diariodegarca.com\/?cat=781171664"},"img":{"alt_text":"","src":"https:\/\/i0.wp.com\/diariodegarca.com\/wp-content\/uploads\/2025\/07\/522381887_4217999475080153_2060988269710767919_n.heic?fit=640%2C640&ssl=1&resize=350%2C200","width":350,"height":200,"srcset":"https:\/\/i0.wp.com\/diariodegarca.com\/wp-content\/uploads\/2025\/07\/522381887_4217999475080153_2060988269710767919_n.heic?fit=640%2C640&ssl=1&resize=350%2C200 1x, https:\/\/i0.wp.com\/diariodegarca.com\/wp-content\/uploads\/2025\/07\/522381887_4217999475080153_2060988269710767919_n.heic?fit=640%2C640&ssl=1&resize=525%2C300 1.5x"},"classes":[]},{"id":3655,"url":"https:\/\/diariodegarca.com\/?p=3655","url_meta":{"origin":2821,"position":3},"title":"Pris\u00f5es por estupro e tr\u00e1fico marcam fim de semana na regi\u00e3o","author":"Di\u00e1rio de Gar\u00e7a","date":"4 de junho de 2025","format":false,"excerpt":"A\u00e7\u00f5es do 9\u00ba Batalh\u00e3o da aconteceu nas cidades de Mar\u00edlia, Tup\u00e3 e Gar\u00e7a, com pris\u00f5es em flagrantes O 9\u00ba Batalh\u00e3o de Pol\u00edcia Militar do Interior registrou, no \u00faltimo fim de semana, ocorr\u00eancias graves em diferentes cidades da regi\u00e3o, resultando na pris\u00e3o de indiv\u00edduos por crimes como estupro, viol\u00eancia dom\u00e9stica e\u2026","rel":"","context":"Em &quot;Gar\u00e7a&quot;","block_context":{"text":"Gar\u00e7a","link":"https:\/\/diariodegarca.com\/?cat=781171664"},"img":{"alt_text":"","src":"","width":0,"height":0},"classes":[]},{"id":2823,"url":"https:\/\/diariodegarca.com\/?p=2823","url_meta":{"origin":2821,"position":4},"title":"Casal e adolescente s\u00e3o presos com crack em Tup\u00e3","author":"Di\u00e1rio de Gar\u00e7a","date":"14 de fevereiro de 2025","format":false,"excerpt":"Nesta quinta-feira, dia 13 de fevereiro, a For\u00e7a T\u00e1tica da Pol\u00edcia Militar prendeu em flagrante um casal e um adolescente suspeitos de tr\u00e1fico de drogas em uma casa desabitada no bairro Europa, em Tup\u00e3.\u00a0O local, que estava sendo utilizado como ponto de venda de entorpecentes, foi alvo de uma opera\u00e7\u00e3o\u2026","rel":"","context":"Em &quot;Brasil&quot;","block_context":{"text":"Brasil","link":"https:\/\/diariodegarca.com\/?cat=38185"},"img":{"alt_text":"","src":"","width":0,"height":0},"classes":[]},{"id":6015,"url":"https:\/\/diariodegarca.com\/?p=6015","url_meta":{"origin":2821,"position":5},"title":"Denuncia de viol\u00eancia dom\u00e9stica em Tup\u00e3 leva a pris\u00e3o de procurado da justi\u00e7a","author":"Di\u00e1rio de Gar\u00e7a","date":"23 de agosto de 2025","format":false,"excerpt":"Ap\u00f3s v\u00edtima conseguir se desvencilhar e pedir ajuda, policiais prenderam homem que escondia faca; consulta ao sistema mostrou mandado de pris\u00e3o preventiva por assassinato. Um flagrante de viol\u00eancia dom\u00e9stica na manh\u00e3 de quarta-feira, 22 de agosto, em Tup\u00e3 revelou um passado criminal muito mais grave: o agressor era procurado pela\u2026","rel":"","context":"Em &quot;Seguran\u00e7a&quot;","block_context":{"text":"Seguran\u00e7a","link":"https:\/\/diariodegarca.com\/?cat=21243"},"img":{"alt_text":"","src":"https:\/\/i0.wp.com\/diariodegarca.com\/wp-content\/uploads\/2025\/06\/511503492_18306010051246526_6301021612031383202_n-e1762261741864.webp?fit=1080%2C740&ssl=1&resize=350%2C200","width":350,"height":200,"srcset":"https:\/\/i0.wp.com\/diariodegarca.com\/wp-content\/uploads\/2025\/06\/511503492_18306010051246526_6301021612031383202_n-e1762261741864.webp?fit=1080%2C740&ssl=1&resize=350%2C200 1x, https:\/\/i0.wp.com\/diariodegarca.com\/wp-content\/uploads\/2025\/06\/511503492_18306010051246526_6301021612031383202_n-e1762261741864.webp?fit=1080%2C740&ssl=1&resize=525%2C300 1.5x, https:\/\/i0.wp.com\/diariodegarca.com\/wp-content\/uploads\/2025\/06\/511503492_18306010051246526_6301021612031383202_n-e1762261741864.webp?fit=1080%2C740&ssl=1&resize=700%2C400 2x, https:\/\/i0.wp.com\/diariodegarca.com\/wp-content\/uploads\/2025\/06\/511503492_18306010051246526_6301021612031383202_n-e1762261741864.webp?fit=1080%2C740&ssl=1&resize=1050%2C600 3x"},"classes":[]}],"_links":{"self":[{"href":"https:\/\/diariodegarca.com\/index.php?rest_route=\/wp\/v2\/posts\/2821","targetHints":{"allow":["GET"]}}],"collection":[{"href":"https:\/\/diariodegarca.com\/index.php?rest_route=\/wp\/v2\/posts"}],"about":[{"href":"https:\/\/diariodegarca.com\/index.php?rest_route=\/wp\/v2\/types\/post"}],"author":[{"embeddable":true,"href":"https:\/\/diariodegarca.com\/index.php?rest_route=\/wp\/v2\/users\/260896546"}],"replies":[{"embeddable":true,"href":"https:\/\/diariodegarca.com\/index.php?rest_route=%2Fwp%2Fv2%2Fcomments&post=2821"}],"version-history":[{"count":0,"href":"https:\/\/diariodegarca.com\/index.php?rest_route=\/wp\/v2\/posts\/2821\/revisions"}],"wp:attachment":[{"href":"https:\/\/diariodegarca.com\/index.php?rest_route=%2Fwp%2Fv2%2Fmedia&parent=2821"}],"wp:term":[{"taxonomy":"category","embeddable":true,"href":"https:\/\/diariodegarca.com\/index.php?rest_route=%2Fwp%2Fv2%2Fcategories&post=2821"},{"taxonomy":"post_tag","embeddable":true,"href":"https:\/\/diariodegarca.com\/index.php?rest_route=%2Fwp%2Fv2%2Ftags&post=2821"}],"curies":[{"name":"wp","href":"https:\/\/api.w.org\/{rel}","templated":true}]}}