{"id":2829,"date":"2025-02-14T18:24:00","date_gmt":"2025-02-14T18:24:00","guid":{"rendered":"https:\/\/diariodegarca.com\/2025\/02\/14\/procon-sp-questiona-tools-for-humanity-sobre-escaneamento-de-iris-e-exige-transparencia-aos-consumidores\/"},"modified":"2025-02-14T18:24:00","modified_gmt":"2025-02-14T18:24:00","slug":"procon-sp-questiona-tools-for-humanity-sobre-escaneamento-de-iris-e-exige-transparencia-aos-consumidores","status":"publish","type":"post","link":"https:\/\/diariodegarca.com\/?p=2829","title":{"rendered":"Procon-SP questiona Tools for Humanity sobre escaneamento de \u00edris e exige transpar\u00eancia aos consumidores"},"content":{"rendered":"<div>\n<div class=\"separator\" style=\"clear: both;text-align: center\">\n  <a href=\"https:\/\/blogger.googleusercontent.com\/img\/a\/AVvXsEg1KGN_c20PhGtvpN5KL7JeCKV2QaMYedfaWXaWf6VvCb8GsAT8ovRMVuBZvj7zsN7e2qicb0yojhxvL_EtfqUwMaNoFPT-swDO-JQLS8NFMh1E9I4Z3v_4EV9DAZ6xqswO49HkeM-n6vjZR6rkswha1JBtJuRx4xUCnvzUl3F8Q5e3DQLzaz43s2X_hQQ\" style=\"margin-left: 1em;margin-right: 1em\"><br \/>\n    <img decoding=\"async\" border=\"0\" src=\"https:\/\/blogger.googleusercontent.com\/img\/a\/AVvXsEg1KGN_c20PhGtvpN5KL7JeCKV2QaMYedfaWXaWf6VvCb8GsAT8ovRMVuBZvj7zsN7e2qicb0yojhxvL_EtfqUwMaNoFPT-swDO-JQLS8NFMh1E9I4Z3v_4EV9DAZ6xqswO49HkeM-n6vjZR6rkswha1JBtJuRx4xUCnvzUl3F8Q5e3DQLzaz43s2X_hQQ\" width=\"400\"><br \/>\n  <\/a>\n<\/div>\n<p><\/div>\n<div>\n<p>O Procon-SP recebeu, nesta quinta-feira, 13 de fevereiro de 2025, representantes da Tools for Humanity, empresa controladora da World, para esclarecer detalhes sobre a atividade de escaneamento de \u00edris realizada pela companhia. A pr\u00e1tica, que oferece remunera\u00e7\u00e3o aos participantes, est\u00e1 <strong>suspensa no Brasil<\/strong> por determina\u00e7\u00e3o da Ag\u00eancia Nacional de Prote\u00e7\u00e3o de Dados (ANPD).<\/p>\n<p>O objetivo do Procon-SP \u00e9 avaliar <strong>se os procedimentos adotados pela empresa est\u00e3o em conformidade com o C\u00f3digo de Defesa do Consumidor (CDC)<\/strong> e se garantem a transpar\u00eancia e a seguran\u00e7a dos dados dos cidad\u00e3os.<\/p>\n<h3><strong>Principais questionamentos do Procon-SP<\/strong><\/h3>\n<p>Durante a reuni\u00e3o, a Tools for Humanity apresentou o funcionamento do <strong>World ID<\/strong>, um protocolo gerado a partir do escaneamento da \u00edris, que pode ser utilizado como ferramenta de autentica\u00e7\u00e3o no futuro. No entanto, o Procon-SP solicitou <strong>esclarecimentos adicionais<\/strong> sobre diversos aspectos, incluindo:<\/p>\n<p>\u2714\ufe0f <strong>Forma de comunica\u00e7\u00e3o com os consumidores<\/strong><br \/>\n\u2714\ufe0f <strong>Armazenamento e tratamento dos dados coletados<\/strong><br \/>\n\u2714\ufe0f <strong>Garantias de seguran\u00e7a oferecidas<\/strong><br \/>\n\u2714\ufe0f <strong>Objetivos do uso dessas informa\u00e7\u00f5es<\/strong><\/p>\n<h3><strong>Tecnologia sob an\u00e1lise<\/strong><\/h3>\n<p>Luiz Orsatti Filho, diretor executivo do Procon-SP, destacou a import\u00e2ncia de avaliar a tecnologia sob a \u00f3tica das leis de prote\u00e7\u00e3o ao consumidor.<\/p>\n<blockquote>\n<p>\u201cTrata-se de uma tecnologia disruptiva que precisa ser muito bem detalhada, para que seja poss\u00edvel aos \u00f3rg\u00e3os de defesa do consumidor avaliar se atende ao CDC e n\u00e3o fere outros direitos dos cidad\u00e3os.\u201d<\/p>\n<\/blockquote>\n<p>Ele tamb\u00e9m ressaltou a necessidade de entender <strong>como a remunera\u00e7\u00e3o oferecida aos participantes se encaixa no contexto consumerista<\/strong>, j\u00e1 que a atividade <strong>n\u00e3o configura um ato de consumo tradicional<\/strong>.<\/p>\n<p>Outro ponto de preocupa\u00e7\u00e3o \u00e9 o <strong>n\u00edvel de compreens\u00e3o da popula\u00e7\u00e3o<\/strong> sobre o uso de ferramentas tecnol\u00f3gicas. O Procon-SP quer garantir que os consumidores <strong>sejam informados de forma clara e acess\u00edvel<\/strong> sobre o que significa <strong>\u201ctokenizar\u201d seus dados pessoais<\/strong> e quais s\u00e3o os riscos e benef\u00edcios envolvidos.<\/p>\n<blockquote>\n<p>\u201cPrecisamos entender para esclarecer o consumidor sobre diversos aspectos, como, por exemplo, o que ele recebe em troca de ceder seus dados pessoais\u201d, completou Orsatti.<\/p>\n<\/blockquote>\n<h3><strong>Pr\u00f3ximos passos<\/strong><\/h3>\n<p>A <strong>Tools for Humanity ter\u00e1 um prazo para responder aos questionamentos<\/strong> do Procon-SP. As respostas ser\u00e3o analisadas pelo \u00f3rg\u00e3o, que avaliar\u00e1 a conformidade da empresa com o CDC.<\/p>\n<p>Enquanto isso, a atividade de <strong>escaneamento de \u00edris permanece suspensa no Brasil<\/strong>, aguardando a conclus\u00e3o das an\u00e1lises da ANPD e do Procon-SP.<\/p>\n<p><\/p>\n<\/div>\n","protected":false},"excerpt":{"rendered":"<p>O Procon-SP recebeu, nesta quinta-feira, 13 de fevereiro de 2025, representantes da Tools for Humanity, empresa controladora da World, para esclarecer detalhes sobre a atividade de escaneamento de \u00edris realizada pela companhia. A pr\u00e1tica, que oferece remunera\u00e7\u00e3o aos participantes, est\u00e1 suspensa no Brasil por determina\u00e7\u00e3o da Ag\u00eancia Nacional de Prote\u00e7\u00e3o de Dados (ANPD). O objetivo [&hellip;]<\/p>\n","protected":false},"author":260896546,"featured_media":0,"comment_status":"open","ping_status":"open","sticky":false,"template":"","format":"standard","meta":{"_crdt_document":"","_monsterinsights_skip_tracking":false,"_monsterinsights_sitenote_active":false,"_monsterinsights_sitenote_note":"","_monsterinsights_sitenote_category":0,"advanced_seo_description":"","jetpack_seo_html_title":"","jetpack_seo_noindex":false,"_jetpack_newsletter_access":"","_jetpack_dont_email_post_to_subs":false,"_jetpack_newsletter_tier_id":0,"_jetpack_memberships_contains_paywalled_content":false,"_jetpack_memberships_contains_paid_content":false,"footnotes":"","jetpack_publicize_message":"","jetpack_publicize_feature_enabled":true,"jetpack_social_post_already_shared":false,"jetpack_social_options":{"image_generator_settings":{"template":"fullscreen","default_image_id":0,"font":"","enabled":false},"version":2},"_wpas_customize_per_network":false,"jetpack_post_was_ever_published":false},"categories":[38185],"tags":[948934,781171787,172441],"class_list":["post-2829","post","type-post","status-publish","format-standard","hentry","category-brasil","tag-procon","tag-tecnologia","tag-transparencia"],"jetpack_publicize_connections":[],"jetpack_featured_media_url":"","jetpack_likes_enabled":true,"jetpack_sharing_enabled":true,"jetpack_shortlink":"https:\/\/wp.me\/pgitne-JD","jetpack-related-posts":[{"id":2385,"url":"https:\/\/diariodegarca.com\/?p=2385","url_meta":{"origin":2829,"position":0},"title":"Procon-SP alerta para riscos em jogos e apostas e cobra regulamenta\u00e7\u00e3o mais r\u00edgida","author":"Di\u00e1rio de Gar\u00e7a","date":"11 de abril de 2025","format":false,"excerpt":"Em meio ao crescimento do mercado de apostas esportivas no Brasil, o\u00a0Procon-SP\u00a0enviou um alerta \u00e0\u00a0Secretaria de Pr\u00eamios e Apostas do Minist\u00e9rio da Fazenda (SPA-MF)\u00a0sobre a necessidade de ajustes na regulamenta\u00e7\u00e3o do setor. A funda\u00e7\u00e3o destacou a import\u00e2ncia de\u00a0garantir transpar\u00eancia aos consumidores, refor\u00e7ando que apostadores tamb\u00e9m est\u00e3o amparados pelo\u00a0C\u00f3digo de Defesa\u2026","rel":"","context":"Em &quot;Brasil&quot;","block_context":{"text":"Brasil","link":"https:\/\/diariodegarca.com\/?cat=38185"},"img":{"alt_text":"","src":"https:\/\/i0.wp.com\/blogger.googleusercontent.com\/img\/b\/R29vZ2xl\/AVvXsEjFagQyFKz157JwbzxTJwl8gwH4BQcZoPTrnev4dyDKTXAwjDLz6zL1Y1a7C_wENLWNFTIB8S-tW6Jf7wubz5B9pX0jRoI5zKTr36uxlcHiSODB70KVwY8O0yvAGZFnIy0F-UyG5JlZhGHuWWkYvhLyty07hWhRL14WuDiVNUZ_vSxgAUGvmo9nG3v-044\/s320\/people-bet-soccer-game-match-internet.jpg?resize=350%2C200&ssl=1","width":350,"height":200},"classes":[]},{"id":2796,"url":"https:\/\/diariodegarca.com\/?p=2796","url_meta":{"origin":2829,"position":1},"title":"Procon-SP esclarece descumprimento da lei e orienta consumidores sobre a falta de precifica\u00e7\u00e3o em vitrines de Gar\u00e7a","author":"Di\u00e1rio de Gar\u00e7a","date":"18 de fevereiro de 2025","format":false,"excerpt":"Na cidade de Gar\u00e7a, a falta de pre\u00e7os vis\u00edveis em vitrines tem gerado confus\u00e3o e frustra\u00e7\u00e3o entre os consumidores. Enquanto alguns desistem da compra ao descobrir o real valor cobrado pelo produto, outros, pressionados por atendentes, acabam cedendo e adquirindo mercadorias que consideram caras. Uma simples caminhada pelas lojas da\u2026","rel":"","context":"Em &quot;Brasil&quot;","block_context":{"text":"Brasil","link":"https:\/\/diariodegarca.com\/?cat=38185"},"img":{"alt_text":"","src":"","width":0,"height":0},"classes":[]},{"id":9794,"url":"https:\/\/diariodegarca.com\/?p=9794","url_meta":{"origin":2829,"position":2},"title":"Procon-SP multa WePink em R$ 1,5 milh\u00e3o por falhas na entrega e falta de transpar\u00eancia","author":"Di\u00e1rio de Gar\u00e7a","date":"6 de janeiro de 2026","format":false,"excerpt":"Fiscaliza\u00e7\u00e3o apontou descumprimento de prazos, dificuldades no estorno de valores e irregularidades no site da empresa de cosm\u00e9ticos A empresa Savi Cosm\u00e9ticos Ltda., conhecida comercialmente como WePink, foi multada pelo Procon-SP em R$ 1.566.416,66 por infra\u00e7\u00f5es ao C\u00f3digo de Defesa do Consumidor (CDC). A penalidade \u00e9 resultado de uma fiscaliza\u00e7\u00e3o\u2026","rel":"","context":"Em &quot;Brasil&quot;","block_context":{"text":"Brasil","link":"https:\/\/diariodegarca.com\/?cat=38185"},"img":{"alt_text":"","src":"https:\/\/i0.wp.com\/diariodegarca.com\/wp-content\/uploads\/2026\/01\/wepink.jpg?fit=1080%2C610&ssl=1&resize=350%2C200","width":350,"height":200,"srcset":"https:\/\/i0.wp.com\/diariodegarca.com\/wp-content\/uploads\/2026\/01\/wepink.jpg?fit=1080%2C610&ssl=1&resize=350%2C200 1x, https:\/\/i0.wp.com\/diariodegarca.com\/wp-content\/uploads\/2026\/01\/wepink.jpg?fit=1080%2C610&ssl=1&resize=525%2C300 1.5x, https:\/\/i0.wp.com\/diariodegarca.com\/wp-content\/uploads\/2026\/01\/wepink.jpg?fit=1080%2C610&ssl=1&resize=700%2C400 2x, https:\/\/i0.wp.com\/diariodegarca.com\/wp-content\/uploads\/2026\/01\/wepink.jpg?fit=1080%2C610&ssl=1&resize=1050%2C600 3x"},"classes":[]},{"id":4298,"url":"https:\/\/diariodegarca.com\/?p=4298","url_meta":{"origin":2829,"position":3},"title":"Consumidores desconhecem regulamenta\u00e7\u00e3o de pre\u00e7os e uso de dados pessoais em farm\u00e1cias, alertam Procon-SP e Idec","author":"Di\u00e1rio de Gar\u00e7a","date":"27 de junho de 2025","format":false,"excerpt":"Pesquisas revelam que 86% dos consumidores n\u00e3o sabem como suas informa\u00e7\u00f5es s\u00e3o utilizadas, enquanto varia\u00e7\u00f5es abusivas nos pre\u00e7os de medicamentos chegam a 2.000% Uma recente consulta realizada pelo\u00a0Procon-SP\u00a0com 1.378 consumidores exp\u00f4s graves falhas na transpar\u00eancia do setor farmac\u00eautico. Segundo o levantamento: 74,8%\u00a0desconhecem que a maioria dos medicamentos tem pre\u00e7o m\u00e1ximo\u2026","rel":"","context":"Em &quot;Fiscaliza\u00e7\u00e3o&quot;","block_context":{"text":"Fiscaliza\u00e7\u00e3o","link":"https:\/\/diariodegarca.com\/?cat=1192752"},"img":{"alt_text":"","src":"https:\/\/i0.wp.com\/diariodegarca.com\/wp-content\/uploads\/2025\/06\/closeup-vista-da-mao-farmaceutico-tirando-caixa-de-remedios-da-prateleira-da-farmacia.jpg?fit=1200%2C801&ssl=1&resize=350%2C200","width":350,"height":200,"srcset":"https:\/\/i0.wp.com\/diariodegarca.com\/wp-content\/uploads\/2025\/06\/closeup-vista-da-mao-farmaceutico-tirando-caixa-de-remedios-da-prateleira-da-farmacia.jpg?fit=1200%2C801&ssl=1&resize=350%2C200 1x, https:\/\/i0.wp.com\/diariodegarca.com\/wp-content\/uploads\/2025\/06\/closeup-vista-da-mao-farmaceutico-tirando-caixa-de-remedios-da-prateleira-da-farmacia.jpg?fit=1200%2C801&ssl=1&resize=525%2C300 1.5x, https:\/\/i0.wp.com\/diariodegarca.com\/wp-content\/uploads\/2025\/06\/closeup-vista-da-mao-farmaceutico-tirando-caixa-de-remedios-da-prateleira-da-farmacia.jpg?fit=1200%2C801&ssl=1&resize=700%2C400 2x, https:\/\/i0.wp.com\/diariodegarca.com\/wp-content\/uploads\/2025\/06\/closeup-vista-da-mao-farmaceutico-tirando-caixa-de-remedios-da-prateleira-da-farmacia.jpg?fit=1200%2C801&ssl=1&resize=1050%2C600 3x"},"classes":[]},{"id":4431,"url":"https:\/\/diariodegarca.com\/?p=4431","url_meta":{"origin":2829,"position":4},"title":"Procon-SP e Idec discutem regulamenta\u00e7\u00e3o do Pix parcelado e alertam para riscos de endividamento","author":"Di\u00e1rio de Gar\u00e7a","date":"3 de julho de 2025","format":false,"excerpt":"Entidades defendem transpar\u00eancia na oferta do servi\u00e7o, que ainda n\u00e3o tem normas definidas pelo Banco Central; falta de informa\u00e7\u00f5es claras pode prejudicar consumidores. O\u00a0Procon-SP\u00a0recebeu na quarta-feira, dia 2 de julho, representantes do\u00a0Instituto Brasileiro de Defesa do Consumidor (Idec)\u00a0para discutir os desafios e riscos do\u00a0Pix parcelado, modalidade de cr\u00e9dito que vem\u2026","rel":"","context":"Em &quot;Brasil&quot;","block_context":{"text":"Brasil","link":"https:\/\/diariodegarca.com\/?cat=38185"},"img":{"alt_text":"","src":"","width":0,"height":0},"classes":[]},{"id":2282,"url":"https:\/\/diariodegarca.com\/?p=2282","url_meta":{"origin":2829,"position":5},"title":"Procon-SP multa Nestl\u00e9 em R$ 13 milh\u00f5es por publicidade enganosa em embalagens","author":"Di\u00e1rio de Gar\u00e7a","date":"24 de abril de 2025","format":false,"excerpt":"O Procon-SP autuou a Nestl\u00e9 por publicidade enganosa em embalagens de diversos produtos, incluindo biscoitos da linha Nesfit e o creme de leite da marca. A multa, que pode chegar a R$ 13 milh\u00f5es, foi aplicada ap\u00f3s constata\u00e7\u00e3o de que os consumidores foram induzidos a erro quanto \u00e0 composi\u00e7\u00e3o real\u2026","rel":"","context":"Em &quot;Brasil&quot;","block_context":{"text":"Brasil","link":"https:\/\/diariodegarca.com\/?cat=38185"},"img":{"alt_text":"","src":"https:\/\/i0.wp.com\/blogger.googleusercontent.com\/img\/b\/R29vZ2xl\/AVvXsEg6SWMv9i50ehAIlKifckxuwJ9IEv3PMLttVkhwN8CLy6zB6D1m9sWkl2EFRzZM7J-2DUjUYl01sGZ_pOwbmCqmV9f8ebf2ptj0kOV66ZeAIf9x6gT_uZkiBJ_88d9h4NRaFQKpRQz9QQzN7yU9LByLAoJyGmIj6-FtF6ZAl-Ay38l_3j8ihBcdxzyC8p8\/s320\/Nestle-sede-Distribuicao-Hoje-1-1-848x477.webp?resize=350%2C200&ssl=1","width":350,"height":200},"classes":[]}],"_links":{"self":[{"href":"https:\/\/diariodegarca.com\/index.php?rest_route=\/wp\/v2\/posts\/2829","targetHints":{"allow":["GET"]}}],"collection":[{"href":"https:\/\/diariodegarca.com\/index.php?rest_route=\/wp\/v2\/posts"}],"about":[{"href":"https:\/\/diariodegarca.com\/index.php?rest_route=\/wp\/v2\/types\/post"}],"author":[{"embeddable":true,"href":"https:\/\/diariodegarca.com\/index.php?rest_route=\/wp\/v2\/users\/260896546"}],"replies":[{"embeddable":true,"href":"https:\/\/diariodegarca.com\/index.php?rest_route=%2Fwp%2Fv2%2Fcomments&post=2829"}],"version-history":[{"count":0,"href":"https:\/\/diariodegarca.com\/index.php?rest_route=\/wp\/v2\/posts\/2829\/revisions"}],"wp:attachment":[{"href":"https:\/\/diariodegarca.com\/index.php?rest_route=%2Fwp%2Fv2%2Fmedia&parent=2829"}],"wp:term":[{"taxonomy":"category","embeddable":true,"href":"https:\/\/diariodegarca.com\/index.php?rest_route=%2Fwp%2Fv2%2Fcategories&post=2829"},{"taxonomy":"post_tag","embeddable":true,"href":"https:\/\/diariodegarca.com\/index.php?rest_route=%2Fwp%2Fv2%2Ftags&post=2829"}],"curies":[{"name":"wp","href":"https:\/\/api.w.org\/{rel}","templated":true}]}}