{"id":2830,"date":"2025-02-14T15:01:00","date_gmt":"2025-02-14T15:01:00","guid":{"rendered":"https:\/\/diariodegarca.com\/2025\/02\/14\/ciencia-e-10-tem-inscricoes-abertas-para-professores-de-todo-o-brasil\/"},"modified":"2025-02-14T15:01:00","modified_gmt":"2025-02-14T15:01:00","slug":"ciencia-e-10-tem-inscricoes-abertas-para-professores-de-todo-o-brasil","status":"publish","type":"post","link":"https:\/\/diariodegarca.com\/?p=2830","title":{"rendered":"Ci\u00eancia \u00e9 10 tem inscri\u00e7\u00f5es abertas para professores de todo o Brasil"},"content":{"rendered":"<div>\n<div class=\"separator\" style=\"clear: both;text-align: center\">\n  <a href=\"https:\/\/blogger.googleusercontent.com\/img\/a\/AVvXsEhh3NhXb2wyhKzE490GNSLgOFnsWOzEefkhK0NRXJ_9Bhq8p9u9pXfert7CsGXKMH6Ii2BNlP_Jh66DAoVRlDpX78Y5-5Gov6RjCb4pSKnNBEOF61brExlEW9WduZcp_JGK6_YKbg9YJlD_I-ysbfXAIfnbKXQzCOZYArtbxxZN3SXsT14PzTrzlKOlUxY\" style=\"margin-left: 1em;margin-right: 1em\"><br \/>\n    <img decoding=\"async\" border=\"0\" src=\"https:\/\/blogger.googleusercontent.com\/img\/a\/AVvXsEhh3NhXb2wyhKzE490GNSLgOFnsWOzEefkhK0NRXJ_9Bhq8p9u9pXfert7CsGXKMH6Ii2BNlP_Jh66DAoVRlDpX78Y5-5Gov6RjCb4pSKnNBEOF61brExlEW9WduZcp_JGK6_YKbg9YJlD_I-ysbfXAIfnbKXQzCOZYArtbxxZN3SXsT14PzTrzlKOlUxY\" width=\"400\"><br \/>\n  <\/a>\n<\/div>\n<p><\/div>\n<div>\n<p>A <strong>CAPES<\/strong> (Coordena\u00e7\u00e3o de Aperfei\u00e7oamento de Pessoal de N\u00edvel Superior) ampliou o p\u00fablico-alvo do curso de especializa\u00e7\u00e3o <strong>Ci\u00eancia \u00e9 10 (C10)<\/strong>. Agora, al\u00e9m de professores dos anos finais do ensino fundamental, o programa tamb\u00e9m aceita docentes do ensino m\u00e9dio e dos anos iniciais do fundamental.<\/p>\n<p>A mudan\u00e7a vale para as <strong>6.810 vagas dispon\u00edveis at\u00e9 2026<\/strong>, conforme o <strong>Edital n\u00ba 25\/2023<\/strong> da <strong>Universidade Aberta do Brasil (UAB)<\/strong>.<\/p>\n<h2><strong>Sobre o curso<\/strong><\/h2>\n<p>O <strong>Ci\u00eancia \u00e9 10<\/strong> \u00e9 uma especializa\u00e7\u00e3o na modalidade <strong>ensino a dist\u00e2ncia (EaD)<\/strong> voltada para professores que atuam em sala de aula. O foco \u00e9 a cria\u00e7\u00e3o e implementa\u00e7\u00e3o de <strong>projetos pedag\u00f3gicos<\/strong> que aprimorem o ensino de:<\/p>\n<p>\u2705 <strong>Biologia<\/strong><br \/>\n\u2705 <strong>F\u00edsica<\/strong><br \/>\n\u2705 <strong>Matem\u00e1tica<\/strong><br \/>\n\u2705 <strong>Qu\u00edmica<\/strong><br \/>\n\u2705 <strong>Ci\u00eancias da Natureza<\/strong><\/p>\n<h2><strong>Inscri\u00e7\u00f5es abertas<\/strong><\/h2>\n<p>As inscri\u00e7\u00f5es s\u00e3o realizadas nos sites das <strong>42 institui\u00e7\u00f5es<\/strong> participantes. Algumas j\u00e1 iniciaram seus processos seletivos, enquanto outras seguem com prazos abertos. Confira algumas das principais oportunidades:<\/p>\n<p>\ud83d\udccc <strong>UEMA<\/strong> \u2013 at\u00e9 <strong>19\/2<\/strong> \u2192 <a href=\"https:\/\/www.uema.br\">UEMAnet<\/a><br \/>\n\ud83d\udccc <strong>IFBA<\/strong> \u2013 at\u00e9 <strong>26\/2<\/strong> \u2192 <a href=\"https:\/\/www.ifba.edu.br\">Edital IFBA<\/a><br \/>\n\ud83d\udccc <strong>IFFS<\/strong> \u2013 at\u00e9 <strong>14\/2<\/strong> \u2192 <a href=\"https:\/\/www.iffs.edu.br\">SIGAA IFFS<\/a><br \/>\n\ud83d\udccc <strong>UFJF<\/strong> \u2013 at\u00e9 <strong>14\/3<\/strong> \u2192 <a href=\"https:\/\/www.ufjf.br\">CEAD\/UFJF<\/a><br \/>\n\ud83d\udccc <strong>UnB<\/strong> \u2013 at\u00e9 <strong>23\/2<\/strong> \u2192 <a href=\"https:\/\/www.cead.unb.br\">Cead UnB<\/a><br \/>\n\ud83d\udccc <strong>UFVJM<\/strong> \u2013 at\u00e9 <strong>9\/3<\/strong> \u2192 <a href=\"https:\/\/www.ead.ufvjm.edu.br\">EAD UFVJM<\/a><\/p>\n<h2><strong>Quem pode participar?<\/strong><\/h2>\n<p>\ud83d\udc69\u200d\ud83c\udfeb <strong>Professores da rede p\u00fablica<\/strong> t\u00eam prioridade na sele\u00e7\u00e3o.<br \/>\n\ud83c\udfeb <strong>Docentes da rede privada<\/strong> tamb\u00e9m podem se inscrever.<br \/>\n\ud83d\udccc <strong>\u00c9 obrigat\u00f3rio estar em sala de aula<\/strong>, pois o curso exige aplica\u00e7\u00e3o pr\u00e1tica dos conhecimentos adquiridos.<\/p>\n<h2><strong>Parceria para fortalecer a educa\u00e7\u00e3o<\/strong><\/h2>\n<p>O programa faz parte do <strong>Mais Ci\u00eancia na Escola<\/strong>, uma iniciativa da <strong>CAPES<\/strong>, em parceria com:<\/p>\n<ul>\n<li><strong>Minist\u00e9rio da Educa\u00e7\u00e3o (MEC)<\/strong><\/li>\n<li><strong>Minist\u00e9rio da Ci\u00eancia, Tecnologia e Inova\u00e7\u00e3o (MCTI)<\/strong><\/li>\n<li><strong>CNPq (Conselho Nacional de Desenvolvimento Cient\u00edfico e Tecnol\u00f3gico)<\/strong><\/li>\n<\/ul>\n<p>As aulas do <strong>primeiro semestre de 2025<\/strong> ter\u00e3o in\u00edcio entre o <strong>fim de mar\u00e7o e o come\u00e7o de abril<\/strong>.<\/p>\n<p>\ud83d\udd17 <strong>Para mais informa\u00e7\u00f5es e a lista completa de institui\u00e7\u00f5es participantes:<\/strong><br \/>\n\ud83d\udc49 <a href=\"https:\/\/www.capes.gov.br\/C10_2025\">capes.gov.br\/C10_2025<\/a><\/p>\n<\/div>\n","protected":false},"excerpt":{"rendered":"<p>A CAPES (Coordena\u00e7\u00e3o de Aperfei\u00e7oamento de Pessoal de N\u00edvel Superior) ampliou o p\u00fablico-alvo do curso de especializa\u00e7\u00e3o Ci\u00eancia \u00e9 10 (C10). Agora, al\u00e9m de professores dos anos finais do ensino fundamental, o programa tamb\u00e9m aceita docentes do ensino m\u00e9dio e dos anos iniciais do fundamental. A mudan\u00e7a vale para as 6.810 vagas dispon\u00edveis at\u00e9 2026, [&hellip;]<\/p>\n","protected":false},"author":260896546,"featured_media":0,"comment_status":"open","ping_status":"open","sticky":false,"template":"","format":"standard","meta":{"_crdt_document":"","_monsterinsights_skip_tracking":false,"_monsterinsights_sitenote_active":false,"_monsterinsights_sitenote_note":"","_monsterinsights_sitenote_category":0,"advanced_seo_description":"","jetpack_seo_html_title":"","jetpack_seo_noindex":false,"_jetpack_newsletter_access":"","_jetpack_dont_email_post_to_subs":false,"_jetpack_newsletter_tier_id":0,"_jetpack_memberships_contains_paywalled_content":false,"_jetpack_memberships_contains_paid_content":false,"footnotes":"","jetpack_publicize_message":"","jetpack_publicize_feature_enabled":true,"jetpack_social_post_already_shared":false,"jetpack_social_options":{"image_generator_settings":{"template":"fullscreen","default_image_id":0,"font":"","enabled":false},"version":2},"_wpas_customize_per_network":false,"jetpack_post_was_ever_published":false},"categories":[38185],"tags":[781171800,781171797],"class_list":["post-2830","post","type-post","status-publish","format-standard","hentry","category-brasil","tag-curso","tag-educacao"],"jetpack_publicize_connections":[],"jetpack_featured_media_url":"","jetpack_likes_enabled":true,"jetpack_sharing_enabled":true,"jetpack_shortlink":"https:\/\/wp.me\/pgitne-JE","jetpack-related-posts":[{"id":2671,"url":"https:\/\/diariodegarca.com\/?p=2671","url_meta":{"origin":2830,"position":0},"title":"ENACIN promove cursos gratuitos sobre ci\u00eancia da informa\u00e7\u00e3o e tecnologia","author":"Di\u00e1rio de Gar\u00e7a","date":"8 de mar\u00e7o de 2025","format":false,"excerpt":"A Escola Nacional de Informa\u00e7\u00e3o (ENACIN), em parceria com a Coordena\u00e7\u00e3o de Ensino e Pesquisa, Ci\u00eancia e Tecnologia da Informa\u00e7\u00e3o (COEPI) do Instituto Brasileiro de Informa\u00e7\u00e3o em Ci\u00eancia e Tecnologia (IBICT), anuncia a realiza\u00e7\u00e3o da Escola de Ver\u00e3o 2025. \ud83d\udcc5 Data: 10 a 14 de mar\u00e7o de 2025 \ud83d\udcbb Modalidade:\u2026","rel":"","context":"Em &quot;Brasil&quot;","block_context":{"text":"Brasil","link":"https:\/\/diariodegarca.com\/?cat=38185"},"img":{"alt_text":"","src":"","width":0,"height":0},"classes":[]},{"id":6055,"url":"https:\/\/diariodegarca.com\/?p=6055","url_meta":{"origin":2830,"position":1},"title":"MEC oferta curso de 180 horas para qualifica\u00e7\u00e3o de professores do Ensino M\u00e9dio p\u00fablico","author":"Di\u00e1rio de Gar\u00e7a","date":"25 de agosto de 2025","format":false,"excerpt":"\"Mais Ensino M\u00e9dio\", dispon\u00edvel na plataforma Avamec, aborda desde pol\u00edticas educacionais e cultura digital at\u00e9 temas contempor\u00e2neos como crise clim\u00e1tica e apostas esportivas. O Minist\u00e9rio da Educa\u00e7\u00e3o (MEC) lan\u00e7ou oficialmente o curso \"Mais Ensino M\u00e9dio\", uma forma\u00e7\u00e3o continuada de 180 horas destinada a professores da rede p\u00fablica desta etapa de\u2026","rel":"","context":"Em &quot;Curso&quot;","block_context":{"text":"Curso","link":"https:\/\/diariodegarca.com\/?cat=36947"},"img":{"alt_text":"","src":"https:\/\/i0.wp.com\/diariodegarca.com\/wp-content\/uploads\/2025\/08\/por-favor-diga-nos-uma-resposta-correta.jpg?fit=1200%2C800&ssl=1&resize=350%2C200","width":350,"height":200,"srcset":"https:\/\/i0.wp.com\/diariodegarca.com\/wp-content\/uploads\/2025\/08\/por-favor-diga-nos-uma-resposta-correta.jpg?fit=1200%2C800&ssl=1&resize=350%2C200 1x, https:\/\/i0.wp.com\/diariodegarca.com\/wp-content\/uploads\/2025\/08\/por-favor-diga-nos-uma-resposta-correta.jpg?fit=1200%2C800&ssl=1&resize=525%2C300 1.5x, https:\/\/i0.wp.com\/diariodegarca.com\/wp-content\/uploads\/2025\/08\/por-favor-diga-nos-uma-resposta-correta.jpg?fit=1200%2C800&ssl=1&resize=700%2C400 2x, https:\/\/i0.wp.com\/diariodegarca.com\/wp-content\/uploads\/2025\/08\/por-favor-diga-nos-uma-resposta-correta.jpg?fit=1200%2C800&ssl=1&resize=1050%2C600 3x"},"classes":[]},{"id":2307,"url":"https:\/\/diariodegarca.com\/?p=2307","url_meta":{"origin":2830,"position":2},"title":"USP lan\u00e7a curso gratuito e EaD sobre quadrinhos como ferramenta de ensino de Hist\u00f3ria","author":"Di\u00e1rio de Gar\u00e7a","date":"20 de abril de 2025","format":false,"excerpt":"A Universidade de S\u00e3o Paulo (USP), refer\u00eancia em excel\u00eancia acad\u00eamica na Am\u00e9rica Latina, est\u00e1 com inscri\u00e7\u00f5es abertas para o curso \u201cQuadrinhos como Fontes Hist\u00f3ricas e Ferramentas para o Ensino de Hist\u00f3ria\u201d.\u00a0Gratuito e 100% on-line, o curso \u00e9 voltado a professores e estudantes de gradua\u00e7\u00e3o em Hist\u00f3ria. A proposta \u00e9 integrar\u2026","rel":"","context":"Em &quot;Brasil&quot;","block_context":{"text":"Brasil","link":"https:\/\/diariodegarca.com\/?cat=38185"},"img":{"alt_text":"","src":"","width":0,"height":0},"classes":[]},{"id":6587,"url":"https:\/\/diariodegarca.com\/?p=6587","url_meta":{"origin":2830,"position":3},"title":"Ocau\u00e7u abre inscri\u00e7\u00f5es para vagas de est\u00e1gio em diversos n\u00edveis","author":"Di\u00e1rio de Gar\u00e7a","date":"10 de setembro de 2025","format":false,"excerpt":"Processo seletivo oferece oportunidades para ensino m\u00e9dio, t\u00e9cnico e superior; inscri\u00e7\u00f5es e provas s\u00e3o online at\u00e9 23 de setembro. A Prefeitura Municipal de Ocau\u00e7u, em parceria com o Centro de Integra\u00e7\u00e3o Empresa-Escola (CIEE), publicou o Edital n\u00ba 01\/2025, abrindo inscri\u00e7\u00f5es para a forma\u00e7\u00e3o de cadastro reserva de estagi\u00e1rios em diversas\u2026","rel":"","context":"Em &quot;Est\u00e1gio&quot;","block_context":{"text":"Est\u00e1gio","link":"https:\/\/diariodegarca.com\/?cat=64915"},"img":{"alt_text":"","src":"https:\/\/i0.wp.com\/diariodegarca.com\/wp-content\/uploads\/2025\/09\/pessoas-de-tiro-medio-com-papelada.jpg?fit=1200%2C800&ssl=1&resize=350%2C200","width":350,"height":200,"srcset":"https:\/\/i0.wp.com\/diariodegarca.com\/wp-content\/uploads\/2025\/09\/pessoas-de-tiro-medio-com-papelada.jpg?fit=1200%2C800&ssl=1&resize=350%2C200 1x, https:\/\/i0.wp.com\/diariodegarca.com\/wp-content\/uploads\/2025\/09\/pessoas-de-tiro-medio-com-papelada.jpg?fit=1200%2C800&ssl=1&resize=525%2C300 1.5x, https:\/\/i0.wp.com\/diariodegarca.com\/wp-content\/uploads\/2025\/09\/pessoas-de-tiro-medio-com-papelada.jpg?fit=1200%2C800&ssl=1&resize=700%2C400 2x, https:\/\/i0.wp.com\/diariodegarca.com\/wp-content\/uploads\/2025\/09\/pessoas-de-tiro-medio-com-papelada.jpg?fit=1200%2C800&ssl=1&resize=1050%2C600 3x"},"classes":[]},{"id":8225,"url":"https:\/\/diariodegarca.com\/?p=8225","url_meta":{"origin":2830,"position":4},"title":"EMCA abre processo seletivo para vaga de agente administrativo com sal\u00e1rio de R$ 1.852,00","author":"Andreza Sega","date":"30 de outubro de 2025","format":false,"excerpt":"Inscri\u00e7\u00f5es ocorrem at\u00e9 o dia 5 de novembro; candidatos ser\u00e3o avaliados por t\u00edtulos, experi\u00eancia profissional e entrevista. A Associa\u00e7\u00e3o Movimento Pr\u00f3-Cultura, gestora da Escola Municipal de Cultura Art\u00edstica (EMCA) \"Am\u00e9lio Nan\u00e1 Zancope\", publicou o Edital de Processo Seletivo Simplificado n\u00ba 04\/2025. O objetivo \u00e9 a contrata\u00e7\u00e3o de um Agente Administrativo\u2026","rel":"","context":"Em &quot;Cultura&quot;","block_context":{"text":"Cultura","link":"https:\/\/diariodegarca.com\/?cat=2367"},"img":{"alt_text":"","src":"https:\/\/i0.wp.com\/diariodegarca.com\/wp-content\/uploads\/2025\/10\/mulher-de-tiro-medio-com-papelada.jpg?fit=1200%2C800&ssl=1&resize=350%2C200","width":350,"height":200,"srcset":"https:\/\/i0.wp.com\/diariodegarca.com\/wp-content\/uploads\/2025\/10\/mulher-de-tiro-medio-com-papelada.jpg?fit=1200%2C800&ssl=1&resize=350%2C200 1x, https:\/\/i0.wp.com\/diariodegarca.com\/wp-content\/uploads\/2025\/10\/mulher-de-tiro-medio-com-papelada.jpg?fit=1200%2C800&ssl=1&resize=525%2C300 1.5x, https:\/\/i0.wp.com\/diariodegarca.com\/wp-content\/uploads\/2025\/10\/mulher-de-tiro-medio-com-papelada.jpg?fit=1200%2C800&ssl=1&resize=700%2C400 2x, https:\/\/i0.wp.com\/diariodegarca.com\/wp-content\/uploads\/2025\/10\/mulher-de-tiro-medio-com-papelada.jpg?fit=1200%2C800&ssl=1&resize=1050%2C600 3x"},"classes":[]},{"id":2982,"url":"https:\/\/diariodegarca.com\/?p=2982","url_meta":{"origin":2830,"position":5},"title":"SisEB abre pr\u00e9-inscri\u00e7\u00f5es para curso EaD de Media\u00e7\u00e3o de Clubes de Leitura","author":"Di\u00e1rio de Gar\u00e7a","date":"21 de janeiro de 2025","format":false,"excerpt":"O Sistema Estadual de Bibliotecas P\u00fablicas de S\u00e3o Paulo (SisEB) est\u00e1 com pr\u00e9-inscri\u00e7\u00f5es abertas para o curso de Media\u00e7\u00e3o de Clubes de Leitura. Essa capacita\u00e7\u00e3o on-line, que combina teoria, pr\u00e1tica e metodologia dial\u00f3gica, \u00e9 voltada para quem deseja mediar clubes de leitura e fomentar o amor pelos livros.Informa\u00e7\u00f5es principaisPr\u00e9-inscri\u00e7\u00f5es: at\u00e9\u2026","rel":"","context":"Em &quot;Brasil&quot;","block_context":{"text":"Brasil","link":"https:\/\/diariodegarca.com\/?cat=38185"},"img":{"alt_text":"","src":"https:\/\/i0.wp.com\/blogger.googleusercontent.com\/img\/b\/R29vZ2xl\/AVvXsEhAVu_WJdeSRrVpJJ3NzYwGXF2wv-eMqa5OqDAB7lwdzs_gL8IeKZlHJmUBeXN5qlA0uzzKG-evZx8waqJ_4mEhMQoN7eGqszIjSJsqEp6IfDFaoAli4gU2UjLsCRsKhLWCoPXAu3Gz_bgr0nerg8Xy6-9gkXAmy0jYY4KCSV1aUpCv4_1DUhZBU5i1DSU\/s320\/1.jpg?resize=350%2C200&ssl=1","width":350,"height":200},"classes":[]}],"_links":{"self":[{"href":"https:\/\/diariodegarca.com\/index.php?rest_route=\/wp\/v2\/posts\/2830","targetHints":{"allow":["GET"]}}],"collection":[{"href":"https:\/\/diariodegarca.com\/index.php?rest_route=\/wp\/v2\/posts"}],"about":[{"href":"https:\/\/diariodegarca.com\/index.php?rest_route=\/wp\/v2\/types\/post"}],"author":[{"embeddable":true,"href":"https:\/\/diariodegarca.com\/index.php?rest_route=\/wp\/v2\/users\/260896546"}],"replies":[{"embeddable":true,"href":"https:\/\/diariodegarca.com\/index.php?rest_route=%2Fwp%2Fv2%2Fcomments&post=2830"}],"version-history":[{"count":0,"href":"https:\/\/diariodegarca.com\/index.php?rest_route=\/wp\/v2\/posts\/2830\/revisions"}],"wp:attachment":[{"href":"https:\/\/diariodegarca.com\/index.php?rest_route=%2Fwp%2Fv2%2Fmedia&parent=2830"}],"wp:term":[{"taxonomy":"category","embeddable":true,"href":"https:\/\/diariodegarca.com\/index.php?rest_route=%2Fwp%2Fv2%2Fcategories&post=2830"},{"taxonomy":"post_tag","embeddable":true,"href":"https:\/\/diariodegarca.com\/index.php?rest_route=%2Fwp%2Fv2%2Ftags&post=2830"}],"curies":[{"name":"wp","href":"https:\/\/api.w.org\/{rel}","templated":true}]}}