{"id":2834,"date":"2025-02-13T17:20:00","date_gmt":"2025-02-13T17:20:00","guid":{"rendered":"https:\/\/diariodegarca.com\/2025\/02\/13\/jovens-do-projeto-juntos-pela-cidadania-vivem-dia-de-aprendizado-no-9o-batalhao-da-pm-em-marilia\/"},"modified":"2025-02-13T17:20:00","modified_gmt":"2025-02-13T17:20:00","slug":"jovens-do-projeto-juntos-pela-cidadania-vivem-dia-de-aprendizado-no-9o-batalhao-da-pm-em-marilia","status":"publish","type":"post","link":"https:\/\/diariodegarca.com\/?p=2834","title":{"rendered":"Jovens do projeto Juntos pela Cidadania vivem dia de aprendizado no 9\u00ba Batalh\u00e3o da PM em Mar\u00edlia"},"content":{"rendered":"<div>\n<p><div class=\"separator\" style=\"clear: both;text-align: center\">\n  <a href=\"https:\/\/blogger.googleusercontent.com\/img\/a\/AVvXsEhD1ZSCca291scZ4XTmK9ZSaKl-_Ebmmgbxb0z0tbCzCyCcFmov4OEOcRvbYFVuBXYyhYiBTOBaeLyEujegk7gv6ukJrnG-wmMDwvVuhJb8RdLe1-e5laIWiD5l1_gp4MuOinqpdOsGON5Nd-RbW3_m8dc30TRqLdb-Bpi9p0YdDrwfptlKJxAAvjW1FDQ\" style=\"margin-left: 1em;margin-right: 1em\"><br \/>\n    <img decoding=\"async\" border=\"0\" src=\"https:\/\/blogger.googleusercontent.com\/img\/a\/AVvXsEhD1ZSCca291scZ4XTmK9ZSaKl-_Ebmmgbxb0z0tbCzCyCcFmov4OEOcRvbYFVuBXYyhYiBTOBaeLyEujegk7gv6ukJrnG-wmMDwvVuhJb8RdLe1-e5laIWiD5l1_gp4MuOinqpdOsGON5Nd-RbW3_m8dc30TRqLdb-Bpi9p0YdDrwfptlKJxAAvjW1FDQ\" width=\"400\"><br \/>\n  <\/a>\n<\/div>\n<p><\/p>\n<p>No dia 12 de fevereiro, adolescentes do projeto <strong>Juntos pela Cidadania<\/strong>, da <strong>Patrulha Juvenil de Gar\u00e7a<\/strong>, tiveram uma experi\u00eancia enriquecedora ao visitar o <strong>9\u00ba Batalh\u00e3o de Pol\u00edcia Militar (9\u00ba BPM)<\/strong> em Mar\u00edlia.\u00a0<\/p>\n<p><span style=\"letter-spacing: 0.2px\">A iniciativa, compartilhada nas redes sociais oficiais de ambas as institui\u00e7\u00f5es<\/span><span style=\"letter-spacing: 0.2px\">, refor\u00e7ou a import\u00e2ncia de a\u00e7\u00f5es que promovam a cidadania e o engajamento social entre os jovens.<\/span><\/p>\n<p>A recep\u00e7\u00e3o foi marcada por um acolhimento especial da equipe do <strong>9\u00ba BPM<\/strong>, que apresentou o funcionamento da unidade e destacou valores essenciais, como <strong>responsabilidade, respeito e compromisso com a seguran\u00e7a p\u00fablica<\/strong>.\u00a0<\/p>\n<p>Durante a visita, os adolescentes tiveram a oportunidade de conhecer de perto o trabalho dos policiais militares, ampliando sua vis\u00e3o sobre o papel da institui\u00e7\u00e3o na sociedade.<\/p>\n<p>Nas redes sociais, tanto a <strong>Patrulha Juvenil<\/strong>\u00a0quanto o <strong>9\u00ba BPM<\/strong> expressaram satisfa\u00e7\u00e3o com a a\u00e7\u00e3o.<br \/>\n<em>&#8220;S\u00e3o iniciativas como essa que fazem a diferen\u00e7a na forma\u00e7\u00e3o dos nossos jovens&#8221;<\/em>, destacou a publica\u00e7\u00e3o conjunta.<\/p>\n<p>O projeto <strong>Juntos pela Cidadania<\/strong> busca promover a inclus\u00e3o social e o desenvolvimento pessoal dos adolescentes, oferecendo atividades que incentivam o senso de coletividade e a constru\u00e7\u00e3o de um futuro mais consciente.<\/p>\n<p>Essa a\u00e7\u00e3o refor\u00e7a como a parceria entre institui\u00e7\u00f5es de seguran\u00e7a p\u00fablica e projetos sociais pode transformar vidas. O contato direto com profissionais da \u00e1rea inspira os jovens e fortalece o di\u00e1logo sobre cidadania, responsabilidade e respeito m\u00fatuo.<\/p>\n<\/div>\n","protected":false},"excerpt":{"rendered":"<p>No dia 12 de fevereiro, adolescentes do projeto Juntos pela Cidadania, da Patrulha Juvenil de Gar\u00e7a, tiveram uma experi\u00eancia enriquecedora ao visitar o 9\u00ba Batalh\u00e3o de Pol\u00edcia Militar (9\u00ba BPM) em Mar\u00edlia.\u00a0 A iniciativa, compartilhada nas redes sociais oficiais de ambas as institui\u00e7\u00f5es, refor\u00e7ou a import\u00e2ncia de a\u00e7\u00f5es que promovam a cidadania e o engajamento [&hellip;]<\/p>\n","protected":false},"author":260896546,"featured_media":0,"comment_status":"open","ping_status":"open","sticky":false,"template":"","format":"standard","meta":{"_crdt_document":"","_monsterinsights_skip_tracking":false,"_monsterinsights_sitenote_active":false,"_monsterinsights_sitenote_note":"","_monsterinsights_sitenote_category":0,"advanced_seo_description":"","jetpack_seo_html_title":"","jetpack_seo_noindex":false,"_jetpack_newsletter_access":"","_jetpack_dont_email_post_to_subs":false,"_jetpack_newsletter_tier_id":0,"_jetpack_memberships_contains_paywalled_content":false,"_jetpack_memberships_contains_paid_content":false,"footnotes":"","jetpack_publicize_message":"","jetpack_publicize_feature_enabled":true,"jetpack_social_post_already_shared":false,"jetpack_social_options":{"image_generator_settings":{"template":"fullscreen","default_image_id":0,"font":"","enabled":false},"version":2},"_wpas_customize_per_network":false,"jetpack_post_was_ever_published":false},"categories":[38185],"tags":[781171801,781171797,222752],"class_list":["post-2834","post","type-post","status-publish","format-standard","hentry","category-brasil","tag-brasil","tag-educacao","tag-marilia"],"jetpack_publicize_connections":[],"jetpack_featured_media_url":"","jetpack_likes_enabled":true,"jetpack_sharing_enabled":true,"jetpack_shortlink":"https:\/\/wp.me\/pgitne-JI","jetpack-related-posts":[{"id":2585,"url":"https:\/\/diariodegarca.com\/?p=2585","url_meta":{"origin":2834,"position":0},"title":"Adolescentes do Projeto S.I.M visitam o 9\u00ba BPM\/I e conhecem a rotina da Pol\u00edcia Militar","author":"Di\u00e1rio de Gar\u00e7a","date":"20 de mar\u00e7o de 2025","format":false,"excerpt":"No dia 18 de mar\u00e7o, o 9\u00ba Batalh\u00e3o de Pol\u00edcia Militar do Interior (9\u00ba BPM\/I) recebeu um grupo de adolescentes participantes do Projeto S.I.M (Servi\u00e7o de Integra\u00e7\u00e3o de Menores) de Pomp\u00e9ia. A visita teve como objetivo apresentar aos jovens a hist\u00f3ria e a rotina de trabalho da Pol\u00edcia Militar do\u2026","rel":"","context":"Em &quot;Brasil&quot;","block_context":{"text":"Brasil","link":"https:\/\/diariodegarca.com\/?cat=38185"},"img":{"alt_text":"","src":"","width":0,"height":0},"classes":[]},{"id":3655,"url":"https:\/\/diariodegarca.com\/?p=3655","url_meta":{"origin":2834,"position":1},"title":"Pris\u00f5es por estupro e tr\u00e1fico marcam fim de semana na regi\u00e3o","author":"Di\u00e1rio de Gar\u00e7a","date":"4 de junho de 2025","format":false,"excerpt":"A\u00e7\u00f5es do 9\u00ba Batalh\u00e3o da aconteceu nas cidades de Mar\u00edlia, Tup\u00e3 e Gar\u00e7a, com pris\u00f5es em flagrantes O 9\u00ba Batalh\u00e3o de Pol\u00edcia Militar do Interior registrou, no \u00faltimo fim de semana, ocorr\u00eancias graves em diferentes cidades da regi\u00e3o, resultando na pris\u00e3o de indiv\u00edduos por crimes como estupro, viol\u00eancia dom\u00e9stica e\u2026","rel":"","context":"Em &quot;Gar\u00e7a&quot;","block_context":{"text":"Gar\u00e7a","link":"https:\/\/diariodegarca.com\/?cat=781171664"},"img":{"alt_text":"","src":"","width":0,"height":0},"classes":[]},{"id":5279,"url":"https:\/\/diariodegarca.com\/?p=5279","url_meta":{"origin":2834,"position":2},"title":"Opera\u00e7\u00f5es policiais em Arco-\u00cdris, Tup\u00e3 e Mar\u00edlia resultam em pris\u00f5es por tr\u00e1fico, amea\u00e7a e outros crimes","author":"Di\u00e1rio de Gar\u00e7a","date":"5 de agosto de 2025","format":false,"excerpt":"A\u00e7\u00f5es do 9\u00ba Batalh\u00e3o da PM prenderam suspeitos por tr\u00e1fico de drogas, capturaram foragidos e desarticularam atividades criminosas nas tr\u00eas cidades. Tr\u00e1fico de drogas em Arco-\u00cdris Na \u00faltima sexta-feira, 1\u00ba de agosto, policiais militares do 9\u00ba Batalh\u00e3o prenderam um homem por tr\u00e1fico de drogas em Arco-\u00cdris. O suspeito foi flagrado\u2026","rel":"","context":"Em &quot;Arco-\u00cdris&quot;","block_context":{"text":"Arco-\u00cdris","link":"https:\/\/diariodegarca.com\/?cat=873132"},"img":{"alt_text":"","src":"https:\/\/i0.wp.com\/diariodegarca.com\/wp-content\/uploads\/2025\/08\/trafico-de-drogas-em-arco-irisnesta-sexta-feira-1-por-volta-das-19h29min-policiais-militare.webp?fit=1080%2C607&ssl=1&resize=350%2C200","width":350,"height":200,"srcset":"https:\/\/i0.wp.com\/diariodegarca.com\/wp-content\/uploads\/2025\/08\/trafico-de-drogas-em-arco-irisnesta-sexta-feira-1-por-volta-das-19h29min-policiais-militare.webp?fit=1080%2C607&ssl=1&resize=350%2C200 1x, https:\/\/i0.wp.com\/diariodegarca.com\/wp-content\/uploads\/2025\/08\/trafico-de-drogas-em-arco-irisnesta-sexta-feira-1-por-volta-das-19h29min-policiais-militare.webp?fit=1080%2C607&ssl=1&resize=525%2C300 1.5x, https:\/\/i0.wp.com\/diariodegarca.com\/wp-content\/uploads\/2025\/08\/trafico-de-drogas-em-arco-irisnesta-sexta-feira-1-por-volta-das-19h29min-policiais-militare.webp?fit=1080%2C607&ssl=1&resize=700%2C400 2x, https:\/\/i0.wp.com\/diariodegarca.com\/wp-content\/uploads\/2025\/08\/trafico-de-drogas-em-arco-irisnesta-sexta-feira-1-por-volta-das-19h29min-policiais-militare.webp?fit=1080%2C607&ssl=1&resize=1050%2C600 3x"},"classes":[]},{"id":4311,"url":"https:\/\/diariodegarca.com\/?p=4311","url_meta":{"origin":2834,"position":3},"title":"Pol\u00edcia Militar prende traficantes e captura procurado por homic\u00eddio na regi\u00e3o","author":"Di\u00e1rio de Gar\u00e7a","date":"30 de junho de 2025","format":false,"excerpt":"A\u00e7\u00f5es do 9\u00ba Batalh\u00e3o resultaram na apreens\u00e3o de drogas e na pris\u00e3o de criminosos em J\u00falio Mesquita e Mar\u00edlia Neste fim de semana, o 9\u00ba Batalh\u00e3o de Pol\u00edcia Militar do Interior registrou ocorr\u00eancias significativas em duas cidades da regi\u00e3o, demonstrando a efici\u00eancia do patrulhamento e da investiga\u00e7\u00e3o policial. J\u00falio Mesquita:\u2026","rel":"","context":"Em &quot;J\u00falio Mesquita&quot;","block_context":{"text":"J\u00falio Mesquita","link":"https:\/\/diariodegarca.com\/?cat=5925410"},"img":{"alt_text":"","src":"","width":0,"height":0},"classes":[]},{"id":2521,"url":"https:\/\/diariodegarca.com\/?p=2521","url_meta":{"origin":2834,"position":4},"title":"Pol\u00edcia Militar recupera ve\u00edculo furtado em Mar\u00edlia","author":"Di\u00e1rio de Gar\u00e7a","date":"31 de mar\u00e7o de 2025","format":false,"excerpt":"No \u00faltimo domingo, dia 30 de mar\u00e7o, policiais militares do 9\u00ba Batalh\u00e3o de Pol\u00edcia Militar do Interior (9\u00ba BPMI) localizaram e recuperaram um ve\u00edculo que havia sido furtado na cidade de Mar\u00edlia.Por volta das 09h40, durante patrulhamento na zona sul do munic\u00edpio, as equipes avistaram um Volkswagen Santana branco, que\u2026","rel":"","context":"Em &quot;Brasil&quot;","block_context":{"text":"Brasil","link":"https:\/\/diariodegarca.com\/?cat=38185"},"img":{"alt_text":"","src":"https:\/\/i0.wp.com\/blogger.googleusercontent.com\/img\/b\/R29vZ2xl\/AVvXsEgitn6qWEZv6erbet2-GynmpkN1oo3-RWbFSCTeGsfXJo8iDNONDQIDEfJnMZVdKKQrJkTz2eJ-WDY3kSP3BrABwOIeFUolp9JxV4cgow68TaABxS5aaLake3g5risEfZX01aBw9nI1SmGiOZNRlCzG5TNmEHNaqajxRbpYcGkIjlRI7UHWyJa6HNckn-E\/s320\/Snapins.ai_487415904_4097175930558869_7433907194971721035_n_1080.jpg?resize=350%2C200&ssl=1","width":350,"height":200},"classes":[]},{"id":2792,"url":"https:\/\/diariodegarca.com\/?p=2792","url_meta":{"origin":2834,"position":5},"title":"Homem \u00e9 preso ap\u00f3s arrombar casa e amea\u00e7ar morador com facas em Mar\u00edlia","author":"Di\u00e1rio de Gar\u00e7a","date":"19 de fevereiro de 2025","format":false,"excerpt":"Na noite de ter\u00e7a-feira, dia 18 de fevereiro, por volta das 23h19, policiais do 9\u00ba Batalh\u00e3o de Pol\u00edcia Militar do Interior (9\u00ba BPMI) prenderam um homem acusado de invadir uma resid\u00eancia no munic\u00edpio de Mar\u00edlia.\u00a0Segundo relatos, o infrator arrombou a propriedade e subtraiu cerca de 15 metros de fios de\u2026","rel":"","context":"Em &quot;Brasil&quot;","block_context":{"text":"Brasil","link":"https:\/\/diariodegarca.com\/?cat=38185"},"img":{"alt_text":"","src":"","width":0,"height":0},"classes":[]}],"_links":{"self":[{"href":"https:\/\/diariodegarca.com\/index.php?rest_route=\/wp\/v2\/posts\/2834","targetHints":{"allow":["GET"]}}],"collection":[{"href":"https:\/\/diariodegarca.com\/index.php?rest_route=\/wp\/v2\/posts"}],"about":[{"href":"https:\/\/diariodegarca.com\/index.php?rest_route=\/wp\/v2\/types\/post"}],"author":[{"embeddable":true,"href":"https:\/\/diariodegarca.com\/index.php?rest_route=\/wp\/v2\/users\/260896546"}],"replies":[{"embeddable":true,"href":"https:\/\/diariodegarca.com\/index.php?rest_route=%2Fwp%2Fv2%2Fcomments&post=2834"}],"version-history":[{"count":0,"href":"https:\/\/diariodegarca.com\/index.php?rest_route=\/wp\/v2\/posts\/2834\/revisions"}],"wp:attachment":[{"href":"https:\/\/diariodegarca.com\/index.php?rest_route=%2Fwp%2Fv2%2Fmedia&parent=2834"}],"wp:term":[{"taxonomy":"category","embeddable":true,"href":"https:\/\/diariodegarca.com\/index.php?rest_route=%2Fwp%2Fv2%2Fcategories&post=2834"},{"taxonomy":"post_tag","embeddable":true,"href":"https:\/\/diariodegarca.com\/index.php?rest_route=%2Fwp%2Fv2%2Ftags&post=2834"}],"curies":[{"name":"wp","href":"https:\/\/api.w.org\/{rel}","templated":true}]}}