{"id":2840,"date":"2025-02-13T11:38:00","date_gmt":"2025-02-13T11:38:00","guid":{"rendered":"https:\/\/diariodegarca.com\/2025\/02\/13\/curso-de-lideranca-e-empoderamento-para-mulheres-com-deficiencia\/"},"modified":"2025-02-13T11:38:00","modified_gmt":"2025-02-13T11:38:00","slug":"curso-de-lideranca-e-empoderamento-para-mulheres-com-deficiencia","status":"publish","type":"post","link":"https:\/\/diariodegarca.com\/?p=2840","title":{"rendered":"Curso de Lideran\u00e7a e Empoderamento para Mulheres com Defici\u00eancia"},"content":{"rendered":"<\/p>\n<div>\n  <a href=\"https:\/\/blogger.googleusercontent.com\/img\/a\/AVvXsEjzcO0lL7zRUF4AYlMWFjC8-KEIaKJA-_HFvEmG52oqZquAuWRD26CX79OGEjS6c2XkISNF352HuA06tlmS8Sx-lNjBOgrk5cRpMgV484TH2U-GAYy-YsUXIUbicFbJyYhRsdf-Bmr-sMxaYvcpPfXjy9-mKkezMmErJyDLrHr8_fxtUCU-l2ZIXDI2BOI\"><br \/>\n    <\/a><\/p>\n<div><a href=\"https:\/\/blogger.googleusercontent.com\/img\/a\/AVvXsEjzcO0lL7zRUF4AYlMWFjC8-KEIaKJA-_HFvEmG52oqZquAuWRD26CX79OGEjS6c2XkISNF352HuA06tlmS8Sx-lNjBOgrk5cRpMgV484TH2U-GAYy-YsUXIUbicFbJyYhRsdf-Bmr-sMxaYvcpPfXjy9-mKkezMmErJyDLrHr8_fxtUCU-l2ZIXDI2BOI\"><br \/>\n  <\/a><a href=\"https:\/\/blogger.googleusercontent.com\/img\/a\/AVvXsEgh-0KVYM27-C-HLk-D5PYOoqBZw_HJQTLhMhbvfH8_Mwjd8Bw0OgQD5vQCpsEa0e0sQYnvv7aohlw9l31WvlsPJv2bM6dEYlp31ESpqLptM85v-_Nlyj14CJ6U1irCH6augYdpRx0Hd98ulGu43KrR01JZBx5spFCNYQtoPLDk5kQb31RluFE3iKuzuOc\"><br \/>\n    <img decoding=\"async\" border=\"0\" src=\"https:\/\/blogger.googleusercontent.com\/img\/a\/AVvXsEgh-0KVYM27-C-HLk-D5PYOoqBZw_HJQTLhMhbvfH8_Mwjd8Bw0OgQD5vQCpsEa0e0sQYnvv7aohlw9l31WvlsPJv2bM6dEYlp31ESpqLptM85v-_Nlyj14CJ6U1irCH6augYdpRx0Hd98ulGu43KrR01JZBx5spFCNYQtoPLDk5kQb31RluFE3iKuzuOc\" width=\"400\"><br \/>\n  <\/a>\n<\/div>\n<\/div>\n<h3><strong>Inscri\u00e7\u00f5es Abertas \u2013 Turma 2025<\/strong><\/h3>\n<p>A <strong>Secretaria de Estado dos Direitos da Pessoa com Defici\u00eancia de S\u00e3o Paulo<\/strong>, por meio do programa <strong>TODAS in-Rede<\/strong>, em parceria com a <strong>Secretaria de Pol\u00edticas para as Mulheres<\/strong> e com o apoio da <strong>AME<\/strong>, abre inscri\u00e7\u00f5es para o <strong>Curso de Lideran\u00e7a e Empoderamento Feminino para Mulheres com Defici\u00eancia<\/strong>.<\/p>\n<h3><strong>\ud83d\udccc Sobre o curso<\/strong><\/h3>\n<p>\u2714 <strong>Objetivo:<\/strong> fortalecer o protagonismo e a autonomia das participantes, promovendo inclus\u00e3o e desenvolvimento de lideran\u00e7a.<br \/>\n\u2714 <strong>Formato:<\/strong> online, pela plataforma <strong>Google Meet<\/strong>.<br \/>\n\u2714 <strong>Acessibilidade:<\/strong> recursos de <strong>Libras<\/strong> e <strong>audiodescri\u00e7\u00e3o<\/strong> dispon\u00edveis.<br \/>\n\u2714 <strong>Custo:<\/strong> <strong>100% gratuito<\/strong>.<\/p>\n<h3><strong>\ud83d\udcc5 Datas e hor\u00e1rios<\/strong><\/h3>\n<p>\ud83d\udcc6 <strong>Aulas em mar\u00e7o de 2025<\/strong><br \/>\n\ud83d\uddd3 <strong>Dias:<\/strong> 11, 13, 18, 20 e 25 de mar\u00e7o<br \/>\n\u23f0 <strong>Hor\u00e1rio:<\/strong> ter\u00e7as e quintas-feiras, das <strong>19h \u00e0s 22h<\/strong><\/p>\n<h3><strong>\ud83c\udfaf Quem pode participar?<\/strong><\/h3>\n<p>Mulheres com defici\u00eancia interessadas em ampliar sua atua\u00e7\u00e3o em espa\u00e7os de <strong>decis\u00e3o e lideran\u00e7a<\/strong>.<\/p>\n<h3><strong>\ud83d\udce2 Inscri\u00e7\u00f5es<\/strong><\/h3>\n<p>\ud83d\udcc5 <strong>Prazo:<\/strong> at\u00e9 <strong>25 de fevereiro de 2025<\/strong><br \/>\n\ud83d\udd17 <strong>Link:<\/strong> <a href=\"https:\/\/bit.ly\/Lideran\u00e7a2025\">https:\/\/bit.ly\/Lideran\u00e7a2025<\/a><\/p>\n<p>\u26a0 <strong>Importante:<\/strong> O <strong>WhatsApp<\/strong> \u00e9 o principal canal de contato. Certifique-se de inserir corretamente seu n\u00famero de telefone e DDD no formul\u00e1rio de inscri\u00e7\u00e3o.<\/p>\n<p>\ud83d\udce3 <strong>Junte-se a essa iniciativa e fortale\u00e7a seu papel na sociedade!<\/strong><\/p>\n","protected":false},"excerpt":{"rendered":"<p>Inscri\u00e7\u00f5es Abertas \u2013 Turma 2025 A Secretaria de Estado dos Direitos da Pessoa com Defici\u00eancia de S\u00e3o Paulo, por meio do programa TODAS in-Rede, em parceria com a Secretaria de Pol\u00edticas para as Mulheres e com o apoio da AME, abre inscri\u00e7\u00f5es para o Curso de Lideran\u00e7a e Empoderamento Feminino para Mulheres com Defici\u00eancia. \ud83d\udccc [&hellip;]<\/p>\n","protected":false},"author":260896546,"featured_media":0,"comment_status":"open","ping_status":"open","sticky":false,"template":"","format":"standard","meta":{"_crdt_document":"","_monsterinsights_skip_tracking":false,"_monsterinsights_sitenote_active":false,"_monsterinsights_sitenote_note":"","_monsterinsights_sitenote_category":0,"advanced_seo_description":"","jetpack_seo_html_title":"","jetpack_seo_noindex":false,"_jetpack_newsletter_access":"","_jetpack_dont_email_post_to_subs":false,"_jetpack_newsletter_tier_id":0,"_jetpack_memberships_contains_paywalled_content":false,"_jetpack_memberships_contains_paid_content":false,"footnotes":"","jetpack_publicize_message":"","jetpack_publicize_feature_enabled":true,"jetpack_social_post_already_shared":false,"jetpack_social_options":{"image_generator_settings":{"template":"fullscreen","default_image_id":0,"font":"","enabled":false},"version":2},"_wpas_customize_per_network":false,"jetpack_post_was_ever_published":false},"categories":[38185],"tags":[781171800],"class_list":["post-2840","post","type-post","status-publish","format-standard","hentry","category-brasil","tag-curso"],"jetpack_publicize_connections":[],"jetpack_featured_media_url":"","jetpack_likes_enabled":true,"jetpack_sharing_enabled":true,"jetpack_shortlink":"https:\/\/wp.me\/pgitne-JO","jetpack-related-posts":[{"id":4366,"url":"https:\/\/diariodegarca.com\/?p=4366","url_meta":{"origin":2840,"position":0},"title":"Univesp disponibiliza mais de 500 mil vagas gratuitas em cursos on-line de capacita\u00e7\u00e3o profissional","author":"Di\u00e1rio de Gar\u00e7a","date":"2 de julho de 2025","format":false,"excerpt":"Programa Oportunidade J\u00e1 oferece forma\u00e7\u00e3o nas \u00e1reas de tecnologia, turismo, voluntariado, soft skills e muito mais; vagas s\u00e3o acess\u00edveis a todos os interessados A Universidade Virtual do Estado de S\u00e3o Paulo (Univesp) deu in\u00edcio \u00e0 segunda edi\u00e7\u00e3o do Programa Oportunidade J\u00e1, iniciativa que oferece mais de 500 mil vagas gratuitas\u2026","rel":"","context":"Em &quot;Curso&quot;","block_context":{"text":"Curso","link":"https:\/\/diariodegarca.com\/?cat=36947"},"img":{"alt_text":"","src":"","width":0,"height":0},"classes":[]},{"id":2799,"url":"https:\/\/diariodegarca.com\/?p=2799","url_meta":{"origin":2840,"position":1},"title":"Inscri\u00e7\u00f5es para curso gratuito de Libras on-line","author":"Di\u00e1rio de Gar\u00e7a","date":"18 de fevereiro de 2025","format":false,"excerpt":"A Secretaria de Estado dos Direitos da Pessoa com Defici\u00eancia (SEDPcD) inicia, na ter\u00e7a-feira, dia 18 de fevereiro, \u00e0s 10h, as inscri\u00e7\u00f5es para o curso \"Introdu\u00e7\u00e3o \u00e0 Libras\". A iniciativa, realizada em parceria com a Universidade Virtual do Estado de S\u00e3o Paulo (Univesp), disponibiliza 1.500 vagas para aulas on-line e\u2026","rel":"","context":"Em &quot;Brasil&quot;","block_context":{"text":"Brasil","link":"https:\/\/diariodegarca.com\/?cat=38185"},"img":{"alt_text":"","src":"","width":0,"height":0},"classes":[]},{"id":2603,"url":"https:\/\/diariodegarca.com\/?p=2603","url_meta":{"origin":2840,"position":2},"title":"Curso gratuito de Introdu\u00e7\u00e3o \u00e0 Libras com aulas gravadas abre inscri\u00e7\u00f5es amanh\u00e3","author":"Di\u00e1rio de Gar\u00e7a","date":"18 de mar\u00e7o de 2025","format":false,"excerpt":"A Secretaria de Estado dos Direitos da Pessoa com Defici\u00eancia (SEDPcD), em parceria com a Universidade Virtual do Estado de S\u00e3o Paulo (Univesp), abre inscri\u00e7\u00f5es nesta quarta-feira, 19 de mar\u00e7o, para o curso \u201cIntrodu\u00e7\u00e3o \u00e0 Libras\u201d. Com 1,5 mil vagas dispon\u00edveis, as aulas ser\u00e3o oferecidas de forma gratuita e on-line,\u2026","rel":"","context":"Em &quot;Brasil&quot;","block_context":{"text":"Brasil","link":"https:\/\/diariodegarca.com\/?cat=38185"},"img":{"alt_text":"","src":"","width":0,"height":0},"classes":[]},{"id":2326,"url":"https:\/\/diariodegarca.com\/?p=2326","url_meta":{"origin":2840,"position":3},"title":"Curso online capacita profissionais para atendimento a mulheres com defici\u00eancia v\u00edtimas de viol\u00eancia","author":"Di\u00e1rio de Gar\u00e7a","date":"17 de abril de 2025","format":false,"excerpt":"\u00a0Profissionais que atuam no atendimento a mulheres com defici\u00eancia v\u00edtimas de viol\u00eancia t\u00eam at\u00e9\u00a017 de maio\u00a0para se inscreverem em uma capacita\u00e7\u00e3o online promovida pelo\u00a0TODAS-IN REDE,\u00a0da Secretaria da Pessoa com Defici\u00eancia do Estado de S\u00e3o Paulo\u00a0em parceria com a\u00a0Univesp.\u00a0O curso, intitulado\u00a0\"O Atendimento \u00e0 Mulher com Defici\u00eancia V\u00edtima de Viol\u00eancia\", tem como\u2026","rel":"","context":"Em &quot;Brasil&quot;","block_context":{"text":"Brasil","link":"https:\/\/diariodegarca.com\/?cat=38185"},"img":{"alt_text":"","src":"https:\/\/i0.wp.com\/blogger.googleusercontent.com\/img\/b\/R29vZ2xl\/AVvXsEi0E2mhO4hrreIAXACF7sZLXU00LH_93xgzuKmEuQGM_eQWtZMypfqApG-jmjg9altFR6A1IeSt5UPCotcOqLnY-2ApHx8CmNF4pRG3e1iarS28bERgXy4P2rahSsUEkgvEcTfMnsf_nVPUmRXJOWhJ2mb0tt6WLy2WjVmkrLAGnMC-TajVUSuKle0WZ84\/s320\/high-angle-woman-holding-disabled-friend-s-hand.jpg?resize=350%2C200&ssl=1","width":350,"height":200},"classes":[]},{"id":2070,"url":"https:\/\/diariodegarca.com\/?p=2070","url_meta":{"origin":2840,"position":4},"title":"Curso gratuito forma grupos minorit\u00e1rios em direitos digitais e tecnologias do futuro","author":"Di\u00e1rio de Gar\u00e7a","date":"16 de maio de 2025","format":false,"excerpt":"A organiza\u00e7\u00e3o social Olabi acaba de lan\u00e7ar o projeto \"Tramas Digitais: Tecendo Futuros\", uma forma\u00e7\u00e3o gratuita voltada a pessoas de grupos minorizados e interessadas em direitos digitais, inova\u00e7\u00e3o e transforma\u00e7\u00e3o social. As inscri\u00e7\u00f5es est\u00e3o abertas at\u00e9 6 de junho, e n\u00e3o \u00e9 necess\u00e1rio ter experi\u00eancia pr\u00e9via para participar. Com um\u2026","rel":"","context":"Em &quot;Brasil&quot;","block_context":{"text":"Brasil","link":"https:\/\/diariodegarca.com\/?cat=38185"},"img":{"alt_text":"","src":"https:\/\/i0.wp.com\/blogger.googleusercontent.com\/img\/b\/R29vZ2xl\/AVvXsEjWV8_tohxs9E5ydErNY3Qc5ptfs8LqosdSmXE9isFnPasjyuyui4wwuwt5A3YgxbfGpADx54I0zgNAEgTVuCHZVf3WkVbFW-krz1zsh0S-9RbcrU-3_g4nQc7pdYIH826IuDXBqEpuqDzW8mGVTfb7GcpQaX_Frl-x6a5MsfK5zA9mNC92PAYyHR9W0gk\/w400-h239\/martelo_do_juiz_malhete.webp?resize=350%2C200&ssl=1","width":350,"height":200},"classes":[]},{"id":4044,"url":"https:\/\/diariodegarca.com\/?p=4044","url_meta":{"origin":2840,"position":5},"title":"Curso gratuito de &#8220;Introdu\u00e7\u00e3o \u00e0 Libras&#8221; abre inscri\u00e7\u00f5es para 1,5 mil vagas amanh\u00e3","author":"Di\u00e1rio de Gar\u00e7a","date":"17 de junho de 2025","format":false,"excerpt":"Aulas online, ministradas por professores surdos, s\u00e3o abertas a todo o Brasil; inscri\u00e7\u00f5es costumam se esgotar rapidamente A\u00a0Secretaria de Estado dos Direitos da Pessoa com Defici\u00eancia de S\u00e3o Paulo (SEDPcD), em parceria com a\u00a0Universidade Virtual do Estado de S\u00e3o Paulo (Univesp), abre nesta quarta-feira, dia 18 de junho, as inscri\u00e7\u00f5es\u2026","rel":"","context":"Em &quot;Curso&quot;","block_context":{"text":"Curso","link":"https:\/\/diariodegarca.com\/?cat=36947"},"img":{"alt_text":"","src":"","width":0,"height":0},"classes":[]}],"_links":{"self":[{"href":"https:\/\/diariodegarca.com\/index.php?rest_route=\/wp\/v2\/posts\/2840","targetHints":{"allow":["GET"]}}],"collection":[{"href":"https:\/\/diariodegarca.com\/index.php?rest_route=\/wp\/v2\/posts"}],"about":[{"href":"https:\/\/diariodegarca.com\/index.php?rest_route=\/wp\/v2\/types\/post"}],"author":[{"embeddable":true,"href":"https:\/\/diariodegarca.com\/index.php?rest_route=\/wp\/v2\/users\/260896546"}],"replies":[{"embeddable":true,"href":"https:\/\/diariodegarca.com\/index.php?rest_route=%2Fwp%2Fv2%2Fcomments&post=2840"}],"version-history":[{"count":0,"href":"https:\/\/diariodegarca.com\/index.php?rest_route=\/wp\/v2\/posts\/2840\/revisions"}],"wp:attachment":[{"href":"https:\/\/diariodegarca.com\/index.php?rest_route=%2Fwp%2Fv2%2Fmedia&parent=2840"}],"wp:term":[{"taxonomy":"category","embeddable":true,"href":"https:\/\/diariodegarca.com\/index.php?rest_route=%2Fwp%2Fv2%2Fcategories&post=2840"},{"taxonomy":"post_tag","embeddable":true,"href":"https:\/\/diariodegarca.com\/index.php?rest_route=%2Fwp%2Fv2%2Ftags&post=2840"}],"curies":[{"name":"wp","href":"https:\/\/api.w.org\/{rel}","templated":true}]}}