{"id":2841,"date":"2025-02-13T11:05:00","date_gmt":"2025-02-13T11:05:00","guid":{"rendered":"https:\/\/diariodegarca.com\/2025\/02\/13\/pedal-kids-diversao-e-esporte-para-a-criancada-em-avai\/"},"modified":"2025-02-13T11:05:00","modified_gmt":"2025-02-13T11:05:00","slug":"pedal-kids-diversao-e-esporte-para-a-criancada-em-avai","status":"publish","type":"post","link":"https:\/\/diariodegarca.com\/?p=2841","title":{"rendered":"Pedal Kids: divers\u00e3o e esporte para a crian\u00e7ada em Ava\u00ed"},"content":{"rendered":"<div>\n<div class=\"separator\" style=\"clear: both;text-align: center\">\n  <a href=\"https:\/\/blogger.googleusercontent.com\/img\/a\/AVvXsEgO3PEMtqQIJ4d5cDkW3HHfSdMVr8hDc7ZkVgXnS_bdSpdivy5Y_Cp4dtsB3wzIl_zbvsWsVDjkkMmSysVydV5A9bLSEPbtwPbV4q5Xw86k98Z91bs-US-_u7NqMfjd8FCVW2OcdIqHWbI5Mm5XLN0XyYRFDCBNbL8znvH-RtKkZMrpOQJXBrAc6Bs1dcg\" style=\"margin-left: 1em;margin-right: 1em\"><br \/>\n    <img decoding=\"async\" border=\"0\" src=\"https:\/\/blogger.googleusercontent.com\/img\/a\/AVvXsEgO3PEMtqQIJ4d5cDkW3HHfSdMVr8hDc7ZkVgXnS_bdSpdivy5Y_Cp4dtsB3wzIl_zbvsWsVDjkkMmSysVydV5A9bLSEPbtwPbV4q5Xw86k98Z91bs-US-_u7NqMfjd8FCVW2OcdIqHWbI5Mm5XLN0XyYRFDCBNbL8znvH-RtKkZMrpOQJXBrAc6Bs1dcg\" width=\"400\"><br \/>\n  <\/a>\n<\/div>\n<p><\/div>\n<div>\n<p>A <strong>Secretaria Municipal de Esporte, Lazer e Turismo de Ava\u00ed<\/strong> promove mais uma edi\u00e7\u00e3o do <strong>Pedal Kids<\/strong>, evento voltado para incentivar a pr\u00e1tica esportiva e o lazer ao ar livre entre as crian\u00e7as. A atividade acontece nesta <strong>sexta-feira, \u00e0s 17h45<\/strong>, com <strong>sa\u00edda da Pra\u00e7a da Matriz<\/strong>.<\/p>\n<p>O <strong>Pedal Kids<\/strong> \u00e9 uma oportunidade para os pequenos ciclistas desenvolverem habilidades na bicicleta, socializarem e, claro, se divertirem.\u00a0<\/p>\n<p>Os pais e respons\u00e1veis s\u00e3o convidados a acompanhar e incentivar os participantes.<\/p>\n<h2><strong>\ud83d\udccc Informa\u00e7\u00f5es Importantes<\/strong><\/h2>\n<p>\u2714 <strong>Hor\u00e1rio:<\/strong> 17h45<br \/>\n\u2714 <strong>Local de sa\u00edda:<\/strong> Pra\u00e7a da Matriz<br \/>\n\u2714 <strong>Obrigat\u00f3rio:<\/strong> Uso de <strong>t\u00eanis<\/strong> \ud83d\udc5f<br \/>\n\u2714 <strong>Levar garrafa de \u00e1gua<\/strong> \ud83d\udca7 para hidrata\u00e7\u00e3o<\/p>\n<p><\/p>\n<\/div>\n","protected":false},"excerpt":{"rendered":"<p>A Secretaria Municipal de Esporte, Lazer e Turismo de Ava\u00ed promove mais uma edi\u00e7\u00e3o do Pedal Kids, evento voltado para incentivar a pr\u00e1tica esportiva e o lazer ao ar livre entre as crian\u00e7as. A atividade acontece nesta sexta-feira, \u00e0s 17h45, com sa\u00edda da Pra\u00e7a da Matriz. O Pedal Kids \u00e9 uma oportunidade para os pequenos [&hellip;]<\/p>\n","protected":false},"author":260896546,"featured_media":0,"comment_status":"open","ping_status":"open","sticky":false,"template":"","format":"standard","meta":{"_crdt_document":"","_monsterinsights_skip_tracking":false,"_monsterinsights_sitenote_active":false,"_monsterinsights_sitenote_note":"","_monsterinsights_sitenote_category":0,"advanced_seo_description":"","jetpack_seo_html_title":"","jetpack_seo_noindex":false,"_jetpack_newsletter_access":"","_jetpack_dont_email_post_to_subs":false,"_jetpack_newsletter_tier_id":0,"_jetpack_memberships_contains_paywalled_content":false,"_jetpack_memberships_contains_paid_content":false,"footnotes":"","jetpack_publicize_message":"","jetpack_publicize_feature_enabled":true,"jetpack_social_post_already_shared":false,"jetpack_social_options":{"image_generator_settings":{"template":"fullscreen","default_image_id":0,"font":"","enabled":false},"version":2},"_wpas_customize_per_network":false,"jetpack_post_was_ever_published":false},"categories":[38185],"tags":[781171810,781171794,50287],"class_list":["post-2841","post","type-post","status-publish","format-standard","hentry","category-brasil","tag-avai","tag-esporte","tag-lazer"],"jetpack_publicize_connections":[],"jetpack_featured_media_url":"","jetpack_likes_enabled":true,"jetpack_sharing_enabled":true,"jetpack_shortlink":"https:\/\/wp.me\/pgitne-JP","jetpack-related-posts":[{"id":6662,"url":"https:\/\/diariodegarca.com\/?p=6662","url_meta":{"origin":2841,"position":0},"title":"Circuito Regional de Caminhada e Corrida Kids acontecem em a Fern\u00e3o no dia 21 de setembro","author":"Di\u00e1rio de Gar\u00e7a","date":"15 de setembro de 2025","format":false,"excerpt":"Evento esportivo gratuito, organizado pela prefeitura, promove integra\u00e7\u00e3o familiar e h\u00e1bitos saud\u00e1veis atrav\u00e9s do esporte na cidade. A cidade de Fern\u00e3o se prepara para receber uma manh\u00e3 dedicada ao esporte e ao bem-estar. No pr\u00f3ximo s\u00e1bado, 21 de setembro, ser\u00e1 realizada a etapa local do Circuito Regional de Caminhada e\u2026","rel":"","context":"Em &quot;Esporte&quot;","block_context":{"text":"Esporte","link":"https:\/\/diariodegarca.com\/?cat=10889"},"img":{"alt_text":"","src":"https:\/\/i0.wp.com\/diariodegarca.com\/wp-content\/uploads\/2025\/09\/grupo-de-corredores-maduros-com-roupas-esportivas-correndo-la-fora-treinando-para-maratona-aproveitando-o-treino-matinal-tiro-de-corpo-inteiro-aposentados-e-conceito-de-estilo-de-vida-at.jpg?fit=1200%2C800&ssl=1&resize=350%2C200","width":350,"height":200,"srcset":"https:\/\/i0.wp.com\/diariodegarca.com\/wp-content\/uploads\/2025\/09\/grupo-de-corredores-maduros-com-roupas-esportivas-correndo-la-fora-treinando-para-maratona-aproveitando-o-treino-matinal-tiro-de-corpo-inteiro-aposentados-e-conceito-de-estilo-de-vida-at.jpg?fit=1200%2C800&ssl=1&resize=350%2C200 1x, https:\/\/i0.wp.com\/diariodegarca.com\/wp-content\/uploads\/2025\/09\/grupo-de-corredores-maduros-com-roupas-esportivas-correndo-la-fora-treinando-para-maratona-aproveitando-o-treino-matinal-tiro-de-corpo-inteiro-aposentados-e-conceito-de-estilo-de-vida-at.jpg?fit=1200%2C800&ssl=1&resize=525%2C300 1.5x, https:\/\/i0.wp.com\/diariodegarca.com\/wp-content\/uploads\/2025\/09\/grupo-de-corredores-maduros-com-roupas-esportivas-correndo-la-fora-treinando-para-maratona-aproveitando-o-treino-matinal-tiro-de-corpo-inteiro-aposentados-e-conceito-de-estilo-de-vida-at.jpg?fit=1200%2C800&ssl=1&resize=700%2C400 2x, https:\/\/i0.wp.com\/diariodegarca.com\/wp-content\/uploads\/2025\/09\/grupo-de-corredores-maduros-com-roupas-esportivas-correndo-la-fora-treinando-para-maratona-aproveitando-o-treino-matinal-tiro-de-corpo-inteiro-aposentados-e-conceito-de-estilo-de-vida-at.jpg?fit=1200%2C800&ssl=1&resize=1050%2C600 3x"},"classes":[]},{"id":8095,"url":"https:\/\/diariodegarca.com\/?p=8095","url_meta":{"origin":2841,"position":1},"title":"Piramba Jetflex re\u00fane ciclistas em Gar\u00e7a com competi\u00e7\u00f5es acirradas e a\u00e7\u00f5es sociais","author":"Andreza Sega","date":"27 de outubro de 2025","format":false,"excerpt":"Evento esportivo movimentou a cidade com provas de mountain bike para atletas profissionais e amadores, al\u00e9m de bazar e pra\u00e7a de alimenta\u00e7\u00e3o beneficente, ado\u00e7\u00e3o de animais e shows de rock. O \u00faltimo final de semana foi de esporte e solidariedade ao redor da Concha Ac\u00fastica Maestro Geraldo Moises e do\u2026","rel":"","context":"Em &quot;Esporte&quot;","block_context":{"text":"Esporte","link":"https:\/\/diariodegarca.com\/?cat=10889"},"img":{"alt_text":"","src":"https:\/\/i0.wp.com\/diariodegarca.com\/wp-content\/uploads\/2025\/10\/WhatsApp-Image-2025-10-27-at-19.33.36.jpeg?fit=1200%2C800&ssl=1&resize=350%2C200","width":350,"height":200,"srcset":"https:\/\/i0.wp.com\/diariodegarca.com\/wp-content\/uploads\/2025\/10\/WhatsApp-Image-2025-10-27-at-19.33.36.jpeg?fit=1200%2C800&ssl=1&resize=350%2C200 1x, https:\/\/i0.wp.com\/diariodegarca.com\/wp-content\/uploads\/2025\/10\/WhatsApp-Image-2025-10-27-at-19.33.36.jpeg?fit=1200%2C800&ssl=1&resize=525%2C300 1.5x, https:\/\/i0.wp.com\/diariodegarca.com\/wp-content\/uploads\/2025\/10\/WhatsApp-Image-2025-10-27-at-19.33.36.jpeg?fit=1200%2C800&ssl=1&resize=700%2C400 2x, https:\/\/i0.wp.com\/diariodegarca.com\/wp-content\/uploads\/2025\/10\/WhatsApp-Image-2025-10-27-at-19.33.36.jpeg?fit=1200%2C800&ssl=1&resize=1050%2C600 3x"},"classes":[]},{"id":4843,"url":"https:\/\/diariodegarca.com\/?p=4843","url_meta":{"origin":2841,"position":2},"title":"J\u00falio C\u00e9sar Martins \u00e9 homenageado por projeto social em Gar\u00e7a","author":"Di\u00e1rio de Gar\u00e7a","date":"20 de julho de 2025","format":false,"excerpt":"Ex-goleiro e ex-secret\u00e1rio de esportes, \u00eddolo do futebol garcense, recebeu emocionada homenagem de crian\u00e7as e amigos durante campeonato de f\u00e9rias no distrito de Jafa. Uma manh\u00e3 de reconhecimento e emo\u00e7\u00e3o Na manh\u00e3 de\u00a0s\u00e1bado, 19 de julho, o ex-goleiro e ex-secret\u00e1rio de Juventude, Esportes e Lazer (SEJEL) de Gar\u00e7a,\u00a0J\u00falio C\u00e9sar Martins,\u2026","rel":"","context":"Em &quot;Esporte&quot;","block_context":{"text":"Esporte","link":"https:\/\/diariodegarca.com\/?cat=10889"},"img":{"alt_text":"","src":"","width":0,"height":0},"classes":[]},{"id":6525,"url":"https:\/\/diariodegarca.com\/?p=6525","url_meta":{"origin":2841,"position":3},"title":"SaferNet e Google lan\u00e7am curso para proteger crian\u00e7as online","author":"Di\u00e1rio de Gar\u00e7a","date":"9 de setembro de 2025","format":false,"excerpt":"Forma\u00e7\u00e3o \"Fam\u00edlias Conectadas\" ensina pais e educadores sobre supervis\u00e3o, privacidade e ferramentas de controle; live de abertura ocorre nesta quarta-feira, no YouTube. Em um cen\u00e1rio digital onde a presen\u00e7a de crian\u00e7as e adolescentes \u00e9 cada vez mais precoce e intensa, a supervis\u00e3o familiar torna-se uma ferramenta essencial de prote\u00e7\u00e3o. No\u2026","rel":"","context":"Em &quot;Brasil&quot;","block_context":{"text":"Brasil","link":"https:\/\/diariodegarca.com\/?cat=38185"},"img":{"alt_text":"","src":"https:\/\/i0.wp.com\/diariodegarca.com\/wp-content\/uploads\/2025\/09\/crianca-linda-feliz-em-fones-de-ouvido-ouvindo-musica.jpg?fit=1200%2C775&ssl=1&resize=350%2C200","width":350,"height":200,"srcset":"https:\/\/i0.wp.com\/diariodegarca.com\/wp-content\/uploads\/2025\/09\/crianca-linda-feliz-em-fones-de-ouvido-ouvindo-musica.jpg?fit=1200%2C775&ssl=1&resize=350%2C200 1x, https:\/\/i0.wp.com\/diariodegarca.com\/wp-content\/uploads\/2025\/09\/crianca-linda-feliz-em-fones-de-ouvido-ouvindo-musica.jpg?fit=1200%2C775&ssl=1&resize=525%2C300 1.5x, https:\/\/i0.wp.com\/diariodegarca.com\/wp-content\/uploads\/2025\/09\/crianca-linda-feliz-em-fones-de-ouvido-ouvindo-musica.jpg?fit=1200%2C775&ssl=1&resize=700%2C400 2x, https:\/\/i0.wp.com\/diariodegarca.com\/wp-content\/uploads\/2025\/09\/crianca-linda-feliz-em-fones-de-ouvido-ouvindo-musica.jpg?fit=1200%2C775&ssl=1&resize=1050%2C600 3x"},"classes":[]},{"id":2963,"url":"https:\/\/diariodegarca.com\/?p=2963","url_meta":{"origin":2841,"position":4},"title":"Tup\u00e3 abre matr\u00edculas para o Projeto Pequerrucho","author":"Di\u00e1rio de Gar\u00e7a","date":"24 de janeiro de 2025","format":false,"excerpt":"A Prefeitura da Est\u00e2ncia Tur\u00edstica de Tup\u00e3 anunciou em suas redes sociais a abertura das matr\u00edculas para o Projeto Pequerrucho, voltado para alunos do Pr\u00e9 I, Pr\u00e9 II e 1\u00ba ano da Rede Municipal de Educa\u00e7\u00e3o.O projeto oferece atividades culturais, recreativas e esportivas, promovendo educa\u00e7\u00e3o extracurricular para as crian\u00e7as. As\u2026","rel":"","context":"Em &quot;Brasil&quot;","block_context":{"text":"Brasil","link":"https:\/\/diariodegarca.com\/?cat=38185"},"img":{"alt_text":"","src":"","width":0,"height":0},"classes":[]},{"id":2894,"url":"https:\/\/diariodegarca.com\/?p=2894","url_meta":{"origin":2841,"position":5},"title":"Lup\u00e9rcio abre inscri\u00e7\u00f5es para oficinas art\u00edsticas e esportivas","author":"Di\u00e1rio de Gar\u00e7a","date":"5 de fevereiro de 2025","format":false,"excerpt":"A Prefeitura Municipal de Lup\u00e9rcio, por meio do Centro Social, est\u00e1 com inscri\u00e7\u00f5es abertas para uma s\u00e9rie de atividades esportivas e culturais que prometem agitar a comunidade.\u00a0As inscri\u00e7\u00f5es acontecem de 3 a 7 de fevereiro, das 8h \u00e0s 11h e das 13h \u00e0s 16h, no Centro Social, que est\u00e1 localizado\u2026","rel":"","context":"Em &quot;Brasil&quot;","block_context":{"text":"Brasil","link":"https:\/\/diariodegarca.com\/?cat=38185"},"img":{"alt_text":"","src":"","width":0,"height":0},"classes":[]}],"_links":{"self":[{"href":"https:\/\/diariodegarca.com\/index.php?rest_route=\/wp\/v2\/posts\/2841","targetHints":{"allow":["GET"]}}],"collection":[{"href":"https:\/\/diariodegarca.com\/index.php?rest_route=\/wp\/v2\/posts"}],"about":[{"href":"https:\/\/diariodegarca.com\/index.php?rest_route=\/wp\/v2\/types\/post"}],"author":[{"embeddable":true,"href":"https:\/\/diariodegarca.com\/index.php?rest_route=\/wp\/v2\/users\/260896546"}],"replies":[{"embeddable":true,"href":"https:\/\/diariodegarca.com\/index.php?rest_route=%2Fwp%2Fv2%2Fcomments&post=2841"}],"version-history":[{"count":0,"href":"https:\/\/diariodegarca.com\/index.php?rest_route=\/wp\/v2\/posts\/2841\/revisions"}],"wp:attachment":[{"href":"https:\/\/diariodegarca.com\/index.php?rest_route=%2Fwp%2Fv2%2Fmedia&parent=2841"}],"wp:term":[{"taxonomy":"category","embeddable":true,"href":"https:\/\/diariodegarca.com\/index.php?rest_route=%2Fwp%2Fv2%2Fcategories&post=2841"},{"taxonomy":"post_tag","embeddable":true,"href":"https:\/\/diariodegarca.com\/index.php?rest_route=%2Fwp%2Fv2%2Ftags&post=2841"}],"curies":[{"name":"wp","href":"https:\/\/api.w.org\/{rel}","templated":true}]}}