{"id":2848,"date":"2025-02-12T19:28:00","date_gmt":"2025-02-12T19:28:00","guid":{"rendered":"https:\/\/diariodegarca.com\/2025\/02\/12\/comunidade-se-mobiliza-para-ajudar-animais-de-familia-carente\/"},"modified":"2025-02-12T19:28:00","modified_gmt":"2025-02-12T19:28:00","slug":"comunidade-se-mobiliza-para-ajudar-animais-de-familia-carente","status":"publish","type":"post","link":"https:\/\/diariodegarca.com\/?p=2848","title":{"rendered":"Comunidade se mobiliza para ajudar animais de fam\u00edlia carente"},"content":{"rendered":"<div class=\"separator\" style=\"clear: both;text-align: center\">\n  <a href=\"https:\/\/blogger.googleusercontent.com\/img\/a\/AVvXsEgLAhdKdLcWWomhSPMQccrEmTDGQiSiLCZd0QEydjGlVIP0bq84WGn6ukvXbrAqEl3OxH1qihQLrT8HAEeK5db1uJbS7HgI8TjSFtC0ANUiO07Y77MI5KxSYbJDshX8Wxk3SqM64ExCtbDe0THh8rk_UtLCDcqsyWfXSCYFS41QHyBTN0yWiIDeJkfN6XM\" style=\"margin-left: 1em;margin-right: 1em\"><br \/>\n    <img decoding=\"async\" border=\"0\" src=\"https:\/\/blogger.googleusercontent.com\/img\/a\/AVvXsEgLAhdKdLcWWomhSPMQccrEmTDGQiSiLCZd0QEydjGlVIP0bq84WGn6ukvXbrAqEl3OxH1qihQLrT8HAEeK5db1uJbS7HgI8TjSFtC0ANUiO07Y77MI5KxSYbJDshX8Wxk3SqM64ExCtbDe0THh8rk_UtLCDcqsyWfXSCYFS41QHyBTN0yWiIDeJkfN6XM\" width=\"400\"><br \/>\n  <\/a>\n<\/div>\n<p><\/p>\n<div><span style=\"letter-spacing: 0.2px\">Em um gesto de solidariedade e amor aos animais, <\/span><strong style=\"letter-spacing: 0.2px\">Amanda Costa<\/strong><span style=\"letter-spacing: 0.2px\">, integrante do grupo <\/span><em style=\"letter-spacing: 0.2px\">Animais Perdidos ou para Ado\u00e7\u00e3o de Gar\u00e7a<\/em><span style=\"letter-spacing: 0.2px\">, est\u00e1 organizando uma vaquinha virtual para custear a castra\u00e7\u00e3o de <\/span><strong style=\"letter-spacing: 0.2px\">tr\u00eas cadelas de uma fam\u00edlia carente<\/strong><span style=\"letter-spacing: 0.2px\">. O valor total das cirurgias est\u00e1 estimado em <\/span><strong style=\"letter-spacing: 0.2px\">R$ 330<\/strong><span style=\"letter-spacing: 0.2px\">, e as doa\u00e7\u00f5es podem ser feitas via <\/span><strong style=\"letter-spacing: 0.2px\">PIX<\/strong><span style=\"letter-spacing: 0.2px\"> ou por meio de informa\u00e7\u00f5es fornecidas no n\u00famero <\/span><strong style=\"letter-spacing: 0.2px\">(14) 99136-3260<\/strong><span style=\"letter-spacing: 0.2px\">. A iniciativa visa n\u00e3o apenas controlar a popula\u00e7\u00e3o de animais na regi\u00e3o, mas tamb\u00e9m garantir uma vida mais saud\u00e1vel para esses pets.<\/span><\/div>\n<div>\n<p>Al\u00e9m da campanha de castra\u00e7\u00e3o, Amanda tamb\u00e9m busca quitar os custos da opera\u00e7\u00e3o e interna\u00e7\u00e3o de <strong>Nina<\/strong>, uma cachorrinha idosa que faleceu ap\u00f3s uma cirurgia para tratar um c\u00e2ncer maligno na boca.<\/p>\n<p>Nina j\u00e1 havia enfrentado a doen\u00e7a uma primeira vez, quando conseguiu superar o diagn\u00f3stico e viver mais um ano com qualidade de vida. No entanto, na segunda tentativa, a cachorrinha n\u00e3o resistiu ao procedimento.<\/p>\n<p><strong>&#8220;Nina, foi feito tudo que pod\u00edamos por voc\u00ea! Te amaremos para sempre!&#8221;<\/strong> escreveu Amanda em uma emocionante homenagem.<\/p>\n<p>A <strong>Cl\u00ednica Santa Ana<\/strong>, respons\u00e1vel pelo atendimento de Nina, foi elogiada pela dedica\u00e7\u00e3o da equipe, que contou com ortopedista e oncologista. A cirurgia foi considerada bem-sucedida, mas, infelizmente, Nina n\u00e3o resistiu. <strong>&#8220;Deus tinha outros planos,&#8221;<\/strong> lamentou Amanda.<\/p>\n<p><span style=\"letter-spacing: 0.2px\">A comunidade continua aceitando <\/span><strong style=\"letter-spacing: 0.2px\">doa\u00e7\u00f5es<\/strong><span style=\"letter-spacing: 0.2px\"> para ajudar a quitar as despesas da cl\u00ednica, que podem ser feitas por <\/span><strong style=\"letter-spacing: 0.2px\">PIX<\/strong><span style=\"letter-spacing: 0.2px\"> para o CNPJ <\/span><strong style=\"letter-spacing: 0.2px\">47.313.581\/0001-85<\/strong><span style=\"letter-spacing: 0.2px\">. Ap\u00f3s o envio, solicita-se que o comprovante seja enviado para o telefone da cl\u00ednica <\/span><strong style=\"letter-spacing: 0.2px\">(14) 99635-0204<\/strong><span style=\"letter-spacing: 0.2px\">, informando que a doa\u00e7\u00e3o \u00e9 para a Nina.<\/span><\/p>\n<p><\/p>\n<\/div>\n","protected":false},"excerpt":{"rendered":"<p>Em um gesto de solidariedade e amor aos animais, Amanda Costa, integrante do grupo Animais Perdidos ou para Ado\u00e7\u00e3o de Gar\u00e7a, est\u00e1 organizando uma vaquinha virtual para custear a castra\u00e7\u00e3o de tr\u00eas cadelas de uma fam\u00edlia carente. O valor total das cirurgias est\u00e1 estimado em R$ 330, e as doa\u00e7\u00f5es podem ser feitas via PIX [&hellip;]<\/p>\n","protected":false},"author":260896546,"featured_media":0,"comment_status":"open","ping_status":"open","sticky":false,"template":"","format":"standard","meta":{"_crdt_document":"","_monsterinsights_skip_tracking":false,"_monsterinsights_sitenote_active":false,"_monsterinsights_sitenote_note":"","_monsterinsights_sitenote_category":0,"advanced_seo_description":"","jetpack_seo_html_title":"","jetpack_seo_noindex":false,"_jetpack_newsletter_access":"","_jetpack_dont_email_post_to_subs":false,"_jetpack_newsletter_tier_id":0,"_jetpack_memberships_contains_paywalled_content":false,"_jetpack_memberships_contains_paid_content":false,"footnotes":"","jetpack_publicize_message":"","jetpack_publicize_feature_enabled":true,"jetpack_social_post_already_shared":false,"jetpack_social_options":{"image_generator_settings":{"template":"fullscreen","default_image_id":0,"font":"","enabled":false},"version":2},"_wpas_customize_per_network":false,"jetpack_post_was_ever_published":false},"categories":[38185],"tags":[781171801,781171833],"class_list":["post-2848","post","type-post","status-publish","format-standard","hentry","category-brasil","tag-brasil","tag-causa-animal"],"jetpack_publicize_connections":[],"jetpack_featured_media_url":"","jetpack_likes_enabled":true,"jetpack_sharing_enabled":true,"jetpack_shortlink":"https:\/\/wp.me\/pgitne-JW","jetpack-related-posts":[{"id":2722,"url":"https:\/\/diariodegarca.com\/?p=2722","url_meta":{"origin":2848,"position":0},"title":"Funda\u00e7\u00e3o Eco Brasil busca padrinhos para animais carentes","author":"Di\u00e1rio de Gar\u00e7a","date":"2 de mar\u00e7o de 2025","format":false,"excerpt":"A Funda\u00e7\u00e3o Eco Brasil, institui\u00e7\u00e3o dedicada \u00e0 prote\u00e7\u00e3o e ao bem-estar de animais em situa\u00e7\u00e3o de vulnerabilidade, est\u00e1 em busca de padrinhos para os animais sob seus cuidados. A iniciativa visa garantir que c\u00e3es e gatos recebam todo o suporte necess\u00e1rio, desde alimenta\u00e7\u00e3o e cuidados veterin\u00e1rios at\u00e9 um ambiente seguro,\u2026","rel":"","context":"Em &quot;Brasil&quot;","block_context":{"text":"Brasil","link":"https:\/\/diariodegarca.com\/?cat=38185"},"img":{"alt_text":"","src":"","width":0,"height":0},"classes":[]},{"id":5489,"url":"https:\/\/diariodegarca.com\/?p=5489","url_meta":{"origin":2848,"position":1},"title":"Agosto Dourado, Laranja e Preto: m\u00eas de sa\u00fade e conscientiza\u00e7\u00e3o animal","author":"Di\u00e1rio de Gar\u00e7a","date":"11 de agosto de 2025","format":false,"excerpt":"Campanhas destacam ado\u00e7\u00e3o respons\u00e1vel, preven\u00e7\u00e3o de doen\u00e7as e combate ao preconceito contra gatos pretos. Enquanto agosto \u00e9 amplamente conhecido por campanhas de sa\u00fade humana, como o\u00a0\"Agosto Dourado\"\u00a0(aleitamento materno), o m\u00eas tamb\u00e9m \u00e9 marcado por importantes iniciativas voltadas aos animais. ONGs, protetores independentes e cl\u00ednicas veterin\u00e1rias promovem a\u00e7\u00f5es de conscientiza\u00e7\u00e3o sobre\u2026","rel":"","context":"Em &quot;Brasil&quot;","block_context":{"text":"Brasil","link":"https:\/\/diariodegarca.com\/?cat=38185"},"img":{"alt_text":"","src":"https:\/\/i0.wp.com\/diariodegarca.com\/wp-content\/uploads\/2025\/08\/visao-de-gatos-e-caes-sendo-amigos-1.jpg?fit=1200%2C673&ssl=1&resize=350%2C200","width":350,"height":200,"srcset":"https:\/\/i0.wp.com\/diariodegarca.com\/wp-content\/uploads\/2025\/08\/visao-de-gatos-e-caes-sendo-amigos-1.jpg?fit=1200%2C673&ssl=1&resize=350%2C200 1x, https:\/\/i0.wp.com\/diariodegarca.com\/wp-content\/uploads\/2025\/08\/visao-de-gatos-e-caes-sendo-amigos-1.jpg?fit=1200%2C673&ssl=1&resize=525%2C300 1.5x, https:\/\/i0.wp.com\/diariodegarca.com\/wp-content\/uploads\/2025\/08\/visao-de-gatos-e-caes-sendo-amigos-1.jpg?fit=1200%2C673&ssl=1&resize=700%2C400 2x, https:\/\/i0.wp.com\/diariodegarca.com\/wp-content\/uploads\/2025\/08\/visao-de-gatos-e-caes-sendo-amigos-1.jpg?fit=1200%2C673&ssl=1&resize=1050%2C600 3x"},"classes":[]},{"id":2678,"url":"https:\/\/diariodegarca.com\/?p=2678","url_meta":{"origin":2848,"position":2},"title":"Plataforma amplia suporte a animais em Gar\u00e7a com novas funcionalidades","author":"Di\u00e1rio de Gar\u00e7a","date":"7 de mar\u00e7o de 2025","format":false,"excerpt":"O site Adote um Animal Gar\u00e7a, adoteumanimalgarca.com,\u00a0acaba de lan\u00e7ar novas ferramentas para refor\u00e7ar a prote\u00e7\u00e3o e o bem-estar dos animais na cidade. Al\u00e9m de conectar bichinhos resgatados a poss\u00edveis adotantes, agora a plataforma tamb\u00e9m conta com formul\u00e1rios para den\u00fancias de maus-tratos e aux\u00edlio na busca por animais perdidos.Aqueles que desejam\u2026","rel":"","context":"Em &quot;Brasil&quot;","block_context":{"text":"Brasil","link":"https:\/\/diariodegarca.com\/?cat=38185"},"img":{"alt_text":"","src":"","width":0,"height":0},"classes":[]},{"id":2847,"url":"https:\/\/diariodegarca.com\/?p=2847","url_meta":{"origin":2848,"position":3},"title":"Gatinhos dispon\u00edveis para ado\u00e7\u00e3o respons\u00e1vel \ud83d\udc3e","author":"Di\u00e1rio de Gar\u00e7a","date":"12 de fevereiro de 2025","format":false,"excerpt":"Na pr\u00f3xima segunda-feira, dia 17 de fevereiro, \u00e9 comemorado o Dia Mundial do Gato \ud83d\udc31, uma data especial para celebrar esses felinos que conquistam cora\u00e7\u00f5es com sua personalidade \u00fanica, charme e carinho.\u00a0Embora conhecidos pela sua independ\u00eancia, os gatos tamb\u00e9m s\u00e3o extremamente d\u00f3ceis e apegados aos seus tutores, desmistificando a ideia\u2026","rel":"","context":"Em &quot;Brasil&quot;","block_context":{"text":"Brasil","link":"https:\/\/diariodegarca.com\/?cat=38185"},"img":{"alt_text":"","src":"","width":0,"height":0},"classes":[]},{"id":2710,"url":"https:\/\/diariodegarca.com\/?p=2710","url_meta":{"origin":2848,"position":4},"title":"Novo site facilita ado\u00e7\u00e3o respons\u00e1vel de animais em Gar\u00e7a","author":"Di\u00e1rio de Gar\u00e7a","date":"3 de mar\u00e7o de 2025","format":false,"excerpt":"O Di\u00e1rio de Gar\u00e7a, em parceria com o perfil do Instagram Ajude um Animal Gar\u00e7a e o grupo do Facebook Animais Perdidos ou para Ado\u00e7\u00e3o Gar\u00e7a, lan\u00e7ou uma nova plataforma dedicada \u00e0 causa animal: adoteumanimalgarca.com. O site tem o objetivo de conectar animais que precisam de um lar a pessoas\u2026","rel":"","context":"Em &quot;Brasil&quot;","block_context":{"text":"Brasil","link":"https:\/\/diariodegarca.com\/?cat=38185"},"img":{"alt_text":"","src":"https:\/\/i0.wp.com\/blogger.googleusercontent.com\/img\/b\/R29vZ2xl\/AVvXsEgeUwfzVVKAGOFhrD9KHwTO9iFS45FGjSx_HNWVqratQKfGr_fRkoYhEFnwNLlgKW-OX1ysZvg5EY09JCiyCi5-eOkvGA9HWFrn0rQyoO5cA5-zlUKQTCeGM8PVj-S99F_mZCxFHoE5BImG-zAJp9SnagE3YEx0HVRAqQZeFEb0V9j_nGmTOeaKlkQ9LtY\/s320\/Captura%20de%20tela%202025-03-03%20162452.jpg?resize=350%2C200&ssl=1","width":350,"height":200},"classes":[]},{"id":2481,"url":"https:\/\/diariodegarca.com\/?p=2481","url_meta":{"origin":2848,"position":5},"title":"C\u00e2mara de Gar\u00e7a aprova requerimentos em defesa dos animais abandonados","author":"Di\u00e1rio de Gar\u00e7a","date":"3 de abril de 2025","format":false,"excerpt":"imagem ilustrativaNa 9\u00aa sess\u00e3o ordin\u00e1ria da C\u00e2mara Municipal de Gar\u00e7a, realizada na segunda-feira, 31 de mar\u00e7o, dois requerimentos voltados \u00e0 prote\u00e7\u00e3o animal foram aprovados, refor\u00e7ando o compromisso dos vereadores com a causa. As propostas, apresentadas pela vereadora Elaine Oliveira e pelo vereador Marcelo Miranda, visam melhorar o bem-estar de animais\u2026","rel":"","context":"Em &quot;Brasil&quot;","block_context":{"text":"Brasil","link":"https:\/\/diariodegarca.com\/?cat=38185"},"img":{"alt_text":"","src":"https:\/\/i0.wp.com\/blogger.googleusercontent.com\/img\/b\/R29vZ2xl\/AVvXsEi_vtPoQsm6icXJXCm9KJYbcJPGRSWPdzbJpRE7tSsyilhN0-sx66xMLxCWlPIV3tNOHaup0A4Z2vGsByxvOiwK5M9p79Bs8ubjxG8lai4mYoiGBRoFpxmq2XNV02dbH-RGBxyLAxfdkeYJsCy-ArsaHM412iQp2Db7DM8N9VcCP6VmZkYz9pAID7RMUVo\/s320\/56cd575d50_untitled-78.jpg?resize=350%2C200&ssl=1","width":350,"height":200},"classes":[]}],"_links":{"self":[{"href":"https:\/\/diariodegarca.com\/index.php?rest_route=\/wp\/v2\/posts\/2848","targetHints":{"allow":["GET"]}}],"collection":[{"href":"https:\/\/diariodegarca.com\/index.php?rest_route=\/wp\/v2\/posts"}],"about":[{"href":"https:\/\/diariodegarca.com\/index.php?rest_route=\/wp\/v2\/types\/post"}],"author":[{"embeddable":true,"href":"https:\/\/diariodegarca.com\/index.php?rest_route=\/wp\/v2\/users\/260896546"}],"replies":[{"embeddable":true,"href":"https:\/\/diariodegarca.com\/index.php?rest_route=%2Fwp%2Fv2%2Fcomments&post=2848"}],"version-history":[{"count":0,"href":"https:\/\/diariodegarca.com\/index.php?rest_route=\/wp\/v2\/posts\/2848\/revisions"}],"wp:attachment":[{"href":"https:\/\/diariodegarca.com\/index.php?rest_route=%2Fwp%2Fv2%2Fmedia&parent=2848"}],"wp:term":[{"taxonomy":"category","embeddable":true,"href":"https:\/\/diariodegarca.com\/index.php?rest_route=%2Fwp%2Fv2%2Fcategories&post=2848"},{"taxonomy":"post_tag","embeddable":true,"href":"https:\/\/diariodegarca.com\/index.php?rest_route=%2Fwp%2Fv2%2Ftags&post=2848"}],"curies":[{"name":"wp","href":"https:\/\/api.w.org\/{rel}","templated":true}]}}