{"id":2856,"date":"2025-02-10T20:14:00","date_gmt":"2025-02-10T20:14:00","guid":{"rendered":"https:\/\/diariodegarca.com\/2025\/02\/10\/pm-captura-condenado-por-estupro-de-vulneravel-em-tupa\/"},"modified":"2025-02-10T20:14:00","modified_gmt":"2025-02-10T20:14:00","slug":"pm-captura-condenado-por-estupro-de-vulneravel-em-tupa","status":"publish","type":"post","link":"https:\/\/diariodegarca.com\/?p=2856","title":{"rendered":"PM captura condenado por estupro de vulner\u00e1vel em Tup\u00e3"},"content":{"rendered":"<div class=\"separator\" style=\"clear: both;text-align: center\">\n  <a href=\"https:\/\/blogger.googleusercontent.com\/img\/a\/AVvXsEgfpxHw28SwSLyuTWznVFeJW3BrORD9vSBrJNF7fFLm4QeJG1XnMjcpJH35rjKSSYrPhZee6kfX5Eb1i93IkrTHKx-8ii0t0HnSjdXYaQnMhQCOd3Fa0ZxtSW7C77TQRmtpvhBLbWLlE4Hzozd9GI3D6OOIcZhhrDX9vY-zC_Jb4ZzW_Skhzj_vgfsrvMk\" style=\"margin-left: 1em;margin-right: 1em\"><br \/>\n    <img decoding=\"async\" border=\"0\" src=\"https:\/\/blogger.googleusercontent.com\/img\/a\/AVvXsEgfpxHw28SwSLyuTWznVFeJW3BrORD9vSBrJNF7fFLm4QeJG1XnMjcpJH35rjKSSYrPhZee6kfX5Eb1i93IkrTHKx-8ii0t0HnSjdXYaQnMhQCOd3Fa0ZxtSW7C77TQRmtpvhBLbWLlE4Hzozd9GI3D6OOIcZhhrDX9vY-zC_Jb4ZzW_Skhzj_vgfsrvMk\" width=\"400\"><br \/>\n  <\/a>\n<\/div>\n<p><\/p>\n<div><\/div>\n<div>Na manh\u00e3 desta segunda-feira, 10 de fevereiro, policiais militares do 9\u00ba Batalh\u00e3o de Pol\u00edcia Militar do Interior (9\u00ba BPMI) prenderam um homem procurado pela Justi\u00e7a durante um patrulhamento de rotina na zona leste de Tup\u00e3.\u00a0<\/div>\n<div><\/div>\n<div>O indiv\u00edduo, condenado pelo crime de estupro de vulner\u00e1vel, estava foragido e cumpria pena de 13 anos e quatro meses de pris\u00e3o em regime fechado.\u00a0\u00a0<\/div>\n<div><\/div>\n<div>De acordo com informa\u00e7\u00f5es repassadas pela corpora\u00e7\u00e3o, os policiais identificaram o procurado durante a a\u00e7\u00e3o e, ap\u00f3s confirma\u00e7\u00e3o da ordem de pris\u00e3o, efetuaram a captura sem resist\u00eancia.\u00a0<\/div>\n<div><\/div>\n<div>O homem foi conduzido \u00e0 Central de Pol\u00edcia Judici\u00e1ria de Tup\u00e3, onde permaneceu detido, aguardando audi\u00eancia de cust\u00f3dia para ser recolhido ao sistema penitenci\u00e1rio.\u00a0\u00a0<\/div>\n","protected":false},"excerpt":{"rendered":"<p>Na manh\u00e3 desta segunda-feira, 10 de fevereiro, policiais militares do 9\u00ba Batalh\u00e3o de Pol\u00edcia Militar do Interior (9\u00ba BPMI) prenderam um homem procurado pela Justi\u00e7a durante um patrulhamento de rotina na zona leste de Tup\u00e3.\u00a0 O indiv\u00edduo, condenado pelo crime de estupro de vulner\u00e1vel, estava foragido e cumpria pena de 13 anos e quatro meses [&hellip;]<\/p>\n","protected":false},"author":260896546,"featured_media":0,"comment_status":"open","ping_status":"open","sticky":false,"template":"","format":"standard","meta":{"_crdt_document":"","_monsterinsights_skip_tracking":false,"_monsterinsights_sitenote_active":false,"_monsterinsights_sitenote_note":"","_monsterinsights_sitenote_category":0,"advanced_seo_description":"","jetpack_seo_html_title":"","jetpack_seo_noindex":false,"_jetpack_newsletter_access":"","_jetpack_dont_email_post_to_subs":false,"_jetpack_newsletter_tier_id":0,"_jetpack_memberships_contains_paywalled_content":false,"_jetpack_memberships_contains_paid_content":false,"footnotes":"","jetpack_publicize_message":"","jetpack_publicize_feature_enabled":true,"jetpack_social_post_already_shared":false,"jetpack_social_options":{"image_generator_settings":{"template":"fullscreen","default_image_id":0,"font":"","enabled":false},"version":2},"_wpas_customize_per_network":false,"jetpack_post_was_ever_published":false},"categories":[38185],"tags":[1036487,2099801],"class_list":["post-2856","post","type-post","status-publish","format-standard","hentry","category-brasil","tag-seguranca-publica","tag-tupa"],"jetpack_publicize_connections":[],"jetpack_featured_media_url":"","jetpack_likes_enabled":true,"jetpack_sharing_enabled":true,"jetpack_shortlink":"https:\/\/wp.me\/pgitne-K4","jetpack-related-posts":[{"id":7616,"url":"https:\/\/diariodegarca.com\/?p=7616","url_meta":{"origin":2856,"position":0},"title":"PM prende quatro procurados da Justi\u00e7a em menos de 24 horas na regi\u00e3o","author":"Andreza Sega","date":"11 de outubro de 2025","format":false,"excerpt":"A\u00e7\u00f5es em Tup\u00e3, Quat\u00e1 e Mar\u00edlia, resultaram na captura de condenados por crimes que v\u00e3o de estupro de vulner\u00e1vel a evas\u00e3o do sistema prisional. Em um \u00fanico dia de trabalho, as equipes do 9\u00ba Batalh\u00e3o de Pol\u00edcia Militar do Interior (BPM\/I) recuperaram quatro indiv\u00edduos procurados pela Justi\u00e7a em diferentes munic\u00edpios\u2026","rel":"","context":"Em &quot;Mar\u00edlia&quot;","block_context":{"text":"Mar\u00edlia","link":"https:\/\/diariodegarca.com\/?cat=683453294"},"img":{"alt_text":"","src":"https:\/\/i0.wp.com\/diariodegarca.com\/wp-content\/uploads\/2025\/09\/SnapInsta.to_547856115_18315622645246526_7174348806758713161_n.webp?fit=1200%2C1200&ssl=1&resize=350%2C200","width":350,"height":200,"srcset":"https:\/\/i0.wp.com\/diariodegarca.com\/wp-content\/uploads\/2025\/09\/SnapInsta.to_547856115_18315622645246526_7174348806758713161_n.webp?fit=1200%2C1200&ssl=1&resize=350%2C200 1x, https:\/\/i0.wp.com\/diariodegarca.com\/wp-content\/uploads\/2025\/09\/SnapInsta.to_547856115_18315622645246526_7174348806758713161_n.webp?fit=1200%2C1200&ssl=1&resize=525%2C300 1.5x, https:\/\/i0.wp.com\/diariodegarca.com\/wp-content\/uploads\/2025\/09\/SnapInsta.to_547856115_18315622645246526_7174348806758713161_n.webp?fit=1200%2C1200&ssl=1&resize=700%2C400 2x, https:\/\/i0.wp.com\/diariodegarca.com\/wp-content\/uploads\/2025\/09\/SnapInsta.to_547856115_18315622645246526_7174348806758713161_n.webp?fit=1200%2C1200&ssl=1&resize=1050%2C600 3x"},"classes":[]},{"id":6336,"url":"https:\/\/diariodegarca.com\/?p=6336","url_meta":{"origin":2856,"position":1},"title":"Opera\u00e7\u00f5es da PM em Tup\u00e3 e Mar\u00edlia resultam em quatro pris\u00f5es por crimes diversos","author":"Di\u00e1rio de Gar\u00e7a","date":"3 de setembro de 2025","format":false,"excerpt":"A\u00e7\u00f5es da For\u00e7a T\u00e1tica prenderam suspeitos por estupro de vulner\u00e1vel, tr\u00e1fico de drogas e cumpriram mandados durante a ter\u00e7a-feira. Um conjunto de opera\u00e7\u00f5es realizadas pela Pol\u00edcia Militar na \u00faltima ter\u00e7a-feira, 2 de setembro, resultou na captura de quatro indiv\u00edduos nas cidades de Mar\u00edlia e Tup\u00e3. As a\u00e7\u00f5es, executadas pelas equipes\u2026","rel":"","context":"Em &quot;Mar\u00edlia&quot;","block_context":{"text":"Mar\u00edlia","link":"https:\/\/diariodegarca.com\/?cat=683453294"},"img":{"alt_text":"","src":"https:\/\/i0.wp.com\/diariodegarca.com\/wp-content\/uploads\/2025\/08\/snapinsta.to_538731954_18313351471246526_1871743859055979954_n-1-e1762717736830.webp?fit=1080%2C716&ssl=1&resize=350%2C200","width":350,"height":200,"srcset":"https:\/\/i0.wp.com\/diariodegarca.com\/wp-content\/uploads\/2025\/08\/snapinsta.to_538731954_18313351471246526_1871743859055979954_n-1-e1762717736830.webp?fit=1080%2C716&ssl=1&resize=350%2C200 1x, https:\/\/i0.wp.com\/diariodegarca.com\/wp-content\/uploads\/2025\/08\/snapinsta.to_538731954_18313351471246526_1871743859055979954_n-1-e1762717736830.webp?fit=1080%2C716&ssl=1&resize=525%2C300 1.5x, https:\/\/i0.wp.com\/diariodegarca.com\/wp-content\/uploads\/2025\/08\/snapinsta.to_538731954_18313351471246526_1871743859055979954_n-1-e1762717736830.webp?fit=1080%2C716&ssl=1&resize=700%2C400 2x, https:\/\/i0.wp.com\/diariodegarca.com\/wp-content\/uploads\/2025\/08\/snapinsta.to_538731954_18313351471246526_1871743859055979954_n-1-e1762717736830.webp?fit=1080%2C716&ssl=1&resize=1050%2C600 3x"},"classes":[]},{"id":2706,"url":"https:\/\/diariodegarca.com\/?p=2706","url_meta":{"origin":2856,"position":2},"title":"Homem procurado por estupro de vulner\u00e1vel \u00e9 preso pela Pol\u00edcia Militar em Tup\u00e3","author":"Di\u00e1rio de Gar\u00e7a","date":"3 de mar\u00e7o de 2025","format":false,"excerpt":"Na manh\u00e3 desta segunda-feira, dia 3 de mar\u00e7o, equipes do 9\u00ba Batalh\u00e3o de Pol\u00edcia Militar do Interior prenderam um homem que estava foragido da justi\u00e7a na cidade de Tup\u00e3.\u00a0O indiv\u00edduo, cuja identidade n\u00e3o foi divulgada, era alvo de um mandado de pris\u00e3o que determinava o cumprimento de 15 anos de\u2026","rel":"","context":"Em &quot;Brasil&quot;","block_context":{"text":"Brasil","link":"https:\/\/diariodegarca.com\/?cat=38185"},"img":{"alt_text":"","src":"","width":0,"height":0},"classes":[]},{"id":2525,"url":"https:\/\/diariodegarca.com\/?p=2525","url_meta":{"origin":2856,"position":3},"title":"For\u00e7a T\u00e1tica prende acusado de estupro de vulner\u00e1vel que se es em Tup\u00e3","author":"Di\u00e1rio de Gar\u00e7a","date":"28 de mar\u00e7o de 2025","format":false,"excerpt":"Na quinta-feira, dia 27 de mar\u00e7o, agentes do 9\u00ba Batalh\u00e3o de Pol\u00edcia Militar do Interior prenderam um homem procurado pela Justi\u00e7a por estupro de vulner\u00e1vel na cidade de Tup\u00e3. O suspeito tentou fugir das equipes subindo em uma \u00e1rvore, mas foi localizado ap\u00f3s uma a\u00e7\u00e3o t\u00e1tica.\u00a0\u00a0A pris\u00e3o ocorreu por volta\u2026","rel":"","context":"Em &quot;Brasil&quot;","block_context":{"text":"Brasil","link":"https:\/\/diariodegarca.com\/?cat=38185"},"img":{"alt_text":"","src":"","width":0,"height":0},"classes":[]},{"id":8047,"url":"https:\/\/diariodegarca.com\/?p=8047","url_meta":{"origin":2856,"position":4},"title":"Dois procurados pela justi\u00e7a s\u00e3o capturados em a\u00e7\u00f5es da Pol\u00edcia Militar na regi\u00e3o","author":"Andreza Sega","date":"26 de outubro de 2025","format":false,"excerpt":"Opera\u00e7\u00f5es em Mar\u00edlia e Hercul\u00e2ndia resultaram na pris\u00e3o de condenados por tr\u00e1fico de drogas e estupro de vulner\u00e1vel. A atua\u00e7\u00e3o das equipes do 9\u00ba Batalh\u00e3o de Pol\u00edcia Militar do Interior resultou na captura de dois indiv\u00edduos procurados pela Justi\u00e7a na \u00faltima sexta-feira, 24 de outubro. As opera\u00e7\u00f5es, realizadas nas cidades\u2026","rel":"","context":"Em &quot;Hercul\u00e2ndia&quot;","block_context":{"text":"Hercul\u00e2ndia","link":"https:\/\/diariodegarca.com\/?cat=30531357"},"img":{"alt_text":"","src":"https:\/\/i0.wp.com\/diariodegarca.com\/wp-content\/uploads\/2025\/08\/snapinsta.to_541167752_18313811869246526_8602846701173977583_n-1-1-e1761514992462.webp?fit=1200%2C754&ssl=1&resize=350%2C200","width":350,"height":200,"srcset":"https:\/\/i0.wp.com\/diariodegarca.com\/wp-content\/uploads\/2025\/08\/snapinsta.to_541167752_18313811869246526_8602846701173977583_n-1-1-e1761514992462.webp?fit=1200%2C754&ssl=1&resize=350%2C200 1x, https:\/\/i0.wp.com\/diariodegarca.com\/wp-content\/uploads\/2025\/08\/snapinsta.to_541167752_18313811869246526_8602846701173977583_n-1-1-e1761514992462.webp?fit=1200%2C754&ssl=1&resize=525%2C300 1.5x, https:\/\/i0.wp.com\/diariodegarca.com\/wp-content\/uploads\/2025\/08\/snapinsta.to_541167752_18313811869246526_8602846701173977583_n-1-1-e1761514992462.webp?fit=1200%2C754&ssl=1&resize=700%2C400 2x, https:\/\/i0.wp.com\/diariodegarca.com\/wp-content\/uploads\/2025\/08\/snapinsta.to_541167752_18313811869246526_8602846701173977583_n-1-1-e1761514992462.webp?fit=1200%2C754&ssl=1&resize=1050%2C600 3x"},"classes":[]},{"id":9844,"url":"https:\/\/diariodegarca.com\/?p=9844","url_meta":{"origin":2856,"position":5},"title":"For\u00e7a T\u00e1tica prende acusado de estupro de vulner\u00e1vel em \u00c1lvaro de Carvalho","author":"Di\u00e1rio de Gar\u00e7a","date":"7 de janeiro de 2026","format":false,"excerpt":"Homem, condenado a 23 anos de pris\u00e3o, foi localizado na zona rural do munic\u00edpio e encaminhado ao sistema penitenci\u00e1rio. Um homem condenado pelo crime de estupro de vulner\u00e1vel foi preso pela For\u00e7a T\u00e1tica do 9\u00ba Batalh\u00e3o de Pol\u00edcia Militar na tarde desta segunda-feira, 5 de janeiro, na zona rural de\u2026","rel":"","context":"Em &quot;\u00c1lvaro de Carvalho&quot;","block_context":{"text":"\u00c1lvaro de Carvalho","link":"https:\/\/diariodegarca.com\/?cat=29815376"},"img":{"alt_text":"","src":"https:\/\/i0.wp.com\/diariodegarca.com\/wp-content\/uploads\/2026\/01\/policia-militar-e1767790254222.jpg?fit=1058%2C850&ssl=1&resize=350%2C200","width":350,"height":200,"srcset":"https:\/\/i0.wp.com\/diariodegarca.com\/wp-content\/uploads\/2026\/01\/policia-militar-e1767790254222.jpg?fit=1058%2C850&ssl=1&resize=350%2C200 1x, https:\/\/i0.wp.com\/diariodegarca.com\/wp-content\/uploads\/2026\/01\/policia-militar-e1767790254222.jpg?fit=1058%2C850&ssl=1&resize=525%2C300 1.5x, https:\/\/i0.wp.com\/diariodegarca.com\/wp-content\/uploads\/2026\/01\/policia-militar-e1767790254222.jpg?fit=1058%2C850&ssl=1&resize=700%2C400 2x, https:\/\/i0.wp.com\/diariodegarca.com\/wp-content\/uploads\/2026\/01\/policia-militar-e1767790254222.jpg?fit=1058%2C850&ssl=1&resize=1050%2C600 3x"},"classes":[]}],"_links":{"self":[{"href":"https:\/\/diariodegarca.com\/index.php?rest_route=\/wp\/v2\/posts\/2856","targetHints":{"allow":["GET"]}}],"collection":[{"href":"https:\/\/diariodegarca.com\/index.php?rest_route=\/wp\/v2\/posts"}],"about":[{"href":"https:\/\/diariodegarca.com\/index.php?rest_route=\/wp\/v2\/types\/post"}],"author":[{"embeddable":true,"href":"https:\/\/diariodegarca.com\/index.php?rest_route=\/wp\/v2\/users\/260896546"}],"replies":[{"embeddable":true,"href":"https:\/\/diariodegarca.com\/index.php?rest_route=%2Fwp%2Fv2%2Fcomments&post=2856"}],"version-history":[{"count":0,"href":"https:\/\/diariodegarca.com\/index.php?rest_route=\/wp\/v2\/posts\/2856\/revisions"}],"wp:attachment":[{"href":"https:\/\/diariodegarca.com\/index.php?rest_route=%2Fwp%2Fv2%2Fmedia&parent=2856"}],"wp:term":[{"taxonomy":"category","embeddable":true,"href":"https:\/\/diariodegarca.com\/index.php?rest_route=%2Fwp%2Fv2%2Fcategories&post=2856"},{"taxonomy":"post_tag","embeddable":true,"href":"https:\/\/diariodegarca.com\/index.php?rest_route=%2Fwp%2Fv2%2Ftags&post=2856"}],"curies":[{"name":"wp","href":"https:\/\/api.w.org\/{rel}","templated":true}]}}