{"id":2857,"date":"2025-02-10T17:45:00","date_gmt":"2025-02-10T17:45:00","guid":{"rendered":"https:\/\/diariodegarca.com\/2025\/02\/10\/camara-de-tupa-aprova-mocao-de-apoio-a-guerino-seiscento-e-promete-lutar-contra-decisao-judicial-que-paralisa-empresa\/"},"modified":"2025-02-10T17:45:00","modified_gmt":"2025-02-10T17:45:00","slug":"camara-de-tupa-aprova-mocao-de-apoio-a-guerino-seiscento-e-promete-lutar-contra-decisao-judicial-que-paralisa-empresa","status":"publish","type":"post","link":"https:\/\/diariodegarca.com\/?p=2857","title":{"rendered":"C\u00e2mara de Tup\u00e3 aprova mo\u00e7\u00e3o de apoio \u00e0 Guerino Seiscento e promete lutar contra decis\u00e3o judicial que paralisa empresa"},"content":{"rendered":"<div class=\"separator\" style=\"clear: both;text-align: center\"><a href=\"https:\/\/i0.wp.com\/blogger.googleusercontent.com\/img\/b\/R29vZ2xl\/AVvXsEj3Tq6vMSe3Rd0654ewlPFYL_HXLiW0esV57PiWbCmNLHJ1Xaw1sV9b61ptiG-8g9kp4HMfyC0KhCNi8KPY0WtFBYUjNGzVUa2ha5hGsKEKgApAws0jyONQb645B2aMkNo8OxVmojpZOyW-P4IMlsgjRHqA7GQ0BDEXW6S1X-40mgehPwSGoFf8E4yTdj4\/s1920\/476082572_1254105772824569_7868879387124257022_n.jpg?ssl=1\" style=\"margin-left: 1em;margin-right: 1em\"><img data-recalc-dims=\"1\" loading=\"lazy\" decoding=\"async\" border=\"0\" height=\"225\" src=\"https:\/\/i0.wp.com\/blogger.googleusercontent.com\/img\/b\/R29vZ2xl\/AVvXsEj3Tq6vMSe3Rd0654ewlPFYL_HXLiW0esV57PiWbCmNLHJ1Xaw1sV9b61ptiG-8g9kp4HMfyC0KhCNi8KPY0WtFBYUjNGzVUa2ha5hGsKEKgApAws0jyONQb645B2aMkNo8OxVmojpZOyW-P4IMlsgjRHqA7GQ0BDEXW6S1X-40mgehPwSGoFf8E4yTdj4\/w400-h225\/476082572_1254105772824569_7868879387124257022_n.jpg?resize=400%2C225&#038;ssl=1\" width=\"400\" \/><\/a><\/div>\n<p>A primeira sess\u00e3o ordin\u00e1ria da C\u00e2mara Municipal de Tup\u00e3, realizada na segunda-feira, dia 5 de fevereiro, foi marcada por uma grande mobiliza\u00e7\u00e3o de trabalhadores da empresa Guerino Seiscento. O plen\u00e1rio ficou lotado de funcion\u00e1rios e apoiadores, que protestaram contra uma decis\u00e3o judicial que impede a empresa de operar suas linhas de transporte intermunicipal no estado de S\u00e3o Paulo.<\/p>\n<p>Durante a sess\u00e3o, os vereadores leram e aprovaram uma <strong>mo\u00e7\u00e3o de apoio \u00e0 Guerino Seiscento<\/strong>, assinada por parlamentares e respaldada pelo Executivo. O governo municipal se comprometeu a intervir junto \u00e0 Ag\u00eancia Reguladora de Transportes do Estado de S\u00e3o Paulo (Artesp) e ao Governo Estadual para buscar uma solu\u00e7\u00e3o.<\/p>\n<h2><strong>Empresa essencial para Tup\u00e3<\/strong><\/h2>\n<p>Dorot\u00e9ia Sim\u00e3o Viana, representante da Guerino Seiscento, enfatizou a relev\u00e2ncia da empresa para a cidade:<\/p>\n<blockquote>\n<p><em>&#8220;A Guerino nasceu no ventre de Tup\u00e3, cresceu e se expandiu para outros estados. Vamos nos calar diante de tamanha injusti\u00e7a social? Precisamos do apoio dos Poderes Judici\u00e1rio, Legislativo e Executivo para reverter essa decis\u00e3o que afeta n\u00e3o s\u00f3 a empresa, mas toda a comunidade.&#8221;<\/em><\/p>\n<\/blockquote>\n<h2><strong>Impacto na popula\u00e7\u00e3o e economia local<\/strong><\/h2>\n<p>O vereador <strong>Charles dos Passos Sanches<\/strong>, 2\u00ba secret\u00e1rio da mesa diretora, destacou as consequ\u00eancias da paralisa\u00e7\u00e3o da empresa para a cidade e a regi\u00e3o:<\/p>\n<blockquote>\n<p><em>&#8220;H\u00e1 36 anos a Artesp n\u00e3o concede autoriza\u00e7\u00e3o para novas empresas de transporte intermunicipal. Isso gera monop\u00f3lio, pre\u00e7os abusivos e prejudica a popula\u00e7\u00e3o. A Guerino Seiscento tem 36 linhas interestaduais e agora est\u00e1 impedida de operar dentro do estado. Isso afeta estudantes, trabalhadores e toda a economia local.&#8221;<\/em><\/p>\n<\/blockquote>\n<p>O vereador <strong>Pena Castro<\/strong> tamb\u00e9m criticou a decis\u00e3o judicial, ressaltando a falta de concorr\u00eancia no setor:<\/p>\n<blockquote>\n<p><em>&#8220;A Constitui\u00e7\u00e3o Federal prev\u00ea a livre concorr\u00eancia, e essa decis\u00e3o \u00e9 um absurdo. Al\u00e9m do preju\u00edzo financeiro para a cidade, com a redu\u00e7\u00e3o da arrecada\u00e7\u00e3o de impostos, muitas fam\u00edlias podem perder seus empregos. Vamos lutar para reverter essa situa\u00e7\u00e3o.&#8221;<\/em><\/p>\n<\/blockquote>\n<h2><strong>Uni\u00e3o de for\u00e7as para reverter a decis\u00e3o<\/strong><\/h2>\n<p>A aprova\u00e7\u00e3o da <strong>mo\u00e7\u00e3o de apoio<\/strong> pela C\u00e2mara demonstra a uni\u00e3o entre o Legislativo e o Executivo na defesa da Guerino Seiscento. A empresa, que gera empregos para centenas de tup\u00e3enses e tem papel fundamental na economia local, agora aguarda novas medidas jur\u00eddicas e pol\u00edticas para retomar suas opera\u00e7\u00f5es.<\/p>\n<p><\/p>\n","protected":false},"excerpt":{"rendered":"<p>A primeira sess\u00e3o ordin\u00e1ria da C\u00e2mara Municipal de Tup\u00e3, realizada na segunda-feira, dia 5 de fevereiro, foi marcada por uma grande mobiliza\u00e7\u00e3o de trabalhadores da empresa Guerino Seiscento. O plen\u00e1rio ficou lotado de funcion\u00e1rios e apoiadores, que protestaram contra uma decis\u00e3o judicial que impede a empresa de operar suas linhas de transporte intermunicipal no estado [&hellip;]<\/p>\n","protected":false},"author":260896546,"featured_media":0,"comment_status":"open","ping_status":"open","sticky":false,"template":"","format":"standard","meta":{"_crdt_document":"","_monsterinsights_skip_tracking":false,"_monsterinsights_sitenote_active":false,"_monsterinsights_sitenote_note":"","_monsterinsights_sitenote_category":0,"advanced_seo_description":"","jetpack_seo_html_title":"","jetpack_seo_noindex":false,"_jetpack_newsletter_access":"","_jetpack_dont_email_post_to_subs":false,"_jetpack_newsletter_tier_id":0,"_jetpack_memberships_contains_paywalled_content":false,"_jetpack_memberships_contains_paid_content":false,"footnotes":"","jetpack_publicize_message":"","jetpack_publicize_feature_enabled":true,"jetpack_social_post_already_shared":false,"jetpack_social_options":{"image_generator_settings":{"template":"fullscreen","default_image_id":0,"font":"","enabled":false},"version":2},"_wpas_customize_per_network":false,"jetpack_post_was_ever_published":false},"categories":[38185],"tags":[2368,2099801],"class_list":["post-2857","post","type-post","status-publish","format-standard","hentry","category-brasil","tag-transporte","tag-tupa"],"jetpack_publicize_connections":[],"jetpack_featured_media_url":"","jetpack_likes_enabled":true,"jetpack_sharing_enabled":true,"jetpack_shortlink":"https:\/\/wp.me\/pgitne-K5","jetpack-related-posts":[{"id":2597,"url":"https:\/\/diariodegarca.com\/?p=2597","url_meta":{"origin":2857,"position":0},"title":"Antes da sess\u00e3o ordin\u00e1ria, C\u00e2mara homenageia ex-secret\u00e1rio e servidora que faleceram no domingo","author":"Di\u00e1rio de Gar\u00e7a","date":"19 de mar\u00e7o de 2025","format":false,"excerpt":"\u00a0 Na \u00faltima segunda-feira, 17 de mar\u00e7o, a C\u00e2mara Municipal de Gar\u00e7a iniciou sua 7\u00aa sess\u00e3o ordin\u00e1ria com um momento de respeito e reflex\u00e3o. Antes de dar in\u00edcio aos trabalhos, o segundo secret\u00e1rio, Luizinho Barbeiro, solicitou \u00e0 presidente da Casa, Raquel Sartori, que fosse observado um minuto de sil\u00eancio em\u2026","rel":"","context":"Em &quot;Brasil&quot;","block_context":{"text":"Brasil","link":"https:\/\/diariodegarca.com\/?cat=38185"},"img":{"alt_text":"","src":"","width":0,"height":0},"classes":[]},{"id":2059,"url":"https:\/\/diariodegarca.com\/?p=2059","url_meta":{"origin":2857,"position":1},"title":"PM desarticula biqueira e apreende drogas e equipamentos em Tup\u00e3","author":"Di\u00e1rio de Gar\u00e7a","date":"19 de maio de 2025","format":false,"excerpt":"Na madrugada de somingo, 18 de maio, por volta das 00h15, policiais militares do 9\u00ba Batalh\u00e3o de Pol\u00edcia Militar do Interior (9\u00ba BPM\/I) desencadearam uma opera\u00e7\u00e3o no bairro Parque Bela Vista, em Tup\u00e3, que resultou na pris\u00e3o de cinco suspeitos e na apreens\u00e3o de drogas, dinheiro e materiais usados para\u2026","rel":"","context":"Em &quot;Seguran\u00e7a&quot;","block_context":{"text":"Seguran\u00e7a","link":"https:\/\/diariodegarca.com\/?cat=21243"},"img":{"alt_text":"","src":"","width":0,"height":0},"classes":[]},{"id":9383,"url":"https:\/\/diariodegarca.com\/?p=9383","url_meta":{"origin":2857,"position":2},"title":"Mostra Mercosul Audiovisual leva um mosaico de hist\u00f3rias latino-americanas a Mar\u00edlia","author":"Andreza Sega","date":"6 de dezembro de 2025","format":false,"excerpt":"Sess\u00e3o gratuita no domingo exibe seis curtas de quatro pa\u00edses, explorando mem\u00f3ria, territ\u00f3rio e identidade no continente. A conex\u00e3o entre as hist\u00f3rias do continente ganha tela em Mar\u00edlia. Neste domingo, 7 de dezembro, \u00e0s 20h, o\u00a0Clube de Cinema de Mar\u00edlia\u00a0recebe uma sess\u00e3o especial da\u00a02\u00aa Mostra Mercosul Audiovisual. Com o tema\u00a0\u201cTerrit\u00f3rios\u2026","rel":"","context":"Em &quot;Cinema&quot;","block_context":{"text":"Cinema","link":"https:\/\/diariodegarca.com\/?cat=597"},"img":{"alt_text":"","src":"https:\/\/i0.wp.com\/diariodegarca.com\/wp-content\/uploads\/2025\/12\/dois-riachoes-cacau-e-liberdade.jpg?fit=1200%2C557&ssl=1&resize=350%2C200","width":350,"height":200,"srcset":"https:\/\/i0.wp.com\/diariodegarca.com\/wp-content\/uploads\/2025\/12\/dois-riachoes-cacau-e-liberdade.jpg?fit=1200%2C557&ssl=1&resize=350%2C200 1x, https:\/\/i0.wp.com\/diariodegarca.com\/wp-content\/uploads\/2025\/12\/dois-riachoes-cacau-e-liberdade.jpg?fit=1200%2C557&ssl=1&resize=525%2C300 1.5x, https:\/\/i0.wp.com\/diariodegarca.com\/wp-content\/uploads\/2025\/12\/dois-riachoes-cacau-e-liberdade.jpg?fit=1200%2C557&ssl=1&resize=700%2C400 2x, https:\/\/i0.wp.com\/diariodegarca.com\/wp-content\/uploads\/2025\/12\/dois-riachoes-cacau-e-liberdade.jpg?fit=1200%2C557&ssl=1&resize=1050%2C600 3x"},"classes":[]},{"id":8882,"url":"https:\/\/diariodegarca.com\/?p=8882","url_meta":{"origin":2857,"position":3},"title":"Patrulhamento na SP-294 resulta na pris\u00e3o de foragido da Justi\u00e7a mineira em Tup\u00e3","author":"Andreza Sega","date":"21 de novembro de 2025","format":false,"excerpt":"Condutor adotou atitude suspeita ao avistar policiais; ap\u00f3s abordagem, ele pr\u00f3prio sugeriu que poderia estar foragido, e a informa\u00e7\u00e3o foi confirmada. Uma a\u00e7\u00e3o de rotina da For\u00e7a T\u00e1tica da Pol\u00edcia Militar na tarde de quinta-feira, 20 de novembro, feriado da Consci\u00eancia Negra, culminou na captura de um procurado pela Justi\u00e7a\u2026","rel":"","context":"Em &quot;Seguran\u00e7a&quot;","block_context":{"text":"Seguran\u00e7a","link":"https:\/\/diariodegarca.com\/?cat=21243"},"img":{"alt_text":"","src":"https:\/\/i0.wp.com\/diariodegarca.com\/wp-content\/uploads\/2025\/11\/SnapInsta.to_584292099_18326355550246526_1017291337150281468_n-e1763755283922.jpg?fit=1080%2C974&ssl=1&resize=350%2C200","width":350,"height":200,"srcset":"https:\/\/i0.wp.com\/diariodegarca.com\/wp-content\/uploads\/2025\/11\/SnapInsta.to_584292099_18326355550246526_1017291337150281468_n-e1763755283922.jpg?fit=1080%2C974&ssl=1&resize=350%2C200 1x, https:\/\/i0.wp.com\/diariodegarca.com\/wp-content\/uploads\/2025\/11\/SnapInsta.to_584292099_18326355550246526_1017291337150281468_n-e1763755283922.jpg?fit=1080%2C974&ssl=1&resize=525%2C300 1.5x, https:\/\/i0.wp.com\/diariodegarca.com\/wp-content\/uploads\/2025\/11\/SnapInsta.to_584292099_18326355550246526_1017291337150281468_n-e1763755283922.jpg?fit=1080%2C974&ssl=1&resize=700%2C400 2x, https:\/\/i0.wp.com\/diariodegarca.com\/wp-content\/uploads\/2025\/11\/SnapInsta.to_584292099_18326355550246526_1017291337150281468_n-e1763755283922.jpg?fit=1080%2C974&ssl=1&resize=1050%2C600 3x"},"classes":[]},{"id":2748,"url":"https:\/\/diariodegarca.com\/?p=2748","url_meta":{"origin":2857,"position":4},"title":"Homem \u00e9 preso por descumprir medida protetiva da Lei Maria da Penha em Tup\u00e3","author":"Di\u00e1rio de Gar\u00e7a","date":"26 de fevereiro de 2025","format":false,"excerpt":"Na ter\u00e7a-feira, dia 25 de fevereiro, policiais militares do 9\u00ba Batalh\u00e3o de Pol\u00edcia Militar do Interior prenderam um homem que estava sendo procurado pela Justi\u00e7a na cidade de Tup\u00e3.\u00a0O indiv\u00edduo tinha um mandado de pris\u00e3o preventiva expedido por descumprir decis\u00e3o judicial que deferiu medida protetiva de urg\u00eancia prevista na Lei\u2026","rel":"","context":"Em &quot;Brasil&quot;","block_context":{"text":"Brasil","link":"https:\/\/diariodegarca.com\/?cat=38185"},"img":{"alt_text":"","src":"","width":0,"height":0},"classes":[]},{"id":4602,"url":"https:\/\/diariodegarca.com\/?p=4602","url_meta":{"origin":2857,"position":5},"title":"Opera\u00e7\u00e3o Impacto contra o tr\u00e1fico resulta em duas pris\u00f5es e apreens\u00e3o de drogas em Tup\u00e3 e Mar\u00edlia","author":"Di\u00e1rio de Gar\u00e7a","date":"9 de julho de 2025","format":false,"excerpt":"For\u00e7a T\u00e1tica do 9\u00ba BPM prende suspeitos e apreende coca\u00edna, crack e dinheiro em a\u00e7\u00f5es distintas Na ter\u00e7a-feira, dia 8 de julho, durante a\u00a0Opera\u00e7\u00e3o Impacto Contra o Tr\u00e1fico, o 9\u00ba Batalh\u00e3o de Pol\u00edcia Militar do Interior registrou duas ocorr\u00eancias levaram a pris\u00f5es e apreens\u00f5es nas cidades de\u00a0Tup\u00e3 e Mar\u00edlia. Tup\u00e3:\u2026","rel":"","context":"Em &quot;Mar\u00edlia&quot;","block_context":{"text":"Mar\u00edlia","link":"https:\/\/diariodegarca.com\/?cat=683453294"},"img":{"alt_text":"","src":"","width":0,"height":0},"classes":[]}],"_links":{"self":[{"href":"https:\/\/diariodegarca.com\/index.php?rest_route=\/wp\/v2\/posts\/2857","targetHints":{"allow":["GET"]}}],"collection":[{"href":"https:\/\/diariodegarca.com\/index.php?rest_route=\/wp\/v2\/posts"}],"about":[{"href":"https:\/\/diariodegarca.com\/index.php?rest_route=\/wp\/v2\/types\/post"}],"author":[{"embeddable":true,"href":"https:\/\/diariodegarca.com\/index.php?rest_route=\/wp\/v2\/users\/260896546"}],"replies":[{"embeddable":true,"href":"https:\/\/diariodegarca.com\/index.php?rest_route=%2Fwp%2Fv2%2Fcomments&post=2857"}],"version-history":[{"count":0,"href":"https:\/\/diariodegarca.com\/index.php?rest_route=\/wp\/v2\/posts\/2857\/revisions"}],"wp:attachment":[{"href":"https:\/\/diariodegarca.com\/index.php?rest_route=%2Fwp%2Fv2%2Fmedia&parent=2857"}],"wp:term":[{"taxonomy":"category","embeddable":true,"href":"https:\/\/diariodegarca.com\/index.php?rest_route=%2Fwp%2Fv2%2Fcategories&post=2857"},{"taxonomy":"post_tag","embeddable":true,"href":"https:\/\/diariodegarca.com\/index.php?rest_route=%2Fwp%2Fv2%2Ftags&post=2857"}],"curies":[{"name":"wp","href":"https:\/\/api.w.org\/{rel}","templated":true}]}}