{"id":2884,"date":"2025-02-06T21:33:00","date_gmt":"2025-02-06T21:33:00","guid":{"rendered":"https:\/\/diariodegarca.com\/2025\/02\/06\/quanto-ganham-os-representantes-do-povo-em-galia\/"},"modified":"2025-02-06T21:33:00","modified_gmt":"2025-02-06T21:33:00","slug":"quanto-ganham-os-representantes-do-povo-em-galia","status":"publish","type":"post","link":"https:\/\/diariodegarca.com\/?p=2884","title":{"rendered":"Quanto ganham os representantes do povo em G\u00e1lia?"},"content":{"rendered":"<p><div class=\"separator\" style=\"clear: both;text-align: center\">\n  <a href=\"https:\/\/blogger.googleusercontent.com\/img\/a\/AVvXsEgTFtSO2EtPGD885SRBemMLxzuoR2X2rZm1BbmvsavN0GCWXWKx8cDWAaEB6ES5jq81Onomfr8z9gpnxHH-nC-lecGspI0sD2nzJsEsXnV-PnrB3aNwh09Q50zl8a2tSZGv2z5eYS9BJzUtPivJ5PWhhkQb9qPKIpDyH_OM6BgrLf8GE9G0Pe4W4xGiCnI\" style=\"margin-left: 1em;margin-right: 1em\"><br \/>\n    <img decoding=\"async\" border=\"0\" src=\"https:\/\/blogger.googleusercontent.com\/img\/a\/AVvXsEgTFtSO2EtPGD885SRBemMLxzuoR2X2rZm1BbmvsavN0GCWXWKx8cDWAaEB6ES5jq81Onomfr8z9gpnxHH-nC-lecGspI0sD2nzJsEsXnV-PnrB3aNwh09Q50zl8a2tSZGv2z5eYS9BJzUtPivJ5PWhhkQb9qPKIpDyH_OM6BgrLf8GE9G0Pe4W4xGiCnI\" width=\"400\"><br \/>\n  <\/a>\n<\/div>\n<p><\/p>\n<p>As remunera\u00e7\u00f5es dos agentes pol\u00edticos variam amplamente entre os munic\u00edpios brasileiros, refletindo fatores como arrecada\u00e7\u00e3o, popula\u00e7\u00e3o e desafios locais. Para entender melhor como esses valores s\u00e3o definidos e aplicados, esta s\u00e9rie de reportagens se baseia em dados dos portais da transpar\u00eancia e legisla\u00e7\u00f5es municipais.<\/p>\n<p>O munic\u00edpio em destaque nesta sexta publica\u00e7\u00e3o \u00e9 <strong>G\u00e1lia<\/strong>, situado a aproximadamente <strong>30 km de Gar\u00e7a<\/strong>, no interior do estado de S\u00e3o Paulo.<\/p>\n<p><\/p>\n<\/p>\n<h2><strong>G\u00e1lia em n\u00fameros<\/strong><\/h2>\n<p>Com uma popula\u00e7\u00e3o com um pouco <b>mais de 7 mil habitantes<\/b>, G\u00e1lia elegeu em 2024 <b>Jo\u00e3o Silvino Zaniboni Junior<\/b> para prefeito e Mateus Antonio de Souza, conhecido como <b>Mateus do A\u00e7ogue<\/b>, para vice prefeito.\u00a0<\/p>\n<p>A C\u00e2mara Municipal de G\u00e1lia contar\u00e1 com 9 vereadores, sendo eles\u00a0<strong>Ana Priscila Nunes Cervelin<\/strong> (<em>Priscila Enfermeira<\/em>),\u00a0<strong>Antonio Carlos Pepinelle<\/strong> (<em>Pepinelle Baixinho da TV<\/em>), (<em>Doutor<\/em>)\u00a0<strong>Jos\u00e9 Augusto da Silva,\u00a0<\/strong><strong>Emerson Wander Cazzo,\u00a0<\/strong><strong>Francisco Martins Saraiva<\/strong> (<em>Chico Saraiva<\/em>),\u00a0<strong>Jos\u00e9 Eduardo Sanavio<\/strong> (<em>Z\u00e9 Eduardo<\/em>),\u00a0<strong>Ricardo Gon\u00e7alves Gutierrez,\u00a0<\/strong><strong>Rinaldo Pinheiro de Carvalho<\/strong> (<em>Pretinho<\/em>) e\u00a0<strong>Guilherme Ferrarezi Altran<\/strong> (<em>Gui<\/em>), eleito Presidente da C\u00e2mara para o bi\u00eanio 2025-2027.<\/p>\n<p><\/p>\n<h2><strong>Reajustes salariais para 2025<\/strong><\/h2>\n<p>Em 2023, a C\u00e2mara Municipal fixaram novos valores para representantes do executivos. No ano seguinte, em 2024, foi aprovado um reajuste para esses cargos e tamb\u00e9m para o legislativo, com esse aumento passando a valer em 2025.<\/p>\n<p>\ud83d\udd39 <strong>Prefeito<\/strong>: de R$ 12.166,72 \u2192 <strong>R$ 13.542,66<\/strong><br \/>\n\ud83d\udd39 <strong>Vice-prefeito<\/strong>: de R$ 4.634,95 \u2192 <strong>R$ 5.159,11<\/strong><br \/>\n\ud83d\udd39 <strong>Secret\u00e1rios municipais<\/strong>: de R$ 3.823,82 \u2192 <strong>R$ 4.256,27<\/strong><br \/>\n\ud83d\udd39 <strong>Vereador<\/strong>: de R$ 2.063,86 \u2192 <strong>R$ 2.463,86<\/strong><br \/>\n\ud83d\udd39 <strong>Presidente da C\u00e2mara<\/strong>: de R$ 3.613,46 \u2192 <strong>R$ 3.695,79<\/strong><\/p>\n<p>A justificativa do \u00faltimo reajuste foi o de adequar as remunera\u00e7\u00f5es \u00e0s responsabilidades dos cargos e garantir a corre\u00e7\u00e3o inflacion\u00e1ria.<\/p>\n<p><\/p>\n<h2><strong>Desafios para 2025<\/strong><\/h2>\n<p>A nova gest\u00e3o municipal de G\u00e1lia enfrenta desafios que exigem planejamento estrat\u00e9gico e a\u00e7\u00f5es concretas. Entre os principais pontos de aten\u00e7\u00e3o est\u00e3o:<\/p>\n<h3><strong>\ud83c\udfe5 Sa\u00fade<\/strong><\/h3>\n<ul>\n<li>Cria\u00e7\u00e3o de novas unidades de sa\u00fade da fam\u00edlia.<\/li>\n<li>Contrata\u00e7\u00e3o de m\u00e9dicos especialistas.<\/li>\n<li>Investimento em equipamentos e insumos.<\/li>\n<\/ul>\n<h3><strong>\ud83d\udea6 Tr\u00e2nsito<\/strong><\/h3>\n<ul>\n<li>Melhorias na sinaliza\u00e7\u00e3o e pavimenta\u00e7\u00e3o.<\/li>\n<li>Gest\u00e3o do tr\u00e1fego e implementa\u00e7\u00e3o de novos radares.<\/li>\n<li>Pol\u00eamica sobre a zona azul e sua real necessidade.<\/li>\n<\/ul>\n<h3><strong>\ud83c\udfd7\ufe0f Infraestrutura<\/strong><\/h3>\n<ul>\n<li>Problemas de drenagem urbana e alagamentos em \u00e9pocas de chuva.<\/li>\n<li>Necessidade urgente de recapeamento de vias.<\/li>\n<li>Melhoria na ilumina\u00e7\u00e3o p\u00fablica e acessibilidade.<\/li>\n<\/ul>\n<h3><strong>\ud83d\udcda Educa\u00e7\u00e3o<\/strong><\/h3>\n<ul>\n<li>Reformas e amplia\u00e7\u00e3o das unidades escolares.<\/li>\n<li>Valoriza\u00e7\u00e3o dos professores e capacita\u00e7\u00e3o profissional.<\/li>\n<li>Investimento em tecnologia para a educa\u00e7\u00e3o.<\/li>\n<\/ul>\n<h3><strong>\ud83d\udce2 Transpar\u00eancia e di\u00e1logo com a popula\u00e7\u00e3o<\/strong><\/h3>\n<ul>\n<li>Fortalecimento da fiscaliza\u00e7\u00e3o das contas p\u00fablicas.<\/li>\n<li>Aproxima\u00e7\u00e3o entre C\u00e2mara Municipal e cidad\u00e3os.<\/li>\n<li>Prioriza\u00e7\u00e3o de projetos com impacto social e econ\u00f4mico.<\/li>\n<\/ul>\n<p><\/p>\n<p>A popula\u00e7\u00e3o de G\u00e1lia espera que a nova gest\u00e3o avance nessas quest\u00f5es e busque parcerias com o governo estadual e a iniciativa privada para viabilizar projetos essenciais.<\/p>\n<p>A transpar\u00eancia, o planejamento estrat\u00e9gico e o di\u00e1logo com a popula\u00e7\u00e3o ser\u00e3o fundamentais para que os representantes do povo consigam entregar melhorias concretas ao longo dos pr\u00f3ximos anos.<\/p>\n<p><strong><br \/><\/strong><\/p>\n<p><strong>Acompanhe nossas pr\u00f3ximas publica\u00e7\u00f5es<\/strong><\/p>\n<p>Continuaremos acompanhando e divulgando informa\u00e7\u00f5es sobre os subs\u00eddios dos agentes pol\u00edticos em outros munic\u00edpios da regi\u00e3o.<\/p>\n<p>\ud83d\udccc <strong>Fontes:<\/strong><br \/>\n\ud83d\udd0e Prefeitura Municipal de G\u00e1lia \u2013 <a href=\"http:\/\/www.galia.sp.gov.br\">galia.sp.gov.br<\/a><br \/>\n\ud83d\udd0e C\u00e2mara Municipal de G\u00e1lia \u2013 <a href=\"http:\/\/www.galia.sp.leg.br\">galia.sp.leg.br<\/a><\/p>\n","protected":false},"excerpt":{"rendered":"<p>As remunera\u00e7\u00f5es dos agentes pol\u00edticos variam amplamente entre os munic\u00edpios brasileiros, refletindo fatores como arrecada\u00e7\u00e3o, popula\u00e7\u00e3o e desafios locais. Para entender melhor como esses valores s\u00e3o definidos e aplicados, esta s\u00e9rie de reportagens se baseia em dados dos portais da transpar\u00eancia e legisla\u00e7\u00f5es municipais. O munic\u00edpio em destaque nesta sexta publica\u00e7\u00e3o \u00e9 G\u00e1lia, situado a [&hellip;]<\/p>\n","protected":false},"author":260896546,"featured_media":0,"comment_status":"open","ping_status":"open","sticky":false,"template":"","format":"standard","meta":{"_crdt_document":"","_monsterinsights_skip_tracking":false,"_monsterinsights_sitenote_active":false,"_monsterinsights_sitenote_note":"","_monsterinsights_sitenote_category":0,"advanced_seo_description":"","jetpack_seo_html_title":"","jetpack_seo_noindex":false,"_jetpack_newsletter_access":"","_jetpack_dont_email_post_to_subs":false,"_jetpack_newsletter_tier_id":0,"_jetpack_memberships_contains_paywalled_content":false,"_jetpack_memberships_contains_paid_content":false,"footnotes":"","jetpack_publicize_message":"","jetpack_publicize_feature_enabled":true,"jetpack_social_post_already_shared":false,"jetpack_social_options":{"image_generator_settings":{"template":"fullscreen","default_image_id":0,"font":"","enabled":false},"version":2},"_wpas_customize_per_network":false,"jetpack_post_was_ever_published":false},"categories":[38185],"tags":[781171816,172441],"class_list":["post-2884","post","type-post","status-publish","format-standard","hentry","category-brasil","tag-galia","tag-transparencia"],"jetpack_publicize_connections":[],"jetpack_featured_media_url":"","jetpack_likes_enabled":true,"jetpack_sharing_enabled":true,"jetpack_shortlink":"https:\/\/wp.me\/pgitne-Kw","jetpack-related-posts":[{"id":6922,"url":"https:\/\/diariodegarca.com\/?p=6922","url_meta":{"origin":2884,"position":0},"title":"Gar\u00e7a conquista nota A em transpar\u00eancia e salta 500 posi\u00e7\u00f5es no ranking nacional em 2024","author":"Di\u00e1rio de Gar\u00e7a","date":"19 de setembro de 2025","format":false,"excerpt":"Munic\u00edpio alcan\u00e7a conceito Aicf no Ranking Siconfi 2025, com desempenho de 95,3%, ap\u00f3s evolu\u00e7\u00e3o constante na qualidade da presta\u00e7\u00e3o de contas nos \u00faltimos anos. A cidade de Gar\u00e7a, no interior de S\u00e3o Paulo, deu um salto na transpar\u00eancia de suas contas p\u00fablicas, conforme revelam os dados mais recentes do Ranking\u2026","rel":"","context":"Em &quot;Alvinl\u00e2ndia&quot;","block_context":{"text":"Alvinl\u00e2ndia","link":"https:\/\/diariodegarca.com\/?cat=32102633"},"img":{"alt_text":"","src":"https:\/\/i0.wp.com\/diariodegarca.com\/wp-content\/uploads\/2025\/09\/1442494993.jpg?fit=1200%2C800&ssl=1&resize=350%2C200","width":350,"height":200,"srcset":"https:\/\/i0.wp.com\/diariodegarca.com\/wp-content\/uploads\/2025\/09\/1442494993.jpg?fit=1200%2C800&ssl=1&resize=350%2C200 1x, https:\/\/i0.wp.com\/diariodegarca.com\/wp-content\/uploads\/2025\/09\/1442494993.jpg?fit=1200%2C800&ssl=1&resize=525%2C300 1.5x, https:\/\/i0.wp.com\/diariodegarca.com\/wp-content\/uploads\/2025\/09\/1442494993.jpg?fit=1200%2C800&ssl=1&resize=700%2C400 2x, https:\/\/i0.wp.com\/diariodegarca.com\/wp-content\/uploads\/2025\/09\/1442494993.jpg?fit=1200%2C800&ssl=1&resize=1050%2C600 3x"},"classes":[]},{"id":2401,"url":"https:\/\/diariodegarca.com\/?p=2401","url_meta":{"origin":2884,"position":1},"title":"Reuni\u00e3o da IGR Alto Cafezal fortalece turismo regional","author":"Di\u00e1rio de Gar\u00e7a","date":"11 de abril de 2025","format":false,"excerpt":"Na quarta-feira, 10 de abril, o munic\u00edpio de G\u00e1lia sediou mais uma reuni\u00e3o da\u00a0Inst\u00e2ncia de Governan\u00e7a Regional (IGR) Alto Cafezal, marcando um importante passo para o fortalecimento do turismo na regi\u00e3o. Estiveram presentes representantes de\u00a0G\u00e1lia, Gar\u00e7a, Mar\u00edlia\u00a0e a mais nova integrante do grupo,\u00a0Fern\u00e3o, que agora comp\u00f5e oficialmente a governan\u00e7a regional.O\u2026","rel":"","context":"Em &quot;Brasil&quot;","block_context":{"text":"Brasil","link":"https:\/\/diariodegarca.com\/?cat=38185"},"img":{"alt_text":"","src":"https:\/\/i0.wp.com\/blogger.googleusercontent.com\/img\/b\/R29vZ2xl\/AVvXsEjp9sGmWNW84CkLxVcJQ1mdwSb2hnzXJGQRIJkhlN7B14G-TtXMfsPtBUU3Lmh72EuEVBEGCnRHT-dCfYLyT33fQK8vss-Q-b8ypDDPRYUA2ZKd4FwDPk-fUWYR5KHrTCbwbGlrJ2Z98mMjQtCggktd0DyyVCx0Z3COS9Po-jZHeP0QlOQUtTFvWyYh7yY\/s320\/WhatsApp%20Image%202025-04-10%20at%2019.07.45.jpeg?resize=350%2C200&ssl=1","width":350,"height":200},"classes":[]},{"id":8263,"url":"https:\/\/diariodegarca.com\/?p=8263","url_meta":{"origin":2884,"position":2},"title":"Jornal Cidade de Gallia lan\u00e7a a 3\u00ba Concurso de Fotografia &#8220;Um Olhar sobre a Cidade&#8221;","author":"Andreza Sega","date":"30 de outubro de 2025","format":false,"excerpt":"Iniciativa cultural premia o melhor registro fotogr\u00e1fico feito no munic\u00edpio em 2025; inscri\u00e7\u00f5es v\u00e3o at\u00e9 19 de novembro via e-mail, Instagram ou WhatsApp. O Jornal \"Cidade de Gallia\" est\u00e1 com inscri\u00e7\u00f5es abertas para a terceira edi\u00e7\u00e3o do seu Concurso de Fotografia, intitulado \"Um Olhar sobre a Cidade\". A a\u00e7\u00e3o, que\u2026","rel":"","context":"Em &quot;Cultura&quot;","block_context":{"text":"Cultura","link":"https:\/\/diariodegarca.com\/?cat=2367"},"img":{"alt_text":"","src":"https:\/\/i0.wp.com\/diariodegarca.com\/wp-content\/uploads\/2025\/10\/galia-e1761851904758.jpg?fit=640%2C400&ssl=1&resize=350%2C200","width":350,"height":200,"srcset":"https:\/\/i0.wp.com\/diariodegarca.com\/wp-content\/uploads\/2025\/10\/galia-e1761851904758.jpg?fit=640%2C400&ssl=1&resize=350%2C200 1x, https:\/\/i0.wp.com\/diariodegarca.com\/wp-content\/uploads\/2025\/10\/galia-e1761851904758.jpg?fit=640%2C400&ssl=1&resize=525%2C300 1.5x"},"classes":[]},{"id":7019,"url":"https:\/\/diariodegarca.com\/?p=7019","url_meta":{"origin":2884,"position":3},"title":"CRAS de G\u00e1lia faz campanha para abastecer o Banco de Ra\u00e7\u00e3o Municipal","author":"Di\u00e1rio de Gar\u00e7a","date":"24 de setembro de 2025","format":false,"excerpt":"Centro de Refer\u00eancia de Assist\u00eancia Social, respons\u00e1vel por operar o programa, convoca a popula\u00e7\u00e3o e empresas para doar e manter o estoque que beneficia animais de fam\u00edlias em vulnerabilidade. O\u00a0CRAS \u201cUrsulina Rivaben\u201d, em G\u00e1lia, est\u00e1 realizando uma campanha para refor\u00e7ar o estoque do\u00a0Banco de Ra\u00e7\u00e3o e Utens\u00edlios para Prote\u00e7\u00e3o de\u2026","rel":"","context":"Em &quot;Causa animal&quot;","block_context":{"text":"Causa animal","link":"https:\/\/diariodegarca.com\/?cat=26891317"},"img":{"alt_text":"","src":"https:\/\/i0.wp.com\/diariodegarca.com\/wp-content\/uploads\/2025\/09\/gatos-fofos-comendo-juntos-ao-ar-livre.jpg?fit=1200%2C960&ssl=1&resize=350%2C200","width":350,"height":200,"srcset":"https:\/\/i0.wp.com\/diariodegarca.com\/wp-content\/uploads\/2025\/09\/gatos-fofos-comendo-juntos-ao-ar-livre.jpg?fit=1200%2C960&ssl=1&resize=350%2C200 1x, https:\/\/i0.wp.com\/diariodegarca.com\/wp-content\/uploads\/2025\/09\/gatos-fofos-comendo-juntos-ao-ar-livre.jpg?fit=1200%2C960&ssl=1&resize=525%2C300 1.5x, https:\/\/i0.wp.com\/diariodegarca.com\/wp-content\/uploads\/2025\/09\/gatos-fofos-comendo-juntos-ao-ar-livre.jpg?fit=1200%2C960&ssl=1&resize=700%2C400 2x, https:\/\/i0.wp.com\/diariodegarca.com\/wp-content\/uploads\/2025\/09\/gatos-fofos-comendo-juntos-ao-ar-livre.jpg?fit=1200%2C960&ssl=1&resize=1050%2C600 3x"},"classes":[]},{"id":2742,"url":"https:\/\/diariodegarca.com\/?p=2742","url_meta":{"origin":2884,"position":4},"title":"CPFL investe R$ 13 milh\u00f5es em obras de expans\u00e3o do sistema el\u00e9trico em cidades da regi\u00e3o","author":"Di\u00e1rio de Gar\u00e7a","date":"26 de fevereiro de 2025","format":false,"excerpt":"\u00a0Quatro munic\u00edpios da regi\u00e3o, entre Bauru e Mar\u00edlia, foram beneficiados com obras de moderniza\u00e7\u00e3o e expans\u00e3o do sistema el\u00e9trico realizadas pela CPFL Paulista. Alvinl\u00e2ndia, G\u00e1lia, Hercul\u00e2ndia e Prat\u00e2nia receberam investimentos totais de R$ 13 milh\u00f5es, que resultaram na constru\u00e7\u00e3o de novas interliga\u00e7\u00f5es de rede, garantindo energia mais confi\u00e1vel e segura\u2026","rel":"","context":"Em &quot;Brasil&quot;","block_context":{"text":"Brasil","link":"https:\/\/diariodegarca.com\/?cat=38185"},"img":{"alt_text":"","src":"","width":0,"height":0},"classes":[]},{"id":10036,"url":"https:\/\/diariodegarca.com\/?p=10036","url_meta":{"origin":2884,"position":5},"title":"G\u00e1lia abre inscri\u00e7\u00f5es para transporte escolar urbano e intermunicipal","author":"Di\u00e1rio de Gar\u00e7a","date":"12 de janeiro de 2026","format":false,"excerpt":"Cadastro atende estudantes da rede b\u00e1sica e alunos de cursos t\u00e9cnicos e universit\u00e1rios que estudam em Gar\u00e7a, Mar\u00edlia e Bauru A Prefeitura Municipal de G\u00e1lia, por meio da Secretaria Municipal de Educa\u00e7\u00e3o, anunciou a abertura das inscri\u00e7\u00f5es para o Transporte Escolar 2026, contemplando tanto o transporte urbano quanto o atendimento\u2026","rel":"","context":"Em &quot;Educa\u00e7\u00e3o&quot;","block_context":{"text":"Educa\u00e7\u00e3o","link":"https:\/\/diariodegarca.com\/?cat=17964"},"img":{"alt_text":"","src":"https:\/\/i0.wp.com\/diariodegarca.com\/wp-content\/uploads\/2026\/01\/alunos-com-laptop-medio-tiro.jpg?fit=1200%2C800&ssl=1&resize=350%2C200","width":350,"height":200,"srcset":"https:\/\/i0.wp.com\/diariodegarca.com\/wp-content\/uploads\/2026\/01\/alunos-com-laptop-medio-tiro.jpg?fit=1200%2C800&ssl=1&resize=350%2C200 1x, https:\/\/i0.wp.com\/diariodegarca.com\/wp-content\/uploads\/2026\/01\/alunos-com-laptop-medio-tiro.jpg?fit=1200%2C800&ssl=1&resize=525%2C300 1.5x, https:\/\/i0.wp.com\/diariodegarca.com\/wp-content\/uploads\/2026\/01\/alunos-com-laptop-medio-tiro.jpg?fit=1200%2C800&ssl=1&resize=700%2C400 2x, https:\/\/i0.wp.com\/diariodegarca.com\/wp-content\/uploads\/2026\/01\/alunos-com-laptop-medio-tiro.jpg?fit=1200%2C800&ssl=1&resize=1050%2C600 3x"},"classes":[]}],"_links":{"self":[{"href":"https:\/\/diariodegarca.com\/index.php?rest_route=\/wp\/v2\/posts\/2884","targetHints":{"allow":["GET"]}}],"collection":[{"href":"https:\/\/diariodegarca.com\/index.php?rest_route=\/wp\/v2\/posts"}],"about":[{"href":"https:\/\/diariodegarca.com\/index.php?rest_route=\/wp\/v2\/types\/post"}],"author":[{"embeddable":true,"href":"https:\/\/diariodegarca.com\/index.php?rest_route=\/wp\/v2\/users\/260896546"}],"replies":[{"embeddable":true,"href":"https:\/\/diariodegarca.com\/index.php?rest_route=%2Fwp%2Fv2%2Fcomments&post=2884"}],"version-history":[{"count":0,"href":"https:\/\/diariodegarca.com\/index.php?rest_route=\/wp\/v2\/posts\/2884\/revisions"}],"wp:attachment":[{"href":"https:\/\/diariodegarca.com\/index.php?rest_route=%2Fwp%2Fv2%2Fmedia&parent=2884"}],"wp:term":[{"taxonomy":"category","embeddable":true,"href":"https:\/\/diariodegarca.com\/index.php?rest_route=%2Fwp%2Fv2%2Fcategories&post=2884"},{"taxonomy":"post_tag","embeddable":true,"href":"https:\/\/diariodegarca.com\/index.php?rest_route=%2Fwp%2Fv2%2Ftags&post=2884"}],"curies":[{"name":"wp","href":"https:\/\/api.w.org\/{rel}","templated":true}]}}