{"id":2892,"date":"2025-02-05T19:01:00","date_gmt":"2025-02-05T19:01:00","guid":{"rendered":"https:\/\/diariodegarca.com\/2025\/02\/05\/curso-online-gratuito-sobre-reforma-trabalhista-com-certificado-inscricoes-abertas\/"},"modified":"2025-02-05T19:01:00","modified_gmt":"2025-02-05T19:01:00","slug":"curso-online-gratuito-sobre-reforma-trabalhista-com-certificado-inscricoes-abertas","status":"publish","type":"post","link":"https:\/\/diariodegarca.com\/?p=2892","title":{"rendered":"Curso online gratuito sobre Reforma Trabalhista com certificado: inscri\u00e7\u00f5es abertas"},"content":{"rendered":"<div>\n<div class=\"separator\" style=\"clear: both;text-align: center\">\n  <a href=\"https:\/\/blogger.googleusercontent.com\/img\/a\/AVvXsEh8L-X18CjcGf8bkKImLcp6hRNXgJ7X6YYhZ0KFiHzALlRzg7JHH9uy9vlltMvEn117Pj-D5WBdWLE1xSoS5NKQQl6Giu6Cb_5dXhbR22VzNhvmb5-R-s5Kr-LItgdvFoihcu8Q2xlatzjI_vMZNcXkgePEvQa2g_WgfPxUiKHSbj_5g6eoKqWHvh_UEw4\" style=\"margin-left: 1em;margin-right: 1em\"><br \/>\n    <img decoding=\"async\" border=\"0\" src=\"https:\/\/blogger.googleusercontent.com\/img\/a\/AVvXsEh8L-X18CjcGf8bkKImLcp6hRNXgJ7X6YYhZ0KFiHzALlRzg7JHH9uy9vlltMvEn117Pj-D5WBdWLE1xSoS5NKQQl6Giu6Cb_5dXhbR22VzNhvmb5-R-s5Kr-LItgdvFoihcu8Q2xlatzjI_vMZNcXkgePEvQa2g_WgfPxUiKHSbj_5g6eoKqWHvh_UEw4\" width=\"400\"><br \/>\n  <\/a>\n<\/div>\n<p><\/div>\n<div><\/div>\n<div>O Departamento Intersindical de Estat\u00edstica e Estudos Socioecon\u00f4micos (DIEESE) est\u00e1 com inscri\u00e7\u00f5es abertas para o curso online e gratuito &#8220;<i>Reforma Trabalhista<\/i>&#8220;.\u00a0<\/div>\n<div><\/div>\n<div>A forma\u00e7\u00e3o, oferecida pela Escola DIEESE, tem como objetivo aprofundar o conhecimento sobre as mudan\u00e7as no sistema de rela\u00e7\u00f5es de trabalho no Brasil, abordando desde o contexto hist\u00f3rico at\u00e9 as propostas de reforma.\u00a0\u00a0<\/div>\n<div><\/div>\n<div>O curso \u00e9 dividido em tr\u00eas m\u00f3dulos principais:\u00a0\u00a0<\/div>\n<div>\u2714\ufe0f\u00a0<span style=\"letter-spacing: 0.2px\">Contexto hist\u00f3rico e fontes doutrin\u00e1rias do Sistema Brasileiro de Rela\u00e7\u00f5es de Trabalho (SBRT).\u00a0\u00a0<\/span><\/div>\n<div>\u2714\ufe0f\u00a0<span style=\"letter-spacing: 0.2px\">Caracter\u00edsticas e funcionamento das institui\u00e7\u00f5es fundamentais do SBRT.\u00a0\u00a0<\/span><\/div>\n<div>\u2714\ufe0f\u00a0<span style=\"letter-spacing: 0.2px\">Propostas de mudan\u00e7as no SBRT e a reforma trabalhista.\u00a0\u00a0<\/span><\/div>\n<div><\/div>\n<div>Com aulas gravadas, os participantes podem assistir ao conte\u00fado no seu pr\u00f3prio ritmo, de qualquer lugar. Ao final, os alunos recebem um certificado de conclus\u00e3o.\u00a0\u00a0<\/div>\n<div><\/div>\n<div>As inscri\u00e7\u00f5es e informa\u00e7\u00f5es est\u00e3o dispon\u00edveis na p\u00e1gina de cursos gratuitos da Escola DIEESE: <a href=\"https:\/\/ead.escoladieese.edu.br\/\">https:\/\/ead.escoladieese.edu.br\/<\/a>.<span style=\"letter-spacing: 0.2px\">\u00a0\u00a0<\/span><\/div>\n","protected":false},"excerpt":{"rendered":"<p>O Departamento Intersindical de Estat\u00edstica e Estudos Socioecon\u00f4micos (DIEESE) est\u00e1 com inscri\u00e7\u00f5es abertas para o curso online e gratuito &#8220;Reforma Trabalhista&#8220;.\u00a0 A forma\u00e7\u00e3o, oferecida pela Escola DIEESE, tem como objetivo aprofundar o conhecimento sobre as mudan\u00e7as no sistema de rela\u00e7\u00f5es de trabalho no Brasil, abordando desde o contexto hist\u00f3rico at\u00e9 as propostas de reforma.\u00a0\u00a0 O [&hellip;]<\/p>\n","protected":false},"author":260896546,"featured_media":0,"comment_status":"open","ping_status":"open","sticky":false,"template":"","format":"standard","meta":{"_crdt_document":"","_monsterinsights_skip_tracking":false,"_monsterinsights_sitenote_active":false,"_monsterinsights_sitenote_note":"","_monsterinsights_sitenote_category":0,"advanced_seo_description":"","jetpack_seo_html_title":"","jetpack_seo_noindex":false,"_jetpack_newsletter_access":"","_jetpack_dont_email_post_to_subs":false,"_jetpack_newsletter_tier_id":0,"_jetpack_memberships_contains_paywalled_content":false,"_jetpack_memberships_contains_paid_content":false,"footnotes":"","jetpack_publicize_message":"","jetpack_publicize_feature_enabled":true,"jetpack_social_post_already_shared":false,"jetpack_social_options":{"image_generator_settings":{"template":"fullscreen","default_image_id":0,"font":"","enabled":false},"version":2},"_wpas_customize_per_network":false,"jetpack_post_was_ever_published":false},"categories":[38185],"tags":[781171800],"class_list":["post-2892","post","type-post","status-publish","format-standard","hentry","category-brasil","tag-curso"],"jetpack_publicize_connections":[],"jetpack_featured_media_url":"","jetpack_likes_enabled":true,"jetpack_sharing_enabled":true,"jetpack_shortlink":"https:\/\/wp.me\/pgitne-KE","jetpack-related-posts":[{"id":2929,"url":"https:\/\/diariodegarca.com\/?p=2929","url_meta":{"origin":2892,"position":0},"title":"DIEESE abre inscri\u00e7\u00f5es para curso gratuito sobre Economia Solid\u00e1ria","author":"Di\u00e1rio de Gar\u00e7a","date":"30 de janeiro de 2025","format":false,"excerpt":"O Departamento Intersindical de Estat\u00edstica e Estudos Socioecon\u00f4micos (DIEESE) est\u00e1 com inscri\u00e7\u00f5es abertas para o curso on-line gratuito \"Economia Solid\u00e1ria: Autogest\u00e3o e Coopera\u00e7\u00e3o para Gera\u00e7\u00e3o de Renda\". A forma\u00e7\u00e3o \u00e9 totalmente virtual, com aulas gravadas, permitindo que os participantes acessem o conte\u00fado quando e onde quiserem. O que voc\u00ea vai\u2026","rel":"","context":"Em &quot;Brasil&quot;","block_context":{"text":"Brasil","link":"https:\/\/diariodegarca.com\/?cat=38185"},"img":{"alt_text":"","src":"","width":0,"height":0},"classes":[]},{"id":8235,"url":"https:\/\/diariodegarca.com\/?p=8235","url_meta":{"origin":2892,"position":1},"title":"STIHL lan\u00e7a curso online e gratuito para profissionalizar o mercado de jardinagem","author":"Andreza Sega","date":"30 de outubro de 2025","format":false,"excerpt":"Iniciativa da empresa alem\u00e3 busca capacitar desde entusiastas at\u00e9 quem deseja empreender na \u00e1rea, com videoaulas din\u00e2micas e materiais de apoio. A STIHL, tradicional empresa no segmento de equipamentos para jardim e floresta, acaba de lan\u00e7ar uma iniciativa abrangente para capacita\u00e7\u00e3o na \u00e1rea de jardinagem e paisagismo. Trata-se do\u00a0Pr\u00f3-Jardim STIHL,\u2026","rel":"","context":"Em &quot;Agricultura&quot;","block_context":{"text":"Agricultura","link":"https:\/\/diariodegarca.com\/?cat=34615"},"img":{"alt_text":"","src":"https:\/\/i0.wp.com\/diariodegarca.com\/wp-content\/uploads\/2025\/10\/retrato-ao-ar-livre-de-uma-jovem-atraente-barbudo-homem-hispanico-em-camiseta-azul-e-luvas-trabalhando-no-jardim-com-ferramentas-folhas-de-corte-rega-de-plantas-vida-rural.jpg?fit=1200%2C800&ssl=1&resize=350%2C200","width":350,"height":200,"srcset":"https:\/\/i0.wp.com\/diariodegarca.com\/wp-content\/uploads\/2025\/10\/retrato-ao-ar-livre-de-uma-jovem-atraente-barbudo-homem-hispanico-em-camiseta-azul-e-luvas-trabalhando-no-jardim-com-ferramentas-folhas-de-corte-rega-de-plantas-vida-rural.jpg?fit=1200%2C800&ssl=1&resize=350%2C200 1x, https:\/\/i0.wp.com\/diariodegarca.com\/wp-content\/uploads\/2025\/10\/retrato-ao-ar-livre-de-uma-jovem-atraente-barbudo-homem-hispanico-em-camiseta-azul-e-luvas-trabalhando-no-jardim-com-ferramentas-folhas-de-corte-rega-de-plantas-vida-rural.jpg?fit=1200%2C800&ssl=1&resize=525%2C300 1.5x, https:\/\/i0.wp.com\/diariodegarca.com\/wp-content\/uploads\/2025\/10\/retrato-ao-ar-livre-de-uma-jovem-atraente-barbudo-homem-hispanico-em-camiseta-azul-e-luvas-trabalhando-no-jardim-com-ferramentas-folhas-de-corte-rega-de-plantas-vida-rural.jpg?fit=1200%2C800&ssl=1&resize=700%2C400 2x, https:\/\/i0.wp.com\/diariodegarca.com\/wp-content\/uploads\/2025\/10\/retrato-ao-ar-livre-de-uma-jovem-atraente-barbudo-homem-hispanico-em-camiseta-azul-e-luvas-trabalhando-no-jardim-com-ferramentas-folhas-de-corte-rega-de-plantas-vida-rural.jpg?fit=1200%2C800&ssl=1&resize=1050%2C600 3x"},"classes":[]},{"id":2360,"url":"https:\/\/diariodegarca.com\/?p=2360","url_meta":{"origin":2892,"position":2},"title":"ENDICA oferece cursos EaD gratuitos sobre prote\u00e7\u00e3o infantil","author":"Di\u00e1rio de Gar\u00e7a","date":"15 de abril de 2025","format":false,"excerpt":"O\u00a0Minist\u00e9rio dos Direitos Humanos e da Cidadania (MDHC), por meio da\u00a0Escola Nacional dos Direitos da Crian\u00e7a e do Adolescente (ENDICA), est\u00e1 com inscri\u00e7\u00f5es abertas para diversos cursos na modalidade\u00a0Ensino a Dist\u00e2ncia (EaD). As forma\u00e7\u00f5es,\u00a0totalmente online e gratuitas, abordam temas essenciais para a garantia dos direitos de crian\u00e7as e adolescentes, com\u2026","rel":"","context":"Em &quot;Brasil&quot;","block_context":{"text":"Brasil","link":"https:\/\/diariodegarca.com\/?cat=38185"},"img":{"alt_text":"","src":"https:\/\/i0.wp.com\/blogger.googleusercontent.com\/img\/b\/R29vZ2xl\/AVvXsEjaf2t9gdHh_n7MkYdviAMLT-nUwIQUdfTynTV0h5x-j-CJJS7fD6wIx4JMtzsyZEoOCyWQhCj40qvicge-Ew_MkQVBjqkAc8uzxEoOGOfZPwGmrAqUiMWQnzQPP7M51B_xbZdWzIbZU6gAVKW19J7RmTYwJDgIXMtFiyOUDyAp6z7Y9ClgFmUNicm047A\/s320\/smiley-kids-putting-their-hands-each-other.jpg?resize=350%2C200&ssl=1","width":350,"height":200},"classes":[]},{"id":4757,"url":"https:\/\/diariodegarca.com\/?p=4757","url_meta":{"origin":2892,"position":3},"title":"Inscri\u00e7\u00f5es abertas para curso gratuito de introdu\u00e7\u00e3o \u00e0 libras","author":"Di\u00e1rio de Gar\u00e7a","date":"17 de julho de 2025","format":false,"excerpt":"Aulas on-line, gravadas e flex\u00edveis fazem parte da iniciativa \"Escola da Inclus\u00e3o\", em parceria com a Univesp. Se voc\u00ea j\u00e1 quis aprender Libras para se comunicar com amigos, familiares ou at\u00e9 para aplicar no trabalho, essa \u00e9 a chance. A\u00a0Secretaria dos Direitos da Pessoa com Defici\u00eancia do Estado de S\u00e3o\u2026","rel":"","context":"Em &quot;Curso&quot;","block_context":{"text":"Curso","link":"https:\/\/diariodegarca.com\/?cat=36947"},"img":{"alt_text":"","src":"https:\/\/i0.wp.com\/diariodegarca.com\/wp-content\/uploads\/2025\/07\/mulheres-sorridentes-conversando-a-mesa-usando-linguagem-de-sinais.jpg?fit=1200%2C675&ssl=1&resize=350%2C200","width":350,"height":200,"srcset":"https:\/\/i0.wp.com\/diariodegarca.com\/wp-content\/uploads\/2025\/07\/mulheres-sorridentes-conversando-a-mesa-usando-linguagem-de-sinais.jpg?fit=1200%2C675&ssl=1&resize=350%2C200 1x, https:\/\/i0.wp.com\/diariodegarca.com\/wp-content\/uploads\/2025\/07\/mulheres-sorridentes-conversando-a-mesa-usando-linguagem-de-sinais.jpg?fit=1200%2C675&ssl=1&resize=525%2C300 1.5x, https:\/\/i0.wp.com\/diariodegarca.com\/wp-content\/uploads\/2025\/07\/mulheres-sorridentes-conversando-a-mesa-usando-linguagem-de-sinais.jpg?fit=1200%2C675&ssl=1&resize=700%2C400 2x, https:\/\/i0.wp.com\/diariodegarca.com\/wp-content\/uploads\/2025\/07\/mulheres-sorridentes-conversando-a-mesa-usando-linguagem-de-sinais.jpg?fit=1200%2C675&ssl=1&resize=1050%2C600 3x"},"classes":[]},{"id":7000,"url":"https:\/\/diariodegarca.com\/?p=7000","url_meta":{"origin":2892,"position":4},"title":"Butantan oferta tr\u00eas cursos on-line gratuitos de divulga\u00e7\u00e3o cient\u00edfica em setembro","author":"Di\u00e1rio de Gar\u00e7a","date":"22 de setembro de 2025","format":false,"excerpt":"Forma\u00e7\u00f5es abordam temas como aracn\u00eddeos, serpentes, r\u00e9pteis e biotecnologia de fungos; inscri\u00e7\u00f5es est\u00e3o abertas e vagas s\u00e3o limitadas. A Escola Superior do Instituto Butantan (ESIB) est\u00e1 com inscri\u00e7\u00f5es abertas para uma s\u00e9rie de cursos de divulga\u00e7\u00e3o cient\u00edfica, que ser\u00e3o realizados de forma online e gratuita ao longo do m\u00eas de\u2026","rel":"","context":"Em &quot;Brasil&quot;","block_context":{"text":"Brasil","link":"https:\/\/diariodegarca.com\/?cat=38185"},"img":{"alt_text":"","src":"https:\/\/i0.wp.com\/diariodegarca.com\/wp-content\/uploads\/2025\/09\/foto-macro-de-uma-aranha-em-sua-teia.jpg?fit=1200%2C983&ssl=1&resize=350%2C200","width":350,"height":200,"srcset":"https:\/\/i0.wp.com\/diariodegarca.com\/wp-content\/uploads\/2025\/09\/foto-macro-de-uma-aranha-em-sua-teia.jpg?fit=1200%2C983&ssl=1&resize=350%2C200 1x, https:\/\/i0.wp.com\/diariodegarca.com\/wp-content\/uploads\/2025\/09\/foto-macro-de-uma-aranha-em-sua-teia.jpg?fit=1200%2C983&ssl=1&resize=525%2C300 1.5x, https:\/\/i0.wp.com\/diariodegarca.com\/wp-content\/uploads\/2025\/09\/foto-macro-de-uma-aranha-em-sua-teia.jpg?fit=1200%2C983&ssl=1&resize=700%2C400 2x, https:\/\/i0.wp.com\/diariodegarca.com\/wp-content\/uploads\/2025\/09\/foto-macro-de-uma-aranha-em-sua-teia.jpg?fit=1200%2C983&ssl=1&resize=1050%2C600 3x"},"classes":[]},{"id":5270,"url":"https:\/\/diariodegarca.com\/?p=5270","url_meta":{"origin":2892,"position":5},"title":"Curso gratuito para gestores municipais de cultura abre inscri\u00e7\u00f5es","author":"Di\u00e1rio de Gar\u00e7a","date":"5 de agosto de 2025","format":false,"excerpt":"Forma\u00e7\u00e3o online, com 160 horas de dura\u00e7\u00e3o, \u00e9 oferecida pela UFRB em parceria com o MinC e aborda desde sistemas de cultura at\u00e9 gest\u00e3o de equipamentos. Gestores culturais de todo o pa\u00eds t\u00eam uma nova oportunidade de capacita\u00e7\u00e3o gratuita e acess\u00edvel. Est\u00e3o abertas as inscri\u00e7\u00f5es para o curso\u00a0\u201cForma\u00e7\u00e3o para Gestores\u2026","rel":"","context":"Em &quot;Brasil&quot;","block_context":{"text":"Brasil","link":"https:\/\/diariodegarca.com\/?cat=38185"},"img":{"alt_text":"","src":"https:\/\/i0.wp.com\/diariodegarca.com\/wp-content\/uploads\/2025\/08\/fgmc-news.png?fit=1200%2C800&ssl=1&resize=350%2C200","width":350,"height":200,"srcset":"https:\/\/i0.wp.com\/diariodegarca.com\/wp-content\/uploads\/2025\/08\/fgmc-news.png?fit=1200%2C800&ssl=1&resize=350%2C200 1x, https:\/\/i0.wp.com\/diariodegarca.com\/wp-content\/uploads\/2025\/08\/fgmc-news.png?fit=1200%2C800&ssl=1&resize=525%2C300 1.5x, https:\/\/i0.wp.com\/diariodegarca.com\/wp-content\/uploads\/2025\/08\/fgmc-news.png?fit=1200%2C800&ssl=1&resize=700%2C400 2x, https:\/\/i0.wp.com\/diariodegarca.com\/wp-content\/uploads\/2025\/08\/fgmc-news.png?fit=1200%2C800&ssl=1&resize=1050%2C600 3x"},"classes":[]}],"_links":{"self":[{"href":"https:\/\/diariodegarca.com\/index.php?rest_route=\/wp\/v2\/posts\/2892","targetHints":{"allow":["GET"]}}],"collection":[{"href":"https:\/\/diariodegarca.com\/index.php?rest_route=\/wp\/v2\/posts"}],"about":[{"href":"https:\/\/diariodegarca.com\/index.php?rest_route=\/wp\/v2\/types\/post"}],"author":[{"embeddable":true,"href":"https:\/\/diariodegarca.com\/index.php?rest_route=\/wp\/v2\/users\/260896546"}],"replies":[{"embeddable":true,"href":"https:\/\/diariodegarca.com\/index.php?rest_route=%2Fwp%2Fv2%2Fcomments&post=2892"}],"version-history":[{"count":0,"href":"https:\/\/diariodegarca.com\/index.php?rest_route=\/wp\/v2\/posts\/2892\/revisions"}],"wp:attachment":[{"href":"https:\/\/diariodegarca.com\/index.php?rest_route=%2Fwp%2Fv2%2Fmedia&parent=2892"}],"wp:term":[{"taxonomy":"category","embeddable":true,"href":"https:\/\/diariodegarca.com\/index.php?rest_route=%2Fwp%2Fv2%2Fcategories&post=2892"},{"taxonomy":"post_tag","embeddable":true,"href":"https:\/\/diariodegarca.com\/index.php?rest_route=%2Fwp%2Fv2%2Ftags&post=2892"}],"curies":[{"name":"wp","href":"https:\/\/api.w.org\/{rel}","templated":true}]}}