{"id":2893,"date":"2025-02-05T18:46:00","date_gmt":"2025-02-05T18:46:00","guid":{"rendered":"https:\/\/diariodegarca.com\/2025\/02\/05\/curso-online-e-gratuito-de-sonorizacao-abre-inscricoes\/"},"modified":"2025-02-05T18:46:00","modified_gmt":"2025-02-05T18:46:00","slug":"curso-online-e-gratuito-de-sonorizacao-abre-inscricoes","status":"publish","type":"post","link":"https:\/\/diariodegarca.com\/?p=2893","title":{"rendered":"Curso online e gratuito de Sonoriza\u00e7\u00e3o abre inscri\u00e7\u00f5es"},"content":{"rendered":"<div class=\"separator\" style=\"clear: both;text-align: center\">\n  <a href=\"https:\/\/blogger.googleusercontent.com\/img\/a\/AVvXsEiKO3A_xWZrZT-4RV1c1QPH6mIaK7VYobMy6akUjCMcOfgfBG2ktBQdbXtaoM3UZKab2XP6ke0X2T-xJWu1qMAMFPcb427dJZwKpTxQk9cfVO597C6PRxnbOGcO4GFDHnDY0_wVj-lCOAuHCCaPJ4uOpE8HaCS04ntXKxe3QygEvMhZNPjX95seuqgzrs0\" style=\"margin-left: 1em;margin-right: 1em\"><br \/>\n    <img decoding=\"async\" border=\"0\" src=\"https:\/\/blogger.googleusercontent.com\/img\/a\/AVvXsEiKO3A_xWZrZT-4RV1c1QPH6mIaK7VYobMy6akUjCMcOfgfBG2ktBQdbXtaoM3UZKab2XP6ke0X2T-xJWu1qMAMFPcb427dJZwKpTxQk9cfVO597C6PRxnbOGcO4GFDHnDY0_wVj-lCOAuHCCaPJ4uOpE8HaCS04ntXKxe3QygEvMhZNPjX95seuqgzrs0\" width=\"400\"><br \/>\n  <\/a>\n<\/div>\n<p><\/p>\n<div><\/div>\n<div>Est\u00e3o abertas as inscri\u00e7\u00f5es para o curso online e gratuito de <b>Sonoriza\u00e7\u00e3o<\/b>, oferecido pela Escult em parceria com a Universidade Federal de Goi\u00e1s (UFG). A forma\u00e7\u00e3o \u00e9 voltada para quem deseja aprender sobre capta\u00e7\u00e3o e edi\u00e7\u00e3o de \u00e1udio, mixagem, sonoriza\u00e7\u00e3o de ambientes e cria\u00e7\u00e3o de trilhas sonoras para produ\u00e7\u00f5es audiovisuais.\u00a0\u00a0<\/div>\n<div><\/div>\n<div>Com carga hor\u00e1ria de <b>60 horas<\/b>, o curso aborda fundamentos essenciais da sonoriza\u00e7\u00e3o, incluindo princ\u00edpios t\u00e9cnicos, equipamentos de capta\u00e7\u00e3o, t\u00e9cnicas de grava\u00e7\u00e3o e edi\u00e7\u00e3o, mixagem de ambientes, design sonoro e cria\u00e7\u00e3o de trilhas. As <b>aulas ser\u00e3o realizadas<\/b>\u00a0na modalidade de educa\u00e7\u00e3o a <b>dist\u00e2ncia<\/b>, proporcionando flexibilidade para os participantes.\u00a0\u00a0<\/div>\n<div><\/div>\n<div>Interessados podem se inscrever e obter mais informa\u00e7\u00f5es no site oficial da Escult: <a href=\"http:\/\/escult.cultura.gov.br\">http:\/\/escult.cultura.gov.br<\/a>.\u00a0\u00a0<\/div>\n<div><\/div>\n<div>Uma \u00f3tima oportunidade para quem busca se especializar na \u00e1rea de \u00e1udio e sonoriza\u00e7\u00e3o, ampliando conhecimentos e habilidades t\u00e9cnicas.\u00a0\u00a0<\/div>\n","protected":false},"excerpt":{"rendered":"<p>Est\u00e3o abertas as inscri\u00e7\u00f5es para o curso online e gratuito de Sonoriza\u00e7\u00e3o, oferecido pela Escult em parceria com a Universidade Federal de Goi\u00e1s (UFG). A forma\u00e7\u00e3o \u00e9 voltada para quem deseja aprender sobre capta\u00e7\u00e3o e edi\u00e7\u00e3o de \u00e1udio, mixagem, sonoriza\u00e7\u00e3o de ambientes e cria\u00e7\u00e3o de trilhas sonoras para produ\u00e7\u00f5es audiovisuais.\u00a0\u00a0 Com carga hor\u00e1ria de 60 [&hellip;]<\/p>\n","protected":false},"author":260896546,"featured_media":0,"comment_status":"open","ping_status":"open","sticky":false,"template":"","format":"standard","meta":{"_crdt_document":"","_monsterinsights_skip_tracking":false,"_monsterinsights_sitenote_active":false,"_monsterinsights_sitenote_note":"","_monsterinsights_sitenote_category":0,"advanced_seo_description":"","jetpack_seo_html_title":"","jetpack_seo_noindex":false,"_jetpack_newsletter_access":"","_jetpack_dont_email_post_to_subs":false,"_jetpack_newsletter_tier_id":0,"_jetpack_memberships_contains_paywalled_content":false,"_jetpack_memberships_contains_paid_content":false,"footnotes":"","jetpack_publicize_message":"","jetpack_publicize_feature_enabled":true,"jetpack_social_post_already_shared":false,"jetpack_social_options":{"image_generator_settings":{"template":"fullscreen","default_image_id":0,"font":"","enabled":false},"version":2},"_wpas_customize_per_network":false,"jetpack_post_was_ever_published":false},"categories":[38185],"tags":[781171790,781171800],"class_list":["post-2893","post","type-post","status-publish","format-standard","hentry","category-brasil","tag-cultura","tag-curso"],"jetpack_publicize_connections":[],"jetpack_featured_media_url":"","jetpack_likes_enabled":true,"jetpack_sharing_enabled":true,"jetpack_shortlink":"https:\/\/wp.me\/pgitne-KF","jetpack-related-posts":[{"id":2974,"url":"https:\/\/diariodegarca.com\/?p=2974","url_meta":{"origin":2893,"position":0},"title":"MinC oferece curso gratuito de sonoriza\u00e7\u00e3o para produ\u00e7\u00f5es audiovisuais","author":"Di\u00e1rio de Gar\u00e7a","date":"23 de janeiro de 2025","format":false,"excerpt":"Est\u00e3o abertas as inscri\u00e7\u00f5es para o curso online e gratuito de Sonoriza\u00e7\u00e3o, promovido pelo Minist\u00e9rio da Cultura, por meio da plataforma Escult, em parceria com o Instituto Federal de Goi\u00e1s (IFG).\u00a0A forma\u00e7\u00e3o \u00e9 destinada a quem deseja aprender ou aprimorar habilidades na \u00e1rea de capta\u00e7\u00e3o e edi\u00e7\u00e3o de \u00e1udio, mixagem,\u2026","rel":"","context":"Em &quot;Brasil&quot;","block_context":{"text":"Brasil","link":"https:\/\/diariodegarca.com\/?cat=38185"},"img":{"alt_text":"","src":"","width":0,"height":0},"classes":[]},{"id":7000,"url":"https:\/\/diariodegarca.com\/?p=7000","url_meta":{"origin":2893,"position":1},"title":"Butantan oferta tr\u00eas cursos on-line gratuitos de divulga\u00e7\u00e3o cient\u00edfica em setembro","author":"Di\u00e1rio de Gar\u00e7a","date":"22 de setembro de 2025","format":false,"excerpt":"Forma\u00e7\u00f5es abordam temas como aracn\u00eddeos, serpentes, r\u00e9pteis e biotecnologia de fungos; inscri\u00e7\u00f5es est\u00e3o abertas e vagas s\u00e3o limitadas. A Escola Superior do Instituto Butantan (ESIB) est\u00e1 com inscri\u00e7\u00f5es abertas para uma s\u00e9rie de cursos de divulga\u00e7\u00e3o cient\u00edfica, que ser\u00e3o realizados de forma online e gratuita ao longo do m\u00eas de\u2026","rel":"","context":"Em &quot;Brasil&quot;","block_context":{"text":"Brasil","link":"https:\/\/diariodegarca.com\/?cat=38185"},"img":{"alt_text":"","src":"https:\/\/i0.wp.com\/diariodegarca.com\/wp-content\/uploads\/2025\/09\/foto-macro-de-uma-aranha-em-sua-teia.jpg?fit=1200%2C983&ssl=1&resize=350%2C200","width":350,"height":200,"srcset":"https:\/\/i0.wp.com\/diariodegarca.com\/wp-content\/uploads\/2025\/09\/foto-macro-de-uma-aranha-em-sua-teia.jpg?fit=1200%2C983&ssl=1&resize=350%2C200 1x, https:\/\/i0.wp.com\/diariodegarca.com\/wp-content\/uploads\/2025\/09\/foto-macro-de-uma-aranha-em-sua-teia.jpg?fit=1200%2C983&ssl=1&resize=525%2C300 1.5x, https:\/\/i0.wp.com\/diariodegarca.com\/wp-content\/uploads\/2025\/09\/foto-macro-de-uma-aranha-em-sua-teia.jpg?fit=1200%2C983&ssl=1&resize=700%2C400 2x, https:\/\/i0.wp.com\/diariodegarca.com\/wp-content\/uploads\/2025\/09\/foto-macro-de-uma-aranha-em-sua-teia.jpg?fit=1200%2C983&ssl=1&resize=1050%2C600 3x"},"classes":[]},{"id":7183,"url":"https:\/\/diariodegarca.com\/?p=7183","url_meta":{"origin":2893,"position":2},"title":"Mar\u00edlia oferta cursos gratuitos EaD em empreendedorismo, design e monitoramento escolar","author":"Di\u00e1rio de Gar\u00e7a","date":"26 de setembro de 2025","format":false,"excerpt":"Inscri\u00e7\u00f5es para forma\u00e7\u00f5es com CEPROM come\u00e7am em 6 de outubro; oportunidade \u00e9 voltada a maiores de 18 anos com ensino fundamental completo. O Centro Profissionalizante Municipal de Mar\u00edlia (CEPROM), vinculado \u00e0 Secretaria de Assist\u00eancia Social e Cidadania, abrir\u00e1 inscri\u00e7\u00f5es para uma nova leva de cursos gratuitos na modalidade Educa\u00e7\u00e3o a\u2026","rel":"","context":"Em &quot;Curso&quot;","block_context":{"text":"Curso","link":"https:\/\/diariodegarca.com\/?cat=36947"},"img":{"alt_text":"","src":"https:\/\/i0.wp.com\/diariodegarca.com\/wp-content\/uploads\/2025\/09\/Divulgacao-Detran-AM-transporte-escolar-scaled-1.jpg?fit=1200%2C801&ssl=1&resize=350%2C200","width":350,"height":200,"srcset":"https:\/\/i0.wp.com\/diariodegarca.com\/wp-content\/uploads\/2025\/09\/Divulgacao-Detran-AM-transporte-escolar-scaled-1.jpg?fit=1200%2C801&ssl=1&resize=350%2C200 1x, https:\/\/i0.wp.com\/diariodegarca.com\/wp-content\/uploads\/2025\/09\/Divulgacao-Detran-AM-transporte-escolar-scaled-1.jpg?fit=1200%2C801&ssl=1&resize=525%2C300 1.5x, https:\/\/i0.wp.com\/diariodegarca.com\/wp-content\/uploads\/2025\/09\/Divulgacao-Detran-AM-transporte-escolar-scaled-1.jpg?fit=1200%2C801&ssl=1&resize=700%2C400 2x, https:\/\/i0.wp.com\/diariodegarca.com\/wp-content\/uploads\/2025\/09\/Divulgacao-Detran-AM-transporte-escolar-scaled-1.jpg?fit=1200%2C801&ssl=1&resize=1050%2C600 3x"},"classes":[]},{"id":6252,"url":"https:\/\/diariodegarca.com\/?p=6252","url_meta":{"origin":2893,"position":3},"title":"Estado promove curso gratuito e online de libras com professores surdos","author":"Di\u00e1rio de Gar\u00e7a","date":"1 de setembro de 2025","format":false,"excerpt":"Inscri\u00e7\u00f5es para as oito turmas do programa da Escola da Inclus\u00e3o acontecem na ter\u00e7a, \u00e0s 10h. A Secretaria de Estado dos Direitos da Pessoa com Defici\u00eancia de S\u00e3o Paulo (SEDPcD) abre, a partir das 10h desta ter\u00e7a-feira, 2 de setembro, as inscri\u00e7\u00f5es para uma nova edi\u00e7\u00e3o do Curso B\u00e1sico de\u2026","rel":"","context":"Em &quot;Curso&quot;","block_context":{"text":"Curso","link":"https:\/\/diariodegarca.com\/?cat=36947"},"img":{"alt_text":"","src":"https:\/\/i0.wp.com\/diariodegarca.com\/wp-content\/uploads\/2025\/09\/sala-de-aula-virtual-e-espaco-de-estudo.jpg?fit=1200%2C799&ssl=1&resize=350%2C200","width":350,"height":200,"srcset":"https:\/\/i0.wp.com\/diariodegarca.com\/wp-content\/uploads\/2025\/09\/sala-de-aula-virtual-e-espaco-de-estudo.jpg?fit=1200%2C799&ssl=1&resize=350%2C200 1x, https:\/\/i0.wp.com\/diariodegarca.com\/wp-content\/uploads\/2025\/09\/sala-de-aula-virtual-e-espaco-de-estudo.jpg?fit=1200%2C799&ssl=1&resize=525%2C300 1.5x, https:\/\/i0.wp.com\/diariodegarca.com\/wp-content\/uploads\/2025\/09\/sala-de-aula-virtual-e-espaco-de-estudo.jpg?fit=1200%2C799&ssl=1&resize=700%2C400 2x, https:\/\/i0.wp.com\/diariodegarca.com\/wp-content\/uploads\/2025\/09\/sala-de-aula-virtual-e-espaco-de-estudo.jpg?fit=1200%2C799&ssl=1&resize=1050%2C600 3x"},"classes":[]},{"id":4403,"url":"https:\/\/diariodegarca.com\/?p=4403","url_meta":{"origin":2893,"position":4},"title":"SENAR oferece curso gratuito de &#8220;Sensoriamento remoto e mapeamento com drones&#8221; para o agroneg\u00f3cio","author":"Di\u00e1rio de Gar\u00e7a","date":"3 de julho de 2025","format":false,"excerpt":"Capacita\u00e7\u00e3o online e gratuita ensina produtores e trabalhadores rurais a utilizar drones para otimizar a gest\u00e3o agr\u00edcola. O Servi\u00e7o Nacional de Aprendizagem Rural (SENAR) est\u00e1 com inscri\u00e7\u00f5es abertas para o curso\u00a0\"Sensoriamento Remoto B\u00e1sico e Mapeamento com Drones\", uma oportunidade para profissionais do agro dominarem ferramentas modernas de monitoramento de culturas.\u2026","rel":"","context":"Em &quot;Agricultura&quot;","block_context":{"text":"Agricultura","link":"https:\/\/diariodegarca.com\/?cat=34615"},"img":{"alt_text":"","src":"","width":0,"height":0},"classes":[]},{"id":2929,"url":"https:\/\/diariodegarca.com\/?p=2929","url_meta":{"origin":2893,"position":5},"title":"DIEESE abre inscri\u00e7\u00f5es para curso gratuito sobre Economia Solid\u00e1ria","author":"Di\u00e1rio de Gar\u00e7a","date":"30 de janeiro de 2025","format":false,"excerpt":"O Departamento Intersindical de Estat\u00edstica e Estudos Socioecon\u00f4micos (DIEESE) est\u00e1 com inscri\u00e7\u00f5es abertas para o curso on-line gratuito \"Economia Solid\u00e1ria: Autogest\u00e3o e Coopera\u00e7\u00e3o para Gera\u00e7\u00e3o de Renda\". A forma\u00e7\u00e3o \u00e9 totalmente virtual, com aulas gravadas, permitindo que os participantes acessem o conte\u00fado quando e onde quiserem. O que voc\u00ea vai\u2026","rel":"","context":"Em &quot;Brasil&quot;","block_context":{"text":"Brasil","link":"https:\/\/diariodegarca.com\/?cat=38185"},"img":{"alt_text":"","src":"","width":0,"height":0},"classes":[]}],"_links":{"self":[{"href":"https:\/\/diariodegarca.com\/index.php?rest_route=\/wp\/v2\/posts\/2893","targetHints":{"allow":["GET"]}}],"collection":[{"href":"https:\/\/diariodegarca.com\/index.php?rest_route=\/wp\/v2\/posts"}],"about":[{"href":"https:\/\/diariodegarca.com\/index.php?rest_route=\/wp\/v2\/types\/post"}],"author":[{"embeddable":true,"href":"https:\/\/diariodegarca.com\/index.php?rest_route=\/wp\/v2\/users\/260896546"}],"replies":[{"embeddable":true,"href":"https:\/\/diariodegarca.com\/index.php?rest_route=%2Fwp%2Fv2%2Fcomments&post=2893"}],"version-history":[{"count":0,"href":"https:\/\/diariodegarca.com\/index.php?rest_route=\/wp\/v2\/posts\/2893\/revisions"}],"wp:attachment":[{"href":"https:\/\/diariodegarca.com\/index.php?rest_route=%2Fwp%2Fv2%2Fmedia&parent=2893"}],"wp:term":[{"taxonomy":"category","embeddable":true,"href":"https:\/\/diariodegarca.com\/index.php?rest_route=%2Fwp%2Fv2%2Fcategories&post=2893"},{"taxonomy":"post_tag","embeddable":true,"href":"https:\/\/diariodegarca.com\/index.php?rest_route=%2Fwp%2Fv2%2Ftags&post=2893"}],"curies":[{"name":"wp","href":"https:\/\/api.w.org\/{rel}","templated":true}]}}