{"id":2895,"date":"2025-02-05T16:57:00","date_gmt":"2025-02-05T16:57:00","guid":{"rendered":"https:\/\/diariodegarca.com\/2025\/02\/05\/policia-militar-apreende-maquina-caca-niquel-em-estabelecimento-comercial-de-pompeia\/"},"modified":"2025-02-05T16:57:00","modified_gmt":"2025-02-05T16:57:00","slug":"policia-militar-apreende-maquina-caca-niquel-em-estabelecimento-comercial-de-pompeia","status":"publish","type":"post","link":"https:\/\/diariodegarca.com\/?p=2895","title":{"rendered":"Pol\u00edcia Militar apreende m\u00e1quina ca\u00e7a-n\u00edquel em estabelecimento comercial de Pomp\u00e9ia"},"content":{"rendered":"<p><\/p>\n<div>\n<div class=\"separator\" style=\"clear: both;text-align: center\">\n  <a href=\"https:\/\/blogger.googleusercontent.com\/img\/a\/AVvXsEhhJoI7g0WNsbM9IDYZIGb14x0avK763RYN3Kaxf4O1ifRtvYQJ4sD3z2t7CtiCNnCyclHqAWJqJOlSpZRD9Ey8GpdeZvNAd9bHbCSn56cE5MHBgejs37vO1h9BMCl8zmAEoNuJp0c0ohlG0Af9T5rpz2pzO3qsC2ct1Zp5BRkIqXMortx_kmYlEJbjcK8\" style=\"margin-left: 1em;margin-right: 1em\"><br \/>\n    <img decoding=\"async\" border=\"0\" src=\"https:\/\/blogger.googleusercontent.com\/img\/a\/AVvXsEhhJoI7g0WNsbM9IDYZIGb14x0avK763RYN3Kaxf4O1ifRtvYQJ4sD3z2t7CtiCNnCyclHqAWJqJOlSpZRD9Ey8GpdeZvNAd9bHbCSn56cE5MHBgejs37vO1h9BMCl8zmAEoNuJp0c0ohlG0Af9T5rpz2pzO3qsC2ct1Zp5BRkIqXMortx_kmYlEJbjcK8\" width=\"400\"><br \/>\n  <\/a>\n<\/div>\n<p><\/div>\n<div>Na manh\u00e3 desta quarta-feira, dia 5 de fevereiro,\u00a0 policiais militares do 9\u00ba Batalh\u00e3o de Pol\u00edcia Militar do Interior (BPM\/I) apreenderam uma m\u00e1quina ca\u00e7a-n\u00edquel em um estabelecimento comercial no munic\u00edpio de Pomp\u00e9ia. A a\u00e7\u00e3o ocorreu ap\u00f3s uma den\u00fancia an\u00f4nima que alertou sobre a presen\u00e7a do equipamento ilegal no local.\u00a0\u00a0<\/div>\n<div><\/div>\n<div>Por volta das 9h20, a equipe policial se deslocou at\u00e9 o estabelecimento e, em contato com a propriet\u00e1ria, confirmou a exist\u00eancia da m\u00e1quina. O equipamento foi encontrado escondido em um c\u00f4modo atr\u00e1s do balc\u00e3o.\u00a0<\/div>\n<div><\/div>\n<div>Diante da constata\u00e7\u00e3o, os policiais elaboraram o Boletim de Ocorr\u00eancia e realizaram a apreens\u00e3o do objeto, que foi encaminhado para per\u00edcia.\u00a0\u00a0<\/div>\n<div><\/div>\n<div>A a\u00e7\u00e3o refor\u00e7a o compromisso da Pol\u00edcia Militar no combate a atividades ilegais e na manuten\u00e7\u00e3o da ordem p\u00fablica, garantindo o cumprimento da legisla\u00e7\u00e3o vigente.\u00a0<\/div>\n","protected":false},"excerpt":{"rendered":"<p>Na manh\u00e3 desta quarta-feira, dia 5 de fevereiro,\u00a0 policiais militares do 9\u00ba Batalh\u00e3o de Pol\u00edcia Militar do Interior (BPM\/I) apreenderam uma m\u00e1quina ca\u00e7a-n\u00edquel em um estabelecimento comercial no munic\u00edpio de Pomp\u00e9ia. A a\u00e7\u00e3o ocorreu ap\u00f3s uma den\u00fancia an\u00f4nima que alertou sobre a presen\u00e7a do equipamento ilegal no local.\u00a0\u00a0 Por volta das 9h20, a equipe policial [&hellip;]<\/p>\n","protected":false},"author":260896546,"featured_media":0,"comment_status":"open","ping_status":"open","sticky":false,"template":"","format":"standard","meta":{"_monsterinsights_skip_tracking":false,"advanced_seo_description":"","jetpack_seo_html_title":"","jetpack_seo_noindex":false,"jetpack_seo_schema_type":"","_jetpack_newsletter_access":"","_jetpack_dont_email_post_to_subs":false,"_jetpack_newsletter_tier_id":0,"_jetpack_memberships_contains_paywalled_content":false,"_wpcom_ai_launchpad_first_post":false,"_jetpack_feature_clip_id":0,"_jetpack_memberships_contains_paid_content":false,"footnotes":"","jetpack_publicize_message":"{title}\n\n{excerpt}\n\n{url}","jetpack_publicize_feature_enabled":true,"jetpack_social_post_already_shared":false,"jetpack_social_options":{"image_generator_settings":{"template":"fullscreen","default_image_id":0,"font":"","enabled":false},"version":2},"_wpas_customize_per_network":false,"jetpack_post_was_ever_published":false},"categories":[38185],"tags":[781171815,1036487],"class_list":["post-2895","post","type-post","status-publish","format-standard","hentry","category-brasil","tag-pompeia","tag-seguranca-publica"],"jetpack_publicize_connections":[],"jetpack_likes_enabled":true,"jetpack_sharing_enabled":true,"jetpack_shortlink":"https:\/\/wp.me\/pgitne-KH","jetpack-related-posts":[{"id":2887,"url":"https:\/\/diariodegarca.com\/?p=2887","url_meta":{"origin":2895,"position":0},"title":"Pol\u00edcia Militar apreende m\u00e1quinas ca\u00e7a-n\u00edquel em Oriente","author":"Di\u00e1rio de Gar\u00e7a","date":"6 de fevereiro de 2025","format":false,"excerpt":"Na noite de quarta-feira, dia 5 de fevereiro, a Pol\u00edcia Militar apreendeu tr\u00eas m\u00e1quinas ca\u00e7a-n\u00edquel dentro de um estabelecimento comercial em Oriente, no interior de S\u00e3o Paulo. A a\u00e7\u00e3o ocorreu por volta das 20h, ap\u00f3s uma den\u00fancia an\u00f4nima sobre jogatina ilegal.Ao chegarem ao local, os policiais flagraram as m\u00e1quinas ligadas\u2026","rel":"","context":"Em &quot;Brasil&quot;","block_context":{"text":"Brasil","link":"https:\/\/diariodegarca.com\/?cat=38185"},"img":{"alt_text":"","src":"","width":0,"height":0},"classes":[]},{"id":4643,"url":"https:\/\/diariodegarca.com\/?p=4643","url_meta":{"origin":2895,"position":1},"title":"Opera\u00e7\u00f5es policiais em Gar\u00e7a, Pomp\u00e9ia e Tup\u00e3 resultam em pris\u00f5es e apreens\u00e3o de drogas","author":"Di\u00e1rio de Gar\u00e7a","date":"12 de julho de 2025","format":false,"excerpt":"A\u00e7\u00f5es da PM no interior de S\u00e3o Paulo prendem suspeitos por tr\u00e1fico e fiscalizam tr\u00e2nsito em opera\u00e7\u00e3o integrada. As a\u00e7\u00f5es do\u00a09\u00ba Batalh\u00e3o da Pol\u00edcia Militar\u00a0em\u00a0Gar\u00e7a, Pomp\u00e9ia e Tup\u00e3\u00a0demonstram a\u00a0efetividade do trabalho integrado\u00a0no combate ao crime e na fiscaliza\u00e7\u00e3o do tr\u00e2nsito nos \u00faltimos dias. Enquanto as opera\u00e7\u00f5es contra o tr\u00e1fico de\u2026","rel":"","context":"Em &quot;Gar\u00e7a&quot;","block_context":{"text":"Gar\u00e7a","link":"https:\/\/diariodegarca.com\/?cat=781171664"},"img":{"alt_text":"","src":"https:\/\/i0.wp.com\/diariodegarca.com\/wp-content\/uploads\/2025\/06\/503566608_18306010942246526_8008225824564545424_n-e1764161649475.webp?fit=1080%2C733&ssl=1&resize=350%2C200","width":350,"height":200,"srcset":"https:\/\/i0.wp.com\/diariodegarca.com\/wp-content\/uploads\/2025\/06\/503566608_18306010942246526_8008225824564545424_n-e1764161649475.webp?fit=1080%2C733&ssl=1&resize=350%2C200 1x, https:\/\/i0.wp.com\/diariodegarca.com\/wp-content\/uploads\/2025\/06\/503566608_18306010942246526_8008225824564545424_n-e1764161649475.webp?fit=1080%2C733&ssl=1&resize=525%2C300 1.5x, https:\/\/i0.wp.com\/diariodegarca.com\/wp-content\/uploads\/2025\/06\/503566608_18306010942246526_8008225824564545424_n-e1764161649475.webp?fit=1080%2C733&ssl=1&resize=700%2C400 2x, https:\/\/i0.wp.com\/diariodegarca.com\/wp-content\/uploads\/2025\/06\/503566608_18306010942246526_8008225824564545424_n-e1764161649475.webp?fit=1080%2C733&ssl=1&resize=1050%2C600 3x"},"classes":[]},{"id":7818,"url":"https:\/\/diariodegarca.com\/?p=7818","url_meta":{"origin":2895,"position":2},"title":"Estagi\u00e1rios da PM apreendem crack, coca\u00edna e maconha durante opera\u00e7\u00e3o em Pomp\u00e9ia","author":"Andreza Sega","date":"18 de outubro de 2025","format":false,"excerpt":"Durante est\u00e1gio supervisionado, soldados do 9\u00b0 BPM\/I seguiram den\u00fancia an\u00f4nima ap\u00f3s abordagem e encontraram drogas escondidas em via p\u00fablica. Uma opera\u00e7\u00e3o de rotina da Pol\u00edcia Militar resultou na apreens\u00e3o de uma significativa quantidade de drogas e na pris\u00e3o de um homem por tr\u00e1fico na sexta-feira, 17 de outubro, em Pomp\u00e9ia.\u2026","rel":"","context":"Em &quot;Mar\u00edlia&quot;","block_context":{"text":"Mar\u00edlia","link":"https:\/\/diariodegarca.com\/?cat=683453294"},"img":{"alt_text":"","src":"https:\/\/i0.wp.com\/diariodegarca.com\/wp-content\/uploads\/2025\/10\/SnapInsta.to_564317067_18320816452246526_838517025965116070_n-e1760796773285.jpg?fit=1200%2C852&ssl=1&resize=350%2C200","width":350,"height":200,"srcset":"https:\/\/i0.wp.com\/diariodegarca.com\/wp-content\/uploads\/2025\/10\/SnapInsta.to_564317067_18320816452246526_838517025965116070_n-e1760796773285.jpg?fit=1200%2C852&ssl=1&resize=350%2C200 1x, https:\/\/i0.wp.com\/diariodegarca.com\/wp-content\/uploads\/2025\/10\/SnapInsta.to_564317067_18320816452246526_838517025965116070_n-e1760796773285.jpg?fit=1200%2C852&ssl=1&resize=525%2C300 1.5x, https:\/\/i0.wp.com\/diariodegarca.com\/wp-content\/uploads\/2025\/10\/SnapInsta.to_564317067_18320816452246526_838517025965116070_n-e1760796773285.jpg?fit=1200%2C852&ssl=1&resize=700%2C400 2x, https:\/\/i0.wp.com\/diariodegarca.com\/wp-content\/uploads\/2025\/10\/SnapInsta.to_564317067_18320816452246526_838517025965116070_n-e1760796773285.jpg?fit=1200%2C852&ssl=1&resize=1050%2C600 3x"},"classes":[]},{"id":4159,"url":"https:\/\/diariodegarca.com\/?p=4159","url_meta":{"origin":2895,"position":3},"title":"A\u00e7\u00f5es policiais prendem suspeitos por roubo, furto e tr\u00e1fico em cidades da regi\u00e3o","author":"Di\u00e1rio de Gar\u00e7a","date":"23 de junho de 2025","format":false,"excerpt":"Em opera\u00e7\u00f5es realizadas no fim de semana, policiais militares do 9\u00ba Batalh\u00e3o do Interior prenderam criminosos em flagrante em Mar\u00edlia, Pomp\u00e9ia e Tup\u00e3; drogas, ve\u00edculo furtado e objetos roubados foram apreendidos. No \u00faltimo fim de semana, o\u00a09\u00ba Batalh\u00e3o de Pol\u00edcia Militar do Interior\u00a0registrou ocorr\u00eancias em diferentes cidades da regi\u00e3o, resultando\u2026","rel":"","context":"Em &quot;Mar\u00edlia&quot;","block_context":{"text":"Mar\u00edlia","link":"https:\/\/diariodegarca.com\/?cat=683453294"},"img":{"alt_text":"","src":"https:\/\/i0.wp.com\/diariodegarca.com\/wp-content\/uploads\/2025\/06\/503566608_18306010942246526_8008225824564545424_n-e1764161649475.webp?fit=1080%2C733&ssl=1&resize=350%2C200","width":350,"height":200,"srcset":"https:\/\/i0.wp.com\/diariodegarca.com\/wp-content\/uploads\/2025\/06\/503566608_18306010942246526_8008225824564545424_n-e1764161649475.webp?fit=1080%2C733&ssl=1&resize=350%2C200 1x, https:\/\/i0.wp.com\/diariodegarca.com\/wp-content\/uploads\/2025\/06\/503566608_18306010942246526_8008225824564545424_n-e1764161649475.webp?fit=1080%2C733&ssl=1&resize=525%2C300 1.5x, https:\/\/i0.wp.com\/diariodegarca.com\/wp-content\/uploads\/2025\/06\/503566608_18306010942246526_8008225824564545424_n-e1764161649475.webp?fit=1080%2C733&ssl=1&resize=700%2C400 2x, https:\/\/i0.wp.com\/diariodegarca.com\/wp-content\/uploads\/2025\/06\/503566608_18306010942246526_8008225824564545424_n-e1764161649475.webp?fit=1080%2C733&ssl=1&resize=1050%2C600 3x"},"classes":[]},{"id":2854,"url":"https:\/\/diariodegarca.com\/?p=2854","url_meta":{"origin":2895,"position":4},"title":"Policiais Militares prendem homem por roubo a mercado em Pomp\u00e9ia","author":"Di\u00e1rio de Gar\u00e7a","date":"11 de fevereiro de 2025","format":false,"excerpt":"Nesta segunda-feira, dia 10 de fevereiro, por volta das 18h30, policiais militares do 9\u00ba Batalh\u00e3o de Pol\u00edcia Militar do Interior (9\u00ba BPM\/I) prenderam um homem acusado de roubar um mercado na cidade de Pomp\u00e9ia. A a\u00e7\u00e3o foi realizada pelas equipes de Radiopatrulhamento ap\u00f3s a v\u00edtima acionar o 190 para relatar\u2026","rel":"","context":"Em &quot;Brasil&quot;","block_context":{"text":"Brasil","link":"https:\/\/diariodegarca.com\/?cat=38185"},"img":{"alt_text":"","src":"","width":0,"height":0},"classes":[]},{"id":4517,"url":"https:\/\/diariodegarca.com\/?p=4517","url_meta":{"origin":2895,"position":5},"title":"A\u00e7\u00e3o da PM combate tr\u00e1fico de drogas em Gar\u00e7a, Pomp\u00e9ia e Tup\u00e3","author":"Di\u00e1rio de Gar\u00e7a","date":"6 de julho de 2025","format":false,"excerpt":"Opera\u00e7\u00f5es resultam em pris\u00f5es e apreens\u00f5es em\u00a0cidades da regi\u00e3o. A Pol\u00edcia Militar do Estado de S\u00e3o Paulo segue atuando no combate ao tr\u00e1fico de drogas e na repress\u00e3o qualificada ao crime em diferentes regi\u00f5es do interior, o 9\u00ba Batalh\u00e3o de Pol\u00edcia Militar do Interior registrou ocorr\u00eancias significativas nos \u00faltimos dias,\u2026","rel":"","context":"Em &quot;Gar\u00e7a&quot;","block_context":{"text":"Gar\u00e7a","link":"https:\/\/diariodegarca.com\/?cat=781171664"},"img":{"alt_text":"","src":"","width":0,"height":0},"classes":[]}],"jetpack_featured_media_url":"","_links":{"self":[{"href":"https:\/\/diariodegarca.com\/index.php?rest_route=\/wp\/v2\/posts\/2895","targetHints":{"allow":["GET"]}}],"collection":[{"href":"https:\/\/diariodegarca.com\/index.php?rest_route=\/wp\/v2\/posts"}],"about":[{"href":"https:\/\/diariodegarca.com\/index.php?rest_route=\/wp\/v2\/types\/post"}],"author":[{"embeddable":true,"href":"https:\/\/diariodegarca.com\/index.php?rest_route=\/wp\/v2\/users\/260896546"}],"replies":[{"embeddable":true,"href":"https:\/\/diariodegarca.com\/index.php?rest_route=%2Fwp%2Fv2%2Fcomments&post=2895"}],"version-history":[{"count":0,"href":"https:\/\/diariodegarca.com\/index.php?rest_route=\/wp\/v2\/posts\/2895\/revisions"}],"wp:attachment":[{"href":"https:\/\/diariodegarca.com\/index.php?rest_route=%2Fwp%2Fv2%2Fmedia&parent=2895"}],"wp:term":[{"taxonomy":"category","embeddable":true,"href":"https:\/\/diariodegarca.com\/index.php?rest_route=%2Fwp%2Fv2%2Fcategories&post=2895"},{"taxonomy":"post_tag","embeddable":true,"href":"https:\/\/diariodegarca.com\/index.php?rest_route=%2Fwp%2Fv2%2Ftags&post=2895"}],"curies":[{"name":"wp","href":"https:\/\/api.w.org\/{rel}","templated":true}]}}