{"id":2899,"date":"2025-02-04T20:51:00","date_gmt":"2025-02-04T20:51:00","guid":{"rendered":"https:\/\/diariodegarca.com\/2025\/02\/04\/dupla-e-presa-apos-roubo-de-celular-em-marilia\/"},"modified":"2025-02-04T20:51:00","modified_gmt":"2025-02-04T20:51:00","slug":"dupla-e-presa-apos-roubo-de-celular-em-marilia","status":"publish","type":"post","link":"https:\/\/diariodegarca.com\/?p=2899","title":{"rendered":"Dupla \u00e9 presa ap\u00f3s roubo de celular em Mar\u00edlia"},"content":{"rendered":"<div class=\"separator\" style=\"clear: both;text-align: center\">\n  <a href=\"https:\/\/blogger.googleusercontent.com\/img\/a\/AVvXsEgIv1gHl13KQmbndQAUk5joHgQpDX2AaaolUCLU7EtCDIwR-ycoPX0Hb5hyoLLGs2yp-QqxDjlSeSm9kgwStTWlXfJXbOsSRCcRAXxxw_xKyE2dMYnyhIwfdMyAYhzaVdEfemmw4O1HDfKx2o68Z_-Bn2V8sliJvOYS17NUhMraZPPtSKy_VgDyBdIMY58\" style=\"margin-left: 1em;margin-right: 1em\"><br \/>\n    <img decoding=\"async\" border=\"0\" src=\"https:\/\/blogger.googleusercontent.com\/img\/a\/AVvXsEgIv1gHl13KQmbndQAUk5joHgQpDX2AaaolUCLU7EtCDIwR-ycoPX0Hb5hyoLLGs2yp-QqxDjlSeSm9kgwStTWlXfJXbOsSRCcRAXxxw_xKyE2dMYnyhIwfdMyAYhzaVdEfemmw4O1HDfKx2o68Z_-Bn2V8sliJvOYS17NUhMraZPPtSKy_VgDyBdIMY58\" width=\"400\"><br \/>\n  <\/a>\n<\/div>\n<p><\/p>\n<div><\/div>\n<div>Na noite de segunda-feira, dia 3 de fevereiro, uma a\u00e7\u00e3o r\u00e1pida das equipes do Radiopatrulhamento resultou na pris\u00e3o de dois indiv\u00edduos envolvidos no roubo de um celular em Mar\u00edlia.\u00a0<\/div>\n<div><\/div>\n<div>O caso ocorreu por volta das 22h, quando a v\u00edtima, que estava na avenida Castro Alves, acionou o 190 ap\u00f3s ser abordada por quatro homens que utilizaram viol\u00eancia e amea\u00e7as para levar seu aparelho.\u00a0\u00a0<\/div>\n<div><\/div>\n<div>Os policiais, j\u00e1 em patrulha, direcionaram imediatamente os esfor\u00e7os para a regi\u00e3o. Na pra\u00e7a S\u00e3o Miguel, avistaram um adolescente correndo em dire\u00e7\u00e3o \u00e0 linha do trem. Ap\u00f3s abordagem, os agentes encontraram com ele o celular roubado. Pouco depois, no cruzamento das ruas Santos Dumont e Independ\u00eancia, um segundo suspeito foi detido. Embora nada il\u00edcito tenha sido encontrado com ele, o adolescente o apontou como c\u00famplice no crime.\u00a0\u00a0<\/div>\n<div><\/div>\n<div>A v\u00edtima reconheceu ambos na Central de Pol\u00edcia Judici\u00e1ria, onde a pris\u00e3o e a apreens\u00e3o foram formalizadas. O celular recuperado foi devolvido ao propriet\u00e1rio.\u00a0<\/div>\n<div><\/div>\n<div>A a\u00e7\u00e3o exemplar das equipes policiais refor\u00e7a a import\u00e2ncia do trabalho ostensivo no combate \u00e0 criminalidade.\u00a0\u00a0<\/div>\n","protected":false},"excerpt":{"rendered":"<p>Na noite de segunda-feira, dia 3 de fevereiro, uma a\u00e7\u00e3o r\u00e1pida das equipes do Radiopatrulhamento resultou na pris\u00e3o de dois indiv\u00edduos envolvidos no roubo de um celular em Mar\u00edlia.\u00a0 O caso ocorreu por volta das 22h, quando a v\u00edtima, que estava na avenida Castro Alves, acionou o 190 ap\u00f3s ser abordada por quatro homens que [&hellip;]<\/p>\n","protected":false},"author":260896546,"featured_media":0,"comment_status":"open","ping_status":"open","sticky":false,"template":"","format":"standard","meta":{"_crdt_document":"","_monsterinsights_skip_tracking":false,"_monsterinsights_sitenote_active":false,"_monsterinsights_sitenote_note":"","_monsterinsights_sitenote_category":0,"advanced_seo_description":"","jetpack_seo_html_title":"","jetpack_seo_noindex":false,"_jetpack_newsletter_access":"","_jetpack_dont_email_post_to_subs":false,"_jetpack_newsletter_tier_id":0,"_jetpack_memberships_contains_paywalled_content":false,"_jetpack_memberships_contains_paid_content":false,"footnotes":"","jetpack_publicize_message":"","jetpack_publicize_feature_enabled":true,"jetpack_social_post_already_shared":false,"jetpack_social_options":{"image_generator_settings":{"template":"fullscreen","default_image_id":0,"font":"","enabled":false},"version":2},"_wpas_customize_per_network":false,"jetpack_post_was_ever_published":false},"categories":[38185],"tags":[222752,1036487],"class_list":["post-2899","post","type-post","status-publish","format-standard","hentry","category-brasil","tag-marilia","tag-seguranca-publica"],"jetpack_publicize_connections":[],"jetpack_featured_media_url":"","jetpack_likes_enabled":true,"jetpack_sharing_enabled":true,"jetpack_shortlink":"https:\/\/wp.me\/pgitne-KL","jetpack-related-posts":[{"id":5115,"url":"https:\/\/diariodegarca.com\/?p=5115","url_meta":{"origin":2899,"position":0},"title":"PM prende tr\u00eas homens por roubo a motorista de \u00f4nibus em Mar\u00edlia","author":"Di\u00e1rio de Gar\u00e7a","date":"28 de julho de 2025","format":false,"excerpt":"Criminosos foram flagrados ap\u00f3s amea\u00e7arem v\u00edtima com faca e levarem dinheiro e celular; objetos foram recuperados durante abordagem. Na noite deste domingo, 27 de julho, agentes do 9\u00b0 Batalh\u00e3o de Pol\u00edcia Militar do Interior (9\u00b0 BPMI) prenderam em flagrante tr\u00eas homens acusados de roubo em Mar\u00edlia. O crime ocorreu por\u2026","rel":"","context":"Em &quot;Mar\u00edlia&quot;","block_context":{"text":"Mar\u00edlia","link":"https:\/\/diariodegarca.com\/?cat=683453294"},"img":{"alt_text":"","src":"https:\/\/i0.wp.com\/diariodegarca.com\/wp-content\/uploads\/2025\/07\/domingo-27-policias-militares-do-9c2b0-batalhao-de-policia-militar-do-interior-prenderam-tres-h-1.heic?fit=1080%2C1082&ssl=1&resize=350%2C200","width":350,"height":200,"srcset":"https:\/\/i0.wp.com\/diariodegarca.com\/wp-content\/uploads\/2025\/07\/domingo-27-policias-militares-do-9c2b0-batalhao-de-policia-militar-do-interior-prenderam-tres-h-1.heic?fit=1080%2C1082&ssl=1&resize=350%2C200 1x, https:\/\/i0.wp.com\/diariodegarca.com\/wp-content\/uploads\/2025\/07\/domingo-27-policias-militares-do-9c2b0-batalhao-de-policia-militar-do-interior-prenderam-tres-h-1.heic?fit=1080%2C1082&ssl=1&resize=525%2C300 1.5x, https:\/\/i0.wp.com\/diariodegarca.com\/wp-content\/uploads\/2025\/07\/domingo-27-policias-militares-do-9c2b0-batalhao-de-policia-militar-do-interior-prenderam-tres-h-1.heic?fit=1080%2C1082&ssl=1&resize=700%2C400 2x, https:\/\/i0.wp.com\/diariodegarca.com\/wp-content\/uploads\/2025\/07\/domingo-27-policias-militares-do-9c2b0-batalhao-de-policia-militar-do-interior-prenderam-tres-h-1.heic?fit=1080%2C1082&ssl=1&resize=1050%2C600 3x"},"classes":[]},{"id":7333,"url":"https:\/\/diariodegarca.com\/?p=7333","url_meta":{"origin":2899,"position":1},"title":"Trio \u00e9 preso em flagrante ap\u00f3s roubo de celular no centro de Mar\u00edlia","author":"Andreza Sega","date":"30 de setembro de 2025","format":false,"excerpt":"A\u00e7\u00e3o da Pol\u00edcia Militar resultou na recupera\u00e7\u00e3o do aparelho, de documentos da v\u00edtima e na apreens\u00e3o de uma faca. Casal \u00e9 detido por recepta\u00e7\u00e3o. Um roubo a um pedestre na manh\u00e3 desta ter\u00e7a-feira, 30 de setembro, terminou com a pris\u00e3o em flagrante de tr\u00eas pessoas no centro de Mar\u00edlia. A\u2026","rel":"","context":"Em &quot;Mar\u00edlia&quot;","block_context":{"text":"Mar\u00edlia","link":"https:\/\/diariodegarca.com\/?cat=683453294"},"img":{"alt_text":"","src":"https:\/\/i0.wp.com\/diariodegarca.com\/wp-content\/uploads\/2025\/09\/SnapInsta.to_557448409_18317965444246526_6076963394935432517_n.jpg?fit=900%2C1125&ssl=1&resize=350%2C200","width":350,"height":200,"srcset":"https:\/\/i0.wp.com\/diariodegarca.com\/wp-content\/uploads\/2025\/09\/SnapInsta.to_557448409_18317965444246526_6076963394935432517_n.jpg?fit=900%2C1125&ssl=1&resize=350%2C200 1x, https:\/\/i0.wp.com\/diariodegarca.com\/wp-content\/uploads\/2025\/09\/SnapInsta.to_557448409_18317965444246526_6076963394935432517_n.jpg?fit=900%2C1125&ssl=1&resize=525%2C300 1.5x, https:\/\/i0.wp.com\/diariodegarca.com\/wp-content\/uploads\/2025\/09\/SnapInsta.to_557448409_18317965444246526_6076963394935432517_n.jpg?fit=900%2C1125&ssl=1&resize=700%2C400 2x"},"classes":[]},{"id":4970,"url":"https:\/\/diariodegarca.com\/?p=4970","url_meta":{"origin":2899,"position":2},"title":"PM: A\u00e7\u00f5es em Gar\u00e7a, Mar\u00edlia, Tup\u00e3 e G\u00e1lia levam a pris\u00f5es","author":"Di\u00e1rio de Gar\u00e7a","date":"24 de julho de 2025","format":false,"excerpt":"Ao todo foram presas 8 pessoas por estupro, tr\u00e1fico e roubo em quatro cidades do interior Em uma s\u00e9rie de opera\u00e7\u00f5es realizadas entre os dias 23 e 24 de julho, o 9\u00ba Batalh\u00e3o de Pol\u00edcia Militar do Interior demonstrou efici\u00eancia no combate ao crime organizado na regi\u00e3o. As a\u00e7\u00f5es, que\u2026","rel":"","context":"Em &quot;Gar\u00e7a&quot;","block_context":{"text":"Gar\u00e7a","link":"https:\/\/diariodegarca.com\/?cat=781171664"},"img":{"alt_text":"","src":"https:\/\/i0.wp.com\/diariodegarca.com\/wp-content\/uploads\/2025\/07\/522381887_4217999475080153_2060988269710767919_n.heic?fit=640%2C640&ssl=1&resize=350%2C200","width":350,"height":200,"srcset":"https:\/\/i0.wp.com\/diariodegarca.com\/wp-content\/uploads\/2025\/07\/522381887_4217999475080153_2060988269710767919_n.heic?fit=640%2C640&ssl=1&resize=350%2C200 1x, https:\/\/i0.wp.com\/diariodegarca.com\/wp-content\/uploads\/2025\/07\/522381887_4217999475080153_2060988269710767919_n.heic?fit=640%2C640&ssl=1&resize=525%2C300 1.5x"},"classes":[]},{"id":3528,"url":"https:\/\/diariodegarca.com\/?p=3528","url_meta":{"origin":2899,"position":3},"title":"Drogas e furtos na mira da PM: quatro pris\u00f5es em um s\u00f3 dia em Mar\u00edlia","author":"Di\u00e1rio de Gar\u00e7a","date":"28 de maio de 2025","format":false,"excerpt":"A\u00e7\u00f5es resultam em pris\u00f5es e apreens\u00e3o de drogas e celulares roubados A ter\u00e7a-feira, dia 27 de maio, foi agitada para o 9\u00b0 Batalh\u00e3o de Pol\u00edcia Militar do Interior resultando em pris\u00f5es por tr\u00e1fico de drogas e furto de celulares, confira: Opera\u00e7\u00e3o contra o tr\u00e1fico de drogas apreende grande quantidade de\u2026","rel":"","context":"Em &quot;Mar\u00edlia&quot;","block_context":{"text":"Mar\u00edlia","link":"https:\/\/diariodegarca.com\/?cat=683453294"},"img":{"alt_text":"","src":"https:\/\/i0.wp.com\/diariodegarca.com\/wp-content\/uploads\/2025\/05\/1-4.jpg?fit=1080%2C827&ssl=1&resize=350%2C200","width":350,"height":200,"srcset":"https:\/\/i0.wp.com\/diariodegarca.com\/wp-content\/uploads\/2025\/05\/1-4.jpg?fit=1080%2C827&ssl=1&resize=350%2C200 1x, https:\/\/i0.wp.com\/diariodegarca.com\/wp-content\/uploads\/2025\/05\/1-4.jpg?fit=1080%2C827&ssl=1&resize=525%2C300 1.5x, https:\/\/i0.wp.com\/diariodegarca.com\/wp-content\/uploads\/2025\/05\/1-4.jpg?fit=1080%2C827&ssl=1&resize=700%2C400 2x, https:\/\/i0.wp.com\/diariodegarca.com\/wp-content\/uploads\/2025\/05\/1-4.jpg?fit=1080%2C827&ssl=1&resize=1050%2C600 3x"},"classes":[]},{"id":3719,"url":"https:\/\/diariodegarca.com\/?p=3719","url_meta":{"origin":2899,"position":4},"title":"Pol\u00edcia Militar prende suspeitos de crimes graves em Gar\u00e7a e Mar\u00edlia","author":"Di\u00e1rio de Gar\u00e7a","date":"4 de junho de 2025","format":false,"excerpt":"Opera\u00e7\u00f5es do 9\u00ba BPM\/I resultam na captura de foragidos e apreens\u00e3o de drogas em a\u00e7\u00f5es distintas A Pol\u00edcia Militar do Interior, por meio do 9\u00ba Batalh\u00e3o, tem atuado de forma incisiva no combate ao crime nas cidades de sua jurisdi\u00e7\u00e3o. Com patrulhamentos ostensivos e abordagens estrat\u00e9gicas, as equipes t\u00eam garantido\u2026","rel":"","context":"Em &quot;Gar\u00e7a&quot;","block_context":{"text":"Gar\u00e7a","link":"https:\/\/diariodegarca.com\/?cat=781171664"},"img":{"alt_text":"","src":"","width":0,"height":0},"classes":[]},{"id":2308,"url":"https:\/\/diariodegarca.com\/?p=2308","url_meta":{"origin":2899,"position":5},"title":"Homem furta caixas de sorvete e a\u00e7a\u00ed em Mar\u00edlia","author":"Di\u00e1rio de Gar\u00e7a","date":"19 de abril de 2025","format":false,"excerpt":"\u00a0Nesta madrugada, dia 19 de abril, o 9\u00ba Batalh\u00e3o de Pol\u00edcia Militar do Interior (9\u00ba BPM\/I) prendeu um homem acusado de cometer tr\u00eas furtos a estabelecimentos comerciais distintos em Mar\u00edlia. A a\u00e7\u00e3o ocorreu ap\u00f3s um chamado, via 190, relatar o arrombamento da porta de vidro de um restaurante por volta\u2026","rel":"","context":"Em &quot;Brasil&quot;","block_context":{"text":"Brasil","link":"https:\/\/diariodegarca.com\/?cat=38185"},"img":{"alt_text":"","src":"","width":0,"height":0},"classes":[]}],"_links":{"self":[{"href":"https:\/\/diariodegarca.com\/index.php?rest_route=\/wp\/v2\/posts\/2899","targetHints":{"allow":["GET"]}}],"collection":[{"href":"https:\/\/diariodegarca.com\/index.php?rest_route=\/wp\/v2\/posts"}],"about":[{"href":"https:\/\/diariodegarca.com\/index.php?rest_route=\/wp\/v2\/types\/post"}],"author":[{"embeddable":true,"href":"https:\/\/diariodegarca.com\/index.php?rest_route=\/wp\/v2\/users\/260896546"}],"replies":[{"embeddable":true,"href":"https:\/\/diariodegarca.com\/index.php?rest_route=%2Fwp%2Fv2%2Fcomments&post=2899"}],"version-history":[{"count":0,"href":"https:\/\/diariodegarca.com\/index.php?rest_route=\/wp\/v2\/posts\/2899\/revisions"}],"wp:attachment":[{"href":"https:\/\/diariodegarca.com\/index.php?rest_route=%2Fwp%2Fv2%2Fmedia&parent=2899"}],"wp:term":[{"taxonomy":"category","embeddable":true,"href":"https:\/\/diariodegarca.com\/index.php?rest_route=%2Fwp%2Fv2%2Fcategories&post=2899"},{"taxonomy":"post_tag","embeddable":true,"href":"https:\/\/diariodegarca.com\/index.php?rest_route=%2Fwp%2Fv2%2Ftags&post=2899"}],"curies":[{"name":"wp","href":"https:\/\/api.w.org\/{rel}","templated":true}]}}