{"id":2905,"date":"2025-02-03T19:18:00","date_gmt":"2025-02-03T19:18:00","guid":{"rendered":"https:\/\/diariodegarca.com\/2025\/02\/03\/clube-de-leitura-da-biblioteca-de-garca-retoma-atividades-em-marco\/"},"modified":"2025-02-03T19:18:00","modified_gmt":"2025-02-03T19:18:00","slug":"clube-de-leitura-da-biblioteca-de-garca-retoma-atividades-em-marco","status":"publish","type":"post","link":"https:\/\/diariodegarca.com\/?p=2905","title":{"rendered":"Clube de Leitura da Biblioteca de Gar\u00e7a retoma atividades em mar\u00e7o"},"content":{"rendered":"<div>\n<p><div class=\"separator\" style=\"clear: both;text-align: center\">\n  <a href=\"https:\/\/blogger.googleusercontent.com\/img\/a\/AVvXsEj3uthN8MZlMYUYNFaaLg9iE2ItInnO_V2qr7j06RAWBsdhULre5J6_r_q7tshxNQdsrVS_DKsf44HWy0teCDH0gt5Dta3lGstEIWRPOjdrTL5Duyip77554a36lhYWCKL-eMuo6XqafEHf2IqvgliaQrAbsTmQURlqtpeIb9VV63-tkEI5evpYNR_IyAw\" style=\"margin-left: 1em;margin-right: 1em\"><br \/>\n    <img decoding=\"async\" border=\"0\" src=\"https:\/\/blogger.googleusercontent.com\/img\/a\/AVvXsEj3uthN8MZlMYUYNFaaLg9iE2ItInnO_V2qr7j06RAWBsdhULre5J6_r_q7tshxNQdsrVS_DKsf44HWy0teCDH0gt5Dta3lGstEIWRPOjdrTL5Duyip77554a36lhYWCKL-eMuo6XqafEHf2IqvgliaQrAbsTmQURlqtpeIb9VV63-tkEI5evpYNR_IyAw\" width=\"400\"><br \/>\n  <\/a>\n<\/div>\n<p><\/p>\n<p>A <strong>Biblioteca P\u00fablica Municipal \u201cDr. Rafael Paes de Barros\u201d<\/strong> tem o prazer de anunciar a retomada das atividades do seu tradicional <strong>Clube de Leitura<\/strong> a partir de <strong>mar\u00e7o de 2025<\/strong>.\u00a0<\/p>\n<p>O primeiro encontro ser\u00e1 no <strong>dia 3 de mar\u00e7o<\/strong>, \u00e0s <strong>19h<\/strong>, e o livro escolhido para o debate \u00e9 <strong>\u201cO corpo intermin\u00e1vel\u201d<\/strong>, da escritora <strong>Claudia Lage<\/strong>.<\/p>\n<h4><strong>A Obra<\/strong><\/h4>\n<p>Uma narrativa intensa sobre mem\u00f3ria, hist\u00f3ria e identidade, <strong>\u201cO corpo intermin\u00e1vel\u201d<\/strong> segue Daniel em sua busca pelas origens de sua m\u00e3e, uma guerrilheira desaparecida durante a <strong>ditadura civil-militar no Brasil<\/strong>. Em sua jornada, ele tenta reconstruir n\u00e3o apenas a hist\u00f3ria pessoal de sua fam\u00edlia, mas tamb\u00e9m os fios de mem\u00f3ria de muitas mulheres cujas hist\u00f3rias foram apagadas.<\/p>\n<p>A obra mergulha na aus\u00eancia e na escrita como formas de resist\u00eancia e reinven\u00e7\u00e3o. <strong>Claudia Lage<\/strong> constr\u00f3i uma trama que revela os limites da mem\u00f3ria e da reconstru\u00e7\u00e3o do passado.<\/p>\n<h4><strong>Como Participar<\/strong><\/h4>\n<p>A participa\u00e7\u00e3o no Clube de Leitura \u00e9 <strong>aberta a todos.<\/strong>\u00a0N\u00e3o \u00e9 necess\u00e1rio fazer inscri\u00e7\u00e3o antecipada. Para participar, basta <strong>comparecer \u00e0 biblioteca<\/strong> no dia e hor\u00e1rio definidos. A leitura da obra antes do encontro \u00e9 recomendada, mas n\u00e3o obrigat\u00f3ria.<\/p>\n<ul>\n<li><strong>Onde encontrar o livro<\/strong>: \u201cO corpo intermin\u00e1vel\u201d est\u00e1 dispon\u00edvel nas plataformas <strong>BibliON<\/strong> e <strong>\u00c1rvore Livros<\/strong>, em formato digital.\n<ul>\n<li><strong>BibliON<\/strong>: O cadastro \u00e9 de responsabilidade do pr\u00f3prio leitor.<\/li>\n<li><strong>\u00c1rvore Livros<\/strong>: Para acesso, entre em contato com a equipe da biblioteca.<\/li>\n<\/ul>\n<\/li>\n<\/ul>\n<p>As bibliotecas digitais podem ser acessadas atrav\u00e9s de <strong>computadores<\/strong>, <strong>tablets<\/strong> e <strong>celulares<\/strong>. Basta acessar os links:<\/p>\n<ul>\n<li><a href=\"https:\/\/www.arvore.com.br\/\">\u00c1rvore Livros<\/a><\/li>\n<li><a href=\"https:\/\/biblion.odilo.us\/\">BibliON<\/a><\/li>\n<\/ul>\n<h4><strong>Mais Informa\u00e7\u00f5es<\/strong><\/h4>\n<p>Para d\u00favidas e mais detalhes, procure a equipe da biblioteca:<\/p>\n<ul>\n<li><strong>Telefone<\/strong>: (14) 3471-1616<\/li>\n<li><strong>Endere\u00e7o<\/strong>: Avenida Dr. Rafael Paes de Barros, 522 \u2013 Vila Williams<\/li>\n<li><strong>Hor\u00e1rio de Atendimento<\/strong>: Segunda a sexta-feira, das 8h \u00e0s 17h<\/li>\n<\/ul>\n<p><\/p>\n<\/div>\n","protected":false},"excerpt":{"rendered":"<p>A Biblioteca P\u00fablica Municipal \u201cDr. Rafael Paes de Barros\u201d tem o prazer de anunciar a retomada das atividades do seu tradicional Clube de Leitura a partir de mar\u00e7o de 2025.\u00a0 O primeiro encontro ser\u00e1 no dia 3 de mar\u00e7o, \u00e0s 19h, e o livro escolhido para o debate \u00e9 \u201cO corpo intermin\u00e1vel\u201d, da escritora Claudia [&hellip;]<\/p>\n","protected":false},"author":260896546,"featured_media":0,"comment_status":"open","ping_status":"open","sticky":false,"template":"","format":"standard","meta":{"_crdt_document":"","_monsterinsights_skip_tracking":false,"_monsterinsights_sitenote_active":false,"_monsterinsights_sitenote_note":"","_monsterinsights_sitenote_category":0,"advanced_seo_description":"","jetpack_seo_html_title":"","jetpack_seo_noindex":false,"_jetpack_newsletter_access":"","_jetpack_dont_email_post_to_subs":false,"_jetpack_newsletter_tier_id":0,"_jetpack_memberships_contains_paywalled_content":false,"_jetpack_memberships_contains_paid_content":false,"footnotes":"","jetpack_publicize_message":"","jetpack_publicize_feature_enabled":true,"jetpack_social_post_already_shared":false,"jetpack_social_options":{"image_generator_settings":{"template":"fullscreen","default_image_id":0,"font":"","enabled":false},"version":2},"_wpas_customize_per_network":false,"jetpack_post_was_ever_published":false},"categories":[38185],"tags":[781171801,781171790],"class_list":["post-2905","post","type-post","status-publish","format-standard","hentry","category-brasil","tag-brasil","tag-cultura"],"jetpack_publicize_connections":[],"jetpack_featured_media_url":"","jetpack_likes_enabled":true,"jetpack_sharing_enabled":true,"jetpack_shortlink":"https:\/\/wp.me\/pgitne-KR","jetpack-related-posts":[{"id":2707,"url":"https:\/\/diariodegarca.com\/?p=2707","url_meta":{"origin":2905,"position":0},"title":"Primeiro encontro do Clube de Leitura de 2025 acontece no dia 10 de mar\u00e7o","author":"Di\u00e1rio de Gar\u00e7a","date":"3 de mar\u00e7o de 2025","format":false,"excerpt":"O Clube de Leitura da Biblioteca P\u00fablica Municipal \u201cDr. Rafael Paes de Barros\u201d realizar\u00e1 seu primeiro encontro do ano no dia 10 de mar\u00e7o, \u00e0s 19h. Inicialmente programado para o dia 3, o evento foi adiado devido ao feriado de Carnaval, garantindo maior participa\u00e7\u00e3o do p\u00fablico. O encontro acontecer\u00e1 na\u00a0biblioteca,\u2026","rel":"","context":"Em &quot;Brasil&quot;","block_context":{"text":"Brasil","link":"https:\/\/diariodegarca.com\/?cat=38185"},"img":{"alt_text":"","src":"","width":0,"height":0},"classes":[]},{"id":2611,"url":"https:\/\/diariodegarca.com\/?p=2611","url_meta":{"origin":2905,"position":1},"title":"Clube de Leitura da Biblioteca de Gar\u00e7a discute obra de Gabriel Garc\u00eda M\u00e1rquez em abril","author":"Di\u00e1rio de Gar\u00e7a","date":"17 de mar\u00e7o de 2025","format":false,"excerpt":"No dia 7 de abril, \u00e0s 19h, o Clube de Leitura da Biblioteca P\u00fablica Municipal \u201cDr. Rafael Paes de Barros\u201d, em Gar\u00e7a, se reunir\u00e1 para debater a obra \u201cEm agosto nos vemos\u201d, do escritor colombiano Gabriel Garc\u00eda M\u00e1rquez. O encontro, que acontece mensalmente, promove a troca de ideias e reflex\u00f5es\u2026","rel":"","context":"Em &quot;Brasil&quot;","block_context":{"text":"Brasil","link":"https:\/\/diariodegarca.com\/?cat=38185"},"img":{"alt_text":"","src":"","width":0,"height":0},"classes":[]},{"id":2106,"url":"https:\/\/diariodegarca.com\/?p=2106","url_meta":{"origin":2905,"position":2},"title":"Clube de Leitura de Gar\u00e7a discute obra &#034;Tudo \u00e9 rio&#034; em encontro no in\u00edcio de junho","author":"Di\u00e1rio de Gar\u00e7a","date":"14 de maio de 2025","format":false,"excerpt":"Em junho, o Clube de Leitura da Biblioteca P\u00fablica Municipal\u00a0\u201cDr. Rafael Paes de Barros\u201d, em Gar\u00e7a, ter\u00e1 como tema a obra\u00a0\u201cTudo \u00e9 rio\u201d, da escritora Carla Madeira. O encontro est\u00e1 marcado para\u00a02 de junho, \u00e0s 19h, e promove um debate sobre o romance que tem chamado a aten\u00e7\u00e3o de leitores\u2026","rel":"","context":"Em &quot;Brasil&quot;","block_context":{"text":"Brasil","link":"https:\/\/diariodegarca.com\/?cat=38185"},"img":{"alt_text":"","src":"https:\/\/i0.wp.com\/blogger.googleusercontent.com\/img\/b\/R29vZ2xl\/AVvXsEi0FBZN7ez0ly5vfFQQ_k5DFNn41i2054ibDrcII0Qf6ffKoZMLaGwK8tA6rvASd2xW1E0B8K1YQ9CS8yasdiqew-7WqNHZa0ADntmU0NnKR67LaiYPADTMmAHSV-fuTOPCTGtWwtRN0NeBdYS1LmqliYy16CtSRbDgRGXbfP_MAwxDw_RwNUoYwUU_wKc\/s320\/497689526_18028636316661507_7919901303135263459_n.jpg?resize=350%2C200&ssl=1","width":350,"height":200},"classes":[]},{"id":5266,"url":"https:\/\/diariodegarca.com\/?p=5266","url_meta":{"origin":2905,"position":3},"title":"Mar\u00edlia celebra cultura em agosto com programa\u00e7\u00e3o diversa na Biblioteca","author":"Di\u00e1rio de Gar\u00e7a","date":"4 de agosto de 2025","format":false,"excerpt":"Exposi\u00e7\u00f5es, clubes de leitura, oficinas e conta\u00e7\u00f5es de hist\u00f3ria comp\u00f5em o calend\u00e1rio gratuito do m\u00eas. A Biblioteca Municipal de Mar\u00edlia preparou uma agenda cultural repleta de atividades para agosto, contemplando p\u00fablicos de todas as idades. Desde exposi\u00e7\u00f5es hist\u00f3ricas at\u00e9 oficinas criativas, a programa\u00e7\u00e3o destaca a literatura, a arte e a\u2026","rel":"","context":"Em &quot;Cultura&quot;","block_context":{"text":"Cultura","link":"https:\/\/diariodegarca.com\/?cat=2367"},"img":{"alt_text":"","src":"https:\/\/i0.wp.com\/diariodegarca.com\/wp-content\/uploads\/2025\/08\/oip.webp?fit=474%2C314&ssl=1&resize=350%2C200","width":350,"height":200},"classes":[]},{"id":2982,"url":"https:\/\/diariodegarca.com\/?p=2982","url_meta":{"origin":2905,"position":4},"title":"SisEB abre pr\u00e9-inscri\u00e7\u00f5es para curso EaD de Media\u00e7\u00e3o de Clubes de Leitura","author":"Di\u00e1rio de Gar\u00e7a","date":"21 de janeiro de 2025","format":false,"excerpt":"O Sistema Estadual de Bibliotecas P\u00fablicas de S\u00e3o Paulo (SisEB) est\u00e1 com pr\u00e9-inscri\u00e7\u00f5es abertas para o curso de Media\u00e7\u00e3o de Clubes de Leitura. Essa capacita\u00e7\u00e3o on-line, que combina teoria, pr\u00e1tica e metodologia dial\u00f3gica, \u00e9 voltada para quem deseja mediar clubes de leitura e fomentar o amor pelos livros.Informa\u00e7\u00f5es principaisPr\u00e9-inscri\u00e7\u00f5es: at\u00e9\u2026","rel":"","context":"Em &quot;Brasil&quot;","block_context":{"text":"Brasil","link":"https:\/\/diariodegarca.com\/?cat=38185"},"img":{"alt_text":"","src":"https:\/\/i0.wp.com\/blogger.googleusercontent.com\/img\/b\/R29vZ2xl\/AVvXsEhAVu_WJdeSRrVpJJ3NzYwGXF2wv-eMqa5OqDAB7lwdzs_gL8IeKZlHJmUBeXN5qlA0uzzKG-evZx8waqJ_4mEhMQoN7eGqszIjSJsqEp6IfDFaoAli4gU2UjLsCRsKhLWCoPXAu3Gz_bgr0nerg8Xy6-9gkXAmy0jYY4KCSV1aUpCv4_1DUhZBU5i1DSU\/s320\/1.jpg?resize=350%2C200&ssl=1","width":350,"height":200},"classes":[]},{"id":8512,"url":"https:\/\/diariodegarca.com\/?p=8512","url_meta":{"origin":2905,"position":5},"title":"Clube de Leitura encerra 2025 com obra de Milton Hatoum, novo imortal da ABL","author":"Andreza Sega","date":"6 de novembro de 2025","format":false,"excerpt":"Encontro de dezembro na Biblioteca Municipal discutir\u00e1 o aclamado romance \"Dois Irm\u00e3os\"; participa\u00e7\u00e3o \u00e9 gratuita e n\u00e3o requer inscri\u00e7\u00e3o pr\u00e9via. A Biblioteca P\u00fablica Municipal \u201cDr. Rafael Paes de Barros\u201d realiza, em\u00a01\u00ba de dezembro, \u00e0s 19h, o \u00faltimo encontro de seu Clube de Leitura em 2025. A sess\u00e3o ser\u00e1 dedicada \u00e0\u2026","rel":"","context":"Em &quot;Cultura&quot;","block_context":{"text":"Cultura","link":"https:\/\/diariodegarca.com\/?cat=2367"},"img":{"alt_text":"","src":"https:\/\/i0.wp.com\/diariodegarca.com\/wp-content\/uploads\/2025\/11\/milton-hatoum.webp?fit=1170%2C700&ssl=1&resize=350%2C200","width":350,"height":200,"srcset":"https:\/\/i0.wp.com\/diariodegarca.com\/wp-content\/uploads\/2025\/11\/milton-hatoum.webp?fit=1170%2C700&ssl=1&resize=350%2C200 1x, https:\/\/i0.wp.com\/diariodegarca.com\/wp-content\/uploads\/2025\/11\/milton-hatoum.webp?fit=1170%2C700&ssl=1&resize=525%2C300 1.5x, https:\/\/i0.wp.com\/diariodegarca.com\/wp-content\/uploads\/2025\/11\/milton-hatoum.webp?fit=1170%2C700&ssl=1&resize=700%2C400 2x, https:\/\/i0.wp.com\/diariodegarca.com\/wp-content\/uploads\/2025\/11\/milton-hatoum.webp?fit=1170%2C700&ssl=1&resize=1050%2C600 3x"},"classes":[]}],"_links":{"self":[{"href":"https:\/\/diariodegarca.com\/index.php?rest_route=\/wp\/v2\/posts\/2905","targetHints":{"allow":["GET"]}}],"collection":[{"href":"https:\/\/diariodegarca.com\/index.php?rest_route=\/wp\/v2\/posts"}],"about":[{"href":"https:\/\/diariodegarca.com\/index.php?rest_route=\/wp\/v2\/types\/post"}],"author":[{"embeddable":true,"href":"https:\/\/diariodegarca.com\/index.php?rest_route=\/wp\/v2\/users\/260896546"}],"replies":[{"embeddable":true,"href":"https:\/\/diariodegarca.com\/index.php?rest_route=%2Fwp%2Fv2%2Fcomments&post=2905"}],"version-history":[{"count":0,"href":"https:\/\/diariodegarca.com\/index.php?rest_route=\/wp\/v2\/posts\/2905\/revisions"}],"wp:attachment":[{"href":"https:\/\/diariodegarca.com\/index.php?rest_route=%2Fwp%2Fv2%2Fmedia&parent=2905"}],"wp:term":[{"taxonomy":"category","embeddable":true,"href":"https:\/\/diariodegarca.com\/index.php?rest_route=%2Fwp%2Fv2%2Fcategories&post=2905"},{"taxonomy":"post_tag","embeddable":true,"href":"https:\/\/diariodegarca.com\/index.php?rest_route=%2Fwp%2Fv2%2Ftags&post=2905"}],"curies":[{"name":"wp","href":"https:\/\/api.w.org\/{rel}","templated":true}]}}