{"id":2908,"date":"2025-02-03T17:40:00","date_gmt":"2025-02-03T17:40:00","guid":{"rendered":"https:\/\/diariodegarca.com\/2025\/02\/03\/quanto-ganham-os-representantes-do-povo-em-garca\/"},"modified":"2025-02-03T17:40:00","modified_gmt":"2025-02-03T17:40:00","slug":"quanto-ganham-os-representantes-do-povo-em-garca","status":"publish","type":"post","link":"https:\/\/diariodegarca.com\/?p=2908","title":{"rendered":"Quanto ganham os representantes do povo em Gar\u00e7a?"},"content":{"rendered":"<div style=\"text-align: center\"><a href=\"https:\/\/i0.wp.com\/blogger.googleusercontent.com\/img\/b\/R29vZ2xl\/AVvXsEiWxEtVRy8dB5nzuc2Ix99MhyZQdoqsv1NIgv1wOTdkGLjMVMOXegiluacH8Ct_5JBhoszCyRxSQWKvMS6DJOxKA2HUt4CxKoU5DAPgMC6QjZS3ESfnl95XGw8dB5YiDMJIoNGEn9I-Zm3OAs-4gzO-ZCHKKTyczA1s21lB8y0xIDCL5Yd9aUv_hXmSBoc\/s640\/1000192226.jpg?ssl=1\"><img data-recalc-dims=\"1\" loading=\"lazy\" decoding=\"async\" border=\"0\" height=\"300\" src=\"https:\/\/i0.wp.com\/blogger.googleusercontent.com\/img\/b\/R29vZ2xl\/AVvXsEiWxEtVRy8dB5nzuc2Ix99MhyZQdoqsv1NIgv1wOTdkGLjMVMOXegiluacH8Ct_5JBhoszCyRxSQWKvMS6DJOxKA2HUt4CxKoU5DAPgMC6QjZS3ESfnl95XGw8dB5YiDMJIoNGEn9I-Zm3OAs-4gzO-ZCHKKTyczA1s21lB8y0xIDCL5Yd9aUv_hXmSBoc\/w400-h300\/1000192226.jpg?resize=400%2C300&#038;ssl=1\" width=\"400\" \/><\/a><\/div>\n<p>Os sal\u00e1rios dos agentes pol\u00edticos variam de acordo com fatores como arrecada\u00e7\u00e3o, popula\u00e7\u00e3o e desafios locais. Para entender melhor como esses valores s\u00e3o definidos, esta s\u00e9rie de reportagens se baseia em <strong>dados extra\u00eddos dos portais da transpar\u00eancia e legisla\u00e7\u00f5es municipais<\/strong>. O munic\u00edpio em destaque nesta quinta publica\u00e7\u00e3o \u00e9 <strong>Gar\u00e7a<\/strong>.<\/p>\n<p><\/p>\n<h2><strong>Gar\u00e7a em n\u00fameros<\/strong><\/h2>\n<p>Com uma popula\u00e7\u00e3o de <strong>43.073 habitantes<\/strong>, segundo o <strong>IBGE<\/strong>, Gar\u00e7a elegeu em 2024 <strong>Jos\u00e9 Alcides Faneco<\/strong>\u00a0como prefeito e <strong>Patr\u00edcia Morato Marang\u00e3o<\/strong>\u00a0como vice-prefeita.<\/p>\n<p>A <strong>C\u00e2mara Municipal de Gar\u00e7a<\/strong> contar\u00e1 com <strong>13 vereadores<\/strong>, sendo eles:\u00a0<strong>Adhemar Kemp Marcondes de Moura Filho,\u00a0<\/strong><strong>Elaine de Oliveira C\u00e2ndico,\u00a0<\/strong><strong>Leandro Marino,\u00a0<\/strong><strong>Manoel Frederico \u00c1bido Galdino de Carvalho (Lico),\u00a0<\/strong><strong>Luiz Antonio Menab\u00f4 (Luizinho Barbeiro),\u00a0<\/strong><strong>Marcelo Guimar\u00e3es Miranda,\u00a0<\/strong><strong>Marcelo Techi Zanoti,\u00a0<\/strong><strong>Marcos Roberto Fel\u00edcio Moreira (Marquinhos Moreira),\u00a0<\/strong><strong>Paulo Andr\u00e9 Bertone Faneco,\u00a0<\/strong><strong>Jos\u00e9 Pedro dos Santos Soares (Pedro Santos),\u00a0<\/strong><strong>Rubens Cl\u00e1udio Siqueira Neri (Sargento Neri),\u00a0<\/strong><strong>Veronilson Hip\u00f3lito Correia (Verinha Venda Seca) e\u00a0<\/strong><strong>Maria Raquel Sartori da Silva,<\/strong>\u00a0eleita <strong>presidente da C\u00e2mara<\/strong> para o bi\u00eanio <strong>2025-2026<\/strong>.<\/p>\n<p><\/p>\n<\/p>\n<h2><strong>Reajustes salariais para 2025<\/strong><\/h2>\n<p>A C\u00e2mara Municipal aprovou um reajuste nos subs\u00eddios do prefeito, vice-prefeito, vereadores e secret\u00e1rios municipais. Os novos valores, que entram em vigor a partir de <strong>2025<\/strong>, s\u00e3o os seguintes:<\/p>\n<ul>\n<li><strong>Prefeito:<\/strong> de <strong>R$ 18.162,14<\/strong> para <strong>R$ 19.001,23<\/strong><\/li>\n<li><strong>Vice-prefeito:<\/strong> de <strong>R$ 7.264,87<\/strong> para <strong>R$ 7.600,47<\/strong><\/li>\n<li><strong>Secret\u00e1rios municipais:<\/strong> de <strong>R$ 6.387,46<\/strong> para <strong>R$ 6.687,46<\/strong><\/li>\n<li><strong>Vereadores:<\/strong> de <strong>R$ 2.806,21<\/strong> para <strong>R$ 3.088,51<\/strong><\/li>\n<li><strong>Presidente da C\u00e2mara:<\/strong> de <strong>R$ 4.053,42<\/strong> para <strong>R$ 4.461,19<\/strong><\/li>\n<\/ul>\n<p>Os reajustes s\u00e3o justificados como forma de adequar as remunera\u00e7\u00f5es \u00e0s responsabilidades dos cargos, mas geram debates sobre o impacto financeiro no or\u00e7amento municipal.<\/p>\n<p><\/p>\n<\/p>\n<h2><strong>Desafios para 2025<\/strong><\/h2>\n<p>A administra\u00e7\u00e3o <strong>2025-2028<\/strong> enfrentar\u00e1 desafios importantes para garantir o crescimento sustent\u00e1vel de Gar\u00e7a. Entre as principais pautas para os pr\u00f3ximos anos est\u00e3o:<\/p>\n<p>\u2705 <strong>Seguran\u00e7a e estrutura nas escolas<\/strong> \u2013 Finalizar o processo de obten\u00e7\u00e3o do <strong>AVCB (Auto de Vistoria do Corpo de Bombeiros)<\/strong> em escolas e pr\u00e9dios p\u00fablicos, garantindo seguran\u00e7a e evitando que as certifica\u00e7\u00f5es expirem.<br \/>\n\u2705 <strong>Sa\u00fade e atendimento m\u00e9dico<\/strong> \u2013 Investir na amplia\u00e7\u00e3o da rede municipal de sa\u00fade, reduzir filas de espera e fortalecer o atendimento especializado.<br \/>\u2705 <strong>Transporte e mobilidade urbana<\/strong> \u2013 Melhorar a infraestrutura vi\u00e1ria e o transporte p\u00fablico, al\u00e9m de garantir acessibilidade para a popula\u00e7\u00e3o.<br \/>\n\u2705 <strong>Recapeamento das vias p\u00fablicas<\/strong> \u2013 Continuar o programa de recupera\u00e7\u00e3o das ruas e avenidas da cidade, garantindo melhor trafegabilidade e seguran\u00e7a para motoristas e pedestres.<br \/>\n\u2705 <strong>Desenvolvimento econ\u00f4mico e gera\u00e7\u00e3o de empregos<\/strong> \u2013 Criar pol\u00edticas de incentivo ao com\u00e9rcio local e atrair novos investimentos para o munic\u00edpio.<br \/>\n\u2705 <strong>Fiscaliza\u00e7\u00e3o e transpar\u00eancia<\/strong> \u2013 Acompanhar a execu\u00e7\u00e3o do or\u00e7amento municipal e garantir que os recursos sejam aplicados de forma eficiente.<\/p>\n<p>O novo governo municipal ter\u00e1 a miss\u00e3o de garantir que os avan\u00e7os conquistados at\u00e9 aqui sejam mantidos e ampliados para o benef\u00edcio da popula\u00e7\u00e3o.<\/p>\n<p><\/p>\n<p>\ud83d\udd0e <strong>Acompanhe nossas pr\u00f3ximas publica\u00e7\u00f5es para conhecer os dados de outros munic\u00edpios vizinhos e entender como os representantes do povo s\u00e3o remunerados.<\/strong><\/p>\n<p>\ud83d\udccc <strong>Fontes:<\/strong><br \/>\nPrefeitura Municipal de Gar\u00e7a \u2013 <a href=\"http:\/\/garca.sp.gov.br\">garca.sp.gov.br<\/a><br \/>\nC\u00e2mara Municipal de Gar\u00e7a \u2013 <a href=\"http:\/\/camaragarca.sp.gov.br\">camaragarca.sp.gov.br<\/a><\/p>\n","protected":false},"excerpt":{"rendered":"<p>Os sal\u00e1rios dos agentes pol\u00edticos variam de acordo com fatores como arrecada\u00e7\u00e3o, popula\u00e7\u00e3o e desafios locais. Para entender melhor como esses valores s\u00e3o definidos, esta s\u00e9rie de reportagens se baseia em dados extra\u00eddos dos portais da transpar\u00eancia e legisla\u00e7\u00f5es municipais. O munic\u00edpio em destaque nesta quinta publica\u00e7\u00e3o \u00e9 Gar\u00e7a. Gar\u00e7a em n\u00fameros Com uma popula\u00e7\u00e3o [&hellip;]<\/p>\n","protected":false},"author":260896546,"featured_media":0,"comment_status":"open","ping_status":"open","sticky":false,"template":"","format":"standard","meta":{"_crdt_document":"","_monsterinsights_skip_tracking":false,"_monsterinsights_sitenote_active":false,"_monsterinsights_sitenote_note":"","_monsterinsights_sitenote_category":0,"advanced_seo_description":"","jetpack_seo_html_title":"","jetpack_seo_noindex":false,"_jetpack_newsletter_access":"","_jetpack_dont_email_post_to_subs":false,"_jetpack_newsletter_tier_id":0,"_jetpack_memberships_contains_paywalled_content":false,"_jetpack_memberships_contains_paid_content":false,"footnotes":"","jetpack_publicize_message":"","jetpack_publicize_feature_enabled":true,"jetpack_social_post_already_shared":false,"jetpack_social_options":{"image_generator_settings":{"template":"fullscreen","default_image_id":0,"font":"","enabled":false},"version":2},"_wpas_customize_per_network":false,"jetpack_post_was_ever_published":false},"categories":[38185],"tags":[781171801,172441],"class_list":["post-2908","post","type-post","status-publish","format-standard","hentry","category-brasil","tag-brasil","tag-transparencia"],"jetpack_publicize_connections":[],"jetpack_featured_media_url":"","jetpack_likes_enabled":true,"jetpack_sharing_enabled":true,"jetpack_shortlink":"https:\/\/wp.me\/pgitne-KU","jetpack-related-posts":[{"id":3008,"url":"https:\/\/diariodegarca.com\/?p=3008","url_meta":{"origin":2908,"position":0},"title":"Sobre n\u00f3s","author":"Di\u00e1rio de Gar\u00e7a","date":"17 de janeiro de 2025","format":false,"excerpt":"Bem-vindo ao Di\u00e1rio de Gar\u00e7a, o seu portal de not\u00edcias regionais! Fundado em 29 de setembro de 2022, o Di\u00e1rio de Gar\u00e7a nasceu com a miss\u00e3o de manter a comunidade garcense sempre informada, conectada e engajada.\u00a0Nosso compromisso \u00e9 trazer as not\u00edcias que impactam o seu dia a dia e o\u2026","rel":"","context":"Em &quot;Brasil&quot;","block_context":{"text":"Brasil","link":"https:\/\/diariodegarca.com\/?cat=38185"},"img":{"alt_text":"","src":"","width":0,"height":0},"classes":[]},{"id":2528,"url":"https:\/\/diariodegarca.com\/?p=2528","url_meta":{"origin":2908,"position":1},"title":"Paralisa\u00e7\u00e3o da Recicla Gar\u00e7a entra em pauta na C\u00e2mara, enquanto Prefeitura evita dar esclarecimentos","author":"Di\u00e1rio de Gar\u00e7a","date":"28 de mar\u00e7o de 2025","format":false,"excerpt":"Na 8\u00aa sess\u00e3o ordin\u00e1ria da C\u00e2mara Municipal de Gar\u00e7a, realizada em 24 de mar\u00e7o, a vereadora Elaine Oliveira apresentou o Requerimento 279\/2025, solicitando a convoca\u00e7\u00e3o de um representante da Cooperativa Recicla Gar\u00e7a para prestar esclarecimentos sobre a paralisa\u00e7\u00e3o tempor\u00e1ria de suas atividades e da usina de reciclagem operada pela cooperativa.\u2026","rel":"","context":"Em &quot;Brasil&quot;","block_context":{"text":"Brasil","link":"https:\/\/diariodegarca.com\/?cat=38185"},"img":{"alt_text":"","src":"","width":0,"height":0},"classes":[]},{"id":9538,"url":"https:\/\/diariodegarca.com\/?p=9538","url_meta":{"origin":2908,"position":2},"title":"Falta de presta\u00e7\u00e3o de contas da Festa da Cerejeira em Gar\u00e7a gera den\u00fancia ao Minist\u00e9rio P\u00fablico","author":"Di\u00e1rio de Gar\u00e7a","date":"15 de dezembro de 2025","format":false,"excerpt":"Vereadora acusa descumprimento de lei municipal que exige transpar\u00eancia financeira do evento; prazo legal de 120 dias foi ultrapassado em mais de dois meses. Em meio a questionamentos sobre a transpar\u00eancia na gest\u00e3o p\u00fablica, a vereadora Elaine Oliveira (PSD) formalizou uma den\u00fancia ao Minist\u00e9rio P\u00fablico do Estado de S\u00e3o Paulo,\u2026","rel":"","context":"Em &quot;Eventos&quot;","block_context":{"text":"Eventos","link":"https:\/\/diariodegarca.com\/?cat=2366"},"img":{"alt_text":"","src":"https:\/\/i0.wp.com\/diariodegarca.com\/wp-content\/uploads\/2025\/12\/SaveClip.App_503406251_17995528127797395_6590534165075140674_n.jpg?fit=1200%2C1044&ssl=1&resize=350%2C200","width":350,"height":200,"srcset":"https:\/\/i0.wp.com\/diariodegarca.com\/wp-content\/uploads\/2025\/12\/SaveClip.App_503406251_17995528127797395_6590534165075140674_n.jpg?fit=1200%2C1044&ssl=1&resize=350%2C200 1x, https:\/\/i0.wp.com\/diariodegarca.com\/wp-content\/uploads\/2025\/12\/SaveClip.App_503406251_17995528127797395_6590534165075140674_n.jpg?fit=1200%2C1044&ssl=1&resize=525%2C300 1.5x, https:\/\/i0.wp.com\/diariodegarca.com\/wp-content\/uploads\/2025\/12\/SaveClip.App_503406251_17995528127797395_6590534165075140674_n.jpg?fit=1200%2C1044&ssl=1&resize=700%2C400 2x, https:\/\/i0.wp.com\/diariodegarca.com\/wp-content\/uploads\/2025\/12\/SaveClip.App_503406251_17995528127797395_6590534165075140674_n.jpg?fit=1200%2C1044&ssl=1&resize=1050%2C600 3x"},"classes":[]},{"id":2760,"url":"https:\/\/diariodegarca.com\/?p=2760","url_meta":{"origin":2908,"position":3},"title":"Mulheres ganham at\u00e9 72% a mais que homens em Institui\u00e7\u00e3o de Gar\u00e7a","author":"Di\u00e1rio de Gar\u00e7a","date":"24 de fevereiro de 2025","format":false,"excerpt":"Relat\u00f3rio da institui\u00e7\u00e3o revela \u201cdesigualdade invertida\u201d, mas falta de detalhes impede conclus\u00f5es claras A Patrulha Juvenil de Gar\u00e7a, organiza\u00e7\u00e3o com 114 funcion\u00e1rios, divulgou seus relat\u00f3rios semestrais de Transpar\u00eancia e Igualdade Salarial de 2024, conforme exige a Lei n\u00ba 14.611\/2023. O levantamento trouxe um dado incomum: mulheres receberam sal\u00e1rios significativamente superiores\u2026","rel":"","context":"Em &quot;Brasil&quot;","block_context":{"text":"Brasil","link":"https:\/\/diariodegarca.com\/?cat=38185"},"img":{"alt_text":"","src":"","width":0,"height":0},"classes":[]},{"id":2731,"url":"https:\/\/diariodegarca.com\/?p=2731","url_meta":{"origin":2908,"position":4},"title":"&#034;Opera\u00e7\u00e3o Cop\u00e3o Furado&#034; ir\u00e1 combater a venda de \u00e1lcool para menores de idade em Gar\u00e7a","author":"Di\u00e1rio de Gar\u00e7a","date":"28 de fevereiro de 2025","format":false,"excerpt":"Em uma iniciativa conjunta, o Conselho Tutelar de Gar\u00e7a, a Pol\u00edcia Militar, a Pol\u00edcia Civil e diversos \u00f3rg\u00e3os da Prefeitura Municipal deram in\u00edcio \u00e0 \"Opera\u00e7\u00e3o Cop\u00e3o Furado\", uma a\u00e7\u00e3o estrat\u00e9gica voltada para a prote\u00e7\u00e3o de crian\u00e7as e adolescentes contra a exposi\u00e7\u00e3o a drogas il\u00edcitas e bebidas alco\u00f3licas.\u00a0A opera\u00e7\u00e3o, que ser\u00e1\u2026","rel":"","context":"Em &quot;Brasil&quot;","block_context":{"text":"Brasil","link":"https:\/\/diariodegarca.com\/?cat=38185"},"img":{"alt_text":"","src":"","width":0,"height":0},"classes":[]},{"id":2463,"url":"https:\/\/diariodegarca.com\/?p=2463","url_meta":{"origin":2908,"position":5},"title":"C\u00e2mara debater\u00e1 regulamenta\u00e7\u00e3o de redes sociais institucionais do munic\u00edpio","author":"Di\u00e1rio de Gar\u00e7a","date":"5 de abril de 2025","format":false,"excerpt":"Na pr\u00f3xima segunda-feira, dia 7 de abril, a 10\u00aa sess\u00e3o ordin\u00e1ria da C\u00e2mara Municipal de Gar\u00e7a colocar\u00e1 em pauta um Projeto de Lei que busca estabelecer normas para o uso das redes sociais institucionais da administra\u00e7\u00e3o p\u00fablica. A proposta, de autoria da vereadora Elaine Oliveira, tem como objetivo garantir transpar\u00eancia,\u2026","rel":"","context":"Em &quot;Brasil&quot;","block_context":{"text":"Brasil","link":"https:\/\/diariodegarca.com\/?cat=38185"},"img":{"alt_text":"","src":"","width":0,"height":0},"classes":[]}],"_links":{"self":[{"href":"https:\/\/diariodegarca.com\/index.php?rest_route=\/wp\/v2\/posts\/2908","targetHints":{"allow":["GET"]}}],"collection":[{"href":"https:\/\/diariodegarca.com\/index.php?rest_route=\/wp\/v2\/posts"}],"about":[{"href":"https:\/\/diariodegarca.com\/index.php?rest_route=\/wp\/v2\/types\/post"}],"author":[{"embeddable":true,"href":"https:\/\/diariodegarca.com\/index.php?rest_route=\/wp\/v2\/users\/260896546"}],"replies":[{"embeddable":true,"href":"https:\/\/diariodegarca.com\/index.php?rest_route=%2Fwp%2Fv2%2Fcomments&post=2908"}],"version-history":[{"count":0,"href":"https:\/\/diariodegarca.com\/index.php?rest_route=\/wp\/v2\/posts\/2908\/revisions"}],"wp:attachment":[{"href":"https:\/\/diariodegarca.com\/index.php?rest_route=%2Fwp%2Fv2%2Fmedia&parent=2908"}],"wp:term":[{"taxonomy":"category","embeddable":true,"href":"https:\/\/diariodegarca.com\/index.php?rest_route=%2Fwp%2Fv2%2Fcategories&post=2908"},{"taxonomy":"post_tag","embeddable":true,"href":"https:\/\/diariodegarca.com\/index.php?rest_route=%2Fwp%2Fv2%2Ftags&post=2908"}],"curies":[{"name":"wp","href":"https:\/\/api.w.org\/{rel}","templated":true}]}}