{"id":2910,"date":"2025-02-03T17:35:00","date_gmt":"2025-02-03T17:35:00","guid":{"rendered":"https:\/\/diariodegarca.com\/2025\/02\/03\/policia-militar-prende-homem-por-furto-em-marilia\/"},"modified":"2025-02-03T17:35:00","modified_gmt":"2025-02-03T17:35:00","slug":"policia-militar-prende-homem-por-furto-em-marilia","status":"publish","type":"post","link":"https:\/\/diariodegarca.com\/?p=2910","title":{"rendered":"Pol\u00edcia Militar prende homem por furto em Mar\u00edlia"},"content":{"rendered":"<div><\/div>\n<div>\n<div class=\"separator\" style=\"clear: both;text-align: center\">\n  <a href=\"https:\/\/blogger.googleusercontent.com\/img\/a\/AVvXsEg_mxHCZqdGvF30InnbXIVpOwEk1qQyCmLSyczWXn6vHbiezgptKSSya6-qnHFlFxyv-5MG6zTJZlVBamsO88iJU0Bb8Rw0FVclKeJG8GVxBahWqT00kEETvqgShxf7aidJln1tw9MxXAHDpjfeL8gJLiI1wihZPi7krvfsZpU0HX4ZCA8UYHD3vKX6xbY\" style=\"margin-left: 1em;margin-right: 1em\"><br \/>\n    <img decoding=\"async\" border=\"0\" src=\"https:\/\/blogger.googleusercontent.com\/img\/a\/AVvXsEg_mxHCZqdGvF30InnbXIVpOwEk1qQyCmLSyczWXn6vHbiezgptKSSya6-qnHFlFxyv-5MG6zTJZlVBamsO88iJU0Bb8Rw0FVclKeJG8GVxBahWqT00kEETvqgShxf7aidJln1tw9MxXAHDpjfeL8gJLiI1wihZPi7krvfsZpU0HX4ZCA8UYHD3vKX6xbY\" width=\"400\"><br \/>\n  <\/a>\n<\/div>\n<\/div>\n<div><\/div>\n<div>Na tarde de domingo, dia 2 de fevereiro, policiais militares do 9\u00ba Batalh\u00e3o de Pol\u00edcia Militar do Interior prenderam um homem por furto em Mar\u00edlia.\u00a0<\/div>\n<div><\/div>\n<div>O indiv\u00edduo, j\u00e1 conhecido pela pr\u00e1tica de crimes semelhantes, foi capturado ap\u00f3s intensifica\u00e7\u00e3o do patrulhamento na regi\u00e3o.\u00a0<span style=\"letter-spacing: 0.2px\">A a\u00e7\u00e3o foi desencadeada ap\u00f3s um furto em um estabelecimento comercial na Rua S\u00e3o Lu\u00eds.\u00a0<\/span><\/div>\n<div><span style=\"letter-spacing: 0.2px\"><br \/><\/span><\/div>\n<div><span style=\"letter-spacing: 0.2px\">Durante a busca pelo autor, os policiais o avistaram na avenida Santo Ant\u00f4nio. Ao perceber a presen\u00e7a das viaturas, o homem tentou fugir, mas foi rapidamente abordado. Em busca pessoal, foram encontrados com ele um aparelho celular e aproximadamente R$ 300 em dinheiro.\u00a0\u00a0<\/span><\/div>\n<div><\/div>\n<div>Durante interrogat\u00f3rio, o suspeito confessou o furto e admitiu ter cometido outros crimes em estabelecimentos comerciais em datas anteriores. Ele ainda indicou o local onde escondia produtos furtados, como joias, eletrodom\u00e9sticos e uma bolsa.\u00a0\u00a0<\/div>\n<div><\/div>\n<div>O homem foi conduzido \u00e0 Central de Pol\u00edcia Judici\u00e1ria de Mar\u00edlia, onde a pris\u00e3o em flagrante foi ratificada. Ele permanece \u00e0 disposi\u00e7\u00e3o da Justi\u00e7a para audi\u00eancia de cust\u00f3dia.<\/div>\n","protected":false},"excerpt":{"rendered":"<p>Na tarde de domingo, dia 2 de fevereiro, policiais militares do 9\u00ba Batalh\u00e3o de Pol\u00edcia Militar do Interior prenderam um homem por furto em Mar\u00edlia.\u00a0 O indiv\u00edduo, j\u00e1 conhecido pela pr\u00e1tica de crimes semelhantes, foi capturado ap\u00f3s intensifica\u00e7\u00e3o do patrulhamento na regi\u00e3o.\u00a0A a\u00e7\u00e3o foi desencadeada ap\u00f3s um furto em um estabelecimento comercial na Rua S\u00e3o [&hellip;]<\/p>\n","protected":false},"author":260896546,"featured_media":0,"comment_status":"open","ping_status":"open","sticky":false,"template":"","format":"standard","meta":{"_crdt_document":"","_monsterinsights_skip_tracking":false,"_monsterinsights_sitenote_active":false,"_monsterinsights_sitenote_note":"","_monsterinsights_sitenote_category":0,"advanced_seo_description":"","jetpack_seo_html_title":"","jetpack_seo_noindex":false,"_jetpack_newsletter_access":"","_jetpack_dont_email_post_to_subs":false,"_jetpack_newsletter_tier_id":0,"_jetpack_memberships_contains_paywalled_content":false,"_jetpack_memberships_contains_paid_content":false,"footnotes":"","jetpack_publicize_message":"","jetpack_publicize_feature_enabled":true,"jetpack_social_post_already_shared":false,"jetpack_social_options":{"image_generator_settings":{"template":"fullscreen","default_image_id":0,"font":"","enabled":false},"version":2},"_wpas_customize_per_network":false,"jetpack_post_was_ever_published":false},"categories":[38185],"tags":[222752,1036487],"class_list":["post-2910","post","type-post","status-publish","format-standard","hentry","category-brasil","tag-marilia","tag-seguranca-publica"],"jetpack_publicize_connections":[],"jetpack_featured_media_url":"","jetpack_likes_enabled":true,"jetpack_sharing_enabled":true,"jetpack_shortlink":"https:\/\/wp.me\/pgitne-KW","jetpack-related-posts":[{"id":4159,"url":"https:\/\/diariodegarca.com\/?p=4159","url_meta":{"origin":2910,"position":0},"title":"A\u00e7\u00f5es policiais prendem suspeitos por roubo, furto e tr\u00e1fico em cidades da regi\u00e3o","author":"Di\u00e1rio de Gar\u00e7a","date":"23 de junho de 2025","format":false,"excerpt":"Em opera\u00e7\u00f5es realizadas no fim de semana, policiais militares do 9\u00ba Batalh\u00e3o do Interior prenderam criminosos em flagrante em Mar\u00edlia, Pomp\u00e9ia e Tup\u00e3; drogas, ve\u00edculo furtado e objetos roubados foram apreendidos. No \u00faltimo fim de semana, o\u00a09\u00ba Batalh\u00e3o de Pol\u00edcia Militar do Interior\u00a0registrou ocorr\u00eancias em diferentes cidades da regi\u00e3o, resultando\u2026","rel":"","context":"Em &quot;Mar\u00edlia&quot;","block_context":{"text":"Mar\u00edlia","link":"https:\/\/diariodegarca.com\/?cat=683453294"},"img":{"alt_text":"","src":"https:\/\/i0.wp.com\/diariodegarca.com\/wp-content\/uploads\/2025\/06\/503566608_18306010942246526_8008225824564545424_n-e1764161649475.webp?fit=1080%2C733&ssl=1&resize=350%2C200","width":350,"height":200,"srcset":"https:\/\/i0.wp.com\/diariodegarca.com\/wp-content\/uploads\/2025\/06\/503566608_18306010942246526_8008225824564545424_n-e1764161649475.webp?fit=1080%2C733&ssl=1&resize=350%2C200 1x, https:\/\/i0.wp.com\/diariodegarca.com\/wp-content\/uploads\/2025\/06\/503566608_18306010942246526_8008225824564545424_n-e1764161649475.webp?fit=1080%2C733&ssl=1&resize=525%2C300 1.5x, https:\/\/i0.wp.com\/diariodegarca.com\/wp-content\/uploads\/2025\/06\/503566608_18306010942246526_8008225824564545424_n-e1764161649475.webp?fit=1080%2C733&ssl=1&resize=700%2C400 2x, https:\/\/i0.wp.com\/diariodegarca.com\/wp-content\/uploads\/2025\/06\/503566608_18306010942246526_8008225824564545424_n-e1764161649475.webp?fit=1080%2C733&ssl=1&resize=1050%2C600 3x"},"classes":[]},{"id":7040,"url":"https:\/\/diariodegarca.com\/?p=7040","url_meta":{"origin":2910,"position":1},"title":"Pol\u00edcia Militar prende homem por roubo e furtos em s\u00e9rie na zona sul de Mar\u00edlia","author":"Di\u00e1rio de Gar\u00e7a","date":"23 de setembro de 2025","format":false,"excerpt":"Ap\u00f3s roubo em farm\u00e1cia e furtos em outros estabelecimentos, policiais localizaram e prenderam o suspeito em um centro de tratamento. Na tarde de domingo, 21 de setembro, uma a\u00e7\u00e3o coordenada entre diferentes equipes do 9\u00ba Batalh\u00e3o da Pol\u00edcia Militar (9\u00ba BPM) resultou na pris\u00e3o em flagrante de um homem por\u2026","rel":"","context":"Em &quot;Mar\u00edlia&quot;","block_context":{"text":"Mar\u00edlia","link":"https:\/\/diariodegarca.com\/?cat=683453294"},"img":{"alt_text":"","src":"https:\/\/i0.wp.com\/diariodegarca.com\/wp-content\/uploads\/2025\/09\/SnapInsta.to_551985741_18316643455246526_2768663160623585563_n.jpg?fit=1080%2C810&ssl=1&resize=350%2C200","width":350,"height":200,"srcset":"https:\/\/i0.wp.com\/diariodegarca.com\/wp-content\/uploads\/2025\/09\/SnapInsta.to_551985741_18316643455246526_2768663160623585563_n.jpg?fit=1080%2C810&ssl=1&resize=350%2C200 1x, https:\/\/i0.wp.com\/diariodegarca.com\/wp-content\/uploads\/2025\/09\/SnapInsta.to_551985741_18316643455246526_2768663160623585563_n.jpg?fit=1080%2C810&ssl=1&resize=525%2C300 1.5x, https:\/\/i0.wp.com\/diariodegarca.com\/wp-content\/uploads\/2025\/09\/SnapInsta.to_551985741_18316643455246526_2768663160623585563_n.jpg?fit=1080%2C810&ssl=1&resize=700%2C400 2x, https:\/\/i0.wp.com\/diariodegarca.com\/wp-content\/uploads\/2025\/09\/SnapInsta.to_551985741_18316643455246526_2768663160623585563_n.jpg?fit=1080%2C810&ssl=1&resize=1050%2C600 3x"},"classes":[]},{"id":4724,"url":"https:\/\/diariodegarca.com\/?p=4724","url_meta":{"origin":2910,"position":2},"title":"PM prende suspeitos por furto e tr\u00e1fico, e celebra anivers\u00e1rio de crian\u00e7a em a\u00e7\u00e3o social","author":"Di\u00e1rio de Gar\u00e7a","date":"16 de julho de 2025","format":false,"excerpt":"Opera\u00e7\u00f5es em Gar\u00e7a, Tup\u00e3 e Mar\u00edlia resultaram em pris\u00f5es, enquanto PMs realizam sonho de menino em festa de anivers\u00e1rio. Confira as principais a\u00e7\u00f5es que ocorreram em Gar\u00e7a e regi\u00e3o nos \u00faltimos dias: Dois presos por furto em abordagens policiais em Gar\u00e7a e Tup\u00e3 Na tarde de ter\u00e7a-feira, dia 15 de\u2026","rel":"","context":"Em &quot;Gar\u00e7a&quot;","block_context":{"text":"Gar\u00e7a","link":"https:\/\/diariodegarca.com\/?cat=781171664"},"img":{"alt_text":"","src":"","width":0,"height":0},"classes":[]},{"id":5486,"url":"https:\/\/diariodegarca.com\/?p=5486","url_meta":{"origin":2910,"position":3},"title":"PM prende homem procurado por furto durante patrulhamento em Mar\u00edlia","author":"Di\u00e1rio de Gar\u00e7a","date":"10 de agosto de 2025","format":false,"excerpt":"Indiv\u00edduo foi capturado no centro da cidade e encaminhado \u00e0 Central de Pris\u00f5es em Flagrante; Justi\u00e7a deve definir medidas. Em a\u00e7\u00e3o de rotina no \u00faltimo s\u00e1bado, 9 de agosto, agentes do 9\u00ba Batalh\u00e3o de Pol\u00edcia Militar do Interior (BPM\/I) prenderam um homem com mandado de pris\u00e3o em aberto por furto.\u2026","rel":"","context":"Em &quot;Mar\u00edlia&quot;","block_context":{"text":"Mar\u00edlia","link":"https:\/\/diariodegarca.com\/?cat=683453294"},"img":{"alt_text":"","src":"https:\/\/i0.wp.com\/diariodegarca.com\/wp-content\/uploads\/2025\/07\/em-garcahoje-11-por-volta-das-09h08min-policiais-militares-do-9o-batalhao-de-policia-milita-e1769719609181.webp?fit=1080%2C690&ssl=1&resize=350%2C200","width":350,"height":200,"srcset":"https:\/\/i0.wp.com\/diariodegarca.com\/wp-content\/uploads\/2025\/07\/em-garcahoje-11-por-volta-das-09h08min-policiais-militares-do-9o-batalhao-de-policia-milita-e1769719609181.webp?fit=1080%2C690&ssl=1&resize=350%2C200 1x, https:\/\/i0.wp.com\/diariodegarca.com\/wp-content\/uploads\/2025\/07\/em-garcahoje-11-por-volta-das-09h08min-policiais-militares-do-9o-batalhao-de-policia-milita-e1769719609181.webp?fit=1080%2C690&ssl=1&resize=525%2C300 1.5x, https:\/\/i0.wp.com\/diariodegarca.com\/wp-content\/uploads\/2025\/07\/em-garcahoje-11-por-volta-das-09h08min-policiais-militares-do-9o-batalhao-de-policia-milita-e1769719609181.webp?fit=1080%2C690&ssl=1&resize=700%2C400 2x, https:\/\/i0.wp.com\/diariodegarca.com\/wp-content\/uploads\/2025\/07\/em-garcahoje-11-por-volta-das-09h08min-policiais-militares-do-9o-batalhao-de-policia-milita-e1769719609181.webp?fit=1080%2C690&ssl=1&resize=1050%2C600 3x"},"classes":[]},{"id":2455,"url":"https:\/\/diariodegarca.com\/?p=2455","url_meta":{"origin":2910,"position":4},"title":"Homem \u00e9 preso em flagrante por furto de ve\u00edculo em Mar\u00edlia","author":"Di\u00e1rio de Gar\u00e7a","date":"6 de abril de 2025","format":false,"excerpt":"Na noite de s\u00e1bado, dia 5 de abril, equipes do Radiopatrulhamento do 9\u00ba Batalh\u00e3o de Pol\u00edcia Militar do Interior prenderam em flagrante um homem acusado de furtar um ve\u00edculo em Mar\u00edlia. O carro foi recuperado e devolvido ao propriet\u00e1rio horas ap\u00f3s o crime.\u00a0\u00a0O caso ocorreu por volta das 22h, ap\u00f3s\u2026","rel":"","context":"Em &quot;Brasil&quot;","block_context":{"text":"Brasil","link":"https:\/\/diariodegarca.com\/?cat=38185"},"img":{"alt_text":"","src":"","width":0,"height":0},"classes":[]},{"id":2533,"url":"https:\/\/diariodegarca.com\/?p=2533","url_meta":{"origin":2910,"position":5},"title":"Homem \u00e9 preso por furto em Mar\u00edlia ap\u00f3s abordagem da Pol\u00edcia Militar","author":"Di\u00e1rio de Gar\u00e7a","date":"27 de mar\u00e7o de 2025","format":false,"excerpt":"Nesta quarta-feira, dia 27 de mar\u00e7o, policiais do 9\u00ba Batalh\u00e3o de Pol\u00edcia Militar do Interior prenderam um homem que estava com mandado de pris\u00e3o em aberto por furto. A a\u00e7\u00e3o ocorreu por volta das 17h, no munic\u00edpio de Mar\u00edlia, ap\u00f3s uma equipe do Comando For\u00e7a Patrulha (CFP) identificar um ve\u00edculo\u2026","rel":"","context":"Em &quot;Brasil&quot;","block_context":{"text":"Brasil","link":"https:\/\/diariodegarca.com\/?cat=38185"},"img":{"alt_text":"","src":"","width":0,"height":0},"classes":[]}],"_links":{"self":[{"href":"https:\/\/diariodegarca.com\/index.php?rest_route=\/wp\/v2\/posts\/2910","targetHints":{"allow":["GET"]}}],"collection":[{"href":"https:\/\/diariodegarca.com\/index.php?rest_route=\/wp\/v2\/posts"}],"about":[{"href":"https:\/\/diariodegarca.com\/index.php?rest_route=\/wp\/v2\/types\/post"}],"author":[{"embeddable":true,"href":"https:\/\/diariodegarca.com\/index.php?rest_route=\/wp\/v2\/users\/260896546"}],"replies":[{"embeddable":true,"href":"https:\/\/diariodegarca.com\/index.php?rest_route=%2Fwp%2Fv2%2Fcomments&post=2910"}],"version-history":[{"count":0,"href":"https:\/\/diariodegarca.com\/index.php?rest_route=\/wp\/v2\/posts\/2910\/revisions"}],"wp:attachment":[{"href":"https:\/\/diariodegarca.com\/index.php?rest_route=%2Fwp%2Fv2%2Fmedia&parent=2910"}],"wp:term":[{"taxonomy":"category","embeddable":true,"href":"https:\/\/diariodegarca.com\/index.php?rest_route=%2Fwp%2Fv2%2Fcategories&post=2910"},{"taxonomy":"post_tag","embeddable":true,"href":"https:\/\/diariodegarca.com\/index.php?rest_route=%2Fwp%2Fv2%2Ftags&post=2910"}],"curies":[{"name":"wp","href":"https:\/\/api.w.org\/{rel}","templated":true}]}}