{"id":2919,"date":"2025-01-31T11:30:00","date_gmt":"2025-01-31T11:30:00","guid":{"rendered":"https:\/\/diariodegarca.com\/2025\/01\/31\/quanto-ganham-os-representantes-do-povo-em-vera-cruz\/"},"modified":"2025-01-31T11:30:00","modified_gmt":"2025-01-31T11:30:00","slug":"quanto-ganham-os-representantes-do-povo-em-vera-cruz","status":"publish","type":"post","link":"https:\/\/diariodegarca.com\/?p=2919","title":{"rendered":"Quanto ganham os representantes do povo em Vera Cruz?"},"content":{"rendered":"<div class=\"separator\" style=\"clear: both;text-align: center\"><a href=\"https:\/\/i0.wp.com\/blogger.googleusercontent.com\/img\/b\/R29vZ2xl\/AVvXsEjQBtGhZMPJOaFEiWLMd9kcaJC03QYz0RhnkqmMJyJ7IlFFtfOT88SheFYCPiUXpyAm12Tv7mFSyrwac_SRNnNyEzpaTzrfcKPUbLQTDiJv-NQS2Fx8N3mGkeEByHqWtQGkzjFMV1P_g27XL8TAx6KVQlt08ehrXhk288fL3NR17zscEpJ5LBX31qyzi5I\/s800\/hu8t94si.jpg?ssl=1\" style=\"margin-left: 1em;margin-right: 1em\"><img data-recalc-dims=\"1\" loading=\"lazy\" decoding=\"async\" border=\"0\" height=\"250\" src=\"https:\/\/i0.wp.com\/blogger.googleusercontent.com\/img\/b\/R29vZ2xl\/AVvXsEjQBtGhZMPJOaFEiWLMd9kcaJC03QYz0RhnkqmMJyJ7IlFFtfOT88SheFYCPiUXpyAm12Tv7mFSyrwac_SRNnNyEzpaTzrfcKPUbLQTDiJv-NQS2Fx8N3mGkeEByHqWtQGkzjFMV1P_g27XL8TAx6KVQlt08ehrXhk288fL3NR17zscEpJ5LBX31qyzi5I\/w400-h250\/hu8t94si.jpg?resize=400%2C250&#038;ssl=1\" width=\"400\" \/><\/a><\/div>\n<p><\/p>\n<p>As remunera\u00e7\u00f5es dos agentes pol\u00edticos variam amplamente entre os munic\u00edpios brasileiros, refletindo fatores como arrecada\u00e7\u00e3o, popula\u00e7\u00e3o e desafios locais. Para entender melhor como esses valores s\u00e3o definidos e aplicados, esta s\u00e9rie de reportagens se baseia em dados extra\u00eddos dos portais da transpar\u00eancia e legisla\u00e7\u00f5es municipais. O munic\u00edpio em destaque nesta quarta publica\u00e7\u00e3o \u00e9 <strong>Vera Cruz<\/strong>, situado a <strong>20 km de Gar\u00e7a<\/strong>, no interior de S\u00e3o Paulo.<\/p>\n<p><\/p>\n<h2><strong>Vera Cruz em n\u00fameros<\/strong><\/h2>\n<p>Com uma popula\u00e7\u00e3o de <strong>10.160 habitantes<\/strong>, segundo o <strong>IBGE<\/strong>, Vera Cruz passou por um processo eleitoral em 2024 que resultou na (re)elei\u00e7\u00e3o de <strong>Rodolfo Silva Davoli <\/strong>como prefeito e <strong>Gabriel Santana <\/strong>como vice-prefeito.<\/p>\n<p>A nova composi\u00e7\u00e3o da <strong>C\u00e2mara Municipal<\/strong> contar\u00e1 com <strong>nove vereadores<\/strong>, sendo eles:\u00a0<strong>Adriana Aparecida Rodrigues,\u00a0<\/strong><strong>C\u00e9sar Alessandre Iatecola,\u00a0<\/strong><strong>Cl\u00e1udio Luiz Doti (Dotti Barbeiro),\u00a0<\/strong><strong>Eduardo Guerreiro Perez Neto (Dudu Guerreiro),\u00a0<\/strong><strong>Evandro Nereu Gimenez,\u00a0<\/strong><strong>Lorival Ailton dos Santos,\u00a0<\/strong><strong>Luciana Neves Ign\u00e1cio,\u00a0<\/strong><strong>Luciana Regina Eduardo Geraldo e\u00a0<\/strong><strong>Cristiane Aparecida Tinetti<\/strong>, eleita presidente da C\u00e2mara para o bi\u00eanio <strong>2025-2026<\/strong>.<\/p>\n<p><\/p>\n<h2><strong>Reajustes salariais para 2025<\/strong><\/h2>\n<p>Em <strong>2024<\/strong>, a C\u00e2mara Municipal aprovou um reajuste nos subs\u00eddios do prefeito, vice-prefeito, vereadores e secret\u00e1rios municipais. Os novos valores, que entrar\u00e3o em vigor em <strong>2025<\/strong>, s\u00e3o os seguintes:<\/p>\n<ul>\n<li><strong>Prefeito:<\/strong> de <strong>R$ 10.808,31<\/strong> para <strong>R$ 13.081,00<\/strong><\/li>\n<li><strong>Vice-prefeito:<\/strong> de <strong>R$ 3.860,14<\/strong> para <strong>R$ 4.672,00<\/strong><\/li>\n<li><strong>Secret\u00e1rios municipais:<\/strong> de <strong>R$ 3.860,14<\/strong> para <strong>R$ 4.672,00<\/strong><\/li>\n<li><strong>Vereadores:<\/strong> de <strong>R$ 2.205,79<\/strong> para <strong>R$ 2.670,00<\/strong><\/li>\n<li><strong>Presidente da C\u00e2mara:<\/strong> de <strong>R$ 3.308,69<\/strong> para <strong>R$ 4.005,00<\/strong><\/li>\n<\/ul>\n<p>O reajuste tem como justificativa a necessidade de equiparar os vencimentos \u00e0s responsabilidades dos cargos, mas tamb\u00e9m gera debates sobre o impacto nos cofres p\u00fablicos, especialmente em cidades de m\u00e9dio porte como Vera Cruz.<\/p>\n<p><\/p>\n<\/p>\n<h2><strong>Desafios para 2025<\/strong><\/h2>\n<p>A gest\u00e3o <strong>2025-2028<\/strong> enfrentar\u00e1 desafios estrat\u00e9gicos, que incluem:<\/p>\n<p>\u2705 <strong>Expans\u00e3o da infraestrutura urbana<\/strong> \u2013 Obras de mobilidade, pavimenta\u00e7\u00e3o e saneamento b\u00e1sico s\u00e3o demandas constantes da popula\u00e7\u00e3o.<br \/>\n\u2705 <strong>Desenvolvimento econ\u00f4mico e gera\u00e7\u00e3o de empregos<\/strong> \u2013 A administra\u00e7\u00e3o precisar\u00e1 buscar incentivos para o com\u00e9rcio local e atrair novos investimentos.<br \/>\n\u2705 <strong>Melhoria nos servi\u00e7os de sa\u00fade e educa\u00e7\u00e3o<\/strong> \u2013 A amplia\u00e7\u00e3o do atendimento m\u00e9dico e a valoriza\u00e7\u00e3o dos profissionais da educa\u00e7\u00e3o.<br \/>\n\u2705 <strong>Fiscaliza\u00e7\u00e3o e transpar\u00eancia<\/strong> \u2013 O papel da C\u00e2mara Municipal ser\u00e1 essencial para garantir que os recursos p\u00fablicos sejam bem aplicados e para fortalecer a confian\u00e7a da popula\u00e7\u00e3o na pol\u00edtica local.<\/p>\n<p>Os novos representantes de Vera Cruz ter\u00e3o o papel de garantir o avan\u00e7o do munic\u00edpio nos pr\u00f3ximos quatro anos, buscando atender \u00e0s expectativas da popula\u00e7\u00e3o.<\/p>\n<p><\/p>\n<p>\ud83d\udd0e <strong>Acompanhe nossas pr\u00f3ximas publica\u00e7\u00f5es para conhecer os dados de outros munic\u00edpios vizinhos e entender como os representantes do povo s\u00e3o remunerados.<\/strong><\/p>\n<p><strong><br \/><\/strong><\/p>\n<p>\ud83d\udccc <strong>Fontes:<\/strong><br \/>\nPrefeitura Municipal de Vera Cruz \u2013 <a href=\"http:\/\/veracruz.sp.gov.br\">veracruz.sp.gov.br<\/a><br \/>\nC\u00e2mara Municipal de Vera Cruz \u2013 <a href=\"http:\/\/camaraveracruz.sp.gov.br\">camaraveracruz.sp.gov.br<\/a><\/p>\n","protected":false},"excerpt":{"rendered":"<p>As remunera\u00e7\u00f5es dos agentes pol\u00edticos variam amplamente entre os munic\u00edpios brasileiros, refletindo fatores como arrecada\u00e7\u00e3o, popula\u00e7\u00e3o e desafios locais. Para entender melhor como esses valores s\u00e3o definidos e aplicados, esta s\u00e9rie de reportagens se baseia em dados extra\u00eddos dos portais da transpar\u00eancia e legisla\u00e7\u00f5es municipais. O munic\u00edpio em destaque nesta quarta publica\u00e7\u00e3o \u00e9 Vera Cruz, [&hellip;]<\/p>\n","protected":false},"author":260896546,"featured_media":0,"comment_status":"open","ping_status":"open","sticky":false,"template":"","format":"standard","meta":{"_crdt_document":"","_monsterinsights_skip_tracking":false,"_monsterinsights_sitenote_active":false,"_monsterinsights_sitenote_note":"","_monsterinsights_sitenote_category":0,"advanced_seo_description":"","jetpack_seo_html_title":"","jetpack_seo_noindex":false,"_jetpack_newsletter_access":"","_jetpack_dont_email_post_to_subs":false,"_jetpack_newsletter_tier_id":0,"_jetpack_memberships_contains_paywalled_content":false,"_jetpack_memberships_contains_paid_content":false,"footnotes":"","jetpack_publicize_message":"","jetpack_publicize_feature_enabled":true,"jetpack_social_post_already_shared":false,"jetpack_social_options":{"image_generator_settings":{"template":"fullscreen","default_image_id":0,"font":"","enabled":false},"version":2},"_wpas_customize_per_network":false,"jetpack_post_was_ever_published":false},"categories":[38185],"tags":[172441,781171809],"class_list":["post-2919","post","type-post","status-publish","format-standard","hentry","category-brasil","tag-transparencia","tag-vera-cruz"],"jetpack_publicize_connections":[],"jetpack_featured_media_url":"","jetpack_likes_enabled":true,"jetpack_sharing_enabled":true,"jetpack_shortlink":"https:\/\/wp.me\/pgitne-L5","jetpack-related-posts":[{"id":6922,"url":"https:\/\/diariodegarca.com\/?p=6922","url_meta":{"origin":2919,"position":0},"title":"Gar\u00e7a conquista nota A em transpar\u00eancia e salta 500 posi\u00e7\u00f5es no ranking nacional em 2024","author":"Di\u00e1rio de Gar\u00e7a","date":"19 de setembro de 2025","format":false,"excerpt":"Munic\u00edpio alcan\u00e7a conceito Aicf no Ranking Siconfi 2025, com desempenho de 95,3%, ap\u00f3s evolu\u00e7\u00e3o constante na qualidade da presta\u00e7\u00e3o de contas nos \u00faltimos anos. A cidade de Gar\u00e7a, no interior de S\u00e3o Paulo, deu um salto na transpar\u00eancia de suas contas p\u00fablicas, conforme revelam os dados mais recentes do Ranking\u2026","rel":"","context":"Em &quot;Alvinl\u00e2ndia&quot;","block_context":{"text":"Alvinl\u00e2ndia","link":"https:\/\/diariodegarca.com\/?cat=32102633"},"img":{"alt_text":"","src":"https:\/\/i0.wp.com\/diariodegarca.com\/wp-content\/uploads\/2025\/09\/1442494993.jpg?fit=1200%2C800&ssl=1&resize=350%2C200","width":350,"height":200,"srcset":"https:\/\/i0.wp.com\/diariodegarca.com\/wp-content\/uploads\/2025\/09\/1442494993.jpg?fit=1200%2C800&ssl=1&resize=350%2C200 1x, https:\/\/i0.wp.com\/diariodegarca.com\/wp-content\/uploads\/2025\/09\/1442494993.jpg?fit=1200%2C800&ssl=1&resize=525%2C300 1.5x, https:\/\/i0.wp.com\/diariodegarca.com\/wp-content\/uploads\/2025\/09\/1442494993.jpg?fit=1200%2C800&ssl=1&resize=700%2C400 2x, https:\/\/i0.wp.com\/diariodegarca.com\/wp-content\/uploads\/2025\/09\/1442494993.jpg?fit=1200%2C800&ssl=1&resize=1050%2C600 3x"},"classes":[]},{"id":2890,"url":"https:\/\/diariodegarca.com\/?p=2890","url_meta":{"origin":2919,"position":1},"title":"Quanto ganham os representantes do povo em Mar\u00edlia?","author":"Di\u00e1rio de Gar\u00e7a","date":"5 de fevereiro de 2025","format":false,"excerpt":"As remunera\u00e7\u00f5es dos agentes pol\u00edticos variam significativamente entre os munic\u00edpios brasileiros, refletindo fatores como arrecada\u00e7\u00e3o, popula\u00e7\u00e3o e desafios locais. Para entender melhor como esses valores s\u00e3o definidos e aplicados, esta s\u00e9rie de reportagens se baseia em dados dos portais da transpar\u00eancia e legisla\u00e7\u00f5es municipais. O munic\u00edpio em destaque nesta sexta\u2026","rel":"","context":"Em &quot;Brasil&quot;","block_context":{"text":"Brasil","link":"https:\/\/diariodegarca.com\/?cat=38185"},"img":{"alt_text":"","src":"https:\/\/i0.wp.com\/blogger.googleusercontent.com\/img\/b\/R29vZ2xl\/AVvXsEgXFVOZiSp61LZTR6S0hSaEZpEBDZH_tFxS04iK2T1_MelDmH8lOxjCvQATK0Qz5jlrWODvwfyhzAX6bYFoprsjLpOPyQKq5usqDkDRd4W3DosMnbX-cXj7l7kfbJZc1-N20gjtSYBZbq9lz2EEguOVHPW4Cr64h9H9RJXK4FF66d1BrtjeLNJ8P1xVQO8\/w400-h225\/Marilia.jpg?resize=350%2C200&ssl=1","width":350,"height":200},"classes":[]},{"id":8303,"url":"https:\/\/diariodegarca.com\/?p=8303","url_meta":{"origin":2919,"position":2},"title":"Emendas Impositivas","author":"Maria Thereza S. Pereira","date":"1 de novembro de 2025","format":false,"excerpt":"Portanto, no momento, \u00e9 imprescind\u00edvel aos gestores municipais e vereadores tenham cautela para altera\u00e7\u00e3o de estrutura cont\u00e1bil, posto que a forma de garantir o acompanhamento individual de cada emenda por meio de sistema eletr\u00f4nico, de acesso p\u00fablico \u00e0s informa\u00e7\u00f5es e controles que permitam auditoria, ainda est\u00e1 pendente de regulamenta\u00e7\u00e3o e\u2026","rel":"","context":"Em &quot;Brasil&quot;","block_context":{"text":"Brasil","link":"https:\/\/diariodegarca.com\/?cat=38185"},"img":{"alt_text":"","src":"https:\/\/i0.wp.com\/diariodegarca.com\/wp-content\/uploads\/2025\/11\/participacao-no-mercado-e-desafio-da-concorrencia-para-excelente-crescimento.jpg?fit=1200%2C800&ssl=1&resize=350%2C200","width":350,"height":200,"srcset":"https:\/\/i0.wp.com\/diariodegarca.com\/wp-content\/uploads\/2025\/11\/participacao-no-mercado-e-desafio-da-concorrencia-para-excelente-crescimento.jpg?fit=1200%2C800&ssl=1&resize=350%2C200 1x, https:\/\/i0.wp.com\/diariodegarca.com\/wp-content\/uploads\/2025\/11\/participacao-no-mercado-e-desafio-da-concorrencia-para-excelente-crescimento.jpg?fit=1200%2C800&ssl=1&resize=525%2C300 1.5x, https:\/\/i0.wp.com\/diariodegarca.com\/wp-content\/uploads\/2025\/11\/participacao-no-mercado-e-desafio-da-concorrencia-para-excelente-crescimento.jpg?fit=1200%2C800&ssl=1&resize=700%2C400 2x, https:\/\/i0.wp.com\/diariodegarca.com\/wp-content\/uploads\/2025\/11\/participacao-no-mercado-e-desafio-da-concorrencia-para-excelente-crescimento.jpg?fit=1200%2C800&ssl=1&resize=1050%2C600 3x"},"classes":[]},{"id":6775,"url":"https:\/\/diariodegarca.com\/?p=6775","url_meta":{"origin":2919,"position":3},"title":"TCE emite s\u00e9rie de alertas \u00e0 Prefeitura de Vera Cruz por descumprimento fiscal e da educa\u00e7\u00e3o","author":"Di\u00e1rio de Gar\u00e7a","date":"15 de setembro de 2025","format":false,"excerpt":"Munic\u00edpio recebeu notifica\u00e7\u00f5es ao longo do primeiro semestre de 2025 por entrega tardia de documentos, descumprimento de metas fiscais, gastos excessivos com despesas correntes e aplica\u00e7\u00e3o insuficiente de recursos no ensino. O Tribunal de Contas do Estado de S\u00e3o Paulo (TCESP) emitiu uma sequ\u00eancia de notifica\u00e7\u00f5es de alerta \u00e0 Prefeitura\u2026","rel":"","context":"Em &quot;Fiscaliza\u00e7\u00e3o&quot;","block_context":{"text":"Fiscaliza\u00e7\u00e3o","link":"https:\/\/diariodegarca.com\/?cat=1192752"},"img":{"alt_text":"","src":"https:\/\/i0.wp.com\/diariodegarca.com\/wp-content\/uploads\/2025\/09\/a4z4e5m3.jpg?fit=800%2C500&ssl=1&resize=350%2C200","width":350,"height":200,"srcset":"https:\/\/i0.wp.com\/diariodegarca.com\/wp-content\/uploads\/2025\/09\/a4z4e5m3.jpg?fit=800%2C500&ssl=1&resize=350%2C200 1x, https:\/\/i0.wp.com\/diariodegarca.com\/wp-content\/uploads\/2025\/09\/a4z4e5m3.jpg?fit=800%2C500&ssl=1&resize=525%2C300 1.5x, https:\/\/i0.wp.com\/diariodegarca.com\/wp-content\/uploads\/2025\/09\/a4z4e5m3.jpg?fit=800%2C500&ssl=1&resize=700%2C400 2x"},"classes":[]},{"id":2924,"url":"https:\/\/diariodegarca.com\/?p=2924","url_meta":{"origin":2919,"position":4},"title":"Quanto ganham os representantes do povo em Fern\u00e3o?","author":"Di\u00e1rio de Gar\u00e7a","date":"30 de janeiro de 2025","format":false,"excerpt":"As remunera\u00e7\u00f5es dos agentes pol\u00edticos variam amplamente entre os munic\u00edpios brasileiros, refletindo fatores como arrecada\u00e7\u00e3o, popula\u00e7\u00e3o e desafios locais. Para entender melhor como esses valores s\u00e3o definidos e aplicados, esta s\u00e9rie de reportagens se baseia em dados dos portais da transpar\u00eancia e legisla\u00e7\u00f5es municipais. O munic\u00edpio em destaque nesta terceira\u2026","rel":"","context":"Em &quot;Brasil&quot;","block_context":{"text":"Brasil","link":"https:\/\/diariodegarca.com\/?cat=38185"},"img":{"alt_text":"","src":"https:\/\/i0.wp.com\/blogger.googleusercontent.com\/img\/b\/R29vZ2xl\/AVvXsEjymnX_EMiAfZkTHmzqdbBEtMn6p_ECkMNCto-dc1y5HtQGigST9ms88QoZdqUMRxc2VvIkwfVLbUhRBHdBI6GWpu32_ob8WeQihYajjQSsg5xMbm78yaxQa8_RC-50yVrwQHtdWlVrBOGDPfHZXIzIg2uJYAV16j5dBlPjAwIYTxIIDpWYv-mNt68Ubxo\/w400-h266\/3acf91d6b3bb04a01d64345d938a3618.jpeg?resize=350%2C200&ssl=1","width":350,"height":200},"classes":[]},{"id":10057,"url":"https:\/\/diariodegarca.com\/?p=10057","url_meta":{"origin":2919,"position":5},"title":"Vera Cruz abre para cadastro e recadastro para Aux\u00edlio Transporte","author":"Di\u00e1rio de Gar\u00e7a","date":"13 de janeiro de 2026","format":false,"excerpt":"Universit\u00e1rios e alunos de cursos t\u00e9cnicos que se deslocam para Mar\u00edlia e Gar\u00e7a devem apresentar documenta\u00e7\u00e3o at\u00e9 30 de janeiroA Prefeitura de Vera Cruz, por meio da Diretoria Municipal de Educa\u00e7\u00e3o, abriu o per\u00edodo de cadastro e recadastro do Aux\u00edlio Bolsa Transporte, destinado a estudantes do ensino superior, t\u00e9cnico e\u2026","rel":"","context":"Em &quot;Educa\u00e7\u00e3o&quot;","block_context":{"text":"Educa\u00e7\u00e3o","link":"https:\/\/diariodegarca.com\/?cat=17964"},"img":{"alt_text":"","src":"https:\/\/i0.wp.com\/diariodegarca.com\/wp-content\/uploads\/2026\/01\/540700acc3fbeeb0e09531b80966ed44.jpg?fit=800%2C418&ssl=1&resize=350%2C200","width":350,"height":200,"srcset":"https:\/\/i0.wp.com\/diariodegarca.com\/wp-content\/uploads\/2026\/01\/540700acc3fbeeb0e09531b80966ed44.jpg?fit=800%2C418&ssl=1&resize=350%2C200 1x, https:\/\/i0.wp.com\/diariodegarca.com\/wp-content\/uploads\/2026\/01\/540700acc3fbeeb0e09531b80966ed44.jpg?fit=800%2C418&ssl=1&resize=525%2C300 1.5x, https:\/\/i0.wp.com\/diariodegarca.com\/wp-content\/uploads\/2026\/01\/540700acc3fbeeb0e09531b80966ed44.jpg?fit=800%2C418&ssl=1&resize=700%2C400 2x"},"classes":[]}],"_links":{"self":[{"href":"https:\/\/diariodegarca.com\/index.php?rest_route=\/wp\/v2\/posts\/2919","targetHints":{"allow":["GET"]}}],"collection":[{"href":"https:\/\/diariodegarca.com\/index.php?rest_route=\/wp\/v2\/posts"}],"about":[{"href":"https:\/\/diariodegarca.com\/index.php?rest_route=\/wp\/v2\/types\/post"}],"author":[{"embeddable":true,"href":"https:\/\/diariodegarca.com\/index.php?rest_route=\/wp\/v2\/users\/260896546"}],"replies":[{"embeddable":true,"href":"https:\/\/diariodegarca.com\/index.php?rest_route=%2Fwp%2Fv2%2Fcomments&post=2919"}],"version-history":[{"count":0,"href":"https:\/\/diariodegarca.com\/index.php?rest_route=\/wp\/v2\/posts\/2919\/revisions"}],"wp:attachment":[{"href":"https:\/\/diariodegarca.com\/index.php?rest_route=%2Fwp%2Fv2%2Fmedia&parent=2919"}],"wp:term":[{"taxonomy":"category","embeddable":true,"href":"https:\/\/diariodegarca.com\/index.php?rest_route=%2Fwp%2Fv2%2Fcategories&post=2919"},{"taxonomy":"post_tag","embeddable":true,"href":"https:\/\/diariodegarca.com\/index.php?rest_route=%2Fwp%2Fv2%2Ftags&post=2919"}],"curies":[{"name":"wp","href":"https:\/\/api.w.org\/{rel}","templated":true}]}}