{"id":2926,"date":"2025-01-30T17:22:00","date_gmt":"2025-01-30T17:22:00","guid":{"rendered":"https:\/\/diariodegarca.com\/2025\/01\/30\/estacao-ecologica-dos-caetetus-celebra-38-anos-com-atividade-gratuita-de-observacao-de-aves\/"},"modified":"2025-01-30T17:22:00","modified_gmt":"2025-01-30T17:22:00","slug":"estacao-ecologica-dos-caetetus-celebra-38-anos-com-atividade-gratuita-de-observacao-de-aves","status":"publish","type":"post","link":"https:\/\/diariodegarca.com\/?p=2926","title":{"rendered":"Esta\u00e7\u00e3o Ecol\u00f3gica dos Caetetus celebra 38 anos com atividade gratuita de observa\u00e7\u00e3o de aves"},"content":{"rendered":"<div>\n<div class=\"separator\" style=\"clear: both;text-align: center\">\n  <a href=\"https:\/\/blogger.googleusercontent.com\/img\/a\/AVvXsEinzHlK_fXBMqgahzPbCcNFbrjRKqCXKoLcf68Y9lOVQ3oBaSuTcvu5GEuJfS9x_T6DQWD8_YcVFfyzYUdGCovjXlO42gfgJneXFrPIq5TRMu69n2OD3LYASjzsJTWPRIvPIbOZDQDHZy3aZj846bruoy-J9ee6qFElKFf70LYNso0S2ZQPqemLCbD0vT4\" style=\"margin-left: 1em;margin-right: 1em\"><br \/>\n    <img decoding=\"async\" border=\"0\" src=\"https:\/\/blogger.googleusercontent.com\/img\/a\/AVvXsEinzHlK_fXBMqgahzPbCcNFbrjRKqCXKoLcf68Y9lOVQ3oBaSuTcvu5GEuJfS9x_T6DQWD8_YcVFfyzYUdGCovjXlO42gfgJneXFrPIq5TRMu69n2OD3LYASjzsJTWPRIvPIbOZDQDHZy3aZj846bruoy-J9ee6qFElKFf70LYNso0S2ZQPqemLCbD0vT4\" width=\"400\"><br \/>\n  <\/a>\n<\/div>\n<p><\/div>\n<p>A Esta\u00e7\u00e3o Ecol\u00f3gica dos Caetetus, em S\u00e3o Paulo, completa<b> 38 anos em 6 de fevereiro de 2025<\/b> e, para comemorar a data, realizar\u00e1 um evento especial de <b>observa\u00e7\u00e3o de aves<\/b>.\u00a0<\/p>\n<p>A atividade, <b>marcada para o dia 8 de fevereiro, \u00e0s 6h da manh\u00e3<\/b>, busca aproximar os participantes da biodiversidade local e refor\u00e7ar a import\u00e2ncia da conserva\u00e7\u00e3o ambiental.<\/p>\n<p>A observa\u00e7\u00e3o de aves \u00e9 uma pr\u00e1tica sustent\u00e1vel que permite conhecer diferentes esp\u00e9cies sem interferir no ambiente natural.\u00a0<\/p>\n<p>Os participantes ter\u00e3o a oportunidade de explorar a riqueza avifaun\u00edstica da regi\u00e3o, utilizando bin\u00f3culos, c\u00e2meras e aplicativos especializados, como o Merlin, para identificar as aves.<\/p>\n<h3><strong>Informa\u00e7\u00f5es do evento:<\/strong><\/h3>\n<p>\ud83d\udccd <strong>Local:<\/strong> Esta\u00e7\u00e3o Ecol\u00f3gica dos Caetetus (Rodovia SP 331, km 186 + 1 km de estrada de ch\u00e3o)<br \/>\n\ud83d\udcc5 <strong>Data:<\/strong> 8 de fevereiro de 2025<br \/>\n\u23f0 <strong>Hor\u00e1rio:<\/strong> 6h \u00e0s 11h<\/p>\n<h3><strong>Programa\u00e7\u00e3o:<\/strong><\/h3>\n<p>\u2615 <strong>6h:<\/strong> Recep\u00e7\u00e3o e caf\u00e9 da manh\u00e3<br \/>\n\ud83e\udd9c <strong>7h:<\/strong> Sa\u00edda para observa\u00e7\u00e3o de aves<br \/>\n\ud83d\udd1a <strong>11h:<\/strong> Encerramento<\/p>\n<h3><strong>O que levar?<\/strong><\/h3>\n<ul>\n<li>Roupas confort\u00e1veis e adequadas para trilha<\/li>\n<li>Protetor solar e repelente<\/li>\n<li>Garrafa de \u00e1gua<\/li>\n<li>Bin\u00f3culos, c\u00e2mera fotogr\u00e1fica e bloco de notas (opcional)<\/li>\n<\/ul>\n<p>O evento \u00e9 gratuito e conta com apenas <strong>20 vagas<\/strong>. As inscri\u00e7\u00f5es devem ser feitas at\u00e9 o dia 6 de fevereiro.<\/p>\n<p>\ud83d\udccc <strong>Garanta sua vaga pelo link:<\/strong> <a href=\"https:\/\/forms.gle\/Kh74SzmzmjH6rrsq5\">https:\/\/forms.gle\/Kh74SzmzmjH6rrsq5<\/a><\/p>\n<p>\ud83d\udce7 <strong>D\u00favidas?<\/strong> Contato: <a href=\"mailto:ec.caetetus@fflorestal.sp.gov.br\">ec.caetetus@fflorestal.sp.gov.br<\/a><\/p>\n","protected":false},"excerpt":{"rendered":"<p>A Esta\u00e7\u00e3o Ecol\u00f3gica dos Caetetus, em S\u00e3o Paulo, completa 38 anos em 6 de fevereiro de 2025 e, para comemorar a data, realizar\u00e1 um evento especial de observa\u00e7\u00e3o de aves.\u00a0 A atividade, marcada para o dia 8 de fevereiro, \u00e0s 6h da manh\u00e3, busca aproximar os participantes da biodiversidade local e refor\u00e7ar a import\u00e2ncia da [&hellip;]<\/p>\n","protected":false},"author":260896546,"featured_media":0,"comment_status":"open","ping_status":"open","sticky":false,"template":"","format":"standard","meta":{"_crdt_document":"","_monsterinsights_skip_tracking":false,"_monsterinsights_sitenote_active":false,"_monsterinsights_sitenote_note":"","_monsterinsights_sitenote_category":0,"advanced_seo_description":"","jetpack_seo_html_title":"","jetpack_seo_noindex":false,"_jetpack_newsletter_access":"","_jetpack_dont_email_post_to_subs":false,"_jetpack_newsletter_tier_id":0,"_jetpack_memberships_contains_paywalled_content":false,"_jetpack_memberships_contains_paid_content":false,"footnotes":"","jetpack_publicize_message":"","jetpack_publicize_feature_enabled":true,"jetpack_social_post_already_shared":false,"jetpack_social_options":{"image_generator_settings":{"template":"fullscreen","default_image_id":0,"font":"","enabled":false},"version":2},"_wpas_customize_per_network":false,"jetpack_post_was_ever_published":false},"categories":[38185],"tags":[781171796],"class_list":["post-2926","post","type-post","status-publish","format-standard","hentry","category-brasil","tag-meio-ambiente"],"jetpack_publicize_connections":[],"jetpack_featured_media_url":"","jetpack_likes_enabled":true,"jetpack_sharing_enabled":true,"jetpack_shortlink":"https:\/\/wp.me\/pgitne-Lc","jetpack-related-posts":[{"id":4827,"url":"https:\/\/diariodegarca.com\/?p=4827","url_meta":{"origin":2926,"position":0},"title":"Bombeiros resgatam tucano ferido dentro de resid\u00eancia em Mar\u00edlia","author":"Di\u00e1rio de Gar\u00e7a","date":"18 de julho de 2025","format":false,"excerpt":"Equipe do 10\u00ba Grupamento agiu com cuidado para levar a ave silvestre ao Bosque Municipal, onde recebe atendimento da Pol\u00edcia Ambiental. Na tarde de quinta-feira, dia 17 de julho, um tucano adulto surpreendeu os moradores de uma resid\u00eancia em Mar\u00edlia ao adentrar a propriedade. A ave, que apresentava um ferimento\u2026","rel":"","context":"Em &quot;Causa animal&quot;","block_context":{"text":"Causa animal","link":"https:\/\/diariodegarca.com\/?cat=26891317"},"img":{"alt_text":"","src":"https:\/\/i0.wp.com\/diariodegarca.com\/wp-content\/uploads\/2025\/07\/na-tarde-de-ontem-17-um-tucano-adulto-apareceu-de-surpresa-dentro-de-uma-residencia-estava-c-1.jpg?fit=900%2C1200&ssl=1&resize=350%2C200","width":350,"height":200,"srcset":"https:\/\/i0.wp.com\/diariodegarca.com\/wp-content\/uploads\/2025\/07\/na-tarde-de-ontem-17-um-tucano-adulto-apareceu-de-surpresa-dentro-de-uma-residencia-estava-c-1.jpg?fit=900%2C1200&ssl=1&resize=350%2C200 1x, https:\/\/i0.wp.com\/diariodegarca.com\/wp-content\/uploads\/2025\/07\/na-tarde-de-ontem-17-um-tucano-adulto-apareceu-de-surpresa-dentro-de-uma-residencia-estava-c-1.jpg?fit=900%2C1200&ssl=1&resize=525%2C300 1.5x, https:\/\/i0.wp.com\/diariodegarca.com\/wp-content\/uploads\/2025\/07\/na-tarde-de-ontem-17-um-tucano-adulto-apareceu-de-surpresa-dentro-de-uma-residencia-estava-c-1.jpg?fit=900%2C1200&ssl=1&resize=700%2C400 2x"},"classes":[]},{"id":3686,"url":"https:\/\/diariodegarca.com\/?p=3686","url_meta":{"origin":2926,"position":1},"title":"Senar disponibiliza cartilha sobre biosseguridade na cria\u00e7\u00e3o de galinhas caipiras","author":"Di\u00e1rio de Gar\u00e7a","date":"4 de junho de 2025","format":false,"excerpt":"Material traz orienta\u00e7\u00f5es sobre manejo, vacina\u00e7\u00e3o, alimenta\u00e7\u00e3o e boas pr\u00e1ticas para avicultura sustent\u00e1vel O Servi\u00e7o Nacional de Aprendizagem Rural (Senar) disponibilizou uma\u00a0cartilha digital gratuita\u00a0sobre a cria\u00e7\u00e3o de frangos e poedeiras caipiras, com foco em\u00a0biosseguridade, manejo sanit\u00e1rio e boas pr\u00e1ticas de produ\u00e7\u00e3o. O conte\u00fado pode ser acessado no\u00a0Senar Play, plataforma que\u2026","rel":"","context":"Em &quot;Agricultura&quot;","block_context":{"text":"Agricultura","link":"https:\/\/diariodegarca.com\/?cat=34615"},"img":{"alt_text":"","src":"","width":0,"height":0},"classes":[]},{"id":2462,"url":"https:\/\/diariodegarca.com\/?p=2462","url_meta":{"origin":2926,"position":2},"title":"Primeira vacina brasileira contra gripe avi\u00e1ria inicia testes cl\u00ednicos em humanos","author":"Di\u00e1rio de Gar\u00e7a","date":"5 de abril de 2025","format":false,"excerpt":"A primeira vacina desenvolvida no Brasil para prevenir a\u00a0gripe avi\u00e1ria em humanos\u00a0recebeu autoriza\u00e7\u00e3o da\u00a0Anvisa\u00a0e entra agora na fase de testes cl\u00ednicos.O estudo \u00e9 conduzido pela\u00a0Fiocruz Pernambuco\u00a0em parceria com o\u00a0Pl\u00e1tano Centro de Pesquisas Cl\u00ednicas\u00a0e contar\u00e1 com\u00a0700 volunt\u00e1rios\u00a0dos estados de\u00a0Pernambuco, Minas Gerais e S\u00e3o Paulo. O imunizante \u00e9 produzido pelo\u00a0Instituto Butantan.Coordena\u00e7\u00e3o do\u2026","rel":"","context":"Em &quot;Brasil&quot;","block_context":{"text":"Brasil","link":"https:\/\/diariodegarca.com\/?cat=38185"},"img":{"alt_text":"","src":"","width":0,"height":0},"classes":[]},{"id":2241,"url":"https:\/\/diariodegarca.com\/?p=2241","url_meta":{"origin":2926,"position":3},"title":"S\u00e3o Paulo inicia Campanha de Atualiza\u00e7\u00e3o de Rebanhos a partir de 1\u00ba de maio","author":"Di\u00e1rio de Gar\u00e7a","date":"29 de abril de 2025","format":false,"excerpt":"A partir desta quinta-feira (1\u00ba de maio), os produtores rurais paulistas devem atualizar seus rebanhos no sistema de\u00a0Gest\u00e3o de Defesa Animal e Vegetal (GEDAVE), conforme determina\u00e7\u00e3o da\u00a0Coordenadoria de Defesa Agropecu\u00e1ria (CDA), vinculada \u00e0\u00a0Secretaria de Agricultura e Abastecimento do Estado de S\u00e3o Paulo (SAA). A medida, obrigat\u00f3ria, marca a\u00a0terceira edi\u00e7\u00e3o da\u2026","rel":"","context":"Em &quot;Brasil&quot;","block_context":{"text":"Brasil","link":"https:\/\/diariodegarca.com\/?cat=38185"},"img":{"alt_text":"","src":"https:\/\/i0.wp.com\/blogger.googleusercontent.com\/img\/b\/R29vZ2xl\/AVvXsEiHSRdCPh0oEZC20cf52Ji9FCMrPGX6II3Tah4eczITY3BwiqvA3h3Axs6uiml21mCjtmmFzLPuZP8dj6WdEMF7N5RXTTyZqaHZ3A7O0dBPqmoOPDl52M8-L74WVnTI3D_JYikH6ojj9RHPQEuG2-wPGaZRr7nRUkPfCxYoU2gzslWE45UxUoUYZ6XAJl0\/s320\/hens-factory-chicken-cages.jpg?resize=350%2C200&ssl=1","width":350,"height":200},"classes":[]},{"id":5598,"url":"https:\/\/diariodegarca.com\/?p=5598","url_meta":{"origin":2926,"position":4},"title":"Alunos de Gar\u00e7a exploram natureza em trilha ecol\u00f3gica no Bosque Municipal","author":"Di\u00e1rio de Gar\u00e7a","date":"14 de agosto de 2025","format":false,"excerpt":"Programa Municipal de Educa\u00e7\u00e3o Ambiental promove passeio educativo para crian\u00e7as do 3\u00ba ano, refor\u00e7ando a import\u00e2ncia da preserva\u00e7\u00e3o ambiental. Em meio \u00e0s reformas do Bosque Municipal de Gar\u00e7a, fechado temporariamente para visita\u00e7\u00e3o, um grupo de estudantes teve a oportunidade de vivenciar uma experi\u00eancia \u00fanica de contato com a natureza. No\u2026","rel":"","context":"Em &quot;Educa\u00e7\u00e3o&quot;","block_context":{"text":"Educa\u00e7\u00e3o","link":"https:\/\/diariodegarca.com\/?cat=17964"},"img":{"alt_text":"","src":"https:\/\/i0.wp.com\/diariodegarca.com\/wp-content\/uploads\/2025\/08\/snapinsta.to_533042478_1744643926257978_7116668316714578506_n.jpg?fit=1080%2C1080&ssl=1&resize=350%2C200","width":350,"height":200,"srcset":"https:\/\/i0.wp.com\/diariodegarca.com\/wp-content\/uploads\/2025\/08\/snapinsta.to_533042478_1744643926257978_7116668316714578506_n.jpg?fit=1080%2C1080&ssl=1&resize=350%2C200 1x, https:\/\/i0.wp.com\/diariodegarca.com\/wp-content\/uploads\/2025\/08\/snapinsta.to_533042478_1744643926257978_7116668316714578506_n.jpg?fit=1080%2C1080&ssl=1&resize=525%2C300 1.5x, https:\/\/i0.wp.com\/diariodegarca.com\/wp-content\/uploads\/2025\/08\/snapinsta.to_533042478_1744643926257978_7116668316714578506_n.jpg?fit=1080%2C1080&ssl=1&resize=700%2C400 2x, https:\/\/i0.wp.com\/diariodegarca.com\/wp-content\/uploads\/2025\/08\/snapinsta.to_533042478_1744643926257978_7116668316714578506_n.jpg?fit=1080%2C1080&ssl=1&resize=1050%2C600 3x"},"classes":[]},{"id":2718,"url":"https:\/\/diariodegarca.com\/?p=2718","url_meta":{"origin":2926,"position":5},"title":"Programa &#034;Bombeiros na Escola&#034; continua nas escolas de Gar\u00e7a","author":"Di\u00e1rio de Gar\u00e7a","date":"2 de mar\u00e7o de 2025","format":false,"excerpt":"Na manh\u00e3 do dia 24 de fevereiro de 2025, a Esta\u00e7\u00e3o de Bombeiros de Gar\u00e7a, representada por Wagner Quintino Moreira, esteve na\u00a0Secretaria Municipal de Educa\u00e7\u00e3o para uma reuni\u00e3o estrat\u00e9gica sobre a continuidade do Programa \"Bombeiros na Escola\".\u00a0A iniciativa, que j\u00e1 vem sendo desenvolvida no munic\u00edpio h\u00e1 alguns anos, tem como\u2026","rel":"","context":"Em &quot;Brasil&quot;","block_context":{"text":"Brasil","link":"https:\/\/diariodegarca.com\/?cat=38185"},"img":{"alt_text":"","src":"","width":0,"height":0},"classes":[]}],"_links":{"self":[{"href":"https:\/\/diariodegarca.com\/index.php?rest_route=\/wp\/v2\/posts\/2926","targetHints":{"allow":["GET"]}}],"collection":[{"href":"https:\/\/diariodegarca.com\/index.php?rest_route=\/wp\/v2\/posts"}],"about":[{"href":"https:\/\/diariodegarca.com\/index.php?rest_route=\/wp\/v2\/types\/post"}],"author":[{"embeddable":true,"href":"https:\/\/diariodegarca.com\/index.php?rest_route=\/wp\/v2\/users\/260896546"}],"replies":[{"embeddable":true,"href":"https:\/\/diariodegarca.com\/index.php?rest_route=%2Fwp%2Fv2%2Fcomments&post=2926"}],"version-history":[{"count":0,"href":"https:\/\/diariodegarca.com\/index.php?rest_route=\/wp\/v2\/posts\/2926\/revisions"}],"wp:attachment":[{"href":"https:\/\/diariodegarca.com\/index.php?rest_route=%2Fwp%2Fv2%2Fmedia&parent=2926"}],"wp:term":[{"taxonomy":"category","embeddable":true,"href":"https:\/\/diariodegarca.com\/index.php?rest_route=%2Fwp%2Fv2%2Fcategories&post=2926"},{"taxonomy":"post_tag","embeddable":true,"href":"https:\/\/diariodegarca.com\/index.php?rest_route=%2Fwp%2Fv2%2Ftags&post=2926"}],"curies":[{"name":"wp","href":"https:\/\/api.w.org\/{rel}","templated":true}]}}