{"id":2927,"date":"2025-01-30T17:09:00","date_gmt":"2025-01-30T17:09:00","guid":{"rendered":"https:\/\/diariodegarca.com\/2025\/01\/30\/procon-sp-realiza-enquete-para-aprimorar-servicos-ao-consumidor\/"},"modified":"2025-01-30T17:09:00","modified_gmt":"2025-01-30T17:09:00","slug":"procon-sp-realiza-enquete-para-aprimorar-servicos-ao-consumidor","status":"publish","type":"post","link":"https:\/\/diariodegarca.com\/?p=2927","title":{"rendered":"Procon-SP realiza enquete para aprimorar servi\u00e7os ao consumidor"},"content":{"rendered":"<p><b><\/p>\n<div class=\"separator\" style=\"clear: both;text-align: center\">\n  <a href=\"https:\/\/blogger.googleusercontent.com\/img\/a\/AVvXsEj_mi1ZcbfqKHRWiNNkFSJBXOJ8-nAwfptow2wQGHo3pXQwXqtHxlDmXFc9wEL3BJkxdPA-pSSTRPSbEy27pPZdOJsoy9zPdas6rUzgKOoVk8NR29GmGnuctyQyuzqEMnD3UJuWNtOAHLK7Za3elzxJXXXXjXqTDQeENNPoUiVSciKBsT8xvwJDoyB5sUo\" style=\"margin-left: 1em;margin-right: 1em\"><br \/>\n    <img decoding=\"async\" border=\"0\" src=\"https:\/\/blogger.googleusercontent.com\/img\/a\/AVvXsEj_mi1ZcbfqKHRWiNNkFSJBXOJ8-nAwfptow2wQGHo3pXQwXqtHxlDmXFc9wEL3BJkxdPA-pSSTRPSbEy27pPZdOJsoy9zPdas6rUzgKOoVk8NR29GmGnuctyQyuzqEMnD3UJuWNtOAHLK7Za3elzxJXXXXjXqTDQeENNPoUiVSciKBsT8xvwJDoyB5sUo\" width=\"400\"><br \/>\n  <\/a>\n<\/div>\n<p><\/b><\/p>\n<p>O Procon-SP est\u00e1 conduzindo uma enquete para avaliar a opini\u00e3o dos consumidores sobre os servi\u00e7os prestados pelo \u00f3rg\u00e3o.\u00a0<\/p>\n<p>A pesquisa ficar\u00e1 dispon\u00edvel at\u00e9 o dia <b>14 de fevereiro <\/b>e tem como objetivo aprimorar continuamente o atendimento e a defesa dos direitos dos consumidores no estado de S\u00e3o Paulo.<\/p>\n<p>A participa\u00e7\u00e3o \u00e9 gratuita e aberta a todos os moradores do estado. O Procon-SP destaca a import\u00e2ncia do envolvimento da popula\u00e7\u00e3o para fortalecer a qualidade e a acessibilidade dos servi\u00e7os oferecidos.<\/p>\n<p>Os interessados podem acessar a enquete por meio do site oficial: <a href=\"https:\/\/www.procon.sp.gov.br\/\">https:\/\/www.procon.sp.gov.br\/<\/a><\/p>\n","protected":false},"excerpt":{"rendered":"<p>O Procon-SP est\u00e1 conduzindo uma enquete para avaliar a opini\u00e3o dos consumidores sobre os servi\u00e7os prestados pelo \u00f3rg\u00e3o.\u00a0 A pesquisa ficar\u00e1 dispon\u00edvel at\u00e9 o dia 14 de fevereiro e tem como objetivo aprimorar continuamente o atendimento e a defesa dos direitos dos consumidores no estado de S\u00e3o Paulo. A participa\u00e7\u00e3o \u00e9 gratuita e aberta a [&hellip;]<\/p>\n","protected":false},"author":260896546,"featured_media":0,"comment_status":"open","ping_status":"open","sticky":false,"template":"","format":"standard","meta":{"_crdt_document":"","_monsterinsights_skip_tracking":false,"_monsterinsights_sitenote_active":false,"_monsterinsights_sitenote_note":"","_monsterinsights_sitenote_category":0,"advanced_seo_description":"","jetpack_seo_html_title":"","jetpack_seo_noindex":false,"_jetpack_newsletter_access":"","_jetpack_dont_email_post_to_subs":false,"_jetpack_newsletter_tier_id":0,"_jetpack_memberships_contains_paywalled_content":false,"_jetpack_memberships_contains_paid_content":false,"footnotes":"","jetpack_publicize_message":"","jetpack_publicize_feature_enabled":true,"jetpack_social_post_already_shared":false,"jetpack_social_options":{"image_generator_settings":{"template":"fullscreen","default_image_id":0,"font":"","enabled":false},"version":2},"_wpas_customize_per_network":false,"jetpack_post_was_ever_published":false},"categories":[38185],"tags":[781171795,948934],"class_list":["post-2927","post","type-post","status-publish","format-standard","hentry","category-brasil","tag-pesquisa","tag-procon"],"jetpack_publicize_connections":[],"jetpack_featured_media_url":"","jetpack_likes_enabled":true,"jetpack_sharing_enabled":true,"jetpack_shortlink":"https:\/\/wp.me\/pgitne-Ld","jetpack-related-posts":[{"id":10106,"url":"https:\/\/diariodegarca.com\/?p=10106","url_meta":{"origin":2927,"position":0},"title":"Procon-SP lan\u00e7a quiz para medir conhecimento do consumidor sobre direitos","author":"Di\u00e1rio de Gar\u00e7a","date":"17 de janeiro de 2026","format":false,"excerpt":"O Procon-SP realiza uma pesquisa online para avaliar o conhecimento dos consumidores sobre o C\u00f3digo de Defesa do Consumidor, visando direcionar campanhas educativas e ampliar a conscientiza\u00e7\u00e3o sobre direitos de consumo.","rel":"","context":"Em &quot;Fiscaliza\u00e7\u00e3o&quot;","block_context":{"text":"Fiscaliza\u00e7\u00e3o","link":"https:\/\/diariodegarca.com\/?cat=1192752"},"img":{"alt_text":"","src":"https:\/\/i0.wp.com\/diariodegarca.com\/wp-content\/uploads\/2026\/01\/compras.jpg?fit=1200%2C960&ssl=1&resize=350%2C200","width":350,"height":200,"srcset":"https:\/\/i0.wp.com\/diariodegarca.com\/wp-content\/uploads\/2026\/01\/compras.jpg?fit=1200%2C960&ssl=1&resize=350%2C200 1x, https:\/\/i0.wp.com\/diariodegarca.com\/wp-content\/uploads\/2026\/01\/compras.jpg?fit=1200%2C960&ssl=1&resize=525%2C300 1.5x, https:\/\/i0.wp.com\/diariodegarca.com\/wp-content\/uploads\/2026\/01\/compras.jpg?fit=1200%2C960&ssl=1&resize=700%2C400 2x, https:\/\/i0.wp.com\/diariodegarca.com\/wp-content\/uploads\/2026\/01\/compras.jpg?fit=1200%2C960&ssl=1&resize=1050%2C600 3x"},"classes":[]},{"id":8522,"url":"https:\/\/diariodegarca.com\/?p=8522","url_meta":{"origin":2927,"position":1},"title":"Procon-SP investiga percep\u00e7\u00e3o do consumidor sobre pre\u00e7os e promo\u00e7\u00f5es da Black Friday","author":"Andreza Sega","date":"6 de novembro de 2025","format":false,"excerpt":"Pesquisa busca mapear h\u00e1bitos, confian\u00e7a nas ofertas e aspectos emocionais que influenciam as compras durante o evento. Dados v\u00e3o subsidiar novas a\u00e7\u00f5es educativas e estudos do \u00f3rg\u00e3o. A Funda\u00e7\u00e3o Procon-SP lan\u00e7ou um question\u00e1rio online para compreender o comportamento dos consumidores paulistas durante a Black Friday. Intitulada \u201cDe Olho na Black\u2026","rel":"","context":"Em &quot;Pesquisa&quot;","block_context":{"text":"Pesquisa","link":"https:\/\/diariodegarca.com\/?cat=15011"},"img":{"alt_text":"","src":"https:\/\/i0.wp.com\/diariodegarca.com\/wp-content\/uploads\/2025\/11\/pares-que-olham-o-preco-de-roupas.jpg?fit=1200%2C800&ssl=1&resize=350%2C200","width":350,"height":200,"srcset":"https:\/\/i0.wp.com\/diariodegarca.com\/wp-content\/uploads\/2025\/11\/pares-que-olham-o-preco-de-roupas.jpg?fit=1200%2C800&ssl=1&resize=350%2C200 1x, https:\/\/i0.wp.com\/diariodegarca.com\/wp-content\/uploads\/2025\/11\/pares-que-olham-o-preco-de-roupas.jpg?fit=1200%2C800&ssl=1&resize=525%2C300 1.5x, https:\/\/i0.wp.com\/diariodegarca.com\/wp-content\/uploads\/2025\/11\/pares-que-olham-o-preco-de-roupas.jpg?fit=1200%2C800&ssl=1&resize=700%2C400 2x, https:\/\/i0.wp.com\/diariodegarca.com\/wp-content\/uploads\/2025\/11\/pares-que-olham-o-preco-de-roupas.jpg?fit=1200%2C800&ssl=1&resize=1050%2C600 3x"},"classes":[]},{"id":3935,"url":"https:\/\/diariodegarca.com\/?p=3935","url_meta":{"origin":2927,"position":2},"title":"Procon-SP faz pesquisa para mapear h\u00e1bitos de consumo no inverno","author":"Di\u00e1rio de Gar\u00e7a","date":"13 de junho de 2025","format":false,"excerpt":"\u00d3rg\u00e3o busca entender como os paulistas gastam durante a esta\u00e7\u00e3o fria para aprimorar pol\u00edticas de defesa do consumidor Com a chegada do inverno, muitos consumidores mudam seus h\u00e1bitos de consumo, seja na compra de roupas mais quentes, alimentos t\u00edpicos ou at\u00e9 mesmo na contrata\u00e7\u00e3o de servi\u00e7os como viagens e eventos\u2026","rel":"","context":"Em &quot;Ci\u00eancia&quot;","block_context":{"text":"Ci\u00eancia","link":"https:\/\/diariodegarca.com\/?cat=3213"},"img":{"alt_text":"","src":"https:\/\/i0.wp.com\/diariodegarca.com\/wp-content\/uploads\/2025\/06\/amigos-se-divertindo-juntos.jpg?fit=1200%2C800&ssl=1&resize=350%2C200","width":350,"height":200,"srcset":"https:\/\/i0.wp.com\/diariodegarca.com\/wp-content\/uploads\/2025\/06\/amigos-se-divertindo-juntos.jpg?fit=1200%2C800&ssl=1&resize=350%2C200 1x, https:\/\/i0.wp.com\/diariodegarca.com\/wp-content\/uploads\/2025\/06\/amigos-se-divertindo-juntos.jpg?fit=1200%2C800&ssl=1&resize=525%2C300 1.5x, https:\/\/i0.wp.com\/diariodegarca.com\/wp-content\/uploads\/2025\/06\/amigos-se-divertindo-juntos.jpg?fit=1200%2C800&ssl=1&resize=700%2C400 2x, https:\/\/i0.wp.com\/diariodegarca.com\/wp-content\/uploads\/2025\/06\/amigos-se-divertindo-juntos.jpg?fit=1200%2C800&ssl=1&resize=1050%2C600 3x"},"classes":[]},{"id":2494,"url":"https:\/\/diariodegarca.com\/?p=2494","url_meta":{"origin":2927,"position":3},"title":"Procon-SP faz pesquisa sobre compras para o Dia das M\u00e3es","author":"Di\u00e1rio de Gar\u00e7a","date":"2 de abril de 2025","format":false,"excerpt":"O Procon-SP est\u00e1 realizando uma pesquisa para entender o comportamento de compra dos consumidores na hora de escolher presentes para o Dia das M\u00e3es. A iniciativa busca mapear tend\u00eancias de consumo, formas de pagamento, principais dificuldades enfrentadas e impactos financeiros das compras sazonais.A pesquisa est\u00e1 dispon\u00edvel no site procon.sp.gov.br por\u2026","rel":"","context":"Em &quot;Brasil&quot;","block_context":{"text":"Brasil","link":"https:\/\/diariodegarca.com\/?cat=38185"},"img":{"alt_text":"","src":"","width":0,"height":0},"classes":[]},{"id":5297,"url":"https:\/\/diariodegarca.com\/?p=5297","url_meta":{"origin":2927,"position":4},"title":"Procon-SP ouve consumidores 60+ sobre desafios no mercado digital e pr\u00e1ticas abusivas","author":"Di\u00e1rio de Gar\u00e7a","date":"5 de agosto de 2025","format":false,"excerpt":"Question\u00e1rio online busca mapear problemas como descontos indevidos no INSS, empr\u00e9stimos n\u00e3o contratados e dificuldades com e-commerce; participa\u00e7\u00e3o vai at\u00e9 29 de agosto. A Funda\u00e7\u00e3o Procon-SP est\u00e1 realizando uma consulta p\u00fablica voltada exclusivamente para consumidores com 60 anos ou mais. O objetivo \u00e9 identificar os principais obst\u00e1culos enfrentados por essa\u2026","rel":"","context":"Em &quot;Finan\u00e7as&quot;","block_context":{"text":"Finan\u00e7as","link":"https:\/\/diariodegarca.com\/?cat=185853"},"img":{"alt_text":"","src":"https:\/\/i0.wp.com\/diariodegarca.com\/wp-content\/uploads\/2025\/08\/aproxime-se-da-pessoa-senior-enquanto-aprende.jpg?fit=1200%2C800&ssl=1&resize=350%2C200","width":350,"height":200,"srcset":"https:\/\/i0.wp.com\/diariodegarca.com\/wp-content\/uploads\/2025\/08\/aproxime-se-da-pessoa-senior-enquanto-aprende.jpg?fit=1200%2C800&ssl=1&resize=350%2C200 1x, https:\/\/i0.wp.com\/diariodegarca.com\/wp-content\/uploads\/2025\/08\/aproxime-se-da-pessoa-senior-enquanto-aprende.jpg?fit=1200%2C800&ssl=1&resize=525%2C300 1.5x, https:\/\/i0.wp.com\/diariodegarca.com\/wp-content\/uploads\/2025\/08\/aproxime-se-da-pessoa-senior-enquanto-aprende.jpg?fit=1200%2C800&ssl=1&resize=700%2C400 2x, https:\/\/i0.wp.com\/diariodegarca.com\/wp-content\/uploads\/2025\/08\/aproxime-se-da-pessoa-senior-enquanto-aprende.jpg?fit=1200%2C800&ssl=1&resize=1050%2C600 3x"},"classes":[]},{"id":2101,"url":"https:\/\/diariodegarca.com\/?p=2101","url_meta":{"origin":2927,"position":5},"title":"Procon-SP notifica Nintendo por cl\u00e1usulas abusivas em termos de uso","author":"Di\u00e1rio de Gar\u00e7a","date":"14 de maio de 2025","format":false,"excerpt":"O Procon-SP emitiu uma notifica\u00e7\u00e3o \u00e0 Nintendo para que a empresa esclare\u00e7a mudan\u00e7as unilaterais nos termos de uso de seus servi\u00e7os, ap\u00f3s receber relatos de consumidores e ve\u00edculos de imprensa sobre poss\u00edveis pr\u00e1ticas abusivas. A empresa ter\u00e1 48 horas para se manifestar sobre as altera\u00e7\u00f5es, que incluem cl\u00e1usulas que permitiriam\u2026","rel":"","context":"Em &quot;Brasil&quot;","block_context":{"text":"Brasil","link":"https:\/\/diariodegarca.com\/?cat=38185"},"img":{"alt_text":"","src":"https:\/\/i0.wp.com\/blogger.googleusercontent.com\/img\/b\/R29vZ2xl\/AVvXsEjJ2u2-zKQJW7JcHSZlr0fLnrg6Fuhdzc_u2mcABWK3jOr4dZZuIYsNIW0TmrV8nBMW7A1FxJw90pbY_fnUDiz3ia2fr087TEBXtRJ7fv38oO80s8gOGYD2ex4W6dbYC6lINkg7y417KehUzrKTigeVMhA4UdN0Y9h1qXKZ9QXghxkontdA_-D3gdG6aTI\/s320\/side-view-friends-playing-videogames.jpg?resize=350%2C200&ssl=1","width":350,"height":200},"classes":[]}],"_links":{"self":[{"href":"https:\/\/diariodegarca.com\/index.php?rest_route=\/wp\/v2\/posts\/2927","targetHints":{"allow":["GET"]}}],"collection":[{"href":"https:\/\/diariodegarca.com\/index.php?rest_route=\/wp\/v2\/posts"}],"about":[{"href":"https:\/\/diariodegarca.com\/index.php?rest_route=\/wp\/v2\/types\/post"}],"author":[{"embeddable":true,"href":"https:\/\/diariodegarca.com\/index.php?rest_route=\/wp\/v2\/users\/260896546"}],"replies":[{"embeddable":true,"href":"https:\/\/diariodegarca.com\/index.php?rest_route=%2Fwp%2Fv2%2Fcomments&post=2927"}],"version-history":[{"count":0,"href":"https:\/\/diariodegarca.com\/index.php?rest_route=\/wp\/v2\/posts\/2927\/revisions"}],"wp:attachment":[{"href":"https:\/\/diariodegarca.com\/index.php?rest_route=%2Fwp%2Fv2%2Fmedia&parent=2927"}],"wp:term":[{"taxonomy":"category","embeddable":true,"href":"https:\/\/diariodegarca.com\/index.php?rest_route=%2Fwp%2Fv2%2Fcategories&post=2927"},{"taxonomy":"post_tag","embeddable":true,"href":"https:\/\/diariodegarca.com\/index.php?rest_route=%2Fwp%2Fv2%2Ftags&post=2927"}],"curies":[{"name":"wp","href":"https:\/\/api.w.org\/{rel}","templated":true}]}}