{"id":2929,"date":"2025-01-30T00:13:00","date_gmt":"2025-01-30T00:13:00","guid":{"rendered":"https:\/\/diariodegarca.com\/2025\/01\/30\/dieese-abre-inscricoes-para-curso-gratuito-sobre-economia-solidaria\/"},"modified":"2025-01-30T00:13:00","modified_gmt":"2025-01-30T00:13:00","slug":"dieese-abre-inscricoes-para-curso-gratuito-sobre-economia-solidaria","status":"publish","type":"post","link":"https:\/\/diariodegarca.com\/?p=2929","title":{"rendered":"DIEESE abre inscri\u00e7\u00f5es para curso gratuito sobre Economia Solid\u00e1ria"},"content":{"rendered":"<h3><strong><\/p>\n<div>\n  <a href=\"https:\/\/blogger.googleusercontent.com\/img\/a\/AVvXsEjqpCdkircqrtIwjp1cDLVuyuFfPC3Ygb7kS91-qgzXWv__fl2wos69MKsmqTHUONZPa7gii-lEaryvy9o5WzOFJtK1hiGoCmHSdzOSWrwxpTC4FPc__Np3hxoJwEXAjbPVUvazygrEFfE1epx1_hzu-92o3DB6gC8KWEQXz2TSf6ixe6VOlZ2afpzfmmg\"><br \/>\n    <img decoding=\"async\" border=\"0\" src=\"https:\/\/blogger.googleusercontent.com\/img\/a\/AVvXsEjqpCdkircqrtIwjp1cDLVuyuFfPC3Ygb7kS91-qgzXWv__fl2wos69MKsmqTHUONZPa7gii-lEaryvy9o5WzOFJtK1hiGoCmHSdzOSWrwxpTC4FPc__Np3hxoJwEXAjbPVUvazygrEFfE1epx1_hzu-92o3DB6gC8KWEQXz2TSf6ixe6VOlZ2afpzfmmg\" width=\"400\"><br \/>\n  <\/a>\n<\/div>\n<p><\/strong><\/h3>\n<p>O <strong>Departamento Intersindical de Estat\u00edstica e Estudos Socioecon\u00f4micos (DIEESE)<\/strong> est\u00e1 com inscri\u00e7\u00f5es abertas para o curso on-line gratuito <strong>&#8220;Economia Solid\u00e1ria: Autogest\u00e3o e Coopera\u00e7\u00e3o para Gera\u00e7\u00e3o de Renda&#8221;<\/strong>. A forma\u00e7\u00e3o \u00e9 totalmente virtual, com aulas gravadas, permitindo que os participantes acessem o conte\u00fado quando e onde quiserem.<\/p>\n<h4><strong>O que voc\u00ea vai aprender?<\/strong><\/h4>\n<p>O curso aborda conceitos fundamentais da economia solid\u00e1ria, suas pr\u00e1ticas e a organiza\u00e7\u00e3o de empreendimentos sustent\u00e1veis.\u00a0<\/p>\n<p>Confira os principais t\u00f3picos:<\/p>\n<p>\u2714 <strong>Perspectiva hist\u00f3rica, fundamentos e conceitos da economia solid\u00e1ria<\/strong><br \/>\n\u2714 <strong>Organiza\u00e7\u00e3o social e sujeitos da economia solid\u00e1ria<\/strong><br \/>\n\u2714 <strong>Cria\u00e7\u00e3o e estrutura\u00e7\u00e3o de empreendimentos solid\u00e1rios<\/strong><br \/>\n\u2714 <strong>Sustentabilidade econ\u00f4mica e pr\u00e1ticas socioambientais<\/strong><\/p>\n<h4><strong>Para quem \u00e9 o curso?<\/strong><\/h4>\n<p>O curso \u00e9 voltado para trabalhadores e trabalhadoras interessados em iniciar atividades na economia solid\u00e1ria ou aprimorar seus conhecimentos sobre o tema.<\/p>\n<h4><strong>Carga hor\u00e1ria e certifica\u00e7\u00e3o<\/strong><\/h4>\n<ul>\n<li><strong>Carga hor\u00e1ria total:<\/strong> 12 horas<\/li>\n<li><strong>Dedica\u00e7\u00e3o sugerida:<\/strong> 2 horas por semana<\/li>\n<li><strong>Disponibilidade:<\/strong> 1 ano para conclus\u00e3o<\/li>\n<li><strong>Certificado:<\/strong> Sim, ao t\u00e9rmino do curso<\/li>\n<\/ul>\n<h4><strong>Como se inscrever?<\/strong><\/h4>\n<p>As inscri\u00e7\u00f5es est\u00e3o abertas na <strong>plataforma de cursos gratuitos da Escola DIEESE<\/strong>. N\u00e3o perca essa oportunidade de capacita\u00e7\u00e3o!<\/p>\n<p>\ud83d\udd17 <strong>Acesse e inscreva-se gratuitamente:<\/strong> <a href=\"https:\/\/ead.escoladieese.edu.br\/\">https:\/\/ead.escoladieese.edu.br\/<\/a><\/p>\n","protected":false},"excerpt":{"rendered":"<p>O Departamento Intersindical de Estat\u00edstica e Estudos Socioecon\u00f4micos (DIEESE) est\u00e1 com inscri\u00e7\u00f5es abertas para o curso on-line gratuito &#8220;Economia Solid\u00e1ria: Autogest\u00e3o e Coopera\u00e7\u00e3o para Gera\u00e7\u00e3o de Renda&#8221;. A forma\u00e7\u00e3o \u00e9 totalmente virtual, com aulas gravadas, permitindo que os participantes acessem o conte\u00fado quando e onde quiserem. O que voc\u00ea vai aprender? O curso aborda conceitos [&hellip;]<\/p>\n","protected":false},"author":260896546,"featured_media":0,"comment_status":"open","ping_status":"open","sticky":false,"template":"","format":"standard","meta":{"_crdt_document":"","_monsterinsights_skip_tracking":false,"_monsterinsights_sitenote_active":false,"_monsterinsights_sitenote_note":"","_monsterinsights_sitenote_category":0,"advanced_seo_description":"","jetpack_seo_html_title":"","jetpack_seo_noindex":false,"_jetpack_newsletter_access":"","_jetpack_dont_email_post_to_subs":false,"_jetpack_newsletter_tier_id":0,"_jetpack_memberships_contains_paywalled_content":false,"_jetpack_memberships_contains_paid_content":false,"footnotes":"","jetpack_publicize_message":"","jetpack_publicize_feature_enabled":true,"jetpack_social_post_already_shared":false,"jetpack_social_options":{"image_generator_settings":{"template":"fullscreen","default_image_id":0,"font":"","enabled":false},"version":2},"_wpas_customize_per_network":false,"jetpack_post_was_ever_published":false},"categories":[38185],"tags":[781171800],"class_list":["post-2929","post","type-post","status-publish","format-standard","hentry","category-brasil","tag-curso"],"jetpack_publicize_connections":[],"jetpack_featured_media_url":"","jetpack_likes_enabled":true,"jetpack_sharing_enabled":true,"jetpack_shortlink":"https:\/\/wp.me\/pgitne-Lf","jetpack-related-posts":[{"id":2892,"url":"https:\/\/diariodegarca.com\/?p=2892","url_meta":{"origin":2929,"position":0},"title":"Curso online gratuito sobre Reforma Trabalhista com certificado: inscri\u00e7\u00f5es abertas","author":"Di\u00e1rio de Gar\u00e7a","date":"5 de fevereiro de 2025","format":false,"excerpt":"O Departamento Intersindical de Estat\u00edstica e Estudos Socioecon\u00f4micos (DIEESE) est\u00e1 com inscri\u00e7\u00f5es abertas para o curso online e gratuito \"Reforma Trabalhista\".\u00a0A forma\u00e7\u00e3o, oferecida pela Escola DIEESE, tem como objetivo aprofundar o conhecimento sobre as mudan\u00e7as no sistema de rela\u00e7\u00f5es de trabalho no Brasil, abordando desde o contexto hist\u00f3rico at\u00e9 as\u2026","rel":"","context":"Em &quot;Brasil&quot;","block_context":{"text":"Brasil","link":"https:\/\/diariodegarca.com\/?cat=38185"},"img":{"alt_text":"","src":"","width":0,"height":0},"classes":[]},{"id":2527,"url":"https:\/\/diariodegarca.com\/?p=2527","url_meta":{"origin":2929,"position":1},"title":"Escult abre inscri\u00e7\u00f5es para curso gratuito de Agente Cultural","author":"Di\u00e1rio de Gar\u00e7a","date":"28 de mar\u00e7o de 2025","format":false,"excerpt":"Est\u00e3o abertas as inscri\u00e7\u00f5es para o curso Agente Cultural, oferecido pela Escola Solano Trindade de Forma\u00e7\u00e3o e Qualifica\u00e7\u00e3o Art\u00edstica, T\u00e9cnica e Cultural (Escult), vinculada ao Minist\u00e9rio da Cultura (MinC).\u00a0A forma\u00e7\u00e3o, gratuita e em formato EaD (Educa\u00e7\u00e3o a Dist\u00e2ncia), tem como objetivo qualificar estudantes e profissionais para organizar, planejar e gerenciar\u2026","rel":"","context":"Em &quot;Brasil&quot;","block_context":{"text":"Brasil","link":"https:\/\/diariodegarca.com\/?cat=38185"},"img":{"alt_text":"","src":"","width":0,"height":0},"classes":[]},{"id":3442,"url":"https:\/\/diariodegarca.com\/?p=3442","url_meta":{"origin":2929,"position":2},"title":"Agente Cultural: curso gratuitode forma\u00e7\u00e3o de profissionais para a gest\u00e3o de projetos e eventos","author":"Di\u00e1rio de Gar\u00e7a","date":"26 de maio de 2025","format":false,"excerpt":"Inscri\u00e7\u00f5es abertas at\u00e9 28 de junho; forma\u00e7\u00e3o aborda diversidade, economia criativa e planejamento estrat\u00e9gico A\u00a0Escola Solano Trindade de Forma\u00e7\u00e3o e Qualifica\u00e7\u00e3o Art\u00edstica, T\u00e9cnica e Cultural (Escult), vinculada ao Minist\u00e9rio da Cultura (MinC), est\u00e1 com inscri\u00e7\u00f5es abertas para o curso\u00a0Agente Cultural. A forma\u00e7\u00e3o,\u00a0totalmente gratuita e online, tem como objetivo capacitar estudantes\u2026","rel":"","context":"Em &quot;Cultura&quot;","block_context":{"text":"Cultura","link":"https:\/\/diariodegarca.com\/?cat=2367"},"img":{"alt_text":"","src":"","width":0,"height":0},"classes":[]},{"id":4195,"url":"https:\/\/diariodegarca.com\/?p=4195","url_meta":{"origin":2929,"position":3},"title":"Gar\u00e7a abre inscri\u00e7\u00f5es para cursos gratuitos de qualifica\u00e7\u00e3o em arte e dan\u00e7a","author":"Di\u00e1rio de Gar\u00e7a","date":"24 de junho de 2025","format":false,"excerpt":"Programa CULTSP PRO, do Estado de S\u00e3o Paulo, oferece 80 vagas para docentes, artistas e t\u00e9cnicos em parceria com a EMCA A Secretaria de Cultura, Economia e Ind\u00fastria Criativa do Estado de S\u00e3o Paulo est\u00e1 com inscri\u00e7\u00f5es abertas para cursos de qualifica\u00e7\u00e3o voltados aos profissionais e interessados na doc\u00eancia de\u2026","rel":"","context":"Em &quot;Cultura&quot;","block_context":{"text":"Cultura","link":"https:\/\/diariodegarca.com\/?cat=2367"},"img":{"alt_text":"","src":"","width":0,"height":0},"classes":[]},{"id":3427,"url":"https:\/\/diariodegarca.com\/?p=3427","url_meta":{"origin":2929,"position":4},"title":"Escola Nacional de Defesa do Consumidor oferece curso online de Educa\u00e7\u00e3o Financeira","author":"Di\u00e1rio de Gar\u00e7a","date":"26 de maio de 2025","format":false,"excerpt":"Iniciativa visa promover consumo consciente e preven\u00e7\u00e3o ao superendividamento O\u00a0Minist\u00e9rio da Justi\u00e7a e Seguran\u00e7a P\u00fablica (MJSP), por meio da\u00a0Escola Nacional de Defesa do Consumidor (ENDC), est\u00e1 com inscri\u00e7\u00f5es abertas para cursos gratuitos e online sobre\u00a0educa\u00e7\u00e3o financeira e direitos do consumidor. A a\u00e7\u00e3o integra a programa\u00e7\u00e3o da\u00a012\u00aa Semana Nacional de Educa\u00e7\u00e3o\u2026","rel":"","context":"Em &quot;Curso&quot;","block_context":{"text":"Curso","link":"https:\/\/diariodegarca.com\/?cat=36947"},"img":{"alt_text":"","src":"","width":0,"height":0},"classes":[]},{"id":2700,"url":"https:\/\/diariodegarca.com\/?p=2700","url_meta":{"origin":2929,"position":5},"title":"Curso de Organizador de Festas e Eventos ser\u00e1 oferecido pela plataforma da Prefeitura de Mar\u00edlia","author":"Di\u00e1rio de Gar\u00e7a","date":"5 de mar\u00e7o de 2025","format":false,"excerpt":"A Prefeitura de Mar\u00edlia, por meio do CEPROM (Centro Profissionalizante de Mar\u00edlia), abrir\u00e1 no dia 06 de mar\u00e7o de 2025\u00a0as inscri\u00e7\u00f5es para o curso gratuito de \u201cOrganizador de Festas e Eventos\u201d. As inscri\u00e7\u00f5es seguem dispon\u00edveis at\u00e9 o dia 20 de abril.\u00a0O curso, que tem dura\u00e7\u00e3o de 40 horas, ser\u00e1 realizado\u2026","rel":"","context":"Em &quot;Brasil&quot;","block_context":{"text":"Brasil","link":"https:\/\/diariodegarca.com\/?cat=38185"},"img":{"alt_text":"","src":"","width":0,"height":0},"classes":[]}],"_links":{"self":[{"href":"https:\/\/diariodegarca.com\/index.php?rest_route=\/wp\/v2\/posts\/2929","targetHints":{"allow":["GET"]}}],"collection":[{"href":"https:\/\/diariodegarca.com\/index.php?rest_route=\/wp\/v2\/posts"}],"about":[{"href":"https:\/\/diariodegarca.com\/index.php?rest_route=\/wp\/v2\/types\/post"}],"author":[{"embeddable":true,"href":"https:\/\/diariodegarca.com\/index.php?rest_route=\/wp\/v2\/users\/260896546"}],"replies":[{"embeddable":true,"href":"https:\/\/diariodegarca.com\/index.php?rest_route=%2Fwp%2Fv2%2Fcomments&post=2929"}],"version-history":[{"count":0,"href":"https:\/\/diariodegarca.com\/index.php?rest_route=\/wp\/v2\/posts\/2929\/revisions"}],"wp:attachment":[{"href":"https:\/\/diariodegarca.com\/index.php?rest_route=%2Fwp%2Fv2%2Fmedia&parent=2929"}],"wp:term":[{"taxonomy":"category","embeddable":true,"href":"https:\/\/diariodegarca.com\/index.php?rest_route=%2Fwp%2Fv2%2Fcategories&post=2929"},{"taxonomy":"post_tag","embeddable":true,"href":"https:\/\/diariodegarca.com\/index.php?rest_route=%2Fwp%2Fv2%2Ftags&post=2929"}],"curies":[{"name":"wp","href":"https:\/\/api.w.org\/{rel}","templated":true}]}}