{"id":2930,"date":"2025-01-29T22:53:00","date_gmt":"2025-01-29T22:53:00","guid":{"rendered":"https:\/\/diariodegarca.com\/2025\/01\/29\/policia-civil-deflagra-operacao-contra-comercio-ilegal-de-fogos-de-artificio-em-garca\/"},"modified":"2025-01-29T22:53:00","modified_gmt":"2025-01-29T22:53:00","slug":"policia-civil-deflagra-operacao-contra-comercio-ilegal-de-fogos-de-artificio-em-garca","status":"publish","type":"post","link":"https:\/\/diariodegarca.com\/?p=2930","title":{"rendered":"Pol\u00edcia civil deflagra opera\u00e7\u00e3o contra com\u00e9rcio ilegal de fogos de artif\u00edcio em Gar\u00e7a"},"content":{"rendered":"<div class=\"separator\" style=\"clear: both;text-align: center\">\n  <a href=\"https:\/\/blogger.googleusercontent.com\/img\/a\/AVvXsEi4X8TTpVfxThIHKFn06pFoz1OKniUAFBOOJtPT3nJwKnbqytPx5HNGBq5SLB1QNrqwX5DUHOy4nlIf2oGtwQRtu-WI6_FI6mmVXSKtqZr5ne6guPF7pER9dGFO7T-RY-VgDBXDEPWtDfoHQdhIrhbjtwvAHNYCHO98LVy1kUkQbEUwXPZ1Mz2C9r62he8\" style=\"margin-left: 1em;margin-right: 1em\"><br \/>\n    <img decoding=\"async\" border=\"0\" src=\"https:\/\/blogger.googleusercontent.com\/img\/a\/AVvXsEi4X8TTpVfxThIHKFn06pFoz1OKniUAFBOOJtPT3nJwKnbqytPx5HNGBq5SLB1QNrqwX5DUHOy4nlIf2oGtwQRtu-WI6_FI6mmVXSKtqZr5ne6guPF7pER9dGFO7T-RY-VgDBXDEPWtDfoHQdhIrhbjtwvAHNYCHO98LVy1kUkQbEUwXPZ1Mz2C9r62he8\" width=\"400\"><br \/>\n  <\/a>\n<\/div>\n<p><\/p>\n<div><\/div>\n<div>A Pol\u00edcia Civil, por meio do Setor de Investiga\u00e7\u00f5es Gerais (SIG) de Gar\u00e7a, realizou nesta quarta-feira, dia 29 de janeiro, uma opera\u00e7\u00e3o para coibir a venda irregular de fogos de artif\u00edcio na cidade. A a\u00e7\u00e3o ocorreu em um estabelecimento no bairro Vila Mariana, onde os policiais cumpriram um mandado de busca e apreens\u00e3o expedido pela Justi\u00e7a.<\/div>\n<div><\/div>\n<div>Durante a fiscaliza\u00e7\u00e3o, os agentes constataram que o com\u00e9rcio n\u00e3o possu\u00eda as licen\u00e7as obrigat\u00f3rias para a venda desse tipo de produto. De acordo com a legisla\u00e7\u00e3o vigente, somente fogos de baixo ru\u00eddo e efeito visual podem ser comercializados, e os estabelecimentos devem estar devidamente regulamentados.<\/div>\n<div><\/div>\n<div>Diante das irregularidades, o respons\u00e1vel pelo local foi autuado com base no artigo 253 do C\u00f3digo Penal, que trata da comercializa\u00e7\u00e3o ilegal de subst\u00e2ncias explosivas. Ele assinou um termo de compromisso para comparecimento em ju\u00edzo e foi liberado.<\/div>\n<div><\/div>\n<div>Al\u00e9m da autua\u00e7\u00e3o, a Pol\u00edcia Civil apreendeu uma grande quantidade de fogos de artif\u00edcio e materiais relacionados, que passar\u00e3o por an\u00e1lise pericial. A opera\u00e7\u00e3o tamb\u00e9m teve car\u00e1ter educativo, refor\u00e7ando \u00e0 popula\u00e7\u00e3o a import\u00e2ncia do cumprimento da legisla\u00e7\u00e3o para evitar riscos \u00e0 seguran\u00e7a p\u00fablico.<\/div>\n<div><\/div>\n<div><b>Fonte:<\/b><\/div>\n<div><a href=\"http:\/\/www.garcaemfoco.com.br\">Gar\u00e7a em Foco<\/a><\/div>\n","protected":false},"excerpt":{"rendered":"<p>A Pol\u00edcia Civil, por meio do Setor de Investiga\u00e7\u00f5es Gerais (SIG) de Gar\u00e7a, realizou nesta quarta-feira, dia 29 de janeiro, uma opera\u00e7\u00e3o para coibir a venda irregular de fogos de artif\u00edcio na cidade. A a\u00e7\u00e3o ocorreu em um estabelecimento no bairro Vila Mariana, onde os policiais cumpriram um mandado de busca e apreens\u00e3o expedido pela [&hellip;]<\/p>\n","protected":false},"author":260896546,"featured_media":0,"comment_status":"open","ping_status":"open","sticky":false,"template":"","format":"standard","meta":{"_crdt_document":"","_monsterinsights_skip_tracking":false,"_monsterinsights_sitenote_active":false,"_monsterinsights_sitenote_note":"","_monsterinsights_sitenote_category":0,"advanced_seo_description":"","jetpack_seo_html_title":"","jetpack_seo_noindex":false,"_jetpack_newsletter_access":"","_jetpack_dont_email_post_to_subs":false,"_jetpack_newsletter_tier_id":0,"_jetpack_memberships_contains_paywalled_content":false,"_jetpack_memberships_contains_paid_content":false,"footnotes":"","jetpack_publicize_message":"","jetpack_publicize_feature_enabled":true,"jetpack_social_post_already_shared":false,"jetpack_social_options":{"image_generator_settings":{"template":"fullscreen","default_image_id":0,"font":"","enabled":false},"version":2},"_wpas_customize_per_network":false,"jetpack_post_was_ever_published":false},"categories":[38185],"tags":[781171801,1036487],"class_list":["post-2930","post","type-post","status-publish","format-standard","hentry","category-brasil","tag-brasil","tag-seguranca-publica"],"jetpack_publicize_connections":[],"jetpack_featured_media_url":"","jetpack_likes_enabled":true,"jetpack_sharing_enabled":true,"jetpack_shortlink":"https:\/\/wp.me\/pgitne-Lg","jetpack-related-posts":[{"id":2827,"url":"https:\/\/diariodegarca.com\/?p=2827","url_meta":{"origin":2930,"position":0},"title":"Opera\u00e7\u00e3o da Pol\u00edcia Civil em Vera Cruz combate tr\u00e1fico de drogas e posse ilegal de armas","author":"Di\u00e1rio de Gar\u00e7a","date":"14 de fevereiro de 2025","format":false,"excerpt":"Nesta quinta-feira, dia 13 de fevereiro, a Pol\u00edcia Civil de Vera Cruz, com refor\u00e7o de agentes da cidade de Gar\u00e7a, deflagrou uma opera\u00e7\u00e3o de combate ao tr\u00e1fico de drogas e \u00e0 posse ilegal de armas de fogo. A a\u00e7\u00e3o resultou na pris\u00e3o em flagrante de um homem por tr\u00e1fico de\u2026","rel":"","context":"Em &quot;Brasil&quot;","block_context":{"text":"Brasil","link":"https:\/\/diariodegarca.com\/?cat=38185"},"img":{"alt_text":"","src":"","width":0,"height":0},"classes":[]},{"id":4491,"url":"https:\/\/diariodegarca.com\/?p=4491","url_meta":{"origin":2930,"position":1},"title":"Detento do regime semiaberto foge de trabalho e rompe tornozeleira em Gar\u00e7a","author":"Di\u00e1rio de Gar\u00e7a","date":"5 de julho de 2025","format":false,"excerpt":"Homem que cumpria pena em \u00c1lvaro de Carvalho abandonou posto de trabalho e danificou equipamento de monitoramento; pol\u00edcia procura fugitivo. Um detento do regime semiaberto, que prestava servi\u00e7os externos para a Prefeitura de Gar\u00e7a, fugiu do local de trabalho na tarde desta quinta-feira, dia 3 de julho, e rompeu sua\u2026","rel":"","context":"Em &quot;\u00c1lvaro de Carvalho&quot;","block_context":{"text":"\u00c1lvaro de Carvalho","link":"https:\/\/diariodegarca.com\/?cat=29815376"},"img":{"alt_text":"","src":"https:\/\/i0.wp.com\/diariodegarca.com\/wp-content\/uploads\/2025\/06\/503566608_18306010942246526_8008225824564545424_n-e1764161649475.webp?fit=1080%2C733&ssl=1&resize=350%2C200","width":350,"height":200,"srcset":"https:\/\/i0.wp.com\/diariodegarca.com\/wp-content\/uploads\/2025\/06\/503566608_18306010942246526_8008225824564545424_n-e1764161649475.webp?fit=1080%2C733&ssl=1&resize=350%2C200 1x, https:\/\/i0.wp.com\/diariodegarca.com\/wp-content\/uploads\/2025\/06\/503566608_18306010942246526_8008225824564545424_n-e1764161649475.webp?fit=1080%2C733&ssl=1&resize=525%2C300 1.5x, https:\/\/i0.wp.com\/diariodegarca.com\/wp-content\/uploads\/2025\/06\/503566608_18306010942246526_8008225824564545424_n-e1764161649475.webp?fit=1080%2C733&ssl=1&resize=700%2C400 2x, https:\/\/i0.wp.com\/diariodegarca.com\/wp-content\/uploads\/2025\/06\/503566608_18306010942246526_8008225824564545424_n-e1764161649475.webp?fit=1080%2C733&ssl=1&resize=1050%2C600 3x"},"classes":[]},{"id":5030,"url":"https:\/\/diariodegarca.com\/?p=5030","url_meta":{"origin":2930,"position":2},"title":"Inc\u00eandio criminoso destr\u00f3i aeronave em hangar de Vera Cruz","author":"Di\u00e1rio de Gar\u00e7a","date":"25 de julho de 2025","format":false,"excerpt":"Propriet\u00e1rio entregou imagens de seguran\u00e7a \u00e0 pol\u00edcia, que mostram homem invadindo o local e ateando fogo em avi\u00e3o. N\u00e3o houve feridos, mas preju\u00edzos s\u00e3o grandes. Um inc\u00eandio de grandes propor\u00e7\u00f5es destruiu uma aeronave modelo\u00a0SENECA 3, prefixo\u00a0PT-VOB, na madrugada desta sexta-feira, dia 25 de julho, dentro de um hangar no\u00a0Aeroporto Municipal\u2026","rel":"","context":"Em &quot;Vera Cruz&quot;","block_context":{"text":"Vera Cruz","link":"https:\/\/diariodegarca.com\/?cat=963369"},"img":{"alt_text":"","src":"https:\/\/i0.wp.com\/diariodegarca.com\/wp-content\/uploads\/2025\/07\/522796045_1384763663192013_878259224704204897_n.jpg?fit=1080%2C803&ssl=1&resize=350%2C200","width":350,"height":200,"srcset":"https:\/\/i0.wp.com\/diariodegarca.com\/wp-content\/uploads\/2025\/07\/522796045_1384763663192013_878259224704204897_n.jpg?fit=1080%2C803&ssl=1&resize=350%2C200 1x, https:\/\/i0.wp.com\/diariodegarca.com\/wp-content\/uploads\/2025\/07\/522796045_1384763663192013_878259224704204897_n.jpg?fit=1080%2C803&ssl=1&resize=525%2C300 1.5x, https:\/\/i0.wp.com\/diariodegarca.com\/wp-content\/uploads\/2025\/07\/522796045_1384763663192013_878259224704204897_n.jpg?fit=1080%2C803&ssl=1&resize=700%2C400 2x, https:\/\/i0.wp.com\/diariodegarca.com\/wp-content\/uploads\/2025\/07\/522796045_1384763663192013_878259224704204897_n.jpg?fit=1080%2C803&ssl=1&resize=1050%2C600 3x"},"classes":[]},{"id":2731,"url":"https:\/\/diariodegarca.com\/?p=2731","url_meta":{"origin":2930,"position":3},"title":"&#034;Opera\u00e7\u00e3o Cop\u00e3o Furado&#034; ir\u00e1 combater a venda de \u00e1lcool para menores de idade em Gar\u00e7a","author":"Di\u00e1rio de Gar\u00e7a","date":"28 de fevereiro de 2025","format":false,"excerpt":"Em uma iniciativa conjunta, o Conselho Tutelar de Gar\u00e7a, a Pol\u00edcia Militar, a Pol\u00edcia Civil e diversos \u00f3rg\u00e3os da Prefeitura Municipal deram in\u00edcio \u00e0 \"Opera\u00e7\u00e3o Cop\u00e3o Furado\", uma a\u00e7\u00e3o estrat\u00e9gica voltada para a prote\u00e7\u00e3o de crian\u00e7as e adolescentes contra a exposi\u00e7\u00e3o a drogas il\u00edcitas e bebidas alco\u00f3licas.\u00a0A opera\u00e7\u00e3o, que ser\u00e1\u2026","rel":"","context":"Em &quot;Brasil&quot;","block_context":{"text":"Brasil","link":"https:\/\/diariodegarca.com\/?cat=38185"},"img":{"alt_text":"","src":"","width":0,"height":0},"classes":[]},{"id":8009,"url":"https:\/\/diariodegarca.com\/?p=8009","url_meta":{"origin":2930,"position":4},"title":"Opera\u00e7\u00e3o Virtude em Mar\u00edlia prende procurado e averigua 17 den\u00fancias de crimes contra idosos","author":"Andreza Sega","date":"24 de outubro de 2025","format":false,"excerpt":"Em opera\u00e7\u00e3o integrada, pol\u00edcias Civil e Militar averiguaram den\u00fancias e refor\u00e7aram a prote\u00e7\u00e3o a pessoas idosas; nenhum caso de maus-tratos foi confirmado durante as visitas. Uma for\u00e7a-tarefa envolvendo Pol\u00edcia Militar e Pol\u00edcia Civil moveu-se por Mar\u00edlia na \u00faltima quarta-feira, 22 de outubro, para proteger um dos grupos mais vulner\u00e1veis da\u2026","rel":"","context":"Em &quot;Mar\u00edlia&quot;","block_context":{"text":"Mar\u00edlia","link":"https:\/\/diariodegarca.com\/?cat=683453294"},"img":{"alt_text":"","src":"https:\/\/i0.wp.com\/diariodegarca.com\/wp-content\/uploads\/2025\/10\/SnapInsta.to_568632784_18321635047246526_6427962331807951485_n-e1761326290698.jpg?fit=1080%2C690&ssl=1&resize=350%2C200","width":350,"height":200,"srcset":"https:\/\/i0.wp.com\/diariodegarca.com\/wp-content\/uploads\/2025\/10\/SnapInsta.to_568632784_18321635047246526_6427962331807951485_n-e1761326290698.jpg?fit=1080%2C690&ssl=1&resize=350%2C200 1x, https:\/\/i0.wp.com\/diariodegarca.com\/wp-content\/uploads\/2025\/10\/SnapInsta.to_568632784_18321635047246526_6427962331807951485_n-e1761326290698.jpg?fit=1080%2C690&ssl=1&resize=525%2C300 1.5x, https:\/\/i0.wp.com\/diariodegarca.com\/wp-content\/uploads\/2025\/10\/SnapInsta.to_568632784_18321635047246526_6427962331807951485_n-e1761326290698.jpg?fit=1080%2C690&ssl=1&resize=700%2C400 2x, https:\/\/i0.wp.com\/diariodegarca.com\/wp-content\/uploads\/2025\/10\/SnapInsta.to_568632784_18321635047246526_6427962331807951485_n-e1761326290698.jpg?fit=1080%2C690&ssl=1&resize=1050%2C600 3x"},"classes":[]},{"id":2836,"url":"https:\/\/diariodegarca.com\/?p=2836","url_meta":{"origin":2930,"position":5},"title":"Homem procurado por amea\u00e7a de morte \u00e9 preso pela PM em Oriente","author":"Di\u00e1rio de Gar\u00e7a","date":"13 de fevereiro de 2025","format":false,"excerpt":"Na quarta-feira, dia 12 de fevereiro, por volta das 19h, equipes de Radiopatrulhamento da Pol\u00edcia Militar prenderam um homem que estava com mandado de pris\u00e3o em aberto por amea\u00e7a de morte com uso de arma de fogo. A abordagem ocorreu no bairro Dona Elvira, em Oriente, e culminou na deten\u00e7\u00e3o\u2026","rel":"","context":"Em &quot;Brasil&quot;","block_context":{"text":"Brasil","link":"https:\/\/diariodegarca.com\/?cat=38185"},"img":{"alt_text":"","src":"","width":0,"height":0},"classes":[]}],"_links":{"self":[{"href":"https:\/\/diariodegarca.com\/index.php?rest_route=\/wp\/v2\/posts\/2930","targetHints":{"allow":["GET"]}}],"collection":[{"href":"https:\/\/diariodegarca.com\/index.php?rest_route=\/wp\/v2\/posts"}],"about":[{"href":"https:\/\/diariodegarca.com\/index.php?rest_route=\/wp\/v2\/types\/post"}],"author":[{"embeddable":true,"href":"https:\/\/diariodegarca.com\/index.php?rest_route=\/wp\/v2\/users\/260896546"}],"replies":[{"embeddable":true,"href":"https:\/\/diariodegarca.com\/index.php?rest_route=%2Fwp%2Fv2%2Fcomments&post=2930"}],"version-history":[{"count":0,"href":"https:\/\/diariodegarca.com\/index.php?rest_route=\/wp\/v2\/posts\/2930\/revisions"}],"wp:attachment":[{"href":"https:\/\/diariodegarca.com\/index.php?rest_route=%2Fwp%2Fv2%2Fmedia&parent=2930"}],"wp:term":[{"taxonomy":"category","embeddable":true,"href":"https:\/\/diariodegarca.com\/index.php?rest_route=%2Fwp%2Fv2%2Fcategories&post=2930"},{"taxonomy":"post_tag","embeddable":true,"href":"https:\/\/diariodegarca.com\/index.php?rest_route=%2Fwp%2Fv2%2Ftags&post=2930"}],"curies":[{"name":"wp","href":"https:\/\/api.w.org\/{rel}","templated":true}]}}