{"id":2934,"date":"2025-01-29T15:42:00","date_gmt":"2025-01-29T15:42:00","guid":{"rendered":"https:\/\/diariodegarca.com\/2025\/01\/29\/curso-gratuito-explora-musica-na-performance-ao-vivo-danca-e-teatro\/"},"modified":"2025-01-29T15:42:00","modified_gmt":"2025-01-29T15:42:00","slug":"curso-gratuito-explora-musica-na-performance-ao-vivo-danca-e-teatro","status":"publish","type":"post","link":"https:\/\/diariodegarca.com\/?p=2934","title":{"rendered":"Curso gratuito explora m\u00fasica na performance ao vivo, dan\u00e7a e teatro"},"content":{"rendered":"<div>\n<h1>\n<div class=\"separator\" style=\"clear: both;text-align: center\">\n  <a href=\"https:\/\/blogger.googleusercontent.com\/img\/a\/AVvXsEjpLwqaNPLvJpA4uhPSGlxPHXqrSsepc_eBy5t-yIiWhtzdeOwm8AtDueqmfiIOQovSUehrQpO-BBVyYnnrfa6XEe_rbJCzLaizdpXt8Ztf2n5UeLSi58iMS7ZDOuzaTBIgwnLOKUJeXVt2ddCP8sV6TBdKJ-tQDZUgMjmaE3UC6KyGblXuGL9h3RJkBKQ\" style=\"margin-left: 1em;margin-right: 1em\"><br \/>\n    <img decoding=\"async\" border=\"0\" src=\"https:\/\/blogger.googleusercontent.com\/img\/a\/AVvXsEjpLwqaNPLvJpA4uhPSGlxPHXqrSsepc_eBy5t-yIiWhtzdeOwm8AtDueqmfiIOQovSUehrQpO-BBVyYnnrfa6XEe_rbJCzLaizdpXt8Ztf2n5UeLSi58iMS7ZDOuzaTBIgwnLOKUJeXVt2ddCP8sV6TBdKJ-tQDZUgMjmaE3UC6KyGblXuGL9h3RJkBKQ\" width=\"400\"><br \/>\n  <\/a>\n<\/div>\n<\/h1>\n<p>A m\u00fasica tem o poder de transformar experi\u00eancias art\u00edsticas, potencializando emo\u00e7\u00f5es e narrativas. Se voc\u00ea se interessa por essa rela\u00e7\u00e3o, a <strong>Escola Solano Trindade de Forma\u00e7\u00e3o e Qualifica\u00e7\u00e3o Art\u00edstica, T\u00e9cnica e Cultural (Escult)<\/strong> est\u00e1 com inscri\u00e7\u00f5es abertas para o curso <strong>&#8220;Trilha Sonora para as Artes ao Vivo: Performance, Dan\u00e7a, Teatro e Artes Circenses&#8221;<\/strong>.<\/p>\n<p>Totalmente <strong>gratuito, on-line e com certifica\u00e7\u00e3o<\/strong>, o curso oferece uma imers\u00e3o no universo das trilhas sonoras, explorando sua aplica\u00e7\u00e3o em diversas linguagens c\u00eanicas.\u00a0<\/p>\n<p>A proposta \u00e9 ampliar o olhar sobre a cria\u00e7\u00e3o musical para espet\u00e1culos, desenvolvendo habilidades cr\u00edticas e est\u00e9ticas para compor trilhas ancoradas em conceitos interart\u00edsticos.<\/p>\n<h2>\ud83d\udccc O que voc\u00ea vai aprender?<\/h2>\n<p>A forma\u00e7\u00e3o \u00e9 estruturada em quatro trilhas tem\u00e1ticas:<br \/>\n\ud83c\udfbc <strong>TRILHA 1<\/strong> \u2013 Conceitos sobre som, m\u00fasica e suas propriedades, al\u00e9m de diferentes tipos e usos da trilha sonora.<br \/>\n\ud83c\udfad <strong>TRILHA 2<\/strong> \u2013 Rela\u00e7\u00e3o entre m\u00fasica e artes ao vivo, planejamento e roteiro para cria\u00e7\u00e3o de trilhas.<br \/>\n\ud83c\udfa7 <strong>TRILHA 3<\/strong> \u2013 Decomposi\u00e7\u00e3o da trilha sonora e estudo dos diferentes tipos de som.<br \/>\n\ud83c\udfac <strong>TRILHA 4<\/strong> \u2013 A produ\u00e7\u00e3o de sentidos e a constru\u00e7\u00e3o narrativa na trilha sonora.<\/p>\n<h2>\ud83d\udcc5 Cronograma<\/h2>\n<ul>\n<li><strong>In\u00edcio:<\/strong> 29\/01\/2025<\/li>\n<li><strong>T\u00e9rmino:<\/strong> 27\/04\/2025<\/li>\n<li><strong>Inscri\u00e7\u00f5es:<\/strong> At\u00e9 27\/03\/2025<\/li>\n<li><strong>Carga hor\u00e1ria:<\/strong> 50h<\/li>\n<\/ul>\n<p>O curso ainda oferece f\u00f3runs, pesquisas e question\u00e1rios para aprofundamento dos temas abordados.<\/p>\n<p>\ud83c\udf9f\ufe0f <strong>Garanta sua vaga!<\/strong> As inscri\u00e7\u00f5es podem ser feitas pelo site da Escult:<br \/>\n<a href=\"https:\/\/escult.cultura.gov.br\">https:\/\/escult.cultura.gov.br<\/a><\/p>\n<\/div>\n<div><\/div>\n<div><\/div>\n","protected":false},"excerpt":{"rendered":"<p>A m\u00fasica tem o poder de transformar experi\u00eancias art\u00edsticas, potencializando emo\u00e7\u00f5es e narrativas. Se voc\u00ea se interessa por essa rela\u00e7\u00e3o, a Escola Solano Trindade de Forma\u00e7\u00e3o e Qualifica\u00e7\u00e3o Art\u00edstica, T\u00e9cnica e Cultural (Escult) est\u00e1 com inscri\u00e7\u00f5es abertas para o curso &#8220;Trilha Sonora para as Artes ao Vivo: Performance, Dan\u00e7a, Teatro e Artes Circenses&#8221;. Totalmente gratuito, [&hellip;]<\/p>\n","protected":false},"author":260896546,"featured_media":0,"comment_status":"open","ping_status":"open","sticky":false,"template":"","format":"standard","meta":{"_crdt_document":"","_monsterinsights_skip_tracking":false,"_monsterinsights_sitenote_active":false,"_monsterinsights_sitenote_note":"","_monsterinsights_sitenote_category":0,"advanced_seo_description":"","jetpack_seo_html_title":"","jetpack_seo_noindex":false,"_jetpack_newsletter_access":"","_jetpack_dont_email_post_to_subs":false,"_jetpack_newsletter_tier_id":0,"_jetpack_memberships_contains_paywalled_content":false,"_jetpack_memberships_contains_paid_content":false,"footnotes":"","jetpack_publicize_message":"","jetpack_publicize_feature_enabled":true,"jetpack_social_post_already_shared":false,"jetpack_social_options":{"image_generator_settings":{"template":"fullscreen","default_image_id":0,"font":"","enabled":false},"version":2},"_wpas_customize_per_network":false,"jetpack_post_was_ever_published":false},"categories":[38185],"tags":[781171790,781171800,781171797],"class_list":["post-2934","post","type-post","status-publish","format-standard","hentry","category-brasil","tag-cultura","tag-curso","tag-educacao"],"jetpack_publicize_connections":[],"jetpack_featured_media_url":"","jetpack_likes_enabled":true,"jetpack_sharing_enabled":true,"jetpack_shortlink":"https:\/\/wp.me\/pgitne-Lk","jetpack-related-posts":[{"id":5405,"url":"https:\/\/diariodegarca.com\/?p=5405","url_meta":{"origin":2934,"position":0},"title":"EMCA abre novas vagas para turma  intermedi\u00e1ria \/ avan\u00e7ada de dan\u00e7a contempor\u00e2nea","author":"Di\u00e1rio de Gar\u00e7a","date":"8 de agosto de 2025","format":false,"excerpt":"Inscri\u00e7\u00f5es est\u00e3o abertas para bailarinos com experi\u00eancia; aulas acontecem \u00e0s ter\u00e7as-feiras na sede da escola A\u00a0Escola Municipal de Cultura Art\u00edstica (EMCA) Nan\u00e1 Zancop\u00e9\u00a0est\u00e1 com inscri\u00e7\u00f5es abertas para uma nova turma de\u00a0dan\u00e7a contempor\u00e2nea, n\u00edvel intermedi\u00e1rio\/avan\u00e7ado. As aulas ser\u00e3o realizadas \u00e0s\u00a0ter\u00e7as-feiras, a partir das 20h, na\u00a0sala 19\u00a0da institui\u00e7\u00e3o, localizada em Gar\u00e7a. Interessados\u2026","rel":"","context":"Em &quot;Cultura&quot;","block_context":{"text":"Cultura","link":"https:\/\/diariodegarca.com\/?cat=2367"},"img":{"alt_text":"","src":"https:\/\/i0.wp.com\/diariodegarca.com\/wp-content\/uploads\/2025\/08\/tiro-completo-de-pessoas-dancando-juntas-e1754661306900.jpg?fit=1200%2C999&ssl=1&resize=350%2C200","width":350,"height":200,"srcset":"https:\/\/i0.wp.com\/diariodegarca.com\/wp-content\/uploads\/2025\/08\/tiro-completo-de-pessoas-dancando-juntas-e1754661306900.jpg?fit=1200%2C999&ssl=1&resize=350%2C200 1x, https:\/\/i0.wp.com\/diariodegarca.com\/wp-content\/uploads\/2025\/08\/tiro-completo-de-pessoas-dancando-juntas-e1754661306900.jpg?fit=1200%2C999&ssl=1&resize=525%2C300 1.5x, https:\/\/i0.wp.com\/diariodegarca.com\/wp-content\/uploads\/2025\/08\/tiro-completo-de-pessoas-dancando-juntas-e1754661306900.jpg?fit=1200%2C999&ssl=1&resize=700%2C400 2x, https:\/\/i0.wp.com\/diariodegarca.com\/wp-content\/uploads\/2025\/08\/tiro-completo-de-pessoas-dancando-juntas-e1754661306900.jpg?fit=1200%2C999&ssl=1&resize=1050%2C600 3x"},"classes":[]},{"id":5410,"url":"https:\/\/diariodegarca.com\/?p=5410","url_meta":{"origin":2934,"position":1},"title":"&#8220;Entardecer com Arte&#8221; celebra 22 anos da EMCA com programa\u00e7\u00e3o cultural diversa","author":"Di\u00e1rio de Gar\u00e7a","date":"8 de agosto de 2025","format":false,"excerpt":"Evento gratuito de 11 a 15 de agosto no P\u00e1tio da EMCA re\u00fane teatro, m\u00fasica, dan\u00e7a e oficinas art\u00edsticas, al\u00e9m de op\u00e7\u00f5es gastron\u00f4micas. A Escola Municipal de Cultura e Arte (EMCA) comemora 22 anos com o\u00a0\"Entardecer com Arte\", um evento que promete encantar o p\u00fablico de Gar\u00e7a e regi\u00e3o. De\u2026","rel":"","context":"Em &quot;Cultura&quot;","block_context":{"text":"Cultura","link":"https:\/\/diariodegarca.com\/?cat=2367"},"img":{"alt_text":"","src":"https:\/\/i0.wp.com\/diariodegarca.com\/wp-content\/uploads\/2025\/08\/vista-frontal-da-bailarina-posando-ao-fazer-uma-divisao.jpg?fit=1200%2C798&ssl=1&resize=350%2C200","width":350,"height":200,"srcset":"https:\/\/i0.wp.com\/diariodegarca.com\/wp-content\/uploads\/2025\/08\/vista-frontal-da-bailarina-posando-ao-fazer-uma-divisao.jpg?fit=1200%2C798&ssl=1&resize=350%2C200 1x, https:\/\/i0.wp.com\/diariodegarca.com\/wp-content\/uploads\/2025\/08\/vista-frontal-da-bailarina-posando-ao-fazer-uma-divisao.jpg?fit=1200%2C798&ssl=1&resize=525%2C300 1.5x, https:\/\/i0.wp.com\/diariodegarca.com\/wp-content\/uploads\/2025\/08\/vista-frontal-da-bailarina-posando-ao-fazer-uma-divisao.jpg?fit=1200%2C798&ssl=1&resize=700%2C400 2x, https:\/\/i0.wp.com\/diariodegarca.com\/wp-content\/uploads\/2025\/08\/vista-frontal-da-bailarina-posando-ao-fazer-uma-divisao.jpg?fit=1200%2C798&ssl=1&resize=1050%2C600 3x"},"classes":[]},{"id":4964,"url":"https:\/\/diariodegarca.com\/?p=4964","url_meta":{"origin":2934,"position":2},"title":"Funarte abre inscri\u00e7\u00f5es para programa de fomento \u00e0s artes com investimento de R$ 40 milh\u00f5es","author":"Di\u00e1rio de Gar\u00e7a","date":"24 de julho de 2025","format":false,"excerpt":"Segunda edi\u00e7\u00e3o do Programa de Apoio a A\u00e7\u00f5es Continuadas oferece recursos para projetos nas \u00e1reas de artes visuais, circo, dan\u00e7a, m\u00fasica e teatro; inscri\u00e7\u00f5es v\u00e3o at\u00e9 8 de agosto. A Funda\u00e7\u00e3o Nacional de Artes (Funarte) lan\u00e7ou a segunda edi\u00e7\u00e3o do\u00a0Programa de Apoio a A\u00e7\u00f5es Continuadas, com investimento total de\u00a0R$ 40\u2026","rel":"","context":"Em &quot;Cultura&quot;","block_context":{"text":"Cultura","link":"https:\/\/diariodegarca.com\/?cat=2367"},"img":{"alt_text":"","src":"","width":0,"height":0},"classes":[]},{"id":7837,"url":"https:\/\/diariodegarca.com\/?p=7837","url_meta":{"origin":2934,"position":3},"title":"Curso gratuito e online forma figurinistas para teatro, cinema e carnaval","author":"Andreza Sega","date":"20 de outubro de 2025","format":false,"excerpt":"Forma\u00e7\u00e3o da Escult, em parceria com UFRB e MinC, ensina desde pesquisa hist\u00f3rica at\u00e9 t\u00e9cnicas de croqui e atua\u00e7\u00e3o no mercado cultural. Est\u00e1 aberto o curso\u00a0\u201cProdu\u00e7\u00e3o de Figurino: da Pesquisa ao Mercado\u201d, uma forma\u00e7\u00e3o online e gratuita voltada para quem deseja atuar na cria\u00e7\u00e3o de figurinos para teatro, dan\u00e7a, cinema,\u2026","rel":"","context":"Em &quot;Cinema&quot;","block_context":{"text":"Cinema","link":"https:\/\/diariodegarca.com\/?cat=597"},"img":{"alt_text":"","src":"https:\/\/i0.wp.com\/diariodegarca.com\/wp-content\/uploads\/2025\/10\/artistas-de-cabare-feminino-se-preparando-nos-bastidores-juntos.jpg?fit=1200%2C800&ssl=1&resize=350%2C200","width":350,"height":200,"srcset":"https:\/\/i0.wp.com\/diariodegarca.com\/wp-content\/uploads\/2025\/10\/artistas-de-cabare-feminino-se-preparando-nos-bastidores-juntos.jpg?fit=1200%2C800&ssl=1&resize=350%2C200 1x, https:\/\/i0.wp.com\/diariodegarca.com\/wp-content\/uploads\/2025\/10\/artistas-de-cabare-feminino-se-preparando-nos-bastidores-juntos.jpg?fit=1200%2C800&ssl=1&resize=525%2C300 1.5x, https:\/\/i0.wp.com\/diariodegarca.com\/wp-content\/uploads\/2025\/10\/artistas-de-cabare-feminino-se-preparando-nos-bastidores-juntos.jpg?fit=1200%2C800&ssl=1&resize=700%2C400 2x, https:\/\/i0.wp.com\/diariodegarca.com\/wp-content\/uploads\/2025\/10\/artistas-de-cabare-feminino-se-preparando-nos-bastidores-juntos.jpg?fit=1200%2C800&ssl=1&resize=1050%2C600 3x"},"classes":[]},{"id":3442,"url":"https:\/\/diariodegarca.com\/?p=3442","url_meta":{"origin":2934,"position":4},"title":"Agente Cultural: curso gratuitode forma\u00e7\u00e3o de profissionais para a gest\u00e3o de projetos e eventos","author":"Di\u00e1rio de Gar\u00e7a","date":"26 de maio de 2025","format":false,"excerpt":"Inscri\u00e7\u00f5es abertas at\u00e9 28 de junho; forma\u00e7\u00e3o aborda diversidade, economia criativa e planejamento estrat\u00e9gico A\u00a0Escola Solano Trindade de Forma\u00e7\u00e3o e Qualifica\u00e7\u00e3o Art\u00edstica, T\u00e9cnica e Cultural (Escult), vinculada ao Minist\u00e9rio da Cultura (MinC), est\u00e1 com inscri\u00e7\u00f5es abertas para o curso\u00a0Agente Cultural. A forma\u00e7\u00e3o,\u00a0totalmente gratuita e online, tem como objetivo capacitar estudantes\u2026","rel":"","context":"Em &quot;Cultura&quot;","block_context":{"text":"Cultura","link":"https:\/\/diariodegarca.com\/?cat=2367"},"img":{"alt_text":"","src":"","width":0,"height":0},"classes":[]},{"id":7893,"url":"https:\/\/diariodegarca.com\/?p=7893","url_meta":{"origin":2934,"position":5},"title":"Projeto &#8220;Andan\u00e7as&#8221; oferece s\u00e9rie de oficinas gratuitas de arte e cultura em Gar\u00e7a","author":"Andreza Sega","date":"21 de outubro de 2025","format":false,"excerpt":"Iniciativa re\u00fane workshops pr\u00e1ticos e te\u00f3ricos sobre express\u00e3o corporal, dan\u00e7a, teatro, produ\u00e7\u00e3o cultural e literatura no final de semana de 25 e 26 de outubro, na EMCA. O fim de semana de 25 e 26 de outubro ser\u00e1 marcado por uma imers\u00e3o art\u00edstica em Gar\u00e7a. O projeto \"Andan\u00e7as\" levar\u00e1 \u00e0\u2026","rel":"","context":"Em &quot;Cultura&quot;","block_context":{"text":"Cultura","link":"https:\/\/diariodegarca.com\/?cat=2367"},"img":{"alt_text":"","src":"https:\/\/i0.wp.com\/diariodegarca.com\/wp-content\/uploads\/2025\/10\/dancarinos-habeis-realizando-no-quarto-escuro-sob-luz-concerto-e-fumaca-casal-sensual-realizando-uma-danca-contemporanea-artistica-e-emocional.jpg?fit=1200%2C801&ssl=1&resize=350%2C200","width":350,"height":200,"srcset":"https:\/\/i0.wp.com\/diariodegarca.com\/wp-content\/uploads\/2025\/10\/dancarinos-habeis-realizando-no-quarto-escuro-sob-luz-concerto-e-fumaca-casal-sensual-realizando-uma-danca-contemporanea-artistica-e-emocional.jpg?fit=1200%2C801&ssl=1&resize=350%2C200 1x, https:\/\/i0.wp.com\/diariodegarca.com\/wp-content\/uploads\/2025\/10\/dancarinos-habeis-realizando-no-quarto-escuro-sob-luz-concerto-e-fumaca-casal-sensual-realizando-uma-danca-contemporanea-artistica-e-emocional.jpg?fit=1200%2C801&ssl=1&resize=525%2C300 1.5x, https:\/\/i0.wp.com\/diariodegarca.com\/wp-content\/uploads\/2025\/10\/dancarinos-habeis-realizando-no-quarto-escuro-sob-luz-concerto-e-fumaca-casal-sensual-realizando-uma-danca-contemporanea-artistica-e-emocional.jpg?fit=1200%2C801&ssl=1&resize=700%2C400 2x, https:\/\/i0.wp.com\/diariodegarca.com\/wp-content\/uploads\/2025\/10\/dancarinos-habeis-realizando-no-quarto-escuro-sob-luz-concerto-e-fumaca-casal-sensual-realizando-uma-danca-contemporanea-artistica-e-emocional.jpg?fit=1200%2C801&ssl=1&resize=1050%2C600 3x"},"classes":[]}],"_links":{"self":[{"href":"https:\/\/diariodegarca.com\/index.php?rest_route=\/wp\/v2\/posts\/2934","targetHints":{"allow":["GET"]}}],"collection":[{"href":"https:\/\/diariodegarca.com\/index.php?rest_route=\/wp\/v2\/posts"}],"about":[{"href":"https:\/\/diariodegarca.com\/index.php?rest_route=\/wp\/v2\/types\/post"}],"author":[{"embeddable":true,"href":"https:\/\/diariodegarca.com\/index.php?rest_route=\/wp\/v2\/users\/260896546"}],"replies":[{"embeddable":true,"href":"https:\/\/diariodegarca.com\/index.php?rest_route=%2Fwp%2Fv2%2Fcomments&post=2934"}],"version-history":[{"count":0,"href":"https:\/\/diariodegarca.com\/index.php?rest_route=\/wp\/v2\/posts\/2934\/revisions"}],"wp:attachment":[{"href":"https:\/\/diariodegarca.com\/index.php?rest_route=%2Fwp%2Fv2%2Fmedia&parent=2934"}],"wp:term":[{"taxonomy":"category","embeddable":true,"href":"https:\/\/diariodegarca.com\/index.php?rest_route=%2Fwp%2Fv2%2Fcategories&post=2934"},{"taxonomy":"post_tag","embeddable":true,"href":"https:\/\/diariodegarca.com\/index.php?rest_route=%2Fwp%2Fv2%2Ftags&post=2934"}],"curies":[{"name":"wp","href":"https:\/\/api.w.org\/{rel}","templated":true}]}}