{"id":2935,"date":"2025-01-29T14:08:00","date_gmt":"2025-01-29T14:08:00","guid":{"rendered":"https:\/\/diariodegarca.com\/2025\/01\/29\/forca-tatica-apreende-grande-duantidade-de-drogas-e-municoes-em-marilia\/"},"modified":"2025-01-29T14:08:00","modified_gmt":"2025-01-29T14:08:00","slug":"forca-tatica-apreende-grande-duantidade-de-drogas-e-municoes-em-marilia","status":"publish","type":"post","link":"https:\/\/diariodegarca.com\/?p=2935","title":{"rendered":"For\u00e7a T\u00e1tica apreende grande duantidade de drogas e muni\u00e7\u00f5es em Mar\u00edlia"},"content":{"rendered":"<div>\n  <a href=\"https:\/\/blogger.googleusercontent.com\/img\/a\/AVvXsEj0aynolvRrWXAHnLjbabczTB49lGYHGXvsRB-GiSq2MYiMXkjviw1miQciUtRBmXn2yruPTVEyT26zOdZAuG3H_jqcevoBpSvWr5QY3AUP8A5seNi44C_fTfYY46FjwhChOeCOP0NnxPoxYHAJYsgxwEjI3_zrzFDmzDy4jOodOcyvmu3V-MqjSyneSSo\"><\/p>\n<div class=\"separator\" style=\"clear: both;text-align: center\">\n  <a href=\"https:\/\/blogger.googleusercontent.com\/img\/a\/AVvXsEgeVcfvtCICECMtiQxb9j7uLZNYoTY4W-IcPA1HzXSanqSSVEuu3IRex9VyyQqzkz9fXfdoe8m-379Y28hr3U9Y7Pr80dDDiQwzFbG8MLOb4EtLySfWkhdrrTA_QZwFDXCqTAUols13suXqBEIn-oaEQUJH8KAlqojcshV7Nc2IKaPi-B1OiHYNOODAF4c\" style=\"margin-left: 1em;margin-right: 1em\"><br \/>\n    <img decoding=\"async\" border=\"0\" src=\"https:\/\/blogger.googleusercontent.com\/img\/a\/AVvXsEgeVcfvtCICECMtiQxb9j7uLZNYoTY4W-IcPA1HzXSanqSSVEuu3IRex9VyyQqzkz9fXfdoe8m-379Y28hr3U9Y7Pr80dDDiQwzFbG8MLOb4EtLySfWkhdrrTA_QZwFDXCqTAUols13suXqBEIn-oaEQUJH8KAlqojcshV7Nc2IKaPi-B1OiHYNOODAF4c\" width=\"400\"><br \/>\n  <\/a>\n<\/div>\n<p><\/a><\/div>\n<div><span><br \/><\/span><\/div>\n<div><span>Uma opera\u00e7\u00e3o da For\u00e7a T\u00e1tica do 9\u00ba Batalh\u00e3o de Pol\u00edcia Militar do Interior (9\u00ba BPM\/I) resultou na apreens\u00e3o de uma grande quantidade de drogas e muni\u00e7\u00f5es na noite desta segunda-feira, dia 28 de janeiro, na regi\u00e3o central da cidade.<\/span><\/div>\n<div><\/div>\n<div>Durante patrulhamento preventivo, os policiais avistaram um ve\u00edculo Fiat P\u00e1lio, cujo condutor j\u00e1 era conhecido por envolvimento com o tr\u00e1fico de drogas. A abordagem foi realizada e, apesar de nada il\u00edcito ser encontrado com ele, uma revista no carro revelou sete tijolos de maconha escondidos no porta-malas.<\/div>\n<div><\/div>\n<div>O suspeito confessou a posse da droga e indicou que mantinha mais entorpecentes em uma resid\u00eancia no bairro Banzato. Com a autoriza\u00e7\u00e3o para entrada no im\u00f3vel, a pol\u00edcia encontrou:<\/div>\n<div><\/div>\n<div>\ud83d\udd39 13,5 kg de coca\u00edna<\/div>\n<div>\ud83d\udd39 29,4 kg de maconha<\/div>\n<div>\ud83d\udd39 460 g de haxixe<\/div>\n<div>\ud83d\udd39 8 g de crack<\/div>\n<div>\ud83d\udd39 Muni\u00e7\u00f5es de calibres 9mm e .357<\/div>\n<div>\ud83d\udd39 Carregadores de pistola<\/div>\n<div>\ud83d\udd39 Materiais para preparo e embalagem da droga<\/div>\n<div><\/div>\n<div>Al\u00e9m disso, um caderno com anota\u00e7\u00f5es do tr\u00e1fico e dinheiro em esp\u00e9cie tamb\u00e9m foram apreendidos. A Pol\u00edcia Cient\u00edfica foi acionada para per\u00edcia no local.<\/div>\n<div><\/div>\n<div>O suspeito foi conduzido \u00e0 Central de Pol\u00edcia Judici\u00e1ria, onde permaneceu preso \u00e0 disposi\u00e7\u00e3o da Justi\u00e7a. A passageira do ve\u00edculo foi liberada ap\u00f3s n\u00e3o ser vinculada \u00e0 posse dos entorpecentes.<\/div>\n<div><\/div>\n<div><\/div>\n","protected":false},"excerpt":{"rendered":"<p>Uma opera\u00e7\u00e3o da For\u00e7a T\u00e1tica do 9\u00ba Batalh\u00e3o de Pol\u00edcia Militar do Interior (9\u00ba BPM\/I) resultou na apreens\u00e3o de uma grande quantidade de drogas e muni\u00e7\u00f5es na noite desta segunda-feira, dia 28 de janeiro, na regi\u00e3o central da cidade. Durante patrulhamento preventivo, os policiais avistaram um ve\u00edculo Fiat P\u00e1lio, cujo condutor j\u00e1 era conhecido por [&hellip;]<\/p>\n","protected":false},"author":260896546,"featured_media":0,"comment_status":"open","ping_status":"open","sticky":false,"template":"","format":"standard","meta":{"_crdt_document":"","_monsterinsights_skip_tracking":false,"_monsterinsights_sitenote_active":false,"_monsterinsights_sitenote_note":"","_monsterinsights_sitenote_category":0,"advanced_seo_description":"","jetpack_seo_html_title":"","jetpack_seo_noindex":false,"_jetpack_newsletter_access":"","_jetpack_dont_email_post_to_subs":false,"_jetpack_newsletter_tier_id":0,"_jetpack_memberships_contains_paywalled_content":false,"_jetpack_memberships_contains_paid_content":false,"footnotes":"","jetpack_publicize_message":"","jetpack_publicize_feature_enabled":true,"jetpack_social_post_already_shared":false,"jetpack_social_options":{"image_generator_settings":{"template":"fullscreen","default_image_id":0,"font":"","enabled":false},"version":2},"_wpas_customize_per_network":false,"jetpack_post_was_ever_published":false},"categories":[38185],"tags":[222752,1036487],"class_list":["post-2935","post","type-post","status-publish","format-standard","hentry","category-brasil","tag-marilia","tag-seguranca-publica"],"jetpack_publicize_connections":[],"jetpack_featured_media_url":"","jetpack_likes_enabled":true,"jetpack_sharing_enabled":true,"jetpack_shortlink":"https:\/\/wp.me\/pgitne-Ll","jetpack-related-posts":[{"id":4618,"url":"https:\/\/diariodegarca.com\/?p=4618","url_meta":{"origin":2935,"position":0},"title":"Opera\u00e7\u00f5es da PM prendem suspeitos e apreendem drogas e arma em Tup\u00e3 e Mar\u00edlia","author":"Di\u00e1rio de Gar\u00e7a","date":"11 de julho de 2025","format":false,"excerpt":"A\u00e7\u00f5es policiais resultaram em pris\u00f5es por tr\u00e1fico, furto e recepta\u00e7\u00e3o, al\u00e9m da apreens\u00e3o de entorpecentes e uma espingarda de press\u00e3o. Com abordagens estrat\u00e9gicas e uso de intelig\u00eancia policial, as equipes do 9\u00ba Batalh\u00e3o de Pol\u00edcia Militar do Interior (9\u00ba BPM) prenderam indiv\u00edduos procurados pela Justi\u00e7a e apreenderam drogas e uma\u2026","rel":"","context":"Em &quot;Mar\u00edlia&quot;","block_context":{"text":"Mar\u00edlia","link":"https:\/\/diariodegarca.com\/?cat=683453294"},"img":{"alt_text":"","src":"","width":0,"height":0},"classes":[]},{"id":2129,"url":"https:\/\/diariodegarca.com\/?p=2129","url_meta":{"origin":2935,"position":1},"title":"Mulher \u00e9 presa em Mar\u00edlia durante Patrulhamento da For\u00e7a T\u00e1tica","author":"Di\u00e1rio de Gar\u00e7a","date":"12 de maio de 2025","format":false,"excerpt":"\u00a0\u00a0 Na noite de s\u00e1bado, dia 10 de maio, agentes do 9\u00ba Batalh\u00e3o de Pol\u00edcia Militar do Interior (9\u00ba BPM\/I) prenderam uma mulher durante opera\u00e7\u00e3o de rotina no bairro Vila Barros, em Mar\u00edlia. A a\u00e7\u00e3o ocorreu por volta das 23h28 durante patrulhamento de rotina realizado pela For\u00e7a T\u00e1tica.\u00a0\u00a0Durante a abordagem,\u2026","rel":"","context":"Em &quot;Brasil&quot;","block_context":{"text":"Brasil","link":"https:\/\/diariodegarca.com\/?cat=38185"},"img":{"alt_text":"","src":"","width":0,"height":0},"classes":[]},{"id":4602,"url":"https:\/\/diariodegarca.com\/?p=4602","url_meta":{"origin":2935,"position":2},"title":"Opera\u00e7\u00e3o Impacto contra o tr\u00e1fico resulta em duas pris\u00f5es e apreens\u00e3o de drogas em Tup\u00e3 e Mar\u00edlia","author":"Di\u00e1rio de Gar\u00e7a","date":"9 de julho de 2025","format":false,"excerpt":"For\u00e7a T\u00e1tica do 9\u00ba BPM prende suspeitos e apreende coca\u00edna, crack e dinheiro em a\u00e7\u00f5es distintas Na ter\u00e7a-feira, dia 8 de julho, durante a\u00a0Opera\u00e7\u00e3o Impacto Contra o Tr\u00e1fico, o 9\u00ba Batalh\u00e3o de Pol\u00edcia Militar do Interior registrou duas ocorr\u00eancias levaram a pris\u00f5es e apreens\u00f5es nas cidades de\u00a0Tup\u00e3 e Mar\u00edlia. Tup\u00e3:\u2026","rel":"","context":"Em &quot;Mar\u00edlia&quot;","block_context":{"text":"Mar\u00edlia","link":"https:\/\/diariodegarca.com\/?cat=683453294"},"img":{"alt_text":"","src":"","width":0,"height":0},"classes":[]},{"id":3861,"url":"https:\/\/diariodegarca.com\/?p=3861","url_meta":{"origin":2935,"position":3},"title":"Pol\u00edcia Militar desarticula rede de drogas e prende procurados em Mar\u00edlia e Echapor\u00e3","author":"Di\u00e1rio de Gar\u00e7a","date":"10 de junho de 2025","format":false,"excerpt":"Opera\u00e7\u00f5es da For\u00e7a T\u00e1tica resultam em apreens\u00e3o de entorpecentes, armas e captura de criminosos A Pol\u00edcia Militar do Estado de S\u00e3o Paulo segue atuando no combate ao crime, seja no enfrentamento ao tr\u00e1fico de drogas, na apreens\u00e3o de armas ilegais ou na captura de procurados pela justi\u00e7a. Opera\u00e7\u00f5es recentes do\u2026","rel":"","context":"Em &quot;Echapor\u00e3&quot;","block_context":{"text":"Echapor\u00e3","link":"https:\/\/diariodegarca.com\/?cat=9098997"},"img":{"alt_text":"","src":"","width":0,"height":0},"classes":[]},{"id":6294,"url":"https:\/\/diariodegarca.com\/?p=6294","url_meta":{"origin":2935,"position":4},"title":"For\u00e7a T\u00e1tica e ROCAM prendem homem procurado pela Justi\u00e7a em Mar\u00edlia","author":"Di\u00e1rio de Gar\u00e7a","date":"2 de setembro de 2025","format":false,"excerpt":"A\u00e7\u00e3o ocorreu no Jardim Marambaia, quando o indiv\u00edduo, ao notar a aproxima\u00e7\u00e3o policial, tentou entrar em uma resid\u00eancia. Um trabalho integrado e \u00e1gil das equipes especializadas da Pol\u00edcia Militar resultou na captura de mais um procurado pela Justi\u00e7a na noite de segunda-feira, 1\u00ba de setembro, no Jardim Marambaia, em Mar\u00edlia.\u2026","rel":"","context":"Em &quot;Mar\u00edlia&quot;","block_context":{"text":"Mar\u00edlia","link":"https:\/\/diariodegarca.com\/?cat=683453294"},"img":{"alt_text":"","src":"https:\/\/i0.wp.com\/diariodegarca.com\/wp-content\/uploads\/2025\/09\/snapinsta.to_540119680_18314332171246526_1378742182981464171_n-e1763127125667.jpg?fit=1080%2C754&ssl=1&resize=350%2C200","width":350,"height":200,"srcset":"https:\/\/i0.wp.com\/diariodegarca.com\/wp-content\/uploads\/2025\/09\/snapinsta.to_540119680_18314332171246526_1378742182981464171_n-e1763127125667.jpg?fit=1080%2C754&ssl=1&resize=350%2C200 1x, https:\/\/i0.wp.com\/diariodegarca.com\/wp-content\/uploads\/2025\/09\/snapinsta.to_540119680_18314332171246526_1378742182981464171_n-e1763127125667.jpg?fit=1080%2C754&ssl=1&resize=525%2C300 1.5x, https:\/\/i0.wp.com\/diariodegarca.com\/wp-content\/uploads\/2025\/09\/snapinsta.to_540119680_18314332171246526_1378742182981464171_n-e1763127125667.jpg?fit=1080%2C754&ssl=1&resize=700%2C400 2x, https:\/\/i0.wp.com\/diariodegarca.com\/wp-content\/uploads\/2025\/09\/snapinsta.to_540119680_18314332171246526_1378742182981464171_n-e1763127125667.jpg?fit=1080%2C754&ssl=1&resize=1050%2C600 3x"},"classes":[]},{"id":3785,"url":"https:\/\/diariodegarca.com\/?p=3785","url_meta":{"origin":2935,"position":5},"title":"Mar\u00edlia: Dois presos por tr\u00e1fico e opera\u00e7\u00e3o conjunta apreende 48 kg de drogas","author":"Di\u00e1rio de Gar\u00e7a","date":"7 de junho de 2025","format":false,"excerpt":"For\u00e7a T\u00e1tica e Canil atuam em a\u00e7\u00f5es distintas, resultando na apreens\u00e3o de entorpecentes e pris\u00f5es O 9\u00ba Batalh\u00e3o de Pol\u00edcia Militar do Interior registrou duas opera\u00e7\u00f5es significativas no combate ao tr\u00e1fico de drogas em Mar\u00edlia. As a\u00e7\u00f5es, realizadas em diferentes locais da cidade, resultaram na pris\u00e3o de suspeitos e na\u2026","rel":"","context":"Em &quot;Mar\u00edlia&quot;","block_context":{"text":"Mar\u00edlia","link":"https:\/\/diariodegarca.com\/?cat=683453294"},"img":{"alt_text":"","src":"","width":0,"height":0},"classes":[]}],"_links":{"self":[{"href":"https:\/\/diariodegarca.com\/index.php?rest_route=\/wp\/v2\/posts\/2935","targetHints":{"allow":["GET"]}}],"collection":[{"href":"https:\/\/diariodegarca.com\/index.php?rest_route=\/wp\/v2\/posts"}],"about":[{"href":"https:\/\/diariodegarca.com\/index.php?rest_route=\/wp\/v2\/types\/post"}],"author":[{"embeddable":true,"href":"https:\/\/diariodegarca.com\/index.php?rest_route=\/wp\/v2\/users\/260896546"}],"replies":[{"embeddable":true,"href":"https:\/\/diariodegarca.com\/index.php?rest_route=%2Fwp%2Fv2%2Fcomments&post=2935"}],"version-history":[{"count":0,"href":"https:\/\/diariodegarca.com\/index.php?rest_route=\/wp\/v2\/posts\/2935\/revisions"}],"wp:attachment":[{"href":"https:\/\/diariodegarca.com\/index.php?rest_route=%2Fwp%2Fv2%2Fmedia&parent=2935"}],"wp:term":[{"taxonomy":"category","embeddable":true,"href":"https:\/\/diariodegarca.com\/index.php?rest_route=%2Fwp%2Fv2%2Fcategories&post=2935"},{"taxonomy":"post_tag","embeddable":true,"href":"https:\/\/diariodegarca.com\/index.php?rest_route=%2Fwp%2Fv2%2Ftags&post=2935"}],"curies":[{"name":"wp","href":"https:\/\/api.w.org\/{rel}","templated":true}]}}