{"id":2936,"date":"2025-01-29T14:05:00","date_gmt":"2025-01-29T14:05:00","guid":{"rendered":"https:\/\/diariodegarca.com\/2025\/01\/29\/pm-de-recupera-mais-de-r-45-mil-em-produtos-furtados-em-marilia\/"},"modified":"2025-01-29T14:05:00","modified_gmt":"2025-01-29T14:05:00","slug":"pm-de-recupera-mais-de-r-45-mil-em-produtos-furtados-em-marilia","status":"publish","type":"post","link":"https:\/\/diariodegarca.com\/?p=2936","title":{"rendered":"PM de recupera mais de R$ 45 mil em produtos furtados em Mar\u00edlia"},"content":{"rendered":"<div class=\"separator\" style=\"clear: both;text-align: center\">\n  <a href=\"https:\/\/blogger.googleusercontent.com\/img\/a\/AVvXsEhBdrdVkjyZUbDuBYMJAHwSGKpy99WI9F0___p_PIhkD_FvITikpHVNJrgHHjWjcd6km0T-E29mTNlt1RAFU9hS5YgMTQt232YLgrV6pyDcLNQ90jRG7GyxfnGuQvbRKyiMNFYIBlQBIDO7gWTM4xgKWrOCm6h1x2iop2fLrA049WsC__zbY4D88VzEELI\" style=\"margin-left: 1em;margin-right: 1em\"><br \/>\n    <img decoding=\"async\" border=\"0\" src=\"https:\/\/blogger.googleusercontent.com\/img\/a\/AVvXsEhBdrdVkjyZUbDuBYMJAHwSGKpy99WI9F0___p_PIhkD_FvITikpHVNJrgHHjWjcd6km0T-E29mTNlt1RAFU9hS5YgMTQt232YLgrV6pyDcLNQ90jRG7GyxfnGuQvbRKyiMNFYIBlQBIDO7gWTM4xgKWrOCm6h1x2iop2fLrA049WsC__zbY4D88VzEELI\" width=\"400\"><br \/>\n  <\/a>\n<\/div>\n<p>\u00a0<\/p>\n<div>Policiais militares do 9\u00ba Batalh\u00e3o de Pol\u00edcia Militar do Interior (9\u00ba BPM\/I) esclareceram uma s\u00e9rie de furtos ocorridos na \u00e1rea central da cidade e recuperaram mais de R$ 45 mil em produtos roubados.<\/div>\n<div><\/div>\n<div>Durante patrulhamento preventivo no bairro Argolo Ferr\u00e3o, na noite desta segunda-feira, dia 28 de janeiro, a equipe se deparou com um indiv\u00edduo que, ao avistar a viatura, tentou fugir.\u00a0<\/div>\n<div><\/div>\n<div>Os policiais conseguiram abord\u00e1-lo e, ao revist\u00e1-lo, encontraram tr\u00eas an\u00e9is e uma pulseira. Ao ser questionado,\u00a0<span style=\"letter-spacing: 0.2px\">ele confessou que os objetos eram fruto de um furto realizado por ele e uma jovem em uma joalheria da cidade.<\/span><\/div>\n<div><\/div>\n<div>O suspeito relatou ainda que estava no bairro tentando vender os produtos e que havia escondido outros itens furtados na casa de sua m\u00e3e.\u00a0<\/div>\n<div><\/div>\n<div>Com a autoriza\u00e7\u00e3o da propriet\u00e1ria, os policiais entraram no im\u00f3vel e localizaram diversas joias, bolsas, roupas e cal\u00e7ados furtados. O preju\u00edzo para as v\u00edtimas somava mais de R$ 10 mil em mercadorias de uma loja e mais de R$ 35 mil em itens da<span style=\"letter-spacing: 0.2px\">\u00a0joalheria.<\/span><\/div>\n<div><\/div>\n<div>Encaminhado \u00e0 Central de Pol\u00edcia Judici\u00e1ria, o suspeito foi reconhecido por c\u00e2meras de seguran\u00e7a como autor de pelo menos quatro furtos na regi\u00e3o comercial.\u00a0<\/div>\n<div><\/div>\n<div>No entanto, a autoridade policial de plant\u00e3o decidiu liber\u00e1-lo para responder em liberdade, por entender que n\u00e3o havia situa\u00e7\u00e3o de flagrante.<\/div>\n<div><span style=\"letter-spacing: 0.2px\"><br \/><\/span><\/div>\n<div><span style=\"letter-spacing: 0.2px\">A Pol\u00edcia Militar refor\u00e7a a import\u00e2ncia das den\u00fancias an\u00f4nimas para coibir a\u00e7\u00f5es criminosas e recuperar bens das v\u00edtimas.<\/span><\/div>\n","protected":false},"excerpt":{"rendered":"<p>\u00a0 Policiais militares do 9\u00ba Batalh\u00e3o de Pol\u00edcia Militar do Interior (9\u00ba BPM\/I) esclareceram uma s\u00e9rie de furtos ocorridos na \u00e1rea central da cidade e recuperaram mais de R$ 45 mil em produtos roubados. Durante patrulhamento preventivo no bairro Argolo Ferr\u00e3o, na noite desta segunda-feira, dia 28 de janeiro, a equipe se deparou com um [&hellip;]<\/p>\n","protected":false},"author":260896546,"featured_media":0,"comment_status":"open","ping_status":"open","sticky":false,"template":"","format":"standard","meta":{"_crdt_document":"","_monsterinsights_skip_tracking":false,"_monsterinsights_sitenote_active":false,"_monsterinsights_sitenote_note":"","_monsterinsights_sitenote_category":0,"advanced_seo_description":"","jetpack_seo_html_title":"","jetpack_seo_noindex":false,"_jetpack_newsletter_access":"","_jetpack_dont_email_post_to_subs":false,"_jetpack_newsletter_tier_id":0,"_jetpack_memberships_contains_paywalled_content":false,"_jetpack_memberships_contains_paid_content":false,"footnotes":"","jetpack_publicize_message":"","jetpack_publicize_feature_enabled":true,"jetpack_social_post_already_shared":false,"jetpack_social_options":{"image_generator_settings":{"template":"fullscreen","default_image_id":0,"font":"","enabled":false},"version":2},"_wpas_customize_per_network":false,"jetpack_post_was_ever_published":false},"categories":[38185],"tags":[222752,1036487],"class_list":["post-2936","post","type-post","status-publish","format-standard","hentry","category-brasil","tag-marilia","tag-seguranca-publica"],"jetpack_publicize_connections":[],"jetpack_featured_media_url":"","jetpack_likes_enabled":true,"jetpack_sharing_enabled":true,"jetpack_shortlink":"https:\/\/wp.me\/pgitne-Lm","jetpack-related-posts":[{"id":2725,"url":"https:\/\/diariodegarca.com\/?p=2725","url_meta":{"origin":2936,"position":0},"title":"Tr\u00eas homens s\u00e3o detidos em Mar\u00edlia suspeitos de furto de R$40 mil em cosm\u00e9ticos","author":"Di\u00e1rio de Gar\u00e7a","date":"1 de mar\u00e7o de 2025","format":false,"excerpt":"Neste s\u00e1bado, dia 1\u00b0 de mar\u00e7o, equipes do 9\u00ba Batalh\u00e3o de Pol\u00edcia Militar do Interior prenderam tr\u00eas homens no centro de Mar\u00edlia, suspeitos de furtar aproximadamente R$40 mil em produtos cosm\u00e9ticos de farm\u00e1cias na cidade de Assis. Os indiv\u00edduos foram conduzidos \u00e0 Central de Pol\u00edcia Judici\u00e1ria (CPJ) para prestar esclarecimentos.\u00a0\u00a0A\u2026","rel":"","context":"Em &quot;Brasil&quot;","block_context":{"text":"Brasil","link":"https:\/\/diariodegarca.com\/?cat=38185"},"img":{"alt_text":"","src":"","width":0,"height":0},"classes":[]},{"id":2726,"url":"https:\/\/diariodegarca.com\/?p=2726","url_meta":{"origin":2936,"position":1},"title":"Pol\u00edcia Militar prende dupla por furto de baterias estacion\u00e1rias em Mar\u00edlia","author":"Di\u00e1rio de Gar\u00e7a","date":"28 de fevereiro de 2025","format":false,"excerpt":"Na manh\u00e3 de sexta-feira, 28 de fevereiro, por volta das 10h40, policiais militares do 9\u00ba Batalh\u00e3o de Pol\u00edcia Militar do Interior (9\u00ba BPM\/I) prenderam em flagrante dois homens suspeitos de furtar baterias estacion\u00e1rias e um aparelho celular no Jardim Am\u00e9rica, regi\u00e3o oeste de Mar\u00edlia.\u00a0A a\u00e7\u00e3o ocorreu durante patrulhamento de rotina,\u2026","rel":"","context":"Em &quot;Brasil&quot;","block_context":{"text":"Brasil","link":"https:\/\/diariodegarca.com\/?cat=38185"},"img":{"alt_text":"","src":"","width":0,"height":0},"classes":[]},{"id":4833,"url":"https:\/\/diariodegarca.com\/?p=4833","url_meta":{"origin":2936,"position":2},"title":"Pol\u00edcia Militar realiza opera\u00e7\u00f5es em Mar\u00edlia e Pompeia","author":"Di\u00e1rio de Gar\u00e7a","date":"20 de julho de 2025","format":false,"excerpt":"A\u00e7\u00f5es resultaram em pris\u00f5es, apreens\u00e3o de drogas e infra\u00e7\u00f5es de tr\u00e2nsito. Com opera\u00e7\u00f5es integradas e patrulhamento ostensivo, as equipes da Pol\u00edcia Militar trabalharam para coibir crimes, fiscalizando o tr\u00e2nsito e na preven\u00e7\u00e3o de situa\u00e7\u00f5es de risco em cidades da regi\u00e3o. Nos \u00faltimos dias, a\u00e7\u00f5es em Pomp\u00e9ia e Mar\u00edlia resultaram em\u2026","rel":"","context":"Em &quot;Fiscaliza\u00e7\u00e3o&quot;","block_context":{"text":"Fiscaliza\u00e7\u00e3o","link":"https:\/\/diariodegarca.com\/?cat=1192752"},"img":{"alt_text":"","src":"","width":0,"height":0},"classes":[]},{"id":6336,"url":"https:\/\/diariodegarca.com\/?p=6336","url_meta":{"origin":2936,"position":3},"title":"Opera\u00e7\u00f5es da PM em Tup\u00e3 e Mar\u00edlia resultam em quatro pris\u00f5es por crimes diversos","author":"Di\u00e1rio de Gar\u00e7a","date":"3 de setembro de 2025","format":false,"excerpt":"A\u00e7\u00f5es da For\u00e7a T\u00e1tica prenderam suspeitos por estupro de vulner\u00e1vel, tr\u00e1fico de drogas e cumpriram mandados durante a ter\u00e7a-feira. Um conjunto de opera\u00e7\u00f5es realizadas pela Pol\u00edcia Militar na \u00faltima ter\u00e7a-feira, 2 de setembro, resultou na captura de quatro indiv\u00edduos nas cidades de Mar\u00edlia e Tup\u00e3. As a\u00e7\u00f5es, executadas pelas equipes\u2026","rel":"","context":"Em &quot;Mar\u00edlia&quot;","block_context":{"text":"Mar\u00edlia","link":"https:\/\/diariodegarca.com\/?cat=683453294"},"img":{"alt_text":"","src":"https:\/\/i0.wp.com\/diariodegarca.com\/wp-content\/uploads\/2025\/08\/snapinsta.to_538731954_18313351471246526_1871743859055979954_n-1-e1762717736830.webp?fit=1080%2C716&ssl=1&resize=350%2C200","width":350,"height":200,"srcset":"https:\/\/i0.wp.com\/diariodegarca.com\/wp-content\/uploads\/2025\/08\/snapinsta.to_538731954_18313351471246526_1871743859055979954_n-1-e1762717736830.webp?fit=1080%2C716&ssl=1&resize=350%2C200 1x, https:\/\/i0.wp.com\/diariodegarca.com\/wp-content\/uploads\/2025\/08\/snapinsta.to_538731954_18313351471246526_1871743859055979954_n-1-e1762717736830.webp?fit=1080%2C716&ssl=1&resize=525%2C300 1.5x, https:\/\/i0.wp.com\/diariodegarca.com\/wp-content\/uploads\/2025\/08\/snapinsta.to_538731954_18313351471246526_1871743859055979954_n-1-e1762717736830.webp?fit=1080%2C716&ssl=1&resize=700%2C400 2x, https:\/\/i0.wp.com\/diariodegarca.com\/wp-content\/uploads\/2025\/08\/snapinsta.to_538731954_18313351471246526_1871743859055979954_n-1-e1762717736830.webp?fit=1080%2C716&ssl=1&resize=1050%2C600 3x"},"classes":[]},{"id":4159,"url":"https:\/\/diariodegarca.com\/?p=4159","url_meta":{"origin":2936,"position":4},"title":"A\u00e7\u00f5es policiais prendem suspeitos por roubo, furto e tr\u00e1fico em cidades da regi\u00e3o","author":"Di\u00e1rio de Gar\u00e7a","date":"23 de junho de 2025","format":false,"excerpt":"Em opera\u00e7\u00f5es realizadas no fim de semana, policiais militares do 9\u00ba Batalh\u00e3o do Interior prenderam criminosos em flagrante em Mar\u00edlia, Pomp\u00e9ia e Tup\u00e3; drogas, ve\u00edculo furtado e objetos roubados foram apreendidos. No \u00faltimo fim de semana, o\u00a09\u00ba Batalh\u00e3o de Pol\u00edcia Militar do Interior\u00a0registrou ocorr\u00eancias em diferentes cidades da regi\u00e3o, resultando\u2026","rel":"","context":"Em &quot;Mar\u00edlia&quot;","block_context":{"text":"Mar\u00edlia","link":"https:\/\/diariodegarca.com\/?cat=683453294"},"img":{"alt_text":"","src":"https:\/\/i0.wp.com\/diariodegarca.com\/wp-content\/uploads\/2025\/06\/503566608_18306010942246526_8008225824564545424_n-e1764161649475.webp?fit=1080%2C733&ssl=1&resize=350%2C200","width":350,"height":200,"srcset":"https:\/\/i0.wp.com\/diariodegarca.com\/wp-content\/uploads\/2025\/06\/503566608_18306010942246526_8008225824564545424_n-e1764161649475.webp?fit=1080%2C733&ssl=1&resize=350%2C200 1x, https:\/\/i0.wp.com\/diariodegarca.com\/wp-content\/uploads\/2025\/06\/503566608_18306010942246526_8008225824564545424_n-e1764161649475.webp?fit=1080%2C733&ssl=1&resize=525%2C300 1.5x, https:\/\/i0.wp.com\/diariodegarca.com\/wp-content\/uploads\/2025\/06\/503566608_18306010942246526_8008225824564545424_n-e1764161649475.webp?fit=1080%2C733&ssl=1&resize=700%2C400 2x, https:\/\/i0.wp.com\/diariodegarca.com\/wp-content\/uploads\/2025\/06\/503566608_18306010942246526_8008225824564545424_n-e1764161649475.webp?fit=1080%2C733&ssl=1&resize=1050%2C600 3x"},"classes":[]},{"id":2308,"url":"https:\/\/diariodegarca.com\/?p=2308","url_meta":{"origin":2936,"position":5},"title":"Homem furta caixas de sorvete e a\u00e7a\u00ed em Mar\u00edlia","author":"Di\u00e1rio de Gar\u00e7a","date":"19 de abril de 2025","format":false,"excerpt":"\u00a0Nesta madrugada, dia 19 de abril, o 9\u00ba Batalh\u00e3o de Pol\u00edcia Militar do Interior (9\u00ba BPM\/I) prendeu um homem acusado de cometer tr\u00eas furtos a estabelecimentos comerciais distintos em Mar\u00edlia. A a\u00e7\u00e3o ocorreu ap\u00f3s um chamado, via 190, relatar o arrombamento da porta de vidro de um restaurante por volta\u2026","rel":"","context":"Em &quot;Brasil&quot;","block_context":{"text":"Brasil","link":"https:\/\/diariodegarca.com\/?cat=38185"},"img":{"alt_text":"","src":"","width":0,"height":0},"classes":[]}],"_links":{"self":[{"href":"https:\/\/diariodegarca.com\/index.php?rest_route=\/wp\/v2\/posts\/2936","targetHints":{"allow":["GET"]}}],"collection":[{"href":"https:\/\/diariodegarca.com\/index.php?rest_route=\/wp\/v2\/posts"}],"about":[{"href":"https:\/\/diariodegarca.com\/index.php?rest_route=\/wp\/v2\/types\/post"}],"author":[{"embeddable":true,"href":"https:\/\/diariodegarca.com\/index.php?rest_route=\/wp\/v2\/users\/260896546"}],"replies":[{"embeddable":true,"href":"https:\/\/diariodegarca.com\/index.php?rest_route=%2Fwp%2Fv2%2Fcomments&post=2936"}],"version-history":[{"count":0,"href":"https:\/\/diariodegarca.com\/index.php?rest_route=\/wp\/v2\/posts\/2936\/revisions"}],"wp:attachment":[{"href":"https:\/\/diariodegarca.com\/index.php?rest_route=%2Fwp%2Fv2%2Fmedia&parent=2936"}],"wp:term":[{"taxonomy":"category","embeddable":true,"href":"https:\/\/diariodegarca.com\/index.php?rest_route=%2Fwp%2Fv2%2Fcategories&post=2936"},{"taxonomy":"post_tag","embeddable":true,"href":"https:\/\/diariodegarca.com\/index.php?rest_route=%2Fwp%2Fv2%2Ftags&post=2936"}],"curies":[{"name":"wp","href":"https:\/\/api.w.org\/{rel}","templated":true}]}}