{"id":2937,"date":"2025-01-28T20:37:00","date_gmt":"2025-01-28T20:37:00","guid":{"rendered":"https:\/\/diariodegarca.com\/2025\/01\/28\/policia-militar-apreende-drogas-e-dinheiro-em-operacao-na-zona-sul-de-marilia\/"},"modified":"2025-01-28T20:37:00","modified_gmt":"2025-01-28T20:37:00","slug":"policia-militar-apreende-drogas-e-dinheiro-em-operacao-na-zona-sul-de-marilia","status":"publish","type":"post","link":"https:\/\/diariodegarca.com\/?p=2937","title":{"rendered":"Pol\u00edcia Militar apreende drogas e dinheiro em opera\u00e7\u00e3o na zona Sul de Mar\u00edlia"},"content":{"rendered":"<div><\/div>\n<div>\n<div class=\"separator\" style=\"clear: both;text-align: center\">\n  <a href=\"https:\/\/blogger.googleusercontent.com\/img\/a\/AVvXsEiMjFqRci5bLU4Q8qymZZyruYVjdYkD1gnV9qK-MzCVfBa6N-OTe_HAweUkqJIzhrNyorb9-la4FYTsUNeEWjwQCKbs995eSFiJqJAooPHMtygo6fZEUnV7bKUZYqfMElmfjgip2Iaz6wLdioCTWbMwOMPxgqHfqxnhQkOdBjfJw5T0hzPsmk9uZtG0NQU\" style=\"margin-left: 1em;margin-right: 1em\"><br \/>\n    <img decoding=\"async\" border=\"0\" src=\"https:\/\/blogger.googleusercontent.com\/img\/a\/AVvXsEiMjFqRci5bLU4Q8qymZZyruYVjdYkD1gnV9qK-MzCVfBa6N-OTe_HAweUkqJIzhrNyorb9-la4FYTsUNeEWjwQCKbs995eSFiJqJAooPHMtygo6fZEUnV7bKUZYqfMElmfjgip2Iaz6wLdioCTWbMwOMPxgqHfqxnhQkOdBjfJw5T0hzPsmk9uZtG0NQU\" width=\"400\"><br \/>\n  <\/a>\n<\/div>\n<p><\/div>\n<div><\/div>\n<div>Na tarde desta ter\u00e7a-feira, dia 28 de janeiro, uma a\u00e7\u00e3o r\u00e1pida da Pol\u00edcia Militar resultou na apreens\u00e3o de uma grande quantidade de drogas e dinheiro na zona Sul de Mar\u00edlia.\u00a0<\/div>\n<div><\/div>\n<div>O caso ocorreu por volta das 13h, quando policiais do 9\u00ba Batalh\u00e3o de Pol\u00edcia Militar do Interior (BPM\/I), durante patrulhamento, identificaram um indiv\u00edduo em atitude suspeita.<\/div>\n<div><\/div>\n<div>Ao perceber a aproxima\u00e7\u00e3o da viatura, o suspeito fugiu em dire\u00e7\u00e3o a um matagal, abandonando uma mochila que continha 316 pedras de crack, quatro pedras brutas da mesma subst\u00e2ncia, 76 pinos de coca\u00edna, um tijolo de maconha e R$ 1.793,00 em dinheiro. Apesar das buscas, o suspeito n\u00e3o foi localizado.<\/div>\n<div><\/div>\n<div>Os entorpecentes e o dinheiro foram apresentados \u00e0 Central de Pol\u00edcia Judici\u00e1ria (CPJ) de Mar\u00edlia, onde a ocorr\u00eancia foi registrada e os itens apreendidos. A Pol\u00edcia segue investigando o caso para identificar e capturar o respons\u00e1vel.<\/div>\n<div><\/div>\n<div><\/div>\n<div><\/div>\n","protected":false},"excerpt":{"rendered":"<p>Na tarde desta ter\u00e7a-feira, dia 28 de janeiro, uma a\u00e7\u00e3o r\u00e1pida da Pol\u00edcia Militar resultou na apreens\u00e3o de uma grande quantidade de drogas e dinheiro na zona Sul de Mar\u00edlia.\u00a0 O caso ocorreu por volta das 13h, quando policiais do 9\u00ba Batalh\u00e3o de Pol\u00edcia Militar do Interior (BPM\/I), durante patrulhamento, identificaram um indiv\u00edduo em atitude [&hellip;]<\/p>\n","protected":false},"author":260896546,"featured_media":0,"comment_status":"open","ping_status":"open","sticky":false,"template":"","format":"standard","meta":{"_crdt_document":"","_monsterinsights_skip_tracking":false,"_monsterinsights_sitenote_active":false,"_monsterinsights_sitenote_note":"","_monsterinsights_sitenote_category":0,"advanced_seo_description":"","jetpack_seo_html_title":"","jetpack_seo_noindex":false,"_jetpack_newsletter_access":"","_jetpack_dont_email_post_to_subs":false,"_jetpack_newsletter_tier_id":0,"_jetpack_memberships_contains_paywalled_content":false,"_jetpack_memberships_contains_paid_content":false,"footnotes":"","jetpack_publicize_message":"","jetpack_publicize_feature_enabled":true,"jetpack_social_post_already_shared":false,"jetpack_social_options":{"image_generator_settings":{"template":"fullscreen","default_image_id":0,"font":"","enabled":false},"version":2},"_wpas_customize_per_network":false,"jetpack_post_was_ever_published":false},"categories":[38185],"tags":[222752,1036487],"class_list":["post-2937","post","type-post","status-publish","format-standard","hentry","category-brasil","tag-marilia","tag-seguranca-publica"],"jetpack_publicize_connections":[],"jetpack_featured_media_url":"","jetpack_likes_enabled":true,"jetpack_sharing_enabled":true,"jetpack_shortlink":"https:\/\/wp.me\/pgitne-Ln","jetpack-related-posts":[{"id":2617,"url":"https:\/\/diariodegarca.com\/?p=2617","url_meta":{"origin":2937,"position":0},"title":"Pol\u00edcia Militar prende quatro por tr\u00e1fico de drogas na zona sul de Mar\u00edlia","author":"Di\u00e1rio de Gar\u00e7a","date":"15 de mar\u00e7o de 2025","format":false,"excerpt":"Na madrugada de sexta-feira, dia 14 de mar\u00e7o,\u00a0 equipes do 9\u00ba Batalh\u00e3o de Pol\u00edcia Militar do Interior (PMI) prenderam quatro indiv\u00edduos envolvidos em tr\u00e1fico de drogas na zona sul de Mar\u00edlia. A a\u00e7\u00e3o ocorreu durante uma opera\u00e7\u00e3o de rotina do Radiopatrulhamento, que identificou dois homens e dois adolescentes em atitude\u2026","rel":"","context":"Em &quot;Brasil&quot;","block_context":{"text":"Brasil","link":"https:\/\/diariodegarca.com\/?cat=38185"},"img":{"alt_text":"","src":"","width":0,"height":0},"classes":[]},{"id":2550,"url":"https:\/\/diariodegarca.com\/?p=2550","url_meta":{"origin":2937,"position":1},"title":"Homem \u00e9 preso com grande carga de drogas na zona sul de Mar\u00edlia","author":"Di\u00e1rio de Gar\u00e7a","date":"26 de mar\u00e7o de 2025","format":false,"excerpt":"Na madrugada de quarta-feira, dia 26 de mar\u00e7o, policiais militares do 9\u00ba Batalh\u00e3o de Pol\u00edcia Militar do Interior prenderam um homem por tr\u00e1fico de drogas em flagrante, na rua \u00c2ngelo Raspante, zona sul de Mar\u00edlia.\u00a0\u00a0Por volta das 01h51, durante patrulhamento de rotina, as equipes avistaram um indiv\u00edduo carregando uma mochila\u2026","rel":"","context":"Em &quot;Brasil&quot;","block_context":{"text":"Brasil","link":"https:\/\/diariodegarca.com\/?cat=38185"},"img":{"alt_text":"","src":"","width":0,"height":0},"classes":[]},{"id":2679,"url":"https:\/\/diariodegarca.com\/?p=2679","url_meta":{"origin":2937,"position":2},"title":"Homem \u00e9 preso com drogas e dinheiro na zona sul de Mar\u00edlia","author":"Di\u00e1rio de Gar\u00e7a","date":"7 de mar\u00e7o de 2025","format":false,"excerpt":"\u00a0\u00a0Na virada de quinta, dia 6 de mar\u00e7o,\u00a0 para sexta-feira, dia 7 de mar\u00e7o, por volta da meia-noite, equipes de Radiopatrulhamento do 9\u00ba Batalh\u00e3o de Pol\u00edcia Militar do Interior prenderam um homem por tr\u00e1fico de drogas na zona sul de Mar\u00edlia.\u00a0\u00a0Durante o patrulhamento, os policiais avistaram um indiv\u00edduo em atitude\u2026","rel":"","context":"Em &quot;Brasil&quot;","block_context":{"text":"Brasil","link":"https:\/\/diariodegarca.com\/?cat=38185"},"img":{"alt_text":"","src":"","width":0,"height":0},"classes":[]},{"id":7463,"url":"https:\/\/diariodegarca.com\/?p=7463","url_meta":{"origin":2937,"position":3},"title":"PM apreende drogas e prende homem em flagrante na zona sul de Mar\u00edlia","author":"Andreza Sega","date":"4 de outubro de 2025","format":false,"excerpt":"Homem foi surpreendido pela Radiopatrulha durante a venda de entorpecentes; al\u00e9m de coca\u00edna, crack e maconha, foi encontrado dinheiro em esp\u00e9cie. Uma a\u00e7\u00e3o de rotina das equipes de Radiopatrulhamento resultou na pris\u00e3o em flagrante de um homem por tr\u00e1fico de drogas na manh\u00e3 de quinta-feira, 2 de outubro, na zona\u2026","rel":"","context":"Em &quot;Mar\u00edlia&quot;","block_context":{"text":"Mar\u00edlia","link":"https:\/\/diariodegarca.com\/?cat=683453294"},"img":{"alt_text":"","src":"https:\/\/i0.wp.com\/diariodegarca.com\/wp-content\/uploads\/2025\/10\/SnapInsta.to_558700919_18318417337246526_2826372126977387230_n.webp?fit=1080%2C709&ssl=1&resize=350%2C200","width":350,"height":200,"srcset":"https:\/\/i0.wp.com\/diariodegarca.com\/wp-content\/uploads\/2025\/10\/SnapInsta.to_558700919_18318417337246526_2826372126977387230_n.webp?fit=1080%2C709&ssl=1&resize=350%2C200 1x, https:\/\/i0.wp.com\/diariodegarca.com\/wp-content\/uploads\/2025\/10\/SnapInsta.to_558700919_18318417337246526_2826372126977387230_n.webp?fit=1080%2C709&ssl=1&resize=525%2C300 1.5x, https:\/\/i0.wp.com\/diariodegarca.com\/wp-content\/uploads\/2025\/10\/SnapInsta.to_558700919_18318417337246526_2826372126977387230_n.webp?fit=1080%2C709&ssl=1&resize=700%2C400 2x, https:\/\/i0.wp.com\/diariodegarca.com\/wp-content\/uploads\/2025\/10\/SnapInsta.to_558700919_18318417337246526_2826372126977387230_n.webp?fit=1080%2C709&ssl=1&resize=1050%2C600 3x"},"classes":[]},{"id":2713,"url":"https:\/\/diariodegarca.com\/?p=2713","url_meta":{"origin":2937,"position":4},"title":"Policiais prendem traficante com drogas, arma e muni\u00e7\u00e3o em Mar\u00edlia","author":"Di\u00e1rio de Gar\u00e7a","date":"2 de mar\u00e7o de 2025","format":false,"excerpt":"Neste domingo, 2 de mar\u00e7o, policiais militares do 9\u00ba Batalh\u00e3o de Pol\u00edcia Militar do Interior, atuando com equipes de For\u00e7a T\u00e1tica, prenderam um indiv\u00edduo por posse ilegal de arma de fogo e tr\u00e1fico de drogas no Jardim Monte Castelo, zona sul de Mar\u00edlia.\u00a0\u00a0Durante patrulhamento de rotina, os militares avistaram um\u2026","rel":"","context":"Em &quot;Brasil&quot;","block_context":{"text":"Brasil","link":"https:\/\/diariodegarca.com\/?cat=38185"},"img":{"alt_text":"","src":"","width":0,"height":0},"classes":[]},{"id":2205,"url":"https:\/\/diariodegarca.com\/?p=2205","url_meta":{"origin":2937,"position":5},"title":"Policiais Militares prendem homem por tr\u00e1fico de drogas em Mar\u00edlia","author":"Di\u00e1rio de Gar\u00e7a","date":"4 de maio de 2025","format":false,"excerpt":"Na noite de s\u00e1bado, dia 3 de maio, agentes do 9\u00ba Batalh\u00e3o de Pol\u00edcia Militar do Interior prenderam um homem por tr\u00e1fico de drogas durante patrulhamento na zona sul de Mar\u00edlia.\u00a0A a\u00e7\u00e3o ocorreu por volta das 23h33, na rua Francisca de Oliveira, quando os militares abordaram o suspeito, que portava\u2026","rel":"","context":"Em &quot;Brasil&quot;","block_context":{"text":"Brasil","link":"https:\/\/diariodegarca.com\/?cat=38185"},"img":{"alt_text":"","src":"","width":0,"height":0},"classes":[]}],"_links":{"self":[{"href":"https:\/\/diariodegarca.com\/index.php?rest_route=\/wp\/v2\/posts\/2937","targetHints":{"allow":["GET"]}}],"collection":[{"href":"https:\/\/diariodegarca.com\/index.php?rest_route=\/wp\/v2\/posts"}],"about":[{"href":"https:\/\/diariodegarca.com\/index.php?rest_route=\/wp\/v2\/types\/post"}],"author":[{"embeddable":true,"href":"https:\/\/diariodegarca.com\/index.php?rest_route=\/wp\/v2\/users\/260896546"}],"replies":[{"embeddable":true,"href":"https:\/\/diariodegarca.com\/index.php?rest_route=%2Fwp%2Fv2%2Fcomments&post=2937"}],"version-history":[{"count":0,"href":"https:\/\/diariodegarca.com\/index.php?rest_route=\/wp\/v2\/posts\/2937\/revisions"}],"wp:attachment":[{"href":"https:\/\/diariodegarca.com\/index.php?rest_route=%2Fwp%2Fv2%2Fmedia&parent=2937"}],"wp:term":[{"taxonomy":"category","embeddable":true,"href":"https:\/\/diariodegarca.com\/index.php?rest_route=%2Fwp%2Fv2%2Fcategories&post=2937"},{"taxonomy":"post_tag","embeddable":true,"href":"https:\/\/diariodegarca.com\/index.php?rest_route=%2Fwp%2Fv2%2Ftags&post=2937"}],"curies":[{"name":"wp","href":"https:\/\/api.w.org\/{rel}","templated":true}]}}