{"id":2939,"date":"2025-01-28T19:06:00","date_gmt":"2025-01-28T19:06:00","guid":{"rendered":"https:\/\/diariodegarca.com\/2025\/01\/28\/casa-abrigo-sollar-promove-campanha-de-arrecadacao-de-materiais-escolares\/"},"modified":"2025-01-28T19:06:00","modified_gmt":"2025-01-28T19:06:00","slug":"casa-abrigo-sollar-promove-campanha-de-arrecadacao-de-materiais-escolares","status":"publish","type":"post","link":"https:\/\/diariodegarca.com\/?p=2939","title":{"rendered":"Casa Abrigo Sollar promove campanha de arrecada\u00e7\u00e3o de materiais escolares"},"content":{"rendered":"<div><\/div>\n<div>\n<div class=\"separator\" style=\"clear: both;text-align: center\">\n  <a href=\"https:\/\/blogger.googleusercontent.com\/img\/a\/AVvXsEjrTP3z1sdzsIk8IbFgilNwOEYnwRC6-jTStnd2c3whudmKqaPRV8finP1vLKN-mQuyMklVgfX95SFk5EygB1RnxZTwlX4vKwwo5Z-QCcZW_tsMLuAZFl8UFHz5OiD8AK5bleXn0rUol_3j2DjjJhgQ5wlmf0pLOPH1g9vNaIPuyyXm-5bYTArfkhDaFmg\" style=\"margin-left: 1em;margin-right: 1em\"><br \/>\n    <img decoding=\"async\" border=\"0\" src=\"https:\/\/blogger.googleusercontent.com\/img\/a\/AVvXsEjrTP3z1sdzsIk8IbFgilNwOEYnwRC6-jTStnd2c3whudmKqaPRV8finP1vLKN-mQuyMklVgfX95SFk5EygB1RnxZTwlX4vKwwo5Z-QCcZW_tsMLuAZFl8UFHz5OiD8AK5bleXn0rUol_3j2DjjJhgQ5wlmf0pLOPH1g9vNaIPuyyXm-5bYTArfkhDaFmg\" width=\"400\"><br \/>\n  <\/a>\n<\/div>\n<p><\/div>\n<div><\/div>\n<div>A Casa Abrigo Sollar est\u00e1 realizando uma <b>campanha solid\u00e1ria<\/b> para ajudar crian\u00e7as a come\u00e7arem o ano letivo com todos os materiais necess\u00e1rios. O objetivo \u00e9 arrecadar itens como mochilas, estojos, garrafinhas, l\u00e1pis, borrachas, cadernos e outros acess\u00f3rios escolares.<\/div>\n<div><\/div>\n<div>A iniciativa busca proporcionar um in\u00edcio de ano mais igualit\u00e1rio para crian\u00e7as em situa\u00e7\u00e3o de vulnerabilidade, refor\u00e7ando o papel da educa\u00e7\u00e3o como transformadora de vidas.\u00a0<\/div>\n<div><\/div>\n<div>Quem quiser contribuir pode <b>entregar as doa\u00e7\u00f5es diretamente na sede da Casa Abrigo Sollar<\/b>, localizada na Rua Carlos Gomes, 62.<\/div>\n<div><\/div>\n<div>Cada contribui\u00e7\u00e3o representa uma oportunidade de aprendizado e crescimento para essas crian\u00e7as.<\/div>\n","protected":false},"excerpt":{"rendered":"<p>A Casa Abrigo Sollar est\u00e1 realizando uma campanha solid\u00e1ria para ajudar crian\u00e7as a come\u00e7arem o ano letivo com todos os materiais necess\u00e1rios. O objetivo \u00e9 arrecadar itens como mochilas, estojos, garrafinhas, l\u00e1pis, borrachas, cadernos e outros acess\u00f3rios escolares. A iniciativa busca proporcionar um in\u00edcio de ano mais igualit\u00e1rio para crian\u00e7as em situa\u00e7\u00e3o de vulnerabilidade, refor\u00e7ando [&hellip;]<\/p>\n","protected":false},"author":260896546,"featured_media":0,"comment_status":"open","ping_status":"open","sticky":false,"template":"","format":"standard","meta":{"_crdt_document":"","_monsterinsights_skip_tracking":false,"_monsterinsights_sitenote_active":false,"_monsterinsights_sitenote_note":"","_monsterinsights_sitenote_category":0,"advanced_seo_description":"","jetpack_seo_html_title":"","jetpack_seo_noindex":false,"_jetpack_newsletter_access":"","_jetpack_dont_email_post_to_subs":false,"_jetpack_newsletter_tier_id":0,"_jetpack_memberships_contains_paywalled_content":false,"_jetpack_memberships_contains_paid_content":false,"footnotes":"","jetpack_publicize_message":"","jetpack_publicize_feature_enabled":true,"jetpack_social_post_already_shared":false,"jetpack_social_options":{"image_generator_settings":{"template":"fullscreen","default_image_id":0,"font":"","enabled":false},"version":2},"_wpas_customize_per_network":false,"jetpack_post_was_ever_published":false},"categories":[38185],"tags":[781171801,268277],"class_list":["post-2939","post","type-post","status-publish","format-standard","hentry","category-brasil","tag-brasil","tag-solidariedade"],"jetpack_publicize_connections":[],"jetpack_featured_media_url":"","jetpack_likes_enabled":true,"jetpack_sharing_enabled":true,"jetpack_shortlink":"https:\/\/wp.me\/pgitne-Lp","jetpack-related-posts":[{"id":8547,"url":"https:\/\/diariodegarca.com\/?p=8547","url_meta":{"origin":2939,"position":0},"title":"Prefeitura de Gar\u00e7a abre processo seletivo para contrata\u00e7\u00e3o de cuidadores","author":"Andreza Sega","date":"7 de novembro de 2025","format":false,"excerpt":"Inscri\u00e7\u00f5es come\u00e7am hoje, 7 de novembro; oportunidades s\u00e3o para atua\u00e7\u00e3o na Casa Abrigo Sollar e no N\u00facleo de Apoio ao Migrante. A Prefeitura Municipal de Gar\u00e7a publicou na quinta-feira, 6 de novembro de 2025, o\u00a0Edital de Abertura do Processo Seletivo Simplificado n\u00ba 004\/2025. O objetivo \u00e9 a contrata\u00e7\u00e3o tempor\u00e1ria de\u2026","rel":"","context":"Em &quot;Gar\u00e7a&quot;","block_context":{"text":"Gar\u00e7a","link":"https:\/\/diariodegarca.com\/?cat=781171664"},"img":{"alt_text":"","src":"https:\/\/i0.wp.com\/diariodegarca.com\/wp-content\/uploads\/2025\/11\/estudante-de-mulher-africana-bonita-jovem-descansando-relaxante-sentado-no-cafe-sorrindo-bebendo-cafe.jpg?fit=1200%2C800&ssl=1&resize=350%2C200","width":350,"height":200,"srcset":"https:\/\/i0.wp.com\/diariodegarca.com\/wp-content\/uploads\/2025\/11\/estudante-de-mulher-africana-bonita-jovem-descansando-relaxante-sentado-no-cafe-sorrindo-bebendo-cafe.jpg?fit=1200%2C800&ssl=1&resize=350%2C200 1x, https:\/\/i0.wp.com\/diariodegarca.com\/wp-content\/uploads\/2025\/11\/estudante-de-mulher-africana-bonita-jovem-descansando-relaxante-sentado-no-cafe-sorrindo-bebendo-cafe.jpg?fit=1200%2C800&ssl=1&resize=525%2C300 1.5x, https:\/\/i0.wp.com\/diariodegarca.com\/wp-content\/uploads\/2025\/11\/estudante-de-mulher-africana-bonita-jovem-descansando-relaxante-sentado-no-cafe-sorrindo-bebendo-cafe.jpg?fit=1200%2C800&ssl=1&resize=700%2C400 2x, https:\/\/i0.wp.com\/diariodegarca.com\/wp-content\/uploads\/2025\/11\/estudante-de-mulher-africana-bonita-jovem-descansando-relaxante-sentado-no-cafe-sorrindo-bebendo-cafe.jpg?fit=1200%2C800&ssl=1&resize=1050%2C600 3x"},"classes":[]},{"id":2421,"url":"https:\/\/diariodegarca.com\/?p=2421","url_meta":{"origin":2939,"position":1},"title":"Prefeitura abre inscri\u00e7\u00f5es para Processo Seletivo na Casa Abrigo Sollar","author":"Di\u00e1rio de Gar\u00e7a","date":"9 de abril de 2025","format":false,"excerpt":"A\u00a0Prefeitura de Gar\u00e7a, por meio da\u00a0Secretaria Municipal de Assist\u00eancia e Desenvolvimento Social, est\u00e1 com inscri\u00e7\u00f5es abertas para o\u00a0Processo Seletivo Simplificado n\u00ba 002\/2025, que visa formar um\u00a0Cadastro de Reserva\u00a0para atua\u00e7\u00e3o no\u00a0Servi\u00e7o de Acolhimento Institucional\u00a0da\u00a0Casa Abrigo Sollar. As oportunidades s\u00e3o para as fun\u00e7\u00f5es de\u00a0Cuidador Masculino, Cuidador Feminino, Auxiliar de Cuidador Feminino, Cozinheira\u2026","rel":"","context":"Em &quot;Brasil&quot;","block_context":{"text":"Brasil","link":"https:\/\/diariodegarca.com\/?cat=38185"},"img":{"alt_text":"","src":"https:\/\/i0.wp.com\/blogger.googleusercontent.com\/img\/b\/R29vZ2xl\/AVvXsEjh_SDe7qedEHZX8FtjRpMdKQ-x9l0oQLu1ijvigmfl19ilXL8-QPyc_s3KfjU0GIieujf0-8zTCNB6YWHi2Wl5TuuNbQ8UuWEo9RmkSPuxMAaTYXDZDMUOMpGcB2oYUMk_eMQfBABd9rVDJeroVtAEo2ARXfuD5iKsNyeLadHkbNdrv9pLOHBxtH86yXY\/s320\/female-chef-kitchen-sieving-flour-bowl.jpg?resize=350%2C200&ssl=1","width":350,"height":200},"classes":[]},{"id":2978,"url":"https:\/\/diariodegarca.com\/?p=2978","url_meta":{"origin":2939,"position":2},"title":"ONG Funda\u00e7\u00e3o EcoBrasil lan\u00e7a campanha para arrecada\u00e7\u00e3o de materiais de constru\u00e7\u00e3o","author":"Di\u00e1rio de Gar\u00e7a","date":"22 de janeiro de 2025","format":false,"excerpt":"A Funda\u00e7\u00e3o EcoBrasil, conhecida pelo cuidado e prote\u00e7\u00e3o de animais, est\u00e1 realizando uma campanha para ampliar o espa\u00e7o de seus abrigos.\u00a0A organiza\u00e7\u00e3o est\u00e1 arrecadando materiais de constru\u00e7\u00e3o, como areia, cal, tijolos, pedras ou qualquer item que possa ajudar na constru\u00e7\u00e3o de novas coberturas para os c\u00e3es acolhidos.De acordo com a\u2026","rel":"","context":"Em &quot;Brasil&quot;","block_context":{"text":"Brasil","link":"https:\/\/diariodegarca.com\/?cat=38185"},"img":{"alt_text":"","src":"","width":0,"height":0},"classes":[]},{"id":7032,"url":"https:\/\/diariodegarca.com\/?p=7032","url_meta":{"origin":2939,"position":3},"title":"Andr\u00e9 Luiz e Eco Brasil pedem ajuda para reconstruir estruturas danificadas com vendaval","author":"Di\u00e1rio de Gar\u00e7a","date":"23 de setembro de 2025","format":false,"excerpt":"Ap\u00f3s vendaval que atingiu a cidade no dia 22 de setembro, entidades de sa\u00fade e da causa animal, que dependem de doa\u00e7\u00f5es, enfrentam preju\u00edzos e buscam apoio da comunidade para reparos urgentes. O vendaval que atingiu a cidade de Gar\u00e7a na \u00faltima segunda-feira, 22 de setembro, deixou um rastro de\u2026","rel":"","context":"Em &quot;Causa animal&quot;","block_context":{"text":"Causa animal","link":"https:\/\/diariodegarca.com\/?cat=26891317"},"img":{"alt_text":"","src":"https:\/\/i0.wp.com\/diariodegarca.com\/wp-content\/uploads\/2025\/09\/553018645_18027172259729881_2569816032001276246_n.jpg?fit=843%2C509&ssl=1&resize=350%2C200","width":350,"height":200,"srcset":"https:\/\/i0.wp.com\/diariodegarca.com\/wp-content\/uploads\/2025\/09\/553018645_18027172259729881_2569816032001276246_n.jpg?fit=843%2C509&ssl=1&resize=350%2C200 1x, https:\/\/i0.wp.com\/diariodegarca.com\/wp-content\/uploads\/2025\/09\/553018645_18027172259729881_2569816032001276246_n.jpg?fit=843%2C509&ssl=1&resize=525%2C300 1.5x, https:\/\/i0.wp.com\/diariodegarca.com\/wp-content\/uploads\/2025\/09\/553018645_18027172259729881_2569816032001276246_n.jpg?fit=843%2C509&ssl=1&resize=700%2C400 2x"},"classes":[]},{"id":2543,"url":"https:\/\/diariodegarca.com\/?p=2543","url_meta":{"origin":2939,"position":4},"title":"Lions Clube de Gar\u00e7a promove campanha de P\u00e1scoa Solid\u00e1ria para crian\u00e7as","author":"Di\u00e1rio de Gar\u00e7a","date":"26 de mar\u00e7o de 2025","format":false,"excerpt":"Em uma iniciativa que une solidariedade e do\u00e7ura, o Lions Clube de Gar\u00e7a est\u00e1 arrecadando caixas de Bis para alegrar a P\u00e1scoa das crian\u00e7as do N\u00facleo de Educa\u00e7\u00e3o Infantil M\u00e1rio Manchini. A campanha, que segue at\u00e9 14 de abril, convida a comunidade a participar, seja por meio de doa\u00e7\u00f5es f\u00edsicas\u2026","rel":"","context":"Em &quot;Brasil&quot;","block_context":{"text":"Brasil","link":"https:\/\/diariodegarca.com\/?cat=38185"},"img":{"alt_text":"","src":"","width":0,"height":0},"classes":[]},{"id":4392,"url":"https:\/\/diariodegarca.com\/?p=4392","url_meta":{"origin":2939,"position":5},"title":"Junho Dourado refor\u00e7a a import\u00e2ncia da vacina\u00e7\u00e3o e dos cuidados com a sa\u00fade animal","author":"Di\u00e1rio de Gar\u00e7a","date":"3 de julho de 2025","format":false,"excerpt":"M\u00eas \u00e9 dedicado \u00e0 conscientiza\u00e7\u00e3o sobre o bem-estar dos pets, preven\u00e7\u00e3o de zoonoses e refor\u00e7o da vacina\u00e7\u00e3o como ferramenta essencial \u00e0 sa\u00fade p\u00fablica e animal Um m\u00eas pela sa\u00fade dos animais O Junho Dourado \u00e9 uma campanha nacional voltada \u00e0 conscientiza\u00e7\u00e3o sobre a sa\u00fade animal, com \u00eanfase na vacina\u00e7\u00e3o, preven\u00e7\u00e3o\u2026","rel":"","context":"Em &quot;Brasil&quot;","block_context":{"text":"Brasil","link":"https:\/\/diariodegarca.com\/?cat=38185"},"img":{"alt_text":"","src":"https:\/\/i0.wp.com\/diariodegarca.com\/wp-content\/uploads\/2025\/07\/visao-de-gatos-e-caes-sendo-amigos-e1751484548616.jpg?fit=1200%2C982&ssl=1&resize=350%2C200","width":350,"height":200,"srcset":"https:\/\/i0.wp.com\/diariodegarca.com\/wp-content\/uploads\/2025\/07\/visao-de-gatos-e-caes-sendo-amigos-e1751484548616.jpg?fit=1200%2C982&ssl=1&resize=350%2C200 1x, https:\/\/i0.wp.com\/diariodegarca.com\/wp-content\/uploads\/2025\/07\/visao-de-gatos-e-caes-sendo-amigos-e1751484548616.jpg?fit=1200%2C982&ssl=1&resize=525%2C300 1.5x, https:\/\/i0.wp.com\/diariodegarca.com\/wp-content\/uploads\/2025\/07\/visao-de-gatos-e-caes-sendo-amigos-e1751484548616.jpg?fit=1200%2C982&ssl=1&resize=700%2C400 2x, https:\/\/i0.wp.com\/diariodegarca.com\/wp-content\/uploads\/2025\/07\/visao-de-gatos-e-caes-sendo-amigos-e1751484548616.jpg?fit=1200%2C982&ssl=1&resize=1050%2C600 3x"},"classes":[]}],"_links":{"self":[{"href":"https:\/\/diariodegarca.com\/index.php?rest_route=\/wp\/v2\/posts\/2939","targetHints":{"allow":["GET"]}}],"collection":[{"href":"https:\/\/diariodegarca.com\/index.php?rest_route=\/wp\/v2\/posts"}],"about":[{"href":"https:\/\/diariodegarca.com\/index.php?rest_route=\/wp\/v2\/types\/post"}],"author":[{"embeddable":true,"href":"https:\/\/diariodegarca.com\/index.php?rest_route=\/wp\/v2\/users\/260896546"}],"replies":[{"embeddable":true,"href":"https:\/\/diariodegarca.com\/index.php?rest_route=%2Fwp%2Fv2%2Fcomments&post=2939"}],"version-history":[{"count":0,"href":"https:\/\/diariodegarca.com\/index.php?rest_route=\/wp\/v2\/posts\/2939\/revisions"}],"wp:attachment":[{"href":"https:\/\/diariodegarca.com\/index.php?rest_route=%2Fwp%2Fv2%2Fmedia&parent=2939"}],"wp:term":[{"taxonomy":"category","embeddable":true,"href":"https:\/\/diariodegarca.com\/index.php?rest_route=%2Fwp%2Fv2%2Fcategories&post=2939"},{"taxonomy":"post_tag","embeddable":true,"href":"https:\/\/diariodegarca.com\/index.php?rest_route=%2Fwp%2Fv2%2Ftags&post=2939"}],"curies":[{"name":"wp","href":"https:\/\/api.w.org\/{rel}","templated":true}]}}