{"id":2940,"date":"2025-01-28T18:45:00","date_gmt":"2025-01-28T18:45:00","guid":{"rendered":"https:\/\/diariodegarca.com\/2025\/01\/28\/mutirao-de-emprego-em-pirajui-oferece-vagas-para-diversas-areas\/"},"modified":"2025-01-28T18:45:00","modified_gmt":"2025-01-28T18:45:00","slug":"mutirao-de-emprego-em-pirajui-oferece-vagas-para-diversas-areas","status":"publish","type":"post","link":"https:\/\/diariodegarca.com\/?p=2940","title":{"rendered":"Mutir\u00e3o de Emprego em Piraju\u00ed oferece vagas para diversas \u00e1reas"},"content":{"rendered":"<p><div class=\"separator\" style=\"clear: both;text-align: center\">\n  <a href=\"https:\/\/blogger.googleusercontent.com\/img\/a\/AVvXsEiBX3WfUpqnLDK5hKtnDcY7Umg3zzDNnot4Q0lJ09NGjEF2BhcUXQvd-SN29V0o-97yMAN-JxfrFqUyTT7AhL1fykcJum9OCVkzO3FSgzHwxsYKL-XgkPyY59f7x7tH6dU7Df6qQ5TSpVoJImbmBORnjgaScpBhn76VVcceVxlADqKRsZs2k7Cuz5r9Ay0\" style=\"margin-left: 1em;margin-right: 1em\"><br \/>\n    <img decoding=\"async\" border=\"0\" src=\"https:\/\/blogger.googleusercontent.com\/img\/a\/AVvXsEiBX3WfUpqnLDK5hKtnDcY7Umg3zzDNnot4Q0lJ09NGjEF2BhcUXQvd-SN29V0o-97yMAN-JxfrFqUyTT7AhL1fykcJum9OCVkzO3FSgzHwxsYKL-XgkPyY59f7x7tH6dU7Df6qQ5TSpVoJImbmBORnjgaScpBhn76VVcceVxlADqKRsZs2k7Cuz5r9Ay0\" width=\"400\"><br \/>\n  <\/a>\n<\/div>\n<p><\/p>\n<p>A Central Servi\u00e7os, em parceria com a Prefeitura de Piraju\u00ed, promove nesta quarta-feira (29\/01) um Mutir\u00e3o de Emprego com diversas oportunidades para quem busca uma coloca\u00e7\u00e3o no mercado de trabalho.<\/p>\n<p>O evento acontecer\u00e1 na Rua Quintino Bocai\u00fava, 445, em frente ao SAMU e ao lado do Tiro de Guerra, das 13h \u00e0s 15h. Os interessados devem levar o curr\u00edculo impresso e o RG para participar do processo de sele\u00e7\u00e3o.<\/p>\n<p>Entre as vagas dispon\u00edveis est\u00e3o:<\/p>\n<ul>\n<li>Auxiliar Administrativo<\/li>\n<li>Auxiliar de Desenvolvimento Infantil<\/li>\n<li>Auxiliar de Limpeza<\/li>\n<li>Monitor Escolar<\/li>\n<li>Manipulador de Alimentos<\/li>\n<li>Controlador de Acesso<\/li>\n<li>Sepultador<\/li>\n<\/ul>\n<p>Essa \u00e9 uma grande chance para quem est\u00e1 em busca de trabalho. N\u00e3o deixe de compartilhar com amigos e familiares que possam se interessar.<\/p>\n<div>\n<div><\/div>\n<div><\/div>\n<\/div>\n","protected":false},"excerpt":{"rendered":"<p>A Central Servi\u00e7os, em parceria com a Prefeitura de Piraju\u00ed, promove nesta quarta-feira (29\/01) um Mutir\u00e3o de Emprego com diversas oportunidades para quem busca uma coloca\u00e7\u00e3o no mercado de trabalho. O evento acontecer\u00e1 na Rua Quintino Bocai\u00fava, 445, em frente ao SAMU e ao lado do Tiro de Guerra, das 13h \u00e0s 15h. Os interessados [&hellip;]<\/p>\n","protected":false},"author":260896546,"featured_media":0,"comment_status":"open","ping_status":"open","sticky":false,"template":"","format":"standard","meta":{"_monsterinsights_skip_tracking":false,"advanced_seo_description":"","jetpack_seo_html_title":"","jetpack_seo_noindex":false,"jetpack_seo_schema_type":"","_jetpack_newsletter_access":"","_jetpack_dont_email_post_to_subs":false,"_jetpack_newsletter_tier_id":0,"_jetpack_memberships_contains_paywalled_content":false,"_wpcom_ai_launchpad_first_post":false,"_jetpack_feature_clip_id":0,"_jetpack_memberships_contains_paid_content":false,"footnotes":"","jetpack_publicize_message":"{title}\n\n{excerpt}\n\n{url}","jetpack_publicize_feature_enabled":true,"jetpack_social_post_already_shared":false,"jetpack_social_options":{"image_generator_settings":{"template":"fullscreen","default_image_id":0,"font":"","enabled":false},"version":2},"_wpas_customize_per_network":false,"jetpack_post_was_ever_published":false},"categories":[38185],"tags":[781171830,781171807],"class_list":["post-2940","post","type-post","status-publish","format-standard","hentry","category-brasil","tag-pirajui","tag-vagas"],"jetpack_publicize_connections":[],"jetpack_likes_enabled":true,"jetpack_sharing_enabled":true,"jetpack_shortlink":"https:\/\/wp.me\/pgitne-Lq","jetpack-related-posts":[{"id":2962,"url":"https:\/\/diariodegarca.com\/?p=2962","url_meta":{"origin":2940,"position":0},"title":"Combate \u00e0 Dengue: Prefeituras intensificam a\u00e7\u00f5es na regi\u00e3o e convocam popula\u00e7\u00e3o para ajudar","author":"Di\u00e1rio de Gar\u00e7a","date":"24 de janeiro de 2025","format":false,"excerpt":"A luta contra a dengue segue como prioridade em diversas cidades da regi\u00e3o. Com o objetivo de eliminar focos do mosquito Aedes aegypti, transmissor da doen\u00e7a, as prefeituras t\u00eam promovido mutir\u00f5es de limpeza e atividades educativas.\u00a0Confira o calend\u00e1rio de a\u00e7\u00f5es e saiba como voc\u00ea pode contribuir:Lucian\u00f3polis- \"Mutir\u00e3o de Limpeza\"No s\u00e1bado,\u2026","rel":"","context":"Em &quot;Brasil&quot;","block_context":{"text":"Brasil","link":"https:\/\/diariodegarca.com\/?cat=38185"},"img":{"alt_text":"","src":"","width":0,"height":0},"classes":[]},{"id":3856,"url":"https:\/\/diariodegarca.com\/?p=3856","url_meta":{"origin":2940,"position":1},"title":"Prefeitura de Piraju\u00ed abre processo seletivo para cadastro de reserva na educa\u00e7\u00e3o","author":"Di\u00e1rio de Gar\u00e7a","date":"10 de junho de 2025","format":false,"excerpt":"Inscri\u00e7\u00f5es foram prorrogadas at\u00e9 19 de junho; sal\u00e1rios chegam a R$ 3.650,82 A Prefeitura de Piraju\u00ed publicou nesta semana o\u00a0Edital n\u00ba 01\/2025\u00a0para um Processo Seletivo com 7 vagas tempor\u00e1rias na \u00e1rea educacional. As oportunidades s\u00e3o para os cargos de\u00a0Professor de Educa\u00e7\u00e3o Infantil, Educa\u00e7\u00e3o B\u00e1sica I, e Educa\u00e7\u00e3o B\u00e1sica II\u00a0(Arte, Educa\u00e7\u00e3o\u2026","rel":"","context":"Em &quot;Educa\u00e7\u00e3o&quot;","block_context":{"text":"Educa\u00e7\u00e3o","link":"https:\/\/diariodegarca.com\/?cat=17964"},"img":{"alt_text":"","src":"https:\/\/i0.wp.com\/diariodegarca.com\/wp-content\/uploads\/2025\/06\/36cb356a-5695-4b46-ad4d-ae7376391bbf.jpeg?fit=1200%2C800&ssl=1&resize=350%2C200","width":350,"height":200,"srcset":"https:\/\/i0.wp.com\/diariodegarca.com\/wp-content\/uploads\/2025\/06\/36cb356a-5695-4b46-ad4d-ae7376391bbf.jpeg?fit=1200%2C800&ssl=1&resize=350%2C200 1x, https:\/\/i0.wp.com\/diariodegarca.com\/wp-content\/uploads\/2025\/06\/36cb356a-5695-4b46-ad4d-ae7376391bbf.jpeg?fit=1200%2C800&ssl=1&resize=525%2C300 1.5x, https:\/\/i0.wp.com\/diariodegarca.com\/wp-content\/uploads\/2025\/06\/36cb356a-5695-4b46-ad4d-ae7376391bbf.jpeg?fit=1200%2C800&ssl=1&resize=700%2C400 2x, https:\/\/i0.wp.com\/diariodegarca.com\/wp-content\/uploads\/2025\/06\/36cb356a-5695-4b46-ad4d-ae7376391bbf.jpeg?fit=1200%2C800&ssl=1&resize=1050%2C600 3x"},"classes":[]},{"id":2655,"url":"https:\/\/diariodegarca.com\/?p=2655","url_meta":{"origin":2940,"position":2},"title":"Prefeituras da regi\u00e3o intensificam a\u00e7\u00f5es contra a dengue e chikungunya","author":"Di\u00e1rio de Gar\u00e7a","date":"10 de mar\u00e7o de 2025","format":false,"excerpt":"Em meio ao aumento de casos de dengue e chikungunya na regi\u00e3o, as prefeituras locais est\u00e3o refor\u00e7ando as a\u00e7\u00f5es de combate ao mosquito Aedes aegypti. Na \u00faltima semana, Tup\u00e3 confirmou a segunda morte por chikungunya, enquanto Mar\u00edlia registrou a quinta morte por dengue. Diante desse cen\u00e1rio, os munic\u00edpios t\u00eam adotado\u2026","rel":"","context":"Em &quot;Brasil&quot;","block_context":{"text":"Brasil","link":"https:\/\/diariodegarca.com\/?cat=38185"},"img":{"alt_text":"","src":"","width":0,"height":0},"classes":[]},{"id":2975,"url":"https:\/\/diariodegarca.com\/?p=2975","url_meta":{"origin":2940,"position":3},"title":"Piraju\u00ed abre inscri\u00e7\u00f5es para atividades com crian\u00e7as e adolescentes no CRAS","author":"Di\u00e1rio de Gar\u00e7a","date":"23 de janeiro de 2025","format":false,"excerpt":"A Prefeitura de Piraju\u00ed divulgou que est\u00e3o abertas as inscri\u00e7\u00f5es para o Servi\u00e7o de Conviv\u00eancia e Fortalecimento de V\u00ednculos, voltado a crian\u00e7as e adolescentes com idades entre 6 e 15 anos.\u00a0A iniciativa busca proporcionar momentos de aprendizado, socializa\u00e7\u00e3o e lazer para os jovens do munic\u00edpio.As inscri\u00e7\u00f5es podem ser realizadas de\u2026","rel":"","context":"Em &quot;Brasil&quot;","block_context":{"text":"Brasil","link":"https:\/\/diariodegarca.com\/?cat=38185"},"img":{"alt_text":"","src":"","width":0,"height":0},"classes":[]},{"id":8609,"url":"https:\/\/diariodegarca.com\/?p=8609","url_meta":{"origin":2940,"position":4},"title":"Curso em Piraju\u00ed ensina card\u00e1pio completo para um Natal saboroso e diferenciado","author":"Andreza Sega","date":"10 de novembro de 2025","format":false,"excerpt":"Com duas turmas e card\u00e1pios distintos, iniciativa qualifica participantes com receitas que v\u00e3o desde pratos principais at\u00e9 sobremesas t\u00edpicas da ceia. Moradores de Piraju\u00ed ter\u00e3o a oportunidade de aprender a preparar receitas exclusivas para as festas de fim de ano. A Secretaria Municipal de Assist\u00eancia Social est\u00e1 com inscri\u00e7\u00f5es abertas\u2026","rel":"","context":"Em &quot;Curso&quot;","block_context":{"text":"Curso","link":"https:\/\/diariodegarca.com\/?cat=36947"},"img":{"alt_text":"","src":"https:\/\/i0.wp.com\/diariodegarca.com\/wp-content\/uploads\/2025\/11\/familia-de-tiro-medio-cozinhando-pizza-deliciosa.jpg?fit=1200%2C800&ssl=1&resize=350%2C200","width":350,"height":200,"srcset":"https:\/\/i0.wp.com\/diariodegarca.com\/wp-content\/uploads\/2025\/11\/familia-de-tiro-medio-cozinhando-pizza-deliciosa.jpg?fit=1200%2C800&ssl=1&resize=350%2C200 1x, https:\/\/i0.wp.com\/diariodegarca.com\/wp-content\/uploads\/2025\/11\/familia-de-tiro-medio-cozinhando-pizza-deliciosa.jpg?fit=1200%2C800&ssl=1&resize=525%2C300 1.5x, https:\/\/i0.wp.com\/diariodegarca.com\/wp-content\/uploads\/2025\/11\/familia-de-tiro-medio-cozinhando-pizza-deliciosa.jpg?fit=1200%2C800&ssl=1&resize=700%2C400 2x, https:\/\/i0.wp.com\/diariodegarca.com\/wp-content\/uploads\/2025\/11\/familia-de-tiro-medio-cozinhando-pizza-deliciosa.jpg?fit=1200%2C800&ssl=1&resize=1050%2C600 3x"},"classes":[]},{"id":2716,"url":"https:\/\/diariodegarca.com\/?p=2716","url_meta":{"origin":2940,"position":5},"title":"Adolescente de 16 anos \u00e9 preso por homic\u00eddio em Piraju\u00ed ap\u00f3s fugir para Santa Ad\u00e9lia","author":"Di\u00e1rio de Gar\u00e7a","date":"2 de mar\u00e7o de 2025","format":false,"excerpt":"Um adolescente de 16 anos, procurado pela Pol\u00edcia Civil por ter cometido um homic\u00eddio no dia 1\u00ba de fevereiro em Piraju\u00ed, foi detido na sexta-feira, dia 28 de fevereiro, no distrito de Urura\u00ed, em Santa Ad\u00e9lia (SP).\u00a0O jovem, que estava foragido desde o crime, foi localizado por agentes policiais e\u2026","rel":"","context":"Em &quot;Brasil&quot;","block_context":{"text":"Brasil","link":"https:\/\/diariodegarca.com\/?cat=38185"},"img":{"alt_text":"","src":"","width":0,"height":0},"classes":[]}],"jetpack_featured_media_url":"","_links":{"self":[{"href":"https:\/\/diariodegarca.com\/index.php?rest_route=\/wp\/v2\/posts\/2940","targetHints":{"allow":["GET"]}}],"collection":[{"href":"https:\/\/diariodegarca.com\/index.php?rest_route=\/wp\/v2\/posts"}],"about":[{"href":"https:\/\/diariodegarca.com\/index.php?rest_route=\/wp\/v2\/types\/post"}],"author":[{"embeddable":true,"href":"https:\/\/diariodegarca.com\/index.php?rest_route=\/wp\/v2\/users\/260896546"}],"replies":[{"embeddable":true,"href":"https:\/\/diariodegarca.com\/index.php?rest_route=%2Fwp%2Fv2%2Fcomments&post=2940"}],"version-history":[{"count":0,"href":"https:\/\/diariodegarca.com\/index.php?rest_route=\/wp\/v2\/posts\/2940\/revisions"}],"wp:attachment":[{"href":"https:\/\/diariodegarca.com\/index.php?rest_route=%2Fwp%2Fv2%2Fmedia&parent=2940"}],"wp:term":[{"taxonomy":"category","embeddable":true,"href":"https:\/\/diariodegarca.com\/index.php?rest_route=%2Fwp%2Fv2%2Fcategories&post=2940"},{"taxonomy":"post_tag","embeddable":true,"href":"https:\/\/diariodegarca.com\/index.php?rest_route=%2Fwp%2Fv2%2Ftags&post=2940"}],"curies":[{"name":"wp","href":"https:\/\/api.w.org\/{rel}","templated":true}]}}