{"id":2949,"date":"2025-01-27T12:15:00","date_gmt":"2025-01-27T12:15:00","guid":{"rendered":"https:\/\/diariodegarca.com\/2025\/01\/27\/uft-abre-970-vagas-para-cursos-de-graduacao-gratuitos-ead\/"},"modified":"2025-01-27T12:15:00","modified_gmt":"2025-01-27T12:15:00","slug":"uft-abre-970-vagas-para-cursos-de-graduacao-gratuitos-ead","status":"publish","type":"post","link":"https:\/\/diariodegarca.com\/?p=2949","title":{"rendered":"UFT abre 970 vagas para cursos de gradua\u00e7\u00e3o gratuitos EAD"},"content":{"rendered":"<p><div class=\"separator\" style=\"clear: both;text-align: center\">\n  <a href=\"https:\/\/blogger.googleusercontent.com\/img\/a\/AVvXsEg_IFcBdaaZEe1nGCPJDXqqvHQOhtOuN0FmYaXljkNLynEeSy_DDkLYxYUi7GqVMf5CwiuCAJHOq1-ySQ9XK3nw5OsCd5hXs-S5Nc_THyHevqvLulWL5MWBG6HbtRBkhLbHKxUASKqR84yNezwZlSPMRCRKo5YlSx8kiX87AnEJiGbmghVzAGouGnM0Txw\" style=\"margin-left: 1em;margin-right: 1em\"><br \/>\n    <img decoding=\"async\" border=\"0\" src=\"https:\/\/blogger.googleusercontent.com\/img\/a\/AVvXsEg_IFcBdaaZEe1nGCPJDXqqvHQOhtOuN0FmYaXljkNLynEeSy_DDkLYxYUi7GqVMf5CwiuCAJHOq1-ySQ9XK3nw5OsCd5hXs-S5Nc_THyHevqvLulWL5MWBG6HbtRBkhLbHKxUASKqR84yNezwZlSPMRCRKo5YlSx8kiX87AnEJiGbmghVzAGouGnM0Txw\" width=\"400\"><br \/>\n  <\/a>\n<\/div>\n<p><\/p>\n<p>A Universidade Federal do Tocantins (UFT) est\u00e1 com inscri\u00e7\u00f5es abertas para o preenchimento de 970 vagas em <strong>cursos de gradua\u00e7\u00e3o gratuitos na modalidade a dist\u00e2ncia (EAD)<\/strong>, oferecidos pelo programa Universidade Aberta do Brasil (UAB).<\/p>\n<p>Os cursos s\u00e3o voltados para pessoas que conclu\u00edram o ensino m\u00e9dio ou equivalente e t\u00eam disponibilidade para participar das atividades presenciais no polo escolhido.<\/p>\n<h3><strong>Cursos Dispon\u00edveis e Vagas<\/strong><\/h3>\n<ul>\n<li><strong>Matem\u00e1tica (Licenciatura)<\/strong> \u2013 150 vagas<\/li>\n<li><strong>Computa\u00e7\u00e3o (Licenciatura)<\/strong> \u2013 150 vagas<\/li>\n<li><strong>Qu\u00edmica (Licenciatura)<\/strong> \u2013 150 vagas<\/li>\n<li><strong>Tecnologia de Gest\u00e3o de Cooperativas (Tecn\u00f3logo)<\/strong> \u2013 100 vagas<\/li>\n<li><strong>Administra\u00e7\u00e3o P\u00fablica (Bacharelado)<\/strong> \u2013 150 vagas<\/li>\n<li><strong>Biologia (Licenciatura)<\/strong> \u2013 150 vagas<\/li>\n<li><strong>F\u00edsica (Licenciatura)<\/strong> \u2013 120 vagas<\/li>\n<\/ul>\n<h3><strong>Inscri\u00e7\u00f5es e Processo Seletivo<\/strong><\/h3>\n<p>As inscri\u00e7\u00f5es est\u00e3o abertas at\u00e9 as <strong>17h do dia 10 de fevereiro de 2025<\/strong> e podem ser realizadas pelo site oficial da UFT:<br \/>\n\ud83d\udc49 <a href=\"https:\/\/www.uft.edu.br\/concursos-e-selecoes\/ingresso-na-graduacao\/psac\/psac-ead-2025-1\">Inscreva-se e acesse o edital<\/a>.<\/p>\n<p>A <strong>taxa de inscri\u00e7\u00e3o \u00e9 de R$ 60<\/strong>, e a sele\u00e7\u00e3o ser\u00e1 feita com base na an\u00e1lise do Hist\u00f3rico Escolar do Ensino M\u00e9dio.<\/p>\n<p><strong>N\u00e3o perca essa oportunidade de cursar uma gradua\u00e7\u00e3o gratuita e ampliar suas perspectivas de carreira!<\/strong><\/p>\n","protected":false},"excerpt":{"rendered":"<p>A Universidade Federal do Tocantins (UFT) est\u00e1 com inscri\u00e7\u00f5es abertas para o preenchimento de 970 vagas em cursos de gradua\u00e7\u00e3o gratuitos na modalidade a dist\u00e2ncia (EAD), oferecidos pelo programa Universidade Aberta do Brasil (UAB). Os cursos s\u00e3o voltados para pessoas que conclu\u00edram o ensino m\u00e9dio ou equivalente e t\u00eam disponibilidade para participar das atividades presenciais [&hellip;]<\/p>\n","protected":false},"author":260896546,"featured_media":0,"comment_status":"open","ping_status":"open","sticky":false,"template":"","format":"standard","meta":{"_monsterinsights_skip_tracking":false,"advanced_seo_description":"","jetpack_seo_html_title":"","jetpack_seo_noindex":false,"jetpack_seo_schema_type":"","_jetpack_newsletter_access":"","_jetpack_dont_email_post_to_subs":false,"_jetpack_newsletter_tier_id":0,"_jetpack_memberships_contains_paywalled_content":false,"_wpcom_ai_launchpad_first_post":false,"_jetpack_feature_clip_id":0,"_jetpack_memberships_contains_paid_content":false,"footnotes":"","jetpack_publicize_message":"{title}\n\n{excerpt}\n\n{url}","jetpack_publicize_feature_enabled":true,"jetpack_social_post_already_shared":false,"jetpack_social_options":{"image_generator_settings":{"template":"fullscreen","default_image_id":0,"font":"","enabled":false},"version":2},"_wpas_customize_per_network":false,"jetpack_post_was_ever_published":false},"categories":[38185],"tags":[781171800,781171797,297035],"class_list":["post-2949","post","type-post","status-publish","format-standard","hentry","category-brasil","tag-curso","tag-educacao","tag-oportunidade"],"jetpack_publicize_connections":[],"jetpack_likes_enabled":true,"jetpack_sharing_enabled":true,"jetpack_shortlink":"https:\/\/wp.me\/pgitne-Lz","jetpack-related-posts":[{"id":2557,"url":"https:\/\/diariodegarca.com\/?p=2557","url_meta":{"origin":2949,"position":0},"title":"UESC abre inscri\u00e7\u00f5es para l\u00f3s-gradua\u00e7\u00e3o EaD em ensino de Filosofia","author":"Di\u00e1rio de Gar\u00e7a","date":"24 de mar\u00e7o de 2025","format":false,"excerpt":"A Universidade Estadual de Santa Cruz (UESC) est\u00e1 com inscri\u00e7\u00f5es abertas para o curso de P\u00f3s-Gradua\u00e7\u00e3o Lato Sensu em Ensino de Filosofia no Ensino M\u00e9dio, na modalidade Educa\u00e7\u00e3o a Dist\u00e2ncia (EaD). Com 150 vagas dispon\u00edveis em seis polos na Bahia, a especializa\u00e7\u00e3o \u00e9 destinada a professores da educa\u00e7\u00e3o b\u00e1sica que\u2026","rel":"","context":"Em &quot;Brasil&quot;","block_context":{"text":"Brasil","link":"https:\/\/diariodegarca.com\/?cat=38185"},"img":{"alt_text":"","src":"","width":0,"height":0},"classes":[]},{"id":2701,"url":"https:\/\/diariodegarca.com\/?p=2701","url_meta":{"origin":2949,"position":1},"title":"UFS abre inscri\u00e7\u00f5es para curso de extens\u00e3o em Educa\u00e7\u00e3o para Rela\u00e7\u00f5es \u00c9tnico-Raciais e Quilombolas","author":"Di\u00e1rio de Gar\u00e7a","date":"4 de mar\u00e7o de 2025","format":false,"excerpt":"A\u00a0Universidade Federal de Sergipe (UFS), por meio do\u00a0Centro de Educa\u00e7\u00e3o Superior a Dist\u00e2ncia (CESAD), em parceria com a\u00a0Universidade Aberta do Brasil (UAB), lan\u00e7ou o\u00a0Edital n\u00ba 12\/2025, que abre inscri\u00e7\u00f5es para o curso de extens\u00e3o\u00a0\"Forma\u00e7\u00e3o para Doc\u00eancia e Gest\u00e3o para a Educa\u00e7\u00e3o das Rela\u00e7\u00f5es \u00c9tnico-Raciais e Quilombolas\".O curso \u00e9 gratuito, realizado\u2026","rel":"","context":"Em &quot;Brasil&quot;","block_context":{"text":"Brasil","link":"https:\/\/diariodegarca.com\/?cat=38185"},"img":{"alt_text":"","src":"","width":0,"height":0},"classes":[]},{"id":2307,"url":"https:\/\/diariodegarca.com\/?p=2307","url_meta":{"origin":2949,"position":2},"title":"USP lan\u00e7a curso gratuito e EaD sobre quadrinhos como ferramenta de ensino de Hist\u00f3ria","author":"Di\u00e1rio de Gar\u00e7a","date":"20 de abril de 2025","format":false,"excerpt":"A Universidade de S\u00e3o Paulo (USP), refer\u00eancia em excel\u00eancia acad\u00eamica na Am\u00e9rica Latina, est\u00e1 com inscri\u00e7\u00f5es abertas para o curso \u201cQuadrinhos como Fontes Hist\u00f3ricas e Ferramentas para o Ensino de Hist\u00f3ria\u201d.\u00a0Gratuito e 100% on-line, o curso \u00e9 voltado a professores e estudantes de gradua\u00e7\u00e3o em Hist\u00f3ria. A proposta \u00e9 integrar\u2026","rel":"","context":"Em &quot;Brasil&quot;","block_context":{"text":"Brasil","link":"https:\/\/diariodegarca.com\/?cat=38185"},"img":{"alt_text":"","src":"","width":0,"height":0},"classes":[]},{"id":2907,"url":"https:\/\/diariodegarca.com\/?p=2907","url_meta":{"origin":2949,"position":3},"title":"Inscri\u00e7\u00f5es para o Vestibular 2025 da Univesp come\u00e7am nesta quinta-feira","author":"Di\u00e1rio de Gar\u00e7a","date":"3 de fevereiro de 2025","format":false,"excerpt":"A Universidade Virtual do Estado de S\u00e3o Paulo (Univesp) abrir\u00e1, nesta quinta-feira, dia 6 de fevereiro, as inscri\u00e7\u00f5es para o Vestibular 2025. Com mais de 22 mil vagas dispon\u00edveis, distribu\u00eddas em 432 polos em todo o Estado de S\u00e3o Paulo \u2014 incluindo capital, interior e litoral \u2014, a institui\u00e7\u00e3o reafirma\u2026","rel":"","context":"Em &quot;Brasil&quot;","block_context":{"text":"Brasil","link":"https:\/\/diariodegarca.com\/?cat=38185"},"img":{"alt_text":"","src":"","width":0,"height":0},"classes":[]},{"id":2207,"url":"https:\/\/diariodegarca.com\/?p=2207","url_meta":{"origin":2949,"position":4},"title":"Fiocruz abre inscri\u00e7\u00f5es para curso gratuito de Escrita Cient\u00edfica em formato EAD","author":"Di\u00e1rio de Gar\u00e7a","date":"4 de maio de 2025","format":false,"excerpt":"O Instituto Nacional de Controle de Qualidade em Sa\u00fade (INCQS\/Fiocruz) est\u00e1 com inscri\u00e7\u00f5es abertas para o curso de Escrita Cient\u00edfica, voltado para profissionais e p\u00f3s-graduandos da \u00e1rea de sa\u00fade e afins.\u00a0Com carga hor\u00e1ria de 40 horas, sendo 12h s\u00edncronas e 28h ass\u00edncronas, a capacita\u00e7\u00e3o ocorrer\u00e1 entre 19 de maio e\u2026","rel":"","context":"Em &quot;Brasil&quot;","block_context":{"text":"Brasil","link":"https:\/\/diariodegarca.com\/?cat=38185"},"img":{"alt_text":"","src":"","width":0,"height":0},"classes":[]},{"id":3000,"url":"https:\/\/diariodegarca.com\/?p=3000","url_meta":{"origin":2949,"position":5},"title":"Curso de Especializa\u00e7\u00e3o em Intelig\u00eancia e Inova\u00e7\u00e3o no Enfrentamento ao Crime Organizado","author":"Di\u00e1rio de Gar\u00e7a","date":"18 de janeiro de 2025","format":false,"excerpt":"O Minist\u00e9rio da Justi\u00e7a e Seguran\u00e7a P\u00fablica (MJSP), em parceria com a Universidade Federal de Santa Catarina (UFSC), oferece 250 vagas para o curso de especializa\u00e7\u00e3o lato sensu em Intelig\u00eancia e Inova\u00e7\u00e3o aplicadas no Enfrentamento ao Crime Organizado.Informa\u00e7\u00f5es Principais\ud83d\udccc Modalidade: Educa\u00e7\u00e3o a dist\u00e2ncia (EaD), com 360 horas divididas entre aulas\u2026","rel":"","context":"Em &quot;Brasil&quot;","block_context":{"text":"Brasil","link":"https:\/\/diariodegarca.com\/?cat=38185"},"img":{"alt_text":"","src":"","width":0,"height":0},"classes":[]}],"jetpack_featured_media_url":"","_links":{"self":[{"href":"https:\/\/diariodegarca.com\/index.php?rest_route=\/wp\/v2\/posts\/2949","targetHints":{"allow":["GET"]}}],"collection":[{"href":"https:\/\/diariodegarca.com\/index.php?rest_route=\/wp\/v2\/posts"}],"about":[{"href":"https:\/\/diariodegarca.com\/index.php?rest_route=\/wp\/v2\/types\/post"}],"author":[{"embeddable":true,"href":"https:\/\/diariodegarca.com\/index.php?rest_route=\/wp\/v2\/users\/260896546"}],"replies":[{"embeddable":true,"href":"https:\/\/diariodegarca.com\/index.php?rest_route=%2Fwp%2Fv2%2Fcomments&post=2949"}],"version-history":[{"count":0,"href":"https:\/\/diariodegarca.com\/index.php?rest_route=\/wp\/v2\/posts\/2949\/revisions"}],"wp:attachment":[{"href":"https:\/\/diariodegarca.com\/index.php?rest_route=%2Fwp%2Fv2%2Fmedia&parent=2949"}],"wp:term":[{"taxonomy":"category","embeddable":true,"href":"https:\/\/diariodegarca.com\/index.php?rest_route=%2Fwp%2Fv2%2Fcategories&post=2949"},{"taxonomy":"post_tag","embeddable":true,"href":"https:\/\/diariodegarca.com\/index.php?rest_route=%2Fwp%2Fv2%2Ftags&post=2949"}],"curies":[{"name":"wp","href":"https:\/\/api.w.org\/{rel}","templated":true}]}}