{"id":2952,"date":"2025-01-27T01:09:00","date_gmt":"2025-01-27T01:09:00","guid":{"rendered":"https:\/\/diariodegarca.com\/2025\/01\/27\/colisao-frontal-entre-veiculos-deixa-feridos-na-rodovia-sp-349\/"},"modified":"2025-01-27T01:09:00","modified_gmt":"2025-01-27T01:09:00","slug":"colisao-frontal-entre-veiculos-deixa-feridos-na-rodovia-sp-349","status":"publish","type":"post","link":"https:\/\/diariodegarca.com\/?p=2952","title":{"rendered":"Colis\u00e3o frontal entre ve\u00edculos deixa feridos na rodovia SP-349"},"content":{"rendered":"<div>\n<div class=\"separator\" style=\"clear: both;text-align: center\"><a href=\"https:\/\/i0.wp.com\/blogger.googleusercontent.com\/img\/b\/R29vZ2xl\/AVvXsEgiXHT9zqj9t4IktlPmTbhxUenDX5lrbwoZCwDttpXZMmChcUSOwSnHcLOeTmHxX5YSn7iY-9BiEBa_hMu2Q1L6sQKeEaUUOFyVMb9F2W8dTF7Oaf-MUhbeKJDqO96aU7dpzh5aehiin8QjGgDojgUZu_MVAuXKfFhHUdAziZ-2f6RUSCYzFBFsYCJx5GY\/s1142\/475152585_603009852595097_2029052077834070790_n.jpg?ssl=1\" style=\"margin-left: 1em;margin-right: 1em\"><img data-recalc-dims=\"1\" loading=\"lazy\" decoding=\"async\" border=\"0\" height=\"320\" src=\"https:\/\/i0.wp.com\/blogger.googleusercontent.com\/img\/b\/R29vZ2xl\/AVvXsEgiXHT9zqj9t4IktlPmTbhxUenDX5lrbwoZCwDttpXZMmChcUSOwSnHcLOeTmHxX5YSn7iY-9BiEBa_hMu2Q1L6sQKeEaUUOFyVMb9F2W8dTF7Oaf-MUhbeKJDqO96aU7dpzh5aehiin8QjGgDojgUZu_MVAuXKfFhHUdAziZ-2f6RUSCYzFBFsYCJx5GY\/s320\/475152585_603009852595097_2029052077834070790_n.jpg?resize=269%2C320&#038;ssl=1\" width=\"269\" \/><\/a><\/div>\n<p dir=\"ltr\">Na noite de domingo, 26 de janeiro, por volta das 18h, um grave acidente foi registrado na Rodovia Prefeito Francisco de Assis Bosqu\u00ea, SP-349, que liga Gar\u00e7a a \u00c1lvaro de Carvalho. Dois ve\u00edculos, um Toyota HAV4 de cor branca e um Chevrolet Vectra de cor grafite, colidiram frontalmente.<\/p>\n<p dir=\"ltr\">O Corpo de Bombeiros de Gar\u00e7a foi acionado e prestou atendimento imediato \u00e0s v\u00edtimas, que foram encaminhadas para a Unidade de Pronto Atendimento (UPA) de Gar\u00e7a. <\/p>\n<p dir=\"ltr\">Segundo apura\u00e7\u00e3o da p\u00e1gina &#8220;<a href=\"https:\/\/www.facebook.com\/PortaldeNoticiasdeGarca\" target=\"_blank\">Portal de Not\u00edcias de Gar\u00e7a<\/a>&#8220;, as v\u00edtimas estavam machucadas, mas n\u00e3o corriam risco de morte.<\/p>\n<p dir=\"ltr\">A rodovia ficou parcialmente interditada durante o atendimento, gerando leve lentid\u00e3o no tr\u00e2nsito. <\/p>\n<p dir=\"ltr\">As causas do acidente ainda ser\u00e3o investigadas pelas autoridades competentes.<\/p>\n<\/div>\n<div class=\"separator\" style=\"clear: both;text-align: center\"><a href=\"https:\/\/i0.wp.com\/blogger.googleusercontent.com\/img\/b\/R29vZ2xl\/AVvXsEi-19yXr0F3yT4U1Ew4TSsU9-cb5cltOpb1FS8lkfigr1gB5PJ-WLfpwHwt-7ocUlD5L-I8DaCIyFPszFB7qY0JlgJ58m1kci1A58TSU47P14mKttYb_RKoHQ3EO8sqsbmK9EAiNpzl0taCQ9DYfSqwPbEfZOcxNA1XjOacfb6JICGE6BPG1zp6abhq-ZY\/s1133\/475117595_603009882595094_4956336173026645991_n.jpg?ssl=1\" style=\"margin-left: 1em;margin-right: 1em\"><img data-recalc-dims=\"1\" loading=\"lazy\" decoding=\"async\" border=\"0\" height=\"320\" src=\"https:\/\/i0.wp.com\/blogger.googleusercontent.com\/img\/b\/R29vZ2xl\/AVvXsEi-19yXr0F3yT4U1Ew4TSsU9-cb5cltOpb1FS8lkfigr1gB5PJ-WLfpwHwt-7ocUlD5L-I8DaCIyFPszFB7qY0JlgJ58m1kci1A58TSU47P14mKttYb_RKoHQ3EO8sqsbmK9EAiNpzl0taCQ9DYfSqwPbEfZOcxNA1XjOacfb6JICGE6BPG1zp6abhq-ZY\/s320\/475117595_603009882595094_4956336173026645991_n.jpg?resize=273%2C320&#038;ssl=1\" width=\"273\" \/><\/a><\/div>\n<p><\/p>\n","protected":false},"excerpt":{"rendered":"<p>Na noite de domingo, 26 de janeiro, por volta das 18h, um grave acidente foi registrado na Rodovia Prefeito Francisco de Assis Bosqu\u00ea, SP-349, que liga Gar\u00e7a a \u00c1lvaro de Carvalho. Dois ve\u00edculos, um Toyota HAV4 de cor branca e um Chevrolet Vectra de cor grafite, colidiram frontalmente. O Corpo de Bombeiros de Gar\u00e7a foi [&hellip;]<\/p>\n","protected":false},"author":260896546,"featured_media":0,"comment_status":"open","ping_status":"open","sticky":false,"template":"","format":"standard","meta":{"_crdt_document":"","_monsterinsights_skip_tracking":false,"_monsterinsights_sitenote_active":false,"_monsterinsights_sitenote_note":"","_monsterinsights_sitenote_category":0,"advanced_seo_description":"","jetpack_seo_html_title":"","jetpack_seo_noindex":false,"_jetpack_newsletter_access":"","_jetpack_dont_email_post_to_subs":false,"_jetpack_newsletter_tier_id":0,"_jetpack_memberships_contains_paywalled_content":false,"_jetpack_memberships_contains_paid_content":false,"footnotes":"","jetpack_publicize_message":"","jetpack_publicize_feature_enabled":true,"jetpack_social_post_already_shared":false,"jetpack_social_options":{"image_generator_settings":{"template":"fullscreen","default_image_id":0,"font":"","enabled":false},"version":2},"_wpas_customize_per_network":false,"jetpack_post_was_ever_published":false},"categories":[38185],"tags":[387583,781171834,781171801],"class_list":["post-2952","post","type-post","status-publish","format-standard","hentry","category-brasil","tag-acidente","tag-alvaro-de-carvalho","tag-brasil"],"jetpack_publicize_connections":[],"jetpack_featured_media_url":"","jetpack_likes_enabled":true,"jetpack_sharing_enabled":true,"jetpack_shortlink":"https:\/\/wp.me\/pgitne-LC","jetpack-related-posts":[{"id":5099,"url":"https:\/\/diariodegarca.com\/?p=5099","url_meta":{"origin":2952,"position":0},"title":"Pol\u00edcia Militar prende homem por tr\u00e1fico e recuperam ve\u00edculo furtado em Gar\u00e7a","author":"Di\u00e1rio de Gar\u00e7a","date":"28 de julho de 2025","format":false,"excerpt":"Durante abordagem na SP 349, equipe do 9\u00b0 BPMI encontrou drogas e celulares no carro, que havia sido roubado na cidade; condutor foi detido. Na tarde deste domingo, 27 de julho, agentes do 9\u00b0 Batalh\u00e3o de Pol\u00edcia Militar do Interior (9\u00b0 BPMI) prenderam um homem por tr\u00e1fico de drogas e\u2026","rel":"","context":"Em &quot;Gar\u00e7a&quot;","block_context":{"text":"Gar\u00e7a","link":"https:\/\/diariodegarca.com\/?cat=781171664"},"img":{"alt_text":"","src":"https:\/\/i0.wp.com\/diariodegarca.com\/wp-content\/uploads\/2025\/07\/domingo-27-policias-militares-do-9c2b0-batalhao-de-policia-militar-do-interior-prenderam-um-hom-2.heic?fit=1080%2C566&ssl=1&resize=350%2C200","width":350,"height":200,"srcset":"https:\/\/i0.wp.com\/diariodegarca.com\/wp-content\/uploads\/2025\/07\/domingo-27-policias-militares-do-9c2b0-batalhao-de-policia-militar-do-interior-prenderam-um-hom-2.heic?fit=1080%2C566&ssl=1&resize=350%2C200 1x, https:\/\/i0.wp.com\/diariodegarca.com\/wp-content\/uploads\/2025\/07\/domingo-27-policias-militares-do-9c2b0-batalhao-de-policia-militar-do-interior-prenderam-um-hom-2.heic?fit=1080%2C566&ssl=1&resize=525%2C300 1.5x, https:\/\/i0.wp.com\/diariodegarca.com\/wp-content\/uploads\/2025\/07\/domingo-27-policias-militares-do-9c2b0-batalhao-de-policia-militar-do-interior-prenderam-um-hom-2.heic?fit=1080%2C566&ssl=1&resize=700%2C400 2x, https:\/\/i0.wp.com\/diariodegarca.com\/wp-content\/uploads\/2025\/07\/domingo-27-policias-militares-do-9c2b0-batalhao-de-policia-militar-do-interior-prenderam-um-hom-2.heic?fit=1080%2C566&ssl=1&resize=1050%2C600 3x"},"classes":[]},{"id":2872,"url":"https:\/\/diariodegarca.com\/?p=2872","url_meta":{"origin":2952,"position":1},"title":"Colapso de galeria provoca eros\u00e3o e interdita acesso a Gar\u00e7a","author":"Di\u00e1rio de Gar\u00e7a","date":"8 de fevereiro de 2025","format":false,"excerpt":"Um trecho da rodovia Ant\u00f4nio Marang\u00e3o (SP-349), principal via de acesso a Gar\u00e7a, foi parcialmente interditado pelo Departamento de Estradas de Rodagem (DER) ap\u00f3s o colapso de uma galeria de \u00e1guas pluviais. O problema, identificado h\u00e1 mais de um m\u00eas, se agravou com as chuvas da \u00faltima semana, causando uma\u2026","rel":"","context":"Em &quot;Brasil&quot;","block_context":{"text":"Brasil","link":"https:\/\/diariodegarca.com\/?cat=38185"},"img":{"alt_text":"","src":"","width":0,"height":0},"classes":[]},{"id":9209,"url":"https:\/\/diariodegarca.com\/?p=9209","url_meta":{"origin":2952,"position":2},"title":"Homem suspeito de tentativa de feminic\u00eddio e viol\u00eancia sexual em Gar\u00e7a segue foragido","author":"Andreza Sega","date":"30 de novembro de 2025","format":false,"excerpt":"V\u00edtima foi atacada com faca e enforcada enquanto caminhava; pol\u00edcia busca agressor e pede que outras poss\u00edveis v\u00edtimas ou testemunhas prestem depoimento. As pol\u00edcias Civil e Militar da regi\u00e3o de Mar\u00edlia est\u00e3o em busca de um homem suspeito de tentar matar e possivelmente violentar sexualmente uma mulher, no \u00faltimo s\u00e1bado,\u2026","rel":"","context":"Em &quot;Gar\u00e7a&quot;","block_context":{"text":"Gar\u00e7a","link":"https:\/\/diariodegarca.com\/?cat=781171664"},"img":{"alt_text":"","src":"https:\/\/i0.wp.com\/diariodegarca.com\/wp-content\/uploads\/2025\/10\/SnapInsta.to_568632784_18321635047246526_6427962331807951485_n-e1761326290698.jpg?fit=1080%2C690&ssl=1&resize=350%2C200","width":350,"height":200,"srcset":"https:\/\/i0.wp.com\/diariodegarca.com\/wp-content\/uploads\/2025\/10\/SnapInsta.to_568632784_18321635047246526_6427962331807951485_n-e1761326290698.jpg?fit=1080%2C690&ssl=1&resize=350%2C200 1x, https:\/\/i0.wp.com\/diariodegarca.com\/wp-content\/uploads\/2025\/10\/SnapInsta.to_568632784_18321635047246526_6427962331807951485_n-e1761326290698.jpg?fit=1080%2C690&ssl=1&resize=525%2C300 1.5x, https:\/\/i0.wp.com\/diariodegarca.com\/wp-content\/uploads\/2025\/10\/SnapInsta.to_568632784_18321635047246526_6427962331807951485_n-e1761326290698.jpg?fit=1080%2C690&ssl=1&resize=700%2C400 2x, https:\/\/i0.wp.com\/diariodegarca.com\/wp-content\/uploads\/2025\/10\/SnapInsta.to_568632784_18321635047246526_6427962331807951485_n-e1761326290698.jpg?fit=1080%2C690&ssl=1&resize=1050%2C600 3x"},"classes":[]},{"id":7924,"url":"https:\/\/diariodegarca.com\/?p=7924","url_meta":{"origin":2952,"position":3},"title":"C\u00e2mara de Gar\u00e7a aprova leis de prote\u00e7\u00e3o a crian\u00e7as e transpar\u00eancia em medicamentos","author":"Di\u00e1rio de Gar\u00e7a","date":"22 de outubro de 2025","format":false,"excerpt":"Projetos de impacto foram aprovados por unanimidade, e requerimentos abordaram desde eros\u00e3o em rodovia at\u00e9 a inclus\u00e3o promovida pela APAE. A 34\u00aa Sess\u00e3o Ordin\u00e1ria da C\u00e2mara Municipal de Gar\u00e7a, presidida pela vereadora\u00a0Raquel Sartori (PL)\u00a0e realizada na \u00faltima segunda-feira, 20 de outubro, foi marcada pela aprova\u00e7\u00e3o de projetos de lei com\u2026","rel":"","context":"Em &quot;Gar\u00e7a&quot;","block_context":{"text":"Gar\u00e7a","link":"https:\/\/diariodegarca.com\/?cat=781171664"},"img":{"alt_text":"","src":"https:\/\/i0.wp.com\/diariodegarca.com\/wp-content\/uploads\/2025\/10\/568914168_1161387342807541_5678582075553018131_n-e1761157663572.jpg?fit=1080%2C695&ssl=1&resize=350%2C200","width":350,"height":200,"srcset":"https:\/\/i0.wp.com\/diariodegarca.com\/wp-content\/uploads\/2025\/10\/568914168_1161387342807541_5678582075553018131_n-e1761157663572.jpg?fit=1080%2C695&ssl=1&resize=350%2C200 1x, https:\/\/i0.wp.com\/diariodegarca.com\/wp-content\/uploads\/2025\/10\/568914168_1161387342807541_5678582075553018131_n-e1761157663572.jpg?fit=1080%2C695&ssl=1&resize=525%2C300 1.5x, https:\/\/i0.wp.com\/diariodegarca.com\/wp-content\/uploads\/2025\/10\/568914168_1161387342807541_5678582075553018131_n-e1761157663572.jpg?fit=1080%2C695&ssl=1&resize=700%2C400 2x, https:\/\/i0.wp.com\/diariodegarca.com\/wp-content\/uploads\/2025\/10\/568914168_1161387342807541_5678582075553018131_n-e1761157663572.jpg?fit=1080%2C695&ssl=1&resize=1050%2C600 3x"},"classes":[]},{"id":2844,"url":"https:\/\/diariodegarca.com\/?p=2844","url_meta":{"origin":2952,"position":4},"title":"Tr\u00eas acidentes graves marcam a tarde nas rodovias do Centro-Oeste Paulista","author":"Di\u00e1rio de Gar\u00e7a","date":"12 de fevereiro de 2025","format":false,"excerpt":"Na tarde desta quarta-feira, 12 de fevereiro, tr\u00eas acidentes foram registrados nas rodovias do Centro-Oeste Paulista, deixando um morto, dois feridos e causando transtornos no tr\u00e2nsito da regi\u00e3o. Os sinistros ocorreram nas rodovias Marechal Rondon (SP-300) e Comandante Jo\u00e3o Ribeiro de Barros (SP-225), ambas com trechos em Bauru (SP) e\u2026","rel":"","context":"Em &quot;Brasil&quot;","block_context":{"text":"Brasil","link":"https:\/\/diariodegarca.com\/?cat=38185"},"img":{"alt_text":"","src":"","width":0,"height":0},"classes":[]},{"id":2197,"url":"https:\/\/diariodegarca.com\/?p=2197","url_meta":{"origin":2952,"position":5},"title":"Rodovias sob gest\u00e3o da Eixo SP registram mais de 1,2 mil atendimentos durante o feriado do Dia do Trabalhador","author":"Di\u00e1rio de Gar\u00e7a","date":"6 de maio de 2025","format":false,"excerpt":"Durante o feriado prolongado do Dia do Trabalhador, a concession\u00e1ria Eixo SP realizou 1.230 atendimentos aos motoristas que trafegaram pelas 12 rodovias sob sua administra\u00e7\u00e3o. A opera\u00e7\u00e3o especial ocorreu entre os dias 30 de abril e 4 de maio e teve como foco a seguran\u00e7a vi\u00e1ria e a fluidez do\u2026","rel":"","context":"Em &quot;Brasil&quot;","block_context":{"text":"Brasil","link":"https:\/\/diariodegarca.com\/?cat=38185"},"img":{"alt_text":"","src":"","width":0,"height":0},"classes":[]}],"_links":{"self":[{"href":"https:\/\/diariodegarca.com\/index.php?rest_route=\/wp\/v2\/posts\/2952","targetHints":{"allow":["GET"]}}],"collection":[{"href":"https:\/\/diariodegarca.com\/index.php?rest_route=\/wp\/v2\/posts"}],"about":[{"href":"https:\/\/diariodegarca.com\/index.php?rest_route=\/wp\/v2\/types\/post"}],"author":[{"embeddable":true,"href":"https:\/\/diariodegarca.com\/index.php?rest_route=\/wp\/v2\/users\/260896546"}],"replies":[{"embeddable":true,"href":"https:\/\/diariodegarca.com\/index.php?rest_route=%2Fwp%2Fv2%2Fcomments&post=2952"}],"version-history":[{"count":0,"href":"https:\/\/diariodegarca.com\/index.php?rest_route=\/wp\/v2\/posts\/2952\/revisions"}],"wp:attachment":[{"href":"https:\/\/diariodegarca.com\/index.php?rest_route=%2Fwp%2Fv2%2Fmedia&parent=2952"}],"wp:term":[{"taxonomy":"category","embeddable":true,"href":"https:\/\/diariodegarca.com\/index.php?rest_route=%2Fwp%2Fv2%2Fcategories&post=2952"},{"taxonomy":"post_tag","embeddable":true,"href":"https:\/\/diariodegarca.com\/index.php?rest_route=%2Fwp%2Fv2%2Ftags&post=2952"}],"curies":[{"name":"wp","href":"https:\/\/api.w.org\/{rel}","templated":true}]}}