{"id":2955,"date":"2025-01-26T20:40:00","date_gmt":"2025-01-26T20:40:00","guid":{"rendered":"https:\/\/diariodegarca.com\/2025\/01\/26\/em-acao-contra-a-violencia-procon-sp-encontra-irregularidades-em-89-dos-restaurantes-de-fast-food\/"},"modified":"2025-01-26T20:40:00","modified_gmt":"2025-01-26T20:40:00","slug":"em-acao-contra-a-violencia-procon-sp-encontra-irregularidades-em-89-dos-restaurantes-de-fast-food","status":"publish","type":"post","link":"https:\/\/diariodegarca.com\/?p=2955","title":{"rendered":"Em a\u00e7\u00e3o contra a viol\u00eancia, Procon-SP encontra irregularidades em 89% dos restaurantes de fast food"},"content":{"rendered":"<div>\n  <a href=\"https:\/\/blogger.googleusercontent.com\/img\/a\/AVvXsEgfV2eLxc4ahvFTha8Aqs_tlDlhSQpK1IMxRTNE-D581PRWk6uy2mt41kkVMNWiV5CUeu8DLLYQ_K-uI6PJEs3p7AyYJqMZQ-g2BmcvVFvHr-K-5h5r0sOyfUBF0XaJibDWmfXN_Sc8JkTBbD3kTlaf0S543MrS_pDui0zqEBeLJnWz-OjrUmy1487bbD8\"><br \/>\n    <img decoding=\"async\" border=\"0\" src=\"https:\/\/blogger.googleusercontent.com\/img\/a\/AVvXsEgfV2eLxc4ahvFTha8Aqs_tlDlhSQpK1IMxRTNE-D581PRWk6uy2mt41kkVMNWiV5CUeu8DLLYQ_K-uI6PJEs3p7AyYJqMZQ-g2BmcvVFvHr-K-5h5r0sOyfUBF0XaJibDWmfXN_Sc8JkTBbD3kTlaf0S543MrS_pDui0zqEBeLJnWz-OjrUmy1487bbD8\" width=\"400\"><br \/>\n  <\/a>\n<\/div>\n<div><\/div>\n<div>Entre os dias 13 e 17 de janeiro, o Procon-SP realizou a <i>Opera\u00e7\u00e3o Fast Food<\/i>, fiscalizando <b>236 estabelecimentos <\/b>de comida r\u00e1pida em todo o estado de S\u00e3o Paulo. A a\u00e7\u00e3o revelou que<b> 89% dos locais visitados <\/b>(210 restaurantes) apresentavam irregularidades, sendo a principal delas o descumprimento do protocolo \u201c<b>N\u00e3o se Cale<\/b>\u201d, voltado \u00e0 preven\u00e7\u00e3o e combate \u00e0 viol\u00eancia contra a mulher.<\/div>\n<div><\/div>\n<div>A maior parte dos estabelecimentos n\u00e3o est\u00e1 adequadamente capacitada para aplicar o fluxo de a\u00e7\u00f5es previsto no protocolo, uma medida necess\u00e1ria para oferecer suporte a v\u00edtimas de ass\u00e9dio, abuso ou viol\u00eancia.<\/div>\n<div><\/div>\n<div><b>Capacita\u00e7\u00e3o obrigat\u00f3ria para profissionais do setor<\/b><\/div>\n<div>Em resposta \u00e0 necessidade de maior conscientiza\u00e7\u00e3o, a Secretaria de Pol\u00edticas para Mulheres do Estado de S\u00e3o Paulo, em parceria com a Univesp (Universidade Virtual do Estado de S\u00e3o Paulo), abriu inscri\u00e7\u00f5es para um curso de capacita\u00e7\u00e3o voltado a profissionais e estabelecimentos.<\/div>\n<div><\/div>\n<div>O treinamento, que \u00e9 <b>online<\/b> e de f\u00e1cil acesso, aborda de forma pr\u00e1tica como reconhecer e aplicar o protocolo \u201cN\u00e3o se Cale\u201d no cotidiano dos estabelecimentos. A forma\u00e7\u00e3o \u00e9 necess\u00e1ria para que os locais atendam \u00e0s regulamenta\u00e7\u00f5es das Leis n\u00ba 17.621 e 17.635, garantindo n\u00e3o apenas o cumprimento legal, mas tamb\u00e9m o reconhecimento do Governo do Estado como \u201c<b>Estabelecimento Amigo da Mulher<\/b>\u201d.<\/div>\n<div><\/div>\n<div>Os m\u00f3dulos foram desenvolvidos em colabora\u00e7\u00e3o com Secretarias de Estado, \u00f3rg\u00e3os p\u00fablicos e sociedade civil, sob a coordena\u00e7\u00e3o da Secretaria de Pol\u00edticas para a Mulher.<\/div>\n<div><\/div>\n<div>As inscri\u00e7\u00f5es podem ser feitas diretamente no site:<\/div>\n<div><a href=\"https:\/\/www.mulher.sp.gov.br\/naosecale\/\">https:\/\/www.mulher.sp.gov.br\/naosecale\/<\/a><\/div>\n<div><\/div>\n<div>Este \u00e9 um passo importante para promover um ambiente mais seguro e acolhedor nos restaurantes e outros estabelecimentos do setor, refor\u00e7ando a import\u00e2ncia de prevenir a viol\u00eancia contra a mulher de maneira efetiva e cont\u00ednua.<\/div>\n<div><\/div>\n<div><\/div>\n","protected":false},"excerpt":{"rendered":"<p>Entre os dias 13 e 17 de janeiro, o Procon-SP realizou a Opera\u00e7\u00e3o Fast Food, fiscalizando 236 estabelecimentos de comida r\u00e1pida em todo o estado de S\u00e3o Paulo. A a\u00e7\u00e3o revelou que 89% dos locais visitados (210 restaurantes) apresentavam irregularidades, sendo a principal delas o descumprimento do protocolo \u201cN\u00e3o se Cale\u201d, voltado \u00e0 preven\u00e7\u00e3o e [&hellip;]<\/p>\n","protected":false},"author":260896546,"featured_media":0,"comment_status":"open","ping_status":"open","sticky":false,"template":"","format":"standard","meta":{"_crdt_document":"","_monsterinsights_skip_tracking":false,"_monsterinsights_sitenote_active":false,"_monsterinsights_sitenote_note":"","_monsterinsights_sitenote_category":0,"advanced_seo_description":"","jetpack_seo_html_title":"","jetpack_seo_noindex":false,"_jetpack_newsletter_access":"","_jetpack_dont_email_post_to_subs":false,"_jetpack_newsletter_tier_id":0,"_jetpack_memberships_contains_paywalled_content":false,"_jetpack_memberships_contains_paid_content":false,"footnotes":"","jetpack_publicize_message":"","jetpack_publicize_feature_enabled":true,"jetpack_social_post_already_shared":false,"jetpack_social_options":{"image_generator_settings":{"template":"fullscreen","default_image_id":0,"font":"","enabled":false},"version":2},"_wpas_customize_per_network":false,"jetpack_post_was_ever_published":false},"categories":[38185],"tags":[781171797,948934,1036487],"class_list":["post-2955","post","type-post","status-publish","format-standard","hentry","category-brasil","tag-educacao","tag-procon","tag-seguranca-publica"],"jetpack_publicize_connections":[],"jetpack_featured_media_url":"","jetpack_likes_enabled":true,"jetpack_sharing_enabled":true,"jetpack_shortlink":"https:\/\/wp.me\/pgitne-LF","jetpack-related-posts":[{"id":6339,"url":"https:\/\/diariodegarca.com\/?p=6339","url_meta":{"origin":2955,"position":0},"title":"Procon-SP constata que 75% dos bares e casas de show n\u00e3o seguem protocolo de prote\u00e7\u00e3o \u00e0 mulher","author":"Di\u00e1rio de Gar\u00e7a","date":"4 de setembro de 2025","format":false,"excerpt":"iscaliza\u00e7\u00e3o da Opera\u00e7\u00e3o Agosto Lil\u00e1s encontrou irregularidades em 100 dos 131 estabelecimentos vistoriados em todo o estado; aus\u00eancia de cartazes e funcion\u00e1rios treinados foi a principal falha. Al\u00e9m de uma obriga\u00e7\u00e3o legal, especialistas e o \u00f3rg\u00e3o destacam que a ado\u00e7\u00e3o do \"Protocolo N\u00e3o se Cale\" agrega valor \u00e0 marca e\u2026","rel":"","context":"Em &quot;Bauru&quot;","block_context":{"text":"Bauru","link":"https:\/\/diariodegarca.com\/?cat=1357691"},"img":{"alt_text":"","src":"https:\/\/i0.wp.com\/diariodegarca.com\/wp-content\/uploads\/2025\/09\/dsc_1894.jpg?fit=1200%2C800&ssl=1&resize=350%2C200","width":350,"height":200,"srcset":"https:\/\/i0.wp.com\/diariodegarca.com\/wp-content\/uploads\/2025\/09\/dsc_1894.jpg?fit=1200%2C800&ssl=1&resize=350%2C200 1x, https:\/\/i0.wp.com\/diariodegarca.com\/wp-content\/uploads\/2025\/09\/dsc_1894.jpg?fit=1200%2C800&ssl=1&resize=525%2C300 1.5x, https:\/\/i0.wp.com\/diariodegarca.com\/wp-content\/uploads\/2025\/09\/dsc_1894.jpg?fit=1200%2C800&ssl=1&resize=700%2C400 2x, https:\/\/i0.wp.com\/diariodegarca.com\/wp-content\/uploads\/2025\/09\/dsc_1894.jpg?fit=1200%2C800&ssl=1&resize=1050%2C600 3x"},"classes":[]},{"id":3906,"url":"https:\/\/diariodegarca.com\/?p=3906","url_meta":{"origin":2955,"position":1},"title":"Procon-SP fiscaliza bares, restaurantes e eventos para garantir direitos do consumidor e prote\u00e7\u00e3o \u00e0s mulheres","author":"Di\u00e1rio de Gar\u00e7a","date":"13 de junho de 2025","format":false,"excerpt":"\u00d3rg\u00e3o autua estabelecimentos que descumpriram o Protocolo \"N\u00e3o se Cale\" e refor\u00e7a fiscaliza\u00e7\u00e3o em eventos no interior O Procon-SP realizou uma s\u00e9rie de fiscaliza\u00e7\u00f5es em bares e restaurantes para verificar o cumprimento do\u00a0Protocolo \"N\u00e3o se Cale\", iniciativa do Governo do Estado que visa\u00a0combater o ass\u00e9dio e a viol\u00eancia de g\u00eanero.\u2026","rel":"","context":"Em &quot;Fiscaliza\u00e7\u00e3o&quot;","block_context":{"text":"Fiscaliza\u00e7\u00e3o","link":"https:\/\/diariodegarca.com\/?cat=1192752"},"img":{"alt_text":"","src":"","width":0,"height":0},"classes":[]},{"id":2796,"url":"https:\/\/diariodegarca.com\/?p=2796","url_meta":{"origin":2955,"position":2},"title":"Procon-SP esclarece descumprimento da lei e orienta consumidores sobre a falta de precifica\u00e7\u00e3o em vitrines de Gar\u00e7a","author":"Di\u00e1rio de Gar\u00e7a","date":"18 de fevereiro de 2025","format":false,"excerpt":"Na cidade de Gar\u00e7a, a falta de pre\u00e7os vis\u00edveis em vitrines tem gerado confus\u00e3o e frustra\u00e7\u00e3o entre os consumidores. Enquanto alguns desistem da compra ao descobrir o real valor cobrado pelo produto, outros, pressionados por atendentes, acabam cedendo e adquirindo mercadorias que consideram caras. Uma simples caminhada pelas lojas da\u2026","rel":"","context":"Em &quot;Brasil&quot;","block_context":{"text":"Brasil","link":"https:\/\/diariodegarca.com\/?cat=38185"},"img":{"alt_text":"","src":"","width":0,"height":0},"classes":[]},{"id":7238,"url":"https:\/\/diariodegarca.com\/?p=7238","url_meta":{"origin":2955,"position":3},"title":"Minist\u00e9rio da Justi\u00e7a emite alerta nacional sobre bebidas adulteradas com metanol","author":"Di\u00e1rio de Gar\u00e7a","date":"29 de setembro de 2025","format":false,"excerpt":"Nota t\u00e9cnica com recomenda\u00e7\u00f5es urgentes visa conter risco sanit\u00e1rio coletivo no estado de S\u00e3o Paulo; Procon-SP intensifica fiscaliza\u00e7\u00e3o integrada. O Minist\u00e9rio da Justi\u00e7a e Seguran\u00e7a P\u00fablica (MJSP) emitiu, por meio do Conselho Nacional de Combate \u00e0 Pirataria (CNCP\/SENACON), uma Nota T\u00e9cnica com recomenda\u00e7\u00f5es urgentes para estabelecimentos que comercializam bebidas alco\u00f3licas.\u2026","rel":"","context":"Em &quot;Fiscaliza\u00e7\u00e3o&quot;","block_context":{"text":"Fiscaliza\u00e7\u00e3o","link":"https:\/\/diariodegarca.com\/?cat=1192752"},"img":{"alt_text":"","src":"https:\/\/i0.wp.com\/diariodegarca.com\/wp-content\/uploads\/2025\/09\/vermelho-128-colorido-de-multi.jpg?fit=1200%2C800&ssl=1&resize=350%2C200","width":350,"height":200,"srcset":"https:\/\/i0.wp.com\/diariodegarca.com\/wp-content\/uploads\/2025\/09\/vermelho-128-colorido-de-multi.jpg?fit=1200%2C800&ssl=1&resize=350%2C200 1x, https:\/\/i0.wp.com\/diariodegarca.com\/wp-content\/uploads\/2025\/09\/vermelho-128-colorido-de-multi.jpg?fit=1200%2C800&ssl=1&resize=525%2C300 1.5x, https:\/\/i0.wp.com\/diariodegarca.com\/wp-content\/uploads\/2025\/09\/vermelho-128-colorido-de-multi.jpg?fit=1200%2C800&ssl=1&resize=700%2C400 2x, https:\/\/i0.wp.com\/diariodegarca.com\/wp-content\/uploads\/2025\/09\/vermelho-128-colorido-de-multi.jpg?fit=1200%2C800&ssl=1&resize=1050%2C600 3x"},"classes":[]},{"id":9664,"url":"https:\/\/diariodegarca.com\/?p=9664","url_meta":{"origin":2955,"position":4},"title":"Procon-SP flagra irregularidades em quase 70% dos estabelecimentos vistoriados no Natal","author":"Di\u00e1rio de Gar\u00e7a","date":"23 de dezembro de 2025","format":false,"excerpt":"Fiscaliza\u00e7\u00e3o em 31 cidades do interior e litoral encontrou problemas como pre\u00e7os pouco claros e falta de informa\u00e7\u00e3o sobre validade em 148 locais. Um levantamento da Funda\u00e7\u00e3o Procon-SP revelou que a maioria dos estabelecimentos comerciais vistoriados em uma opera\u00e7\u00e3o pr\u00e9-natalina no estado apresentava desrespeito \u00e0s regras de prote\u00e7\u00e3o ao consumidor.\u2026","rel":"","context":"Em &quot;Bauru&quot;","block_context":{"text":"Bauru","link":"https:\/\/diariodegarca.com\/?cat=1357691"},"img":{"alt_text":"","src":"https:\/\/i0.wp.com\/diariodegarca.com\/wp-content\/uploads\/2025\/06\/black-friday-gerou-mais-de-1500-reclamacoes-no-procon-sp-1607549138979_v2_4x3.jpg?fit=1200%2C900&ssl=1&resize=350%2C200","width":350,"height":200,"srcset":"https:\/\/i0.wp.com\/diariodegarca.com\/wp-content\/uploads\/2025\/06\/black-friday-gerou-mais-de-1500-reclamacoes-no-procon-sp-1607549138979_v2_4x3.jpg?fit=1200%2C900&ssl=1&resize=350%2C200 1x, https:\/\/i0.wp.com\/diariodegarca.com\/wp-content\/uploads\/2025\/06\/black-friday-gerou-mais-de-1500-reclamacoes-no-procon-sp-1607549138979_v2_4x3.jpg?fit=1200%2C900&ssl=1&resize=525%2C300 1.5x, https:\/\/i0.wp.com\/diariodegarca.com\/wp-content\/uploads\/2025\/06\/black-friday-gerou-mais-de-1500-reclamacoes-no-procon-sp-1607549138979_v2_4x3.jpg?fit=1200%2C900&ssl=1&resize=700%2C400 2x, https:\/\/i0.wp.com\/diariodegarca.com\/wp-content\/uploads\/2025\/06\/black-friday-gerou-mais-de-1500-reclamacoes-no-procon-sp-1607549138979_v2_4x3.jpg?fit=1200%2C900&ssl=1&resize=1050%2C600 3x"},"classes":[]},{"id":2782,"url":"https:\/\/diariodegarca.com\/?p=2782","url_meta":{"origin":2955,"position":5},"title":"Procon-SP multa Sephora em mais de R$ 500 mil por irregularidades na Black Friday","author":"Di\u00e1rio de Gar\u00e7a","date":"20 de fevereiro de 2025","format":false,"excerpt":"O Procon-SP aplicou uma multa no valor de R$ 514.729,75 contra a Sephora (Dotcom Group Com\u00e9rcio de Presentes S.A.), devido a falhas na entrega de produtos e cancelamento unilateral de pedidos durante a Black Friday de 2024. A empresa, especializada em cosm\u00e9ticos, perfumaria e higiene, foi a campe\u00e3 de reclama\u00e7\u00f5es\u2026","rel":"","context":"Em &quot;Brasil&quot;","block_context":{"text":"Brasil","link":"https:\/\/diariodegarca.com\/?cat=38185"},"img":{"alt_text":"","src":"","width":0,"height":0},"classes":[]}],"_links":{"self":[{"href":"https:\/\/diariodegarca.com\/index.php?rest_route=\/wp\/v2\/posts\/2955","targetHints":{"allow":["GET"]}}],"collection":[{"href":"https:\/\/diariodegarca.com\/index.php?rest_route=\/wp\/v2\/posts"}],"about":[{"href":"https:\/\/diariodegarca.com\/index.php?rest_route=\/wp\/v2\/types\/post"}],"author":[{"embeddable":true,"href":"https:\/\/diariodegarca.com\/index.php?rest_route=\/wp\/v2\/users\/260896546"}],"replies":[{"embeddable":true,"href":"https:\/\/diariodegarca.com\/index.php?rest_route=%2Fwp%2Fv2%2Fcomments&post=2955"}],"version-history":[{"count":0,"href":"https:\/\/diariodegarca.com\/index.php?rest_route=\/wp\/v2\/posts\/2955\/revisions"}],"wp:attachment":[{"href":"https:\/\/diariodegarca.com\/index.php?rest_route=%2Fwp%2Fv2%2Fmedia&parent=2955"}],"wp:term":[{"taxonomy":"category","embeddable":true,"href":"https:\/\/diariodegarca.com\/index.php?rest_route=%2Fwp%2Fv2%2Fcategories&post=2955"},{"taxonomy":"post_tag","embeddable":true,"href":"https:\/\/diariodegarca.com\/index.php?rest_route=%2Fwp%2Fv2%2Ftags&post=2955"}],"curies":[{"name":"wp","href":"https:\/\/api.w.org\/{rel}","templated":true}]}}