{"id":2959,"date":"2025-01-24T19:00:00","date_gmt":"2025-01-24T19:00:00","guid":{"rendered":"https:\/\/diariodegarca.com\/2025\/01\/24\/marilia-confirma-primeira-morte-por-dengue-na-regiao-em-2025\/"},"modified":"2025-01-24T19:00:00","modified_gmt":"2025-01-24T19:00:00","slug":"marilia-confirma-primeira-morte-por-dengue-na-regiao-em-2025","status":"publish","type":"post","link":"https:\/\/diariodegarca.com\/?p=2959","title":{"rendered":"Mar\u00edlia confirma primeira morte por dengue na regi\u00e3o em 2025"},"content":{"rendered":"<div>\n<div class=\"separator\" style=\"clear: both;text-align: center\">\n  <a href=\"https:\/\/blogger.googleusercontent.com\/img\/a\/AVvXsEinlYf3-kChMrwFww5Z_F-cHx4RG7xeAKogzj3n_7dG4n12tAEzYzH8deHilfCnALQyK2utL3QrhxODB4uVxBD37fAiN55aBYuL9iXjLbJ5xVod-bgxSyUDWeaRzT5m7jubK-xto9IQdi7OzrIw7je7tZ1XhzuOOcOB3rk4OZILKxzCQ7DmW1mSh-TLkgg\" style=\"margin-left: 1em;margin-right: 1em\"><br \/>\n    <img decoding=\"async\" border=\"0\" src=\"https:\/\/blogger.googleusercontent.com\/img\/a\/AVvXsEinlYf3-kChMrwFww5Z_F-cHx4RG7xeAKogzj3n_7dG4n12tAEzYzH8deHilfCnALQyK2utL3QrhxODB4uVxBD37fAiN55aBYuL9iXjLbJ5xVod-bgxSyUDWeaRzT5m7jubK-xto9IQdi7OzrIw7je7tZ1XhzuOOcOB3rk4OZILKxzCQ7DmW1mSh-TLkgg\" width=\"400\"><br \/>\n  <\/a>\n<\/div>\n<p><\/div>\n<div>A Prefeitura de Mar\u00edlia confirmou, nesta sexta-feira, dia 24 de janeiro, a primeira morte por dengue no munic\u00edpio neste ano.\u00a0<\/div>\n<div><\/div>\n<div>A v\u00edtima \u00e9 uma mulher de 45 anos, com hist\u00f3rico de comorbidades. De acordo com a Secretaria de Sa\u00fade, a mulher apresentou os primeiros sintomas no dia 31 de dezembro de 2024, procurou atendimento na rede p\u00fablica no dia 1\u00ba de janeiro e faleceu no dia seguinte, 2 de janeiro.<\/div>\n<div><\/div>\n<div>Este \u00e9 o primeiro \u00f3bito positivado para dengue no centro-oeste paulista em 2025.<\/div>\n<div><\/div>\n<div>O munic\u00edpio ainda investiga outras quatro mortes suspeitas de dengue e j\u00e1 registra 418 casos confirmados da doen\u00e7a.\u00a0<\/div>\n<div><\/div>\n<div>Diante do avan\u00e7o dos casos, a Prefeitura refor\u00e7ou a import\u00e2ncia de eliminar poss\u00edveis focos do mosquito Aedes aegypti, transmissor da dengue, zika e chikungunya, al\u00e9m de buscar atendimento m\u00e9dico ao surgirem os primeiros sinais, como febre alta, dores no corpo, n\u00e1useas e manchas na pele.<\/div>\n","protected":false},"excerpt":{"rendered":"<p>A Prefeitura de Mar\u00edlia confirmou, nesta sexta-feira, dia 24 de janeiro, a primeira morte por dengue no munic\u00edpio neste ano.\u00a0 A v\u00edtima \u00e9 uma mulher de 45 anos, com hist\u00f3rico de comorbidades. De acordo com a Secretaria de Sa\u00fade, a mulher apresentou os primeiros sintomas no dia 31 de dezembro de 2024, procurou atendimento na [&hellip;]<\/p>\n","protected":false},"author":260896546,"featured_media":0,"comment_status":"open","ping_status":"open","sticky":false,"template":"","format":"standard","meta":{"_crdt_document":"","_monsterinsights_skip_tracking":false,"_monsterinsights_sitenote_active":false,"_monsterinsights_sitenote_note":"","_monsterinsights_sitenote_category":0,"advanced_seo_description":"","jetpack_seo_html_title":"","jetpack_seo_noindex":false,"_jetpack_newsletter_access":"","_jetpack_dont_email_post_to_subs":false,"_jetpack_newsletter_tier_id":0,"_jetpack_memberships_contains_paywalled_content":false,"_jetpack_memberships_contains_paid_content":false,"footnotes":"","jetpack_publicize_message":"","jetpack_publicize_feature_enabled":true,"jetpack_social_post_already_shared":false,"jetpack_social_options":{"image_generator_settings":{"template":"fullscreen","default_image_id":0,"font":"","enabled":false},"version":2},"_wpas_customize_per_network":false,"jetpack_post_was_ever_published":false},"categories":[38185],"tags":[386096,222752,781171802],"class_list":["post-2959","post","type-post","status-publish","format-standard","hentry","category-brasil","tag-dengue","tag-marilia","tag-saude"],"jetpack_publicize_connections":[],"jetpack_featured_media_url":"","jetpack_likes_enabled":true,"jetpack_sharing_enabled":true,"jetpack_shortlink":"https:\/\/wp.me\/pgitne-LJ","jetpack-related-posts":[{"id":3239,"url":"https:\/\/diariodegarca.com\/?p=3239","url_meta":{"origin":2959,"position":0},"title":"Situa\u00e7\u00e3o da dengue em Gar\u00e7a e na regi\u00e3o de Mar\u00edlia","author":"Di\u00e1rio de Gar\u00e7a","date":"22 de maio de 2025","format":false,"excerpt":"Dados da Secretaria de Sa\u00fade do Estado de S\u00e3o Paulo indicam que a regi\u00e3o j\u00e1 confirmou 38 \u00f3bitos e 22 seguem em an\u00e1lise cl\u00ednica para confirma\u00e7\u00e3o. A regi\u00e3o atendida pela Diretoria Regional de Sa\u00fade de Mar\u00edlia, ao qual Gar\u00e7a pertence, enfrenta um surto de dengue em 2025, com\u00a031.765 casos prov\u00e1veis\u00a0e\u00a038\u2026","rel":"","context":"Em &quot;Gar\u00e7a&quot;","block_context":{"text":"Gar\u00e7a","link":"https:\/\/diariodegarca.com\/?cat=781171664"},"img":{"alt_text":"","src":"https:\/\/i0.wp.com\/diariodegarca.com\/wp-content\/uploads\/2025\/05\/mosquito.jpg?fit=1200%2C800&ssl=1&resize=350%2C200","width":350,"height":200,"srcset":"https:\/\/i0.wp.com\/diariodegarca.com\/wp-content\/uploads\/2025\/05\/mosquito.jpg?fit=1200%2C800&ssl=1&resize=350%2C200 1x, https:\/\/i0.wp.com\/diariodegarca.com\/wp-content\/uploads\/2025\/05\/mosquito.jpg?fit=1200%2C800&ssl=1&resize=525%2C300 1.5x, https:\/\/i0.wp.com\/diariodegarca.com\/wp-content\/uploads\/2025\/05\/mosquito.jpg?fit=1200%2C800&ssl=1&resize=700%2C400 2x, https:\/\/i0.wp.com\/diariodegarca.com\/wp-content\/uploads\/2025\/05\/mosquito.jpg?fit=1200%2C800&ssl=1&resize=1050%2C600 3x"},"classes":[]},{"id":2655,"url":"https:\/\/diariodegarca.com\/?p=2655","url_meta":{"origin":2959,"position":1},"title":"Prefeituras da regi\u00e3o intensificam a\u00e7\u00f5es contra a dengue e chikungunya","author":"Di\u00e1rio de Gar\u00e7a","date":"10 de mar\u00e7o de 2025","format":false,"excerpt":"Em meio ao aumento de casos de dengue e chikungunya na regi\u00e3o, as prefeituras locais est\u00e3o refor\u00e7ando as a\u00e7\u00f5es de combate ao mosquito Aedes aegypti. Na \u00faltima semana, Tup\u00e3 confirmou a segunda morte por chikungunya, enquanto Mar\u00edlia registrou a quinta morte por dengue. Diante desse cen\u00e1rio, os munic\u00edpios t\u00eam adotado\u2026","rel":"","context":"Em &quot;Brasil&quot;","block_context":{"text":"Brasil","link":"https:\/\/diariodegarca.com\/?cat=38185"},"img":{"alt_text":"","src":"","width":0,"height":0},"classes":[]},{"id":2477,"url":"https:\/\/diariodegarca.com\/?p=2477","url_meta":{"origin":2959,"position":2},"title":"Com duas mortes confirmadas pelo Estado, dengue avan\u00e7a de forma descontrolada em Gar\u00e7a","author":"Di\u00e1rio de Gar\u00e7a","date":"3 de abril de 2025","format":false,"excerpt":"A epidemia de dengue em Gar\u00e7a segue avan\u00e7ando rapidamente. No final de fevereiro, a cidade j\u00e1 havia ultrapassado o patamar epid\u00eamico definido pela Organiza\u00e7\u00e3o Mundial da Sa\u00fade (OMS), com uma incid\u00eancia de 495,6 casos por 100 mil habitantes. Em apenas 37 dias, esse n\u00famero disparou para 2.146,6 casos por 100\u2026","rel":"","context":"Em &quot;Brasil&quot;","block_context":{"text":"Brasil","link":"https:\/\/diariodegarca.com\/?cat=38185"},"img":{"alt_text":"","src":"","width":0,"height":0},"classes":[]},{"id":2649,"url":"https:\/\/diariodegarca.com\/?p=2649","url_meta":{"origin":2959,"position":3},"title":"Aedes aegypti: avan\u00e7o dos casos de dengue e chikungunya na regi\u00e3o refor\u00e7a necessidade de combate ao mosquito","author":"Di\u00e1rio de Gar\u00e7a","date":"11 de mar\u00e7o de 2025","format":false,"excerpt":"foto divulga\u00e7\u00e3o: Prefeitura de Mar\u00edliaO mosquito Aedes aegypti\u00a0continua sendo um grave problema de sa\u00fade p\u00fablica em todo o Brasil, e na regi\u00e3o de Mar\u00edlia a situa\u00e7\u00e3o n\u00e3o \u00e9 diferente. O mosquito, que encontra nas \u00e1reas urbanas um ambiente prop\u00edcio para sua prolifera\u00e7\u00e3o, \u00e9 o principal transmissor da dengue, chikungunya, zika\u2026","rel":"","context":"Em &quot;Brasil&quot;","block_context":{"text":"Brasil","link":"https:\/\/diariodegarca.com\/?cat=38185"},"img":{"alt_text":"","src":"https:\/\/i0.wp.com\/blogger.googleusercontent.com\/img\/b\/R29vZ2xl\/AVvXsEibthfS0k9_Glvz81XXQ-jbLq4RUHJWzBvcTbYaiheFxxpsWfBHlqE5Q6RDW9s1cqN9Aj4-uuXbXHcmV-Fen4h2UqlZPVuR4kxfBNjLCuo195m5fqSTVCQ-vi5MnhyphenhyphenQWOf8Yg6NKR4cvyM7J6_ceaq8_-OzVGk7gPqP-D-ohKM-VXDvxMiwqk59iBzp06o\/s320\/OIP.jpeg?resize=350%2C200&ssl=1","width":350,"height":200},"classes":[]},{"id":3304,"url":"https:\/\/diariodegarca.com\/?p=3304","url_meta":{"origin":2959,"position":4},"title":"Situa\u00e7\u00e3o da chikungunya na regi\u00e3o de Mar\u00edlia","author":"Di\u00e1rio de Gar\u00e7a","date":"23 de maio de 2025","format":false,"excerpt":"Doen\u00e7a transmitida pelo Aedes aegypti avan\u00e7a em munic\u00edpios paulistas, com casos confirmados e \u00f3bitos em investiga\u00e7\u00e3o na regi\u00e3o A regi\u00e3o atendida pela Diretoria Regional de Sa\u00fade de Mar\u00edlia enfrenta um aumento significativo de casos de chikungunya, conforme dados atualizados at\u00e9 21 de maio. Com uma incid\u00eancia de 468,4 casos por\u2026","rel":"","context":"Em &quot;Gar\u00e7a&quot;","block_context":{"text":"Gar\u00e7a","link":"https:\/\/diariodegarca.com\/?cat=781171664"},"img":{"alt_text":"","src":"https:\/\/i0.wp.com\/diariodegarca.com\/wp-content\/uploads\/2025\/05\/close-up-mosquitoes-nature.jpg?fit=1200%2C1169&ssl=1&resize=350%2C200","width":350,"height":200,"srcset":"https:\/\/i0.wp.com\/diariodegarca.com\/wp-content\/uploads\/2025\/05\/close-up-mosquitoes-nature.jpg?fit=1200%2C1169&ssl=1&resize=350%2C200 1x, https:\/\/i0.wp.com\/diariodegarca.com\/wp-content\/uploads\/2025\/05\/close-up-mosquitoes-nature.jpg?fit=1200%2C1169&ssl=1&resize=525%2C300 1.5x, https:\/\/i0.wp.com\/diariodegarca.com\/wp-content\/uploads\/2025\/05\/close-up-mosquitoes-nature.jpg?fit=1200%2C1169&ssl=1&resize=700%2C400 2x, https:\/\/i0.wp.com\/diariodegarca.com\/wp-content\/uploads\/2025\/05\/close-up-mosquitoes-nature.jpg?fit=1200%2C1169&ssl=1&resize=1050%2C600 3x"},"classes":[]},{"id":2863,"url":"https:\/\/diariodegarca.com\/?p=2863","url_meta":{"origin":2959,"position":5},"title":"Dengue e Chikungunya avan\u00e7am na regi\u00e3o: prefeituras refor\u00e7am a\u00e7\u00f5es de combate aos focos do Aedes aegypti","author":"Di\u00e1rio de Gar\u00e7a","date":"10 de fevereiro de 2025","format":false,"excerpt":"Dados atualizados at\u00e9 esta segunda-feira, dia 10 de fevereiro, \u00e0s 10h, no portal do Governo Federal, mostram um cen\u00e1rio preocupante em rela\u00e7\u00e3o \u00e0s arboviroses na regi\u00e3o. A dengue e a chikungunya, doen\u00e7as transmitidas pelo mosquito Aedes aegypti, seguem em ascens\u00e3o, com munic\u00edpios registrando n\u00fameros expressivos de casos positivos e suspeitos.\u2026","rel":"","context":"Em &quot;Brasil&quot;","block_context":{"text":"Brasil","link":"https:\/\/diariodegarca.com\/?cat=38185"},"img":{"alt_text":"","src":"","width":0,"height":0},"classes":[]}],"_links":{"self":[{"href":"https:\/\/diariodegarca.com\/index.php?rest_route=\/wp\/v2\/posts\/2959","targetHints":{"allow":["GET"]}}],"collection":[{"href":"https:\/\/diariodegarca.com\/index.php?rest_route=\/wp\/v2\/posts"}],"about":[{"href":"https:\/\/diariodegarca.com\/index.php?rest_route=\/wp\/v2\/types\/post"}],"author":[{"embeddable":true,"href":"https:\/\/diariodegarca.com\/index.php?rest_route=\/wp\/v2\/users\/260896546"}],"replies":[{"embeddable":true,"href":"https:\/\/diariodegarca.com\/index.php?rest_route=%2Fwp%2Fv2%2Fcomments&post=2959"}],"version-history":[{"count":0,"href":"https:\/\/diariodegarca.com\/index.php?rest_route=\/wp\/v2\/posts\/2959\/revisions"}],"wp:attachment":[{"href":"https:\/\/diariodegarca.com\/index.php?rest_route=%2Fwp%2Fv2%2Fmedia&parent=2959"}],"wp:term":[{"taxonomy":"category","embeddable":true,"href":"https:\/\/diariodegarca.com\/index.php?rest_route=%2Fwp%2Fv2%2Fcategories&post=2959"},{"taxonomy":"post_tag","embeddable":true,"href":"https:\/\/diariodegarca.com\/index.php?rest_route=%2Fwp%2Fv2%2Ftags&post=2959"}],"curies":[{"name":"wp","href":"https:\/\/api.w.org\/{rel}","templated":true}]}}