{"id":2961,"date":"2025-01-24T17:00:00","date_gmt":"2025-01-24T17:00:00","guid":{"rendered":"https:\/\/diariodegarca.com\/2025\/01\/24\/em-acoes-distintas-policia-militar-captura-dois-procurados-da-justica-em-marilia\/"},"modified":"2025-01-24T17:00:00","modified_gmt":"2025-01-24T17:00:00","slug":"em-acoes-distintas-policia-militar-captura-dois-procurados-da-justica-em-marilia","status":"publish","type":"post","link":"https:\/\/diariodegarca.com\/?p=2961","title":{"rendered":"Em a\u00e7\u00f5es distintas, Pol\u00edcia Militar captura dois procurados da Justi\u00e7a em Mar\u00edlia"},"content":{"rendered":"<div>\n<div class=\"separator\" style=\"clear: both;text-align: center\">\n  <a href=\"https:\/\/blogger.googleusercontent.com\/img\/a\/AVvXsEhkNBJeDmYvAar7ft-spAF4tH7SqxXLLwZFg-gZ6v7WZXHPOQL-IZ__TO1AQAYeS9LCElwc-CvUrOroe1oC0IN9JP2jnDK-099DSYmsXmmhXbv4EA3yudgTCaQ6Hmzxzs3rBcUQF92LBYf4cFyisiwLVt-BOZKZidJgk6--vYGJqARQ3Z935NMF7fTH9TU\" style=\"margin-left: 1em;margin-right: 1em\"><br \/>\n    <img decoding=\"async\" border=\"0\" src=\"https:\/\/blogger.googleusercontent.com\/img\/a\/AVvXsEhkNBJeDmYvAar7ft-spAF4tH7SqxXLLwZFg-gZ6v7WZXHPOQL-IZ__TO1AQAYeS9LCElwc-CvUrOroe1oC0IN9JP2jnDK-099DSYmsXmmhXbv4EA3yudgTCaQ6Hmzxzs3rBcUQF92LBYf4cFyisiwLVt-BOZKZidJgk6--vYGJqARQ3Z935NMF7fTH9TU\" width=\"400\"><br \/>\n  <\/a>\n<\/div>\n<\/div>\n<div><\/div>\n<div>\n<div>\n<div>Nesta quinta-feira, dia 23 de janeiro, o 9\u00ba Batalh\u00e3o de Pol\u00edcia Militar do Interior realizou duas capturas de procurados em diferentes regi\u00f5es da cidade de Mar\u00edlia, refor\u00e7ando o combate \u00e0 criminalidade e a atua\u00e7\u00e3o estrat\u00e9gica das equipes de For\u00e7a T\u00e1tica.<\/div>\n<div>\n<p>A primeira ocorr\u00eancia foi registrada por volta das 19h, durante patrulhamento preventivo pela zona norte. Os policiais abordaram um indiv\u00edduo em atitude suspeita e, embora nada de il\u00edcito tenha sido encontrado durante a busca pessoal, uma consulta aos sistemas inteligentes revelou a exist\u00eancia de um mandado de pris\u00e3o em aberto. O homem foi imediatamente conduzido \u00e0 Central de Pol\u00edcia Judici\u00e1ria de Mar\u00edlia, onde a autoridade policial ratificou a pris\u00e3o. O indiv\u00edduo permanece \u00e0 disposi\u00e7\u00e3o da Justi\u00e7a.<\/p>\n<p>A segunda a\u00e7\u00e3o aconteceu cerca de duas horas depois, \u00e0s 20h45, na zona oeste da cidade. A equipe de For\u00e7a T\u00e1tica, com base em informa\u00e7\u00f5es recebidas, localizou no bairro Vereador Eduardo Andrade Rei outro indiv\u00edduo com mandado de pris\u00e3o em aberto. Ap\u00f3s a abordagem, o suspeito foi encaminhado \u00e0 Central de Pol\u00edcia Judici\u00e1ria para as provid\u00eancias legais e, em seguida, recolhido para o cumprimento da pena imposta.<\/p>\n<\/div>\n<\/div>\n<\/div>\n","protected":false},"excerpt":{"rendered":"<p>Nesta quinta-feira, dia 23 de janeiro, o 9\u00ba Batalh\u00e3o de Pol\u00edcia Militar do Interior realizou duas capturas de procurados em diferentes regi\u00f5es da cidade de Mar\u00edlia, refor\u00e7ando o combate \u00e0 criminalidade e a atua\u00e7\u00e3o estrat\u00e9gica das equipes de For\u00e7a T\u00e1tica. A primeira ocorr\u00eancia foi registrada por volta das 19h, durante patrulhamento preventivo pela zona norte. [&hellip;]<\/p>\n","protected":false},"author":260896546,"featured_media":0,"comment_status":"open","ping_status":"open","sticky":false,"template":"","format":"standard","meta":{"_crdt_document":"","_monsterinsights_skip_tracking":false,"_monsterinsights_sitenote_active":false,"_monsterinsights_sitenote_note":"","_monsterinsights_sitenote_category":0,"advanced_seo_description":"","jetpack_seo_html_title":"","jetpack_seo_noindex":false,"_jetpack_newsletter_access":"","_jetpack_dont_email_post_to_subs":false,"_jetpack_newsletter_tier_id":0,"_jetpack_memberships_contains_paywalled_content":false,"_jetpack_memberships_contains_paid_content":false,"footnotes":"","jetpack_publicize_message":"","jetpack_publicize_feature_enabled":true,"jetpack_social_post_already_shared":false,"jetpack_social_options":{"image_generator_settings":{"template":"fullscreen","default_image_id":0,"font":"","enabled":false},"version":2},"_wpas_customize_per_network":false,"jetpack_post_was_ever_published":false},"categories":[38185],"tags":[222752,1036487],"class_list":["post-2961","post","type-post","status-publish","format-standard","hentry","category-brasil","tag-marilia","tag-seguranca-publica"],"jetpack_publicize_connections":[],"jetpack_featured_media_url":"","jetpack_likes_enabled":true,"jetpack_sharing_enabled":true,"jetpack_shortlink":"https:\/\/wp.me\/pgitne-LL","jetpack-related-posts":[{"id":3861,"url":"https:\/\/diariodegarca.com\/?p=3861","url_meta":{"origin":2961,"position":0},"title":"Pol\u00edcia Militar desarticula rede de drogas e prende procurados em Mar\u00edlia e Echapor\u00e3","author":"Di\u00e1rio de Gar\u00e7a","date":"10 de junho de 2025","format":false,"excerpt":"Opera\u00e7\u00f5es da For\u00e7a T\u00e1tica resultam em apreens\u00e3o de entorpecentes, armas e captura de criminosos A Pol\u00edcia Militar do Estado de S\u00e3o Paulo segue atuando no combate ao crime, seja no enfrentamento ao tr\u00e1fico de drogas, na apreens\u00e3o de armas ilegais ou na captura de procurados pela justi\u00e7a. Opera\u00e7\u00f5es recentes do\u2026","rel":"","context":"Em &quot;Echapor\u00e3&quot;","block_context":{"text":"Echapor\u00e3","link":"https:\/\/diariodegarca.com\/?cat=9098997"},"img":{"alt_text":"","src":"","width":0,"height":0},"classes":[]},{"id":8432,"url":"https:\/\/diariodegarca.com\/?p=8432","url_meta":{"origin":2961,"position":1},"title":"Pol\u00edcia Militar cumpre mandado de pris\u00e3o em Mar\u00edlia","author":"Andreza Sega","date":"4 de novembro de 2025","format":false,"excerpt":"A\u00e7\u00e3o da PM resulta na captura de um procurado pela Justi\u00e7a no Bairro Vila Nova Para\u00edso. Na tarde da \u00faltima segunda-feira, 3 de novembro, um homem procurado pela Justi\u00e7a foi capturado pela Pol\u00edcia Militar em Mar\u00edlia. A a\u00e7\u00e3o, realizada pelo 9\u00ba Batalh\u00e3o de Pol\u00edcia Militar do Interior (9\u00ba BPM\/I), ocorreu\u2026","rel":"","context":"Em &quot;Mar\u00edlia&quot;","block_context":{"text":"Mar\u00edlia","link":"https:\/\/diariodegarca.com\/?cat=683453294"},"img":{"alt_text":"","src":"https:\/\/i0.wp.com\/diariodegarca.com\/wp-content\/uploads\/2025\/06\/511503492_18306010051246526_6301021612031383202_n-e1762261741864.webp?fit=1080%2C740&ssl=1&resize=350%2C200","width":350,"height":200,"srcset":"https:\/\/i0.wp.com\/diariodegarca.com\/wp-content\/uploads\/2025\/06\/511503492_18306010051246526_6301021612031383202_n-e1762261741864.webp?fit=1080%2C740&ssl=1&resize=350%2C200 1x, https:\/\/i0.wp.com\/diariodegarca.com\/wp-content\/uploads\/2025\/06\/511503492_18306010051246526_6301021612031383202_n-e1762261741864.webp?fit=1080%2C740&ssl=1&resize=525%2C300 1.5x, https:\/\/i0.wp.com\/diariodegarca.com\/wp-content\/uploads\/2025\/06\/511503492_18306010051246526_6301021612031383202_n-e1762261741864.webp?fit=1080%2C740&ssl=1&resize=700%2C400 2x, https:\/\/i0.wp.com\/diariodegarca.com\/wp-content\/uploads\/2025\/06\/511503492_18306010051246526_6301021612031383202_n-e1762261741864.webp?fit=1080%2C740&ssl=1&resize=1050%2C600 3x"},"classes":[]},{"id":8051,"url":"https:\/\/diariodegarca.com\/?p=8051","url_meta":{"origin":2961,"position":2},"title":"Pol\u00edcia Militar cumpre mandado de pris\u00e3o e prende homem em Mar\u00edlia","author":"Di\u00e1rio de Gar\u00e7a","date":"26 de outubro de 2025","format":false,"excerpt":"A\u00e7\u00e3o ocorreu na madrugada deste s\u00e1bado, 25 de outubro, no bairro Nova Mar\u00edlia. Um homem procurado pela Justi\u00e7a foi capturado pela Pol\u00edcia Militar na madrugada deste s\u00e1bado, 25 de outubro, em Mar\u00edlia. A a\u00e7\u00e3o foi realizada por equipes do 9\u00ba Batalh\u00e3o de Pol\u00edcia Militar do Interior (9\u00ba BPM\/I). O registro\u2026","rel":"","context":"Em &quot;Mar\u00edlia&quot;","block_context":{"text":"Mar\u00edlia","link":"https:\/\/diariodegarca.com\/?cat=683453294"},"img":{"alt_text":"","src":"https:\/\/i0.wp.com\/diariodegarca.com\/wp-content\/uploads\/2025\/10\/SnapInsta.to_561908263_18319438843246526_1816024880825141096_n-e1761515366631.jpg?fit=1080%2C716&ssl=1&resize=350%2C200","width":350,"height":200,"srcset":"https:\/\/i0.wp.com\/diariodegarca.com\/wp-content\/uploads\/2025\/10\/SnapInsta.to_561908263_18319438843246526_1816024880825141096_n-e1761515366631.jpg?fit=1080%2C716&ssl=1&resize=350%2C200 1x, https:\/\/i0.wp.com\/diariodegarca.com\/wp-content\/uploads\/2025\/10\/SnapInsta.to_561908263_18319438843246526_1816024880825141096_n-e1761515366631.jpg?fit=1080%2C716&ssl=1&resize=525%2C300 1.5x, https:\/\/i0.wp.com\/diariodegarca.com\/wp-content\/uploads\/2025\/10\/SnapInsta.to_561908263_18319438843246526_1816024880825141096_n-e1761515366631.jpg?fit=1080%2C716&ssl=1&resize=700%2C400 2x, https:\/\/i0.wp.com\/diariodegarca.com\/wp-content\/uploads\/2025\/10\/SnapInsta.to_561908263_18319438843246526_1816024880825141096_n-e1761515366631.jpg?fit=1080%2C716&ssl=1&resize=1050%2C600 3x"},"classes":[]},{"id":8781,"url":"https:\/\/diariodegarca.com\/?p=8781","url_meta":{"origin":2961,"position":3},"title":"Pol\u00edcia Militar prende tr\u00eas procurados pela Justi\u00e7a em Mar\u00edlia e \u00c1lvaro de Carvalho","author":"Andreza Sega","date":"17 de novembro de 2025","format":false,"excerpt":"A\u00e7\u00f5es policiais, realizadas na sexta-feira, resultaram na captura de indiv\u00edduos com mandados por crimes como aliciamento infantil e pris\u00e3o civil. Uma opera\u00e7\u00e3o realizada pelo 9\u00ba Batalh\u00e3o de Pol\u00edcia Militar do Interior resultou na pris\u00e3o de tr\u00eas homens procurados pela Justi\u00e7a na \u00faltima sexta-feira, 14 de novembro. As a\u00e7\u00f5es ocorreram nas\u2026","rel":"","context":"Em &quot;\u00c1lvaro de Carvalho&quot;","block_context":{"text":"\u00c1lvaro de Carvalho","link":"https:\/\/diariodegarca.com\/?cat=29815376"},"img":{"alt_text":"","src":"https:\/\/i0.wp.com\/diariodegarca.com\/wp-content\/uploads\/2025\/11\/SnapInsta.to_582789894_18325798687246526_2708297248035910926_n-e1763412687114.jpg?fit=1080%2C730&ssl=1&resize=350%2C200","width":350,"height":200,"srcset":"https:\/\/i0.wp.com\/diariodegarca.com\/wp-content\/uploads\/2025\/11\/SnapInsta.to_582789894_18325798687246526_2708297248035910926_n-e1763412687114.jpg?fit=1080%2C730&ssl=1&resize=350%2C200 1x, https:\/\/i0.wp.com\/diariodegarca.com\/wp-content\/uploads\/2025\/11\/SnapInsta.to_582789894_18325798687246526_2708297248035910926_n-e1763412687114.jpg?fit=1080%2C730&ssl=1&resize=525%2C300 1.5x, https:\/\/i0.wp.com\/diariodegarca.com\/wp-content\/uploads\/2025\/11\/SnapInsta.to_582789894_18325798687246526_2708297248035910926_n-e1763412687114.jpg?fit=1080%2C730&ssl=1&resize=700%2C400 2x, https:\/\/i0.wp.com\/diariodegarca.com\/wp-content\/uploads\/2025\/11\/SnapInsta.to_582789894_18325798687246526_2708297248035910926_n-e1763412687114.jpg?fit=1080%2C730&ssl=1&resize=1050%2C600 3x"},"classes":[]},{"id":8047,"url":"https:\/\/diariodegarca.com\/?p=8047","url_meta":{"origin":2961,"position":4},"title":"Dois procurados pela justi\u00e7a s\u00e3o capturados em a\u00e7\u00f5es da Pol\u00edcia Militar na regi\u00e3o","author":"Andreza Sega","date":"26 de outubro de 2025","format":false,"excerpt":"Opera\u00e7\u00f5es em Mar\u00edlia e Hercul\u00e2ndia resultaram na pris\u00e3o de condenados por tr\u00e1fico de drogas e estupro de vulner\u00e1vel. A atua\u00e7\u00e3o das equipes do 9\u00ba Batalh\u00e3o de Pol\u00edcia Militar do Interior resultou na captura de dois indiv\u00edduos procurados pela Justi\u00e7a na \u00faltima sexta-feira, 24 de outubro. As opera\u00e7\u00f5es, realizadas nas cidades\u2026","rel":"","context":"Em &quot;Hercul\u00e2ndia&quot;","block_context":{"text":"Hercul\u00e2ndia","link":"https:\/\/diariodegarca.com\/?cat=30531357"},"img":{"alt_text":"","src":"https:\/\/i0.wp.com\/diariodegarca.com\/wp-content\/uploads\/2025\/08\/snapinsta.to_541167752_18313811869246526_8602846701173977583_n-1-1-e1761514992462.webp?fit=1200%2C754&ssl=1&resize=350%2C200","width":350,"height":200,"srcset":"https:\/\/i0.wp.com\/diariodegarca.com\/wp-content\/uploads\/2025\/08\/snapinsta.to_541167752_18313811869246526_8602846701173977583_n-1-1-e1761514992462.webp?fit=1200%2C754&ssl=1&resize=350%2C200 1x, https:\/\/i0.wp.com\/diariodegarca.com\/wp-content\/uploads\/2025\/08\/snapinsta.to_541167752_18313811869246526_8602846701173977583_n-1-1-e1761514992462.webp?fit=1200%2C754&ssl=1&resize=525%2C300 1.5x, https:\/\/i0.wp.com\/diariodegarca.com\/wp-content\/uploads\/2025\/08\/snapinsta.to_541167752_18313811869246526_8602846701173977583_n-1-1-e1761514992462.webp?fit=1200%2C754&ssl=1&resize=700%2C400 2x, https:\/\/i0.wp.com\/diariodegarca.com\/wp-content\/uploads\/2025\/08\/snapinsta.to_541167752_18313811869246526_8602846701173977583_n-1-1-e1761514992462.webp?fit=1200%2C754&ssl=1&resize=1050%2C600 3x"},"classes":[]},{"id":6224,"url":"https:\/\/diariodegarca.com\/?p=6224","url_meta":{"origin":2961,"position":5},"title":"Pol\u00edcia Militar prende dois procurados da regi\u00e3o em opera\u00e7\u00f5es simult\u00e2neas","author":"Di\u00e1rio de Gar\u00e7a","date":"31 de agosto de 2025","format":false,"excerpt":"A\u00e7\u00f5es em Mar\u00edlia e Hercul\u00e2ndia resultaram na captura de indiv\u00edduos por furto e descumprimento de medida protetiva; ambos foram encaminhados \u00e0 Justi\u00e7a. Em opera\u00e7\u00f5es realizadas na noite do \u00faltimo s\u00e1bado, 30 de agosto, equipes do 9\u00b0 Batalh\u00e3o de Pol\u00edcia Militar do Interior cumpriram mandados e prenderam dois homens procurados pela\u2026","rel":"","context":"Em &quot;Hercul\u00e2ndia&quot;","block_context":{"text":"Hercul\u00e2ndia","link":"https:\/\/diariodegarca.com\/?cat=30531357"},"img":{"alt_text":"","src":"https:\/\/i0.wp.com\/diariodegarca.com\/wp-content\/uploads\/2025\/08\/snapinsta.to_541526524_18314153755246526_4684014868716751160_n-e1765142921163.webp?fit=1080%2C760&ssl=1&resize=350%2C200","width":350,"height":200,"srcset":"https:\/\/i0.wp.com\/diariodegarca.com\/wp-content\/uploads\/2025\/08\/snapinsta.to_541526524_18314153755246526_4684014868716751160_n-e1765142921163.webp?fit=1080%2C760&ssl=1&resize=350%2C200 1x, https:\/\/i0.wp.com\/diariodegarca.com\/wp-content\/uploads\/2025\/08\/snapinsta.to_541526524_18314153755246526_4684014868716751160_n-e1765142921163.webp?fit=1080%2C760&ssl=1&resize=525%2C300 1.5x, https:\/\/i0.wp.com\/diariodegarca.com\/wp-content\/uploads\/2025\/08\/snapinsta.to_541526524_18314153755246526_4684014868716751160_n-e1765142921163.webp?fit=1080%2C760&ssl=1&resize=700%2C400 2x, https:\/\/i0.wp.com\/diariodegarca.com\/wp-content\/uploads\/2025\/08\/snapinsta.to_541526524_18314153755246526_4684014868716751160_n-e1765142921163.webp?fit=1080%2C760&ssl=1&resize=1050%2C600 3x"},"classes":[]}],"_links":{"self":[{"href":"https:\/\/diariodegarca.com\/index.php?rest_route=\/wp\/v2\/posts\/2961","targetHints":{"allow":["GET"]}}],"collection":[{"href":"https:\/\/diariodegarca.com\/index.php?rest_route=\/wp\/v2\/posts"}],"about":[{"href":"https:\/\/diariodegarca.com\/index.php?rest_route=\/wp\/v2\/types\/post"}],"author":[{"embeddable":true,"href":"https:\/\/diariodegarca.com\/index.php?rest_route=\/wp\/v2\/users\/260896546"}],"replies":[{"embeddable":true,"href":"https:\/\/diariodegarca.com\/index.php?rest_route=%2Fwp%2Fv2%2Fcomments&post=2961"}],"version-history":[{"count":0,"href":"https:\/\/diariodegarca.com\/index.php?rest_route=\/wp\/v2\/posts\/2961\/revisions"}],"wp:attachment":[{"href":"https:\/\/diariodegarca.com\/index.php?rest_route=%2Fwp%2Fv2%2Fmedia&parent=2961"}],"wp:term":[{"taxonomy":"category","embeddable":true,"href":"https:\/\/diariodegarca.com\/index.php?rest_route=%2Fwp%2Fv2%2Fcategories&post=2961"},{"taxonomy":"post_tag","embeddable":true,"href":"https:\/\/diariodegarca.com\/index.php?rest_route=%2Fwp%2Fv2%2Ftags&post=2961"}],"curies":[{"name":"wp","href":"https:\/\/api.w.org\/{rel}","templated":true}]}}