{"id":2965,"date":"2025-01-24T11:43:00","date_gmt":"2025-01-24T11:43:00","guid":{"rendered":"https:\/\/diariodegarca.com\/2025\/01\/24\/alvinlandia-abre-inscricoes-para-idosos-participarem-de-atividades-do-centro-de-convivencia\/"},"modified":"2025-01-24T11:43:00","modified_gmt":"2025-01-24T11:43:00","slug":"alvinlandia-abre-inscricoes-para-idosos-participarem-de-atividades-do-centro-de-convivencia","status":"publish","type":"post","link":"https:\/\/diariodegarca.com\/?p=2965","title":{"rendered":"Alvinl\u00e2ndia abre inscri\u00e7\u00f5es para idosos participarem de atividades do Centro de Conviv\u00eancia"},"content":{"rendered":"<div>\n<div>\n  <a href=\"https:\/\/blogger.googleusercontent.com\/img\/a\/AVvXsEjS7A9PLtUSQw-h2CJwP6JVF5mDE8cikigklkutoiIU3FMsFLilNtSvjg-OfNsmmVnaH9LgS8yGy8S4c7aZDQKFoKckqwH4KT70Y6NVcEmzBEZbmfqMhJfDjEutS6HmvMzGjoYr5x576ePqqCjsNDyxyMMLshB8JdbhT4d1jKYSk0XvuKGk9OVcqgiFmPw\"><br \/>\n    <img decoding=\"async\" border=\"0\" src=\"https:\/\/blogger.googleusercontent.com\/img\/a\/AVvXsEjS7A9PLtUSQw-h2CJwP6JVF5mDE8cikigklkutoiIU3FMsFLilNtSvjg-OfNsmmVnaH9LgS8yGy8S4c7aZDQKFoKckqwH4KT70Y6NVcEmzBEZbmfqMhJfDjEutS6HmvMzGjoYr5x576ePqqCjsNDyxyMMLshB8JdbhT4d1jKYSk0XvuKGk9OVcqgiFmPw\" width=\"400\"><br \/>\n  <\/a>\n<\/div>\n<\/div>\n<div><\/div>\n<div>A Prefeitura Municipal de Alvinl\u00e2ndia, por meio da Diretoria de Promo\u00e7\u00e3o Social e do Centro de Refer\u00eancia de Assist\u00eancia Social (CRAS), anunciou em suas redes sociais a abertura das inscri\u00e7\u00f5es para o Centro de Conviv\u00eancia do Idoso (CCI).<\/div>\n<div><\/div>\n<div>Os idosos, <b>com 60 anos ou mais<\/b>, interessados em participar das atividades oferecidas pelo CCI devem se dirigir ao CRAS, localizado na avenida Dr. Couto J\u00fanior, 365, para efetivar o cadastro.<\/div>\n<div><\/div>\n<div>Documentos necess\u00e1rios para a inscri\u00e7\u00e3o:<\/div>\n<div>&#8211; RG<\/div>\n<div>&#8211;\u00a0<span>CPF<\/span><\/div>\n<div>&#8211;\u00a0<span>Comprovante de resid\u00eancia<\/span><\/div>\n<div>&#8211;\u00a0<span>N\u00famero de telefone anotado<\/span><\/div>\n<div>&#8211;\u00a0<span>Anota\u00e7\u00e3o com medicamentos de uso cont\u00ednuo<\/span><\/div>\n<div><\/div>\n<div>O Centro de Conviv\u00eancia \u00e9 um espa\u00e7o dedicado ao bem-estar, \u00e0 socializa\u00e7\u00e3o e \u00e0 promo\u00e7\u00e3o da qualidade de vida dos idosos do munic\u00edpio.\u00a0<\/div>\n<div><\/div>\n<div>No local, os participantes ter\u00e3o a oportunidade de fazer novas amizades, envolver-se em atividades recreativas, culturais e voltadas para a sa\u00fade, como artesanato, dan\u00e7a e exerc\u00edcios f\u00edsicos.<\/div>\n<div><\/div>\n<div><\/div>\n","protected":false},"excerpt":{"rendered":"<p>A Prefeitura Municipal de Alvinl\u00e2ndia, por meio da Diretoria de Promo\u00e7\u00e3o Social e do Centro de Refer\u00eancia de Assist\u00eancia Social (CRAS), anunciou em suas redes sociais a abertura das inscri\u00e7\u00f5es para o Centro de Conviv\u00eancia do Idoso (CCI). Os idosos, com 60 anos ou mais, interessados em participar das atividades oferecidas pelo CCI devem se [&hellip;]<\/p>\n","protected":false},"author":260896546,"featured_media":0,"comment_status":"open","ping_status":"open","sticky":false,"template":"","format":"standard","meta":{"_monsterinsights_skip_tracking":false,"advanced_seo_description":"","jetpack_seo_html_title":"","jetpack_seo_noindex":false,"jetpack_seo_schema_type":"","_jetpack_newsletter_access":"","_jetpack_dont_email_post_to_subs":false,"_jetpack_newsletter_tier_id":0,"_jetpack_memberships_contains_paywalled_content":false,"_wpcom_ai_launchpad_first_post":false,"_jetpack_feature_clip_id":0,"_jetpack_memberships_contains_paid_content":false,"footnotes":"","jetpack_publicize_message":"{title}\n\n{excerpt}\n\n{url}","jetpack_publicize_feature_enabled":true,"jetpack_social_post_already_shared":false,"jetpack_social_options":{"image_generator_settings":{"template":"fullscreen","default_image_id":0,"font":"","enabled":false},"version":2},"_wpas_customize_per_network":false,"jetpack_post_was_ever_published":false},"categories":[38185],"tags":[781171836,267289,781171802],"class_list":["post-2965","post","type-post","status-publish","format-standard","hentry","category-brasil","tag-alvinlandia","tag-bem-estar","tag-saude"],"jetpack_publicize_connections":[],"jetpack_likes_enabled":true,"jetpack_sharing_enabled":true,"jetpack_shortlink":"https:\/\/wp.me\/pgitne-LP","jetpack-related-posts":[{"id":10152,"url":"https:\/\/diariodegarca.com\/?p=10152","url_meta":{"origin":2965,"position":0},"title":"Alvinl\u00e2ndia abre inscri\u00e7\u00f5es para Frente de Trabalho; veja como participar","author":"Di\u00e1rio de Gar\u00e7a","date":"19 de janeiro de 2026","format":false,"excerpt":"Inscri\u00e7\u00f5es presenciais come\u00e7am na pr\u00f3xima quarta-feira (21) e seguem at\u00e9 26 de janeiro no CRAS Municipal. Oportunidade \u00e9 voltada para cidad\u00e3os que buscam inser\u00e7\u00e3o no mercado de trabalho. A Prefeitura de Alvinl\u00e2ndia anunciou a abertura de um novo processo seletivo para o programa Frente de Trabalho. As inscri\u00e7\u00f5es ser\u00e3o realizadas\u00a0exclusivamente\u2026","rel":"","context":"Em &quot;Alvinl\u00e2ndia&quot;","block_context":{"text":"Alvinl\u00e2ndia","link":"https:\/\/diariodegarca.com\/?cat=32102633"},"img":{"alt_text":"","src":"https:\/\/i0.wp.com\/diariodegarca.com\/wp-content\/uploads\/2025\/09\/f1d2b2304c85c633316372f9bfdaa883.jpg?fit=800%2C565&ssl=1&resize=350%2C200","width":350,"height":200,"srcset":"https:\/\/i0.wp.com\/diariodegarca.com\/wp-content\/uploads\/2025\/09\/f1d2b2304c85c633316372f9bfdaa883.jpg?fit=800%2C565&ssl=1&resize=350%2C200 1x, https:\/\/i0.wp.com\/diariodegarca.com\/wp-content\/uploads\/2025\/09\/f1d2b2304c85c633316372f9bfdaa883.jpg?fit=800%2C565&ssl=1&resize=525%2C300 1.5x, https:\/\/i0.wp.com\/diariodegarca.com\/wp-content\/uploads\/2025\/09\/f1d2b2304c85c633316372f9bfdaa883.jpg?fit=800%2C565&ssl=1&resize=700%2C400 2x"},"classes":[]},{"id":3345,"url":"https:\/\/diariodegarca.com\/?p=3345","url_meta":{"origin":2965,"position":1},"title":"Curso em Lucian\u00f3polis ensina t\u00e9cnicas para fabrica\u00e7\u00e3o e venda de pizzas","author":"Di\u00e1rio de Gar\u00e7a","date":"23 de maio de 2025","format":false,"excerpt":"Para quem deseja empreender no setor aliment\u00edcio ou buscar uma nova fonte de renda, o curso\u00a0\"Aprenda a Fabricar e Vender Pizzas e Salgados Assados\"\u00a0oferece uma oportunidade valiosa. Com aulas presenciais e pr\u00e1ticas, a capacita\u00e7\u00e3o \u00e9 voltada para quem quer dominar desde o preparo at\u00e9 a comercializa\u00e7\u00e3o desses produtos, que est\u00e3o\u2026","rel":"","context":"Em &quot;Curso&quot;","block_context":{"text":"Curso","link":"https:\/\/diariodegarca.com\/?cat=36947"},"img":{"alt_text":"","src":"","width":0,"height":0},"classes":[]},{"id":5743,"url":"https:\/\/diariodegarca.com\/?p=5743","url_meta":{"origin":2965,"position":2},"title":"CRAS Lucian\u00f3polis promove roda de conversa sobre campanha do Agosto Lil\u00e1s","author":"Di\u00e1rio de Gar\u00e7a","date":"18 de agosto de 2025","format":false,"excerpt":"Evento no dia 19 de agosto re\u00fane especialistas para debater viol\u00eancia contra a mulher e protagonismo feminino, com palestras e troca de experi\u00eancias. O Centro de Refer\u00eancia de Assist\u00eancia Social (CRAS) de Lucian\u00f3polis realiza, no pr\u00f3ximo dia 19 de agosto, ter\u00e7a-feira, uma roda de conversa com o tema\u00a0\u201cMulher, vire a\u2026","rel":"","context":"Em &quot;Campanha mensal&quot;","block_context":{"text":"Campanha mensal","link":"https:\/\/diariodegarca.com\/?cat=582590134"},"img":{"alt_text":"","src":"https:\/\/i0.wp.com\/diariodegarca.com\/wp-content\/uploads\/2025\/08\/531870001_1087025303555916_4286004204300286004_n.jpg?fit=512%2C298&ssl=1&resize=350%2C200","width":350,"height":200},"classes":[]},{"id":2146,"url":"https:\/\/diariodegarca.com\/?p=2146","url_meta":{"origin":2965,"position":3},"title":"Lucian\u00f3polis recebe oficina gratuita sobre precifica\u00e7\u00e3o voltada a pequenos neg\u00f3cios","author":"Di\u00e1rio de Gar\u00e7a","date":"10 de maio de 2025","format":false,"excerpt":"Uma das maiores dificuldades enfrentadas por microempreendedores e pequenos empres\u00e1rios \u00e9 colocar o pre\u00e7o certo em seus produtos ou servi\u00e7os. Em Lucian\u00f3polis, uma oficina gratuita pretende enfrentar esse desafio de frente, oferecendo orienta\u00e7\u00e3o pr\u00e1tica e acess\u00edvel para quem quer empreender com mais seguran\u00e7a e lucratividade.A atividade, intitulada \u201cFa\u00e7a o pre\u00e7o\u2026","rel":"","context":"Em &quot;Brasil&quot;","block_context":{"text":"Brasil","link":"https:\/\/diariodegarca.com\/?cat=38185"},"img":{"alt_text":"","src":"","width":0,"height":0},"classes":[]},{"id":5613,"url":"https:\/\/diariodegarca.com\/?p=5613","url_meta":{"origin":2965,"position":4},"title":"Alvinl\u00e2ndia, Fern\u00e3o e Vera Cruz oferecem curso gratuito de &#8220;Banho e Tosa&#8221;","author":"Di\u00e1rio de Gar\u00e7a","date":"15 de agosto de 2025","format":false,"excerpt":"Iniciativa do Fundo Social de SP qualifica pessoas e gera novas oportunidades no mercado pet em ambas as cidades. As cidades de Alvinl\u00e2ndia, Fern\u00e3o e\u00a0Vera Cruz\u00a0est\u00e3o com inscri\u00e7\u00f5es abertas para o\u00a0curso gratuito de Banho e Tosa \u2013 Pet de Pequeno e M\u00e9dio Porte, uma parceria entre as prefeituras municipais e\u2026","rel":"","context":"Em &quot;Alvinl\u00e2ndia&quot;","block_context":{"text":"Alvinl\u00e2ndia","link":"https:\/\/diariodegarca.com\/?cat=32102633"},"img":{"alt_text":"","src":"https:\/\/i0.wp.com\/diariodegarca.com\/wp-content\/uploads\/2025\/08\/yorkshire-terrier-recebendo-procedimento-no-salao-de-beleza-jovem-mulher-de-camiseta-branca-aparando-um-cachorrinho-yorkshire-terrier-filhote-cortando-o-cabelo-com-uma-maquina-de-barbear.jpg?fit=1200%2C800&ssl=1&resize=350%2C200","width":350,"height":200,"srcset":"https:\/\/i0.wp.com\/diariodegarca.com\/wp-content\/uploads\/2025\/08\/yorkshire-terrier-recebendo-procedimento-no-salao-de-beleza-jovem-mulher-de-camiseta-branca-aparando-um-cachorrinho-yorkshire-terrier-filhote-cortando-o-cabelo-com-uma-maquina-de-barbear.jpg?fit=1200%2C800&ssl=1&resize=350%2C200 1x, https:\/\/i0.wp.com\/diariodegarca.com\/wp-content\/uploads\/2025\/08\/yorkshire-terrier-recebendo-procedimento-no-salao-de-beleza-jovem-mulher-de-camiseta-branca-aparando-um-cachorrinho-yorkshire-terrier-filhote-cortando-o-cabelo-com-uma-maquina-de-barbear.jpg?fit=1200%2C800&ssl=1&resize=525%2C300 1.5x, https:\/\/i0.wp.com\/diariodegarca.com\/wp-content\/uploads\/2025\/08\/yorkshire-terrier-recebendo-procedimento-no-salao-de-beleza-jovem-mulher-de-camiseta-branca-aparando-um-cachorrinho-yorkshire-terrier-filhote-cortando-o-cabelo-com-uma-maquina-de-barbear.jpg?fit=1200%2C800&ssl=1&resize=700%2C400 2x, https:\/\/i0.wp.com\/diariodegarca.com\/wp-content\/uploads\/2025\/08\/yorkshire-terrier-recebendo-procedimento-no-salao-de-beleza-jovem-mulher-de-camiseta-branca-aparando-um-cachorrinho-yorkshire-terrier-filhote-cortando-o-cabelo-com-uma-maquina-de-barbear.jpg?fit=1200%2C800&ssl=1&resize=1050%2C600 3x"},"classes":[]},{"id":2613,"url":"https:\/\/diariodegarca.com\/?p=2613","url_meta":{"origin":2965,"position":5},"title":"Alvinl\u00e2ndia ter\u00e1 evento dedicado \u00e0s mulheres empreendedoras; inscri\u00e7\u00f5es abertas","author":"Di\u00e1rio de Gar\u00e7a","date":"17 de mar\u00e7o de 2025","format":false,"excerpt":"Em celebra\u00e7\u00e3o ao M\u00eas das Mulheres, o SEBRAE, em parceria com a Prefeitura Municipal de Alvinl\u00e2ndia, prepara dedicado \u00e0s mulheres empreendedoras do munic\u00edpio.\u00a0A iniciativa, que acontecer\u00e1 no dia 27 de mar\u00e7o, \u00e0s 19 horas, no Centro Comunit\u00e1rio de Alvinl\u00e2ndia, promete ser uma noite de aprendizado, troca de experi\u00eancias e conex\u00f5es\u2026","rel":"","context":"Em &quot;Brasil&quot;","block_context":{"text":"Brasil","link":"https:\/\/diariodegarca.com\/?cat=38185"},"img":{"alt_text":"","src":"","width":0,"height":0},"classes":[]}],"jetpack_featured_media_url":"","_links":{"self":[{"href":"https:\/\/diariodegarca.com\/index.php?rest_route=\/wp\/v2\/posts\/2965","targetHints":{"allow":["GET"]}}],"collection":[{"href":"https:\/\/diariodegarca.com\/index.php?rest_route=\/wp\/v2\/posts"}],"about":[{"href":"https:\/\/diariodegarca.com\/index.php?rest_route=\/wp\/v2\/types\/post"}],"author":[{"embeddable":true,"href":"https:\/\/diariodegarca.com\/index.php?rest_route=\/wp\/v2\/users\/260896546"}],"replies":[{"embeddable":true,"href":"https:\/\/diariodegarca.com\/index.php?rest_route=%2Fwp%2Fv2%2Fcomments&post=2965"}],"version-history":[{"count":0,"href":"https:\/\/diariodegarca.com\/index.php?rest_route=\/wp\/v2\/posts\/2965\/revisions"}],"wp:attachment":[{"href":"https:\/\/diariodegarca.com\/index.php?rest_route=%2Fwp%2Fv2%2Fmedia&parent=2965"}],"wp:term":[{"taxonomy":"category","embeddable":true,"href":"https:\/\/diariodegarca.com\/index.php?rest_route=%2Fwp%2Fv2%2Fcategories&post=2965"},{"taxonomy":"post_tag","embeddable":true,"href":"https:\/\/diariodegarca.com\/index.php?rest_route=%2Fwp%2Fv2%2Ftags&post=2965"}],"curies":[{"name":"wp","href":"https:\/\/api.w.org\/{rel}","templated":true}]}}