{"id":2967,"date":"2025-01-23T22:53:00","date_gmt":"2025-01-23T22:53:00","guid":{"rendered":"https:\/\/diariodegarca.com\/2025\/01\/23\/anatel-interrompe-equipamento-clandestino-usado-para-golpes-via-sms\/"},"modified":"2025-01-23T22:53:00","modified_gmt":"2025-01-23T22:53:00","slug":"anatel-interrompe-equipamento-clandestino-usado-para-golpes-via-sms","status":"publish","type":"post","link":"https:\/\/diariodegarca.com\/?p=2967","title":{"rendered":"Anatel interrompe equipamento clandestino usado para golpes via SMS"},"content":{"rendered":"<div class=\"separator\" style=\"clear: both;text-align: center\">\n  <a href=\"https:\/\/blogger.googleusercontent.com\/img\/a\/AVvXsEgK7E04KaQh6ndwYY1RKH1-aiewAHI0CXeVso3uin-FrYFp9Q-Jpy6AzQVzgsoXlvG3hf7UVS2Lu1UZNEbQrr_cwTj7L59a_RomAcfDqqe7M9xA8pRBu3i3SnB-HVMa7A9CvDlW4blVCGYUn2EuTQhoN66S61kySb3vQ9Qsp0wB0B3uSTBVdculfvBF7PM\" style=\"margin-left: 1em;margin-right: 1em\"><br \/>\n    <img decoding=\"async\" border=\"0\" src=\"https:\/\/blogger.googleusercontent.com\/img\/a\/AVvXsEgK7E04KaQh6ndwYY1RKH1-aiewAHI0CXeVso3uin-FrYFp9Q-Jpy6AzQVzgsoXlvG3hf7UVS2Lu1UZNEbQrr_cwTj7L59a_RomAcfDqqe7M9xA8pRBu3i3SnB-HVMa7A9CvDlW4blVCGYUn2EuTQhoN66S61kySb3vQ9Qsp0wB0B3uSTBVdculfvBF7PM\" width=\"400\"><br \/>\n  <\/a>\n<\/div>\n<div><\/div>\n<div>Na manh\u00e3 desta quinta-feira, dia 23 de janeiro, fiscais da Anatel S\u00e3o Paulo acompanharam a equipe do 42\u00ba DP (Distrito Policial) da Pol\u00edcia Civil do Estado para cumprimento de Mandado de Busca e Apreens\u00e3o em um apartamento na Zona Sul da capital paulista, em endere\u00e7o pr\u00f3ximo \u00e0 Marginal Pinheiros (Ponte Eus\u00e9bio Matoso).<\/div>\n<div><\/div>\n<div>As investiga\u00e7\u00f5es no local foram iniciadas h\u00e1 cerca de 20 dias, ap\u00f3s reclama\u00e7\u00e3o de interfer\u00eancia prejudicial de uma grande prestadora de SMP (Servi\u00e7o M\u00f3vel Pessoal). Ap\u00f3s os trabalhos de intelig\u00eancia (monitoramento espectral, drones e drive-test com equipamentos de \u00faltima gera\u00e7\u00e3o da Ag\u00eancia), a fonte emissora foi identificada e solicitado o Mandado de Busca e Apreens\u00e3o para acesso ao im\u00f3vel.<\/div>\n<div><\/div>\n<div>Durante a abordagem, foram detidos em flagrante dois indiv\u00edduos que estavam dentro da resid\u00eancia, onde estavam instalados equipamentos de transmiss\u00e3o de mensagens SMS (Short Message Service) visando \u00e0 aplica\u00e7\u00e3o de golpes e fraudes em contas banc\u00e1rias e cart\u00f5es de cr\u00e9dito.<\/div>\n<div>Trata-se de equipamentos clandestinos e sem a certifica\u00e7\u00e3o da Ag\u00eancia, cuja utiliza\u00e7\u00e3o \u00e9 proibida e pass\u00edvel de autua\u00e7\u00e3o administrativa e multa por parte da Ag\u00eancia. Al\u00e9m disso, a atividade de telecomunica\u00e7\u00f5es clandestina cometida configura crime, nos termos do art. 183 da Lei Geral das Telecomunica\u00e7\u00f5es. Os equipamentos foram apreendidos e seguir\u00e3o para per\u00edcia t\u00e9cnica.<\/div>\n<div><\/div>\n<div>&#8220;Cada vez mais a Anatel tem utilizado a\u00e7\u00f5es de intelig\u00eancia e equipamentos de ponta para combater a clandestinidade. A sinergia da fiscaliza\u00e7\u00e3o com as a\u00e7\u00f5es policitais reafirmam o compromisso da Ag\u00eancia com a prote\u00e7\u00e3o dos usu\u00e1rios e das redes de telecomunica\u00e7\u00f5es&#8221;, afirmou a superintendente de Fisscaliza\u00e7\u00e3o da Anatel, Gesil\u00e9a Fonseca Teles.<\/div>\n<div><\/div>\n<div>\n<div class=\"separator\" style=\"clear: both;text-align: center\">\n  <a href=\"https:\/\/blogger.googleusercontent.com\/img\/a\/AVvXsEii4lQmyAX0EXUJ7izFYdyRfgf2JqhkMTD1rN2SaEOnLbM5LBGLJfgwL4kyggUhCD2PDAcErP-Vz20YSCEJ4i2mnp3OTcvHat2I_XpGSenzpbkUnX9P-U3MexN5RKa-jlesjzVFwbUkM-L71Xacm_1tSBrWYKsUNNeCxJayo53kNXo_7meKY-7hXSAx32o\" style=\"margin-left: 1em;margin-right: 1em\"><br \/>\n    <img decoding=\"async\" border=\"0\" src=\"https:\/\/blogger.googleusercontent.com\/img\/a\/AVvXsEii4lQmyAX0EXUJ7izFYdyRfgf2JqhkMTD1rN2SaEOnLbM5LBGLJfgwL4kyggUhCD2PDAcErP-Vz20YSCEJ4i2mnp3OTcvHat2I_XpGSenzpbkUnX9P-U3MexN5RKa-jlesjzVFwbUkM-L71Xacm_1tSBrWYKsUNNeCxJayo53kNXo_7meKY-7hXSAx32o\" width=\"400\"><br \/>\n  <\/a>\n<\/div>\n<p><\/div>\n<div><b>Outros casos<\/b><\/div>\n<div><\/div>\n<div>Este \u00e9 o terceiro equipamento apreendido na Grande S\u00e3o Paulo em pouco mais de seis meses. Trata-se de uma modalidade de golpe que &#8220;engana&#8221; os telefones m\u00f3veis dos usu\u00e1rios, que acabam sendo &#8220;capturados&#8221; por estas esta\u00e7\u00f5es r\u00e1dio base falsas por alguns instantes, recebendo as mensagens SMS fora da rede autorizada do SMP das grandes prestadoras.<\/div>\n<div><\/div>\n<div><b>Fonte<\/b>:<\/div>\n<div>Ag\u00eancia Nacional de Comunica\u00e7\u00f5es\u00a0<\/div>\n","protected":false},"excerpt":{"rendered":"<p>Na manh\u00e3 desta quinta-feira, dia 23 de janeiro, fiscais da Anatel S\u00e3o Paulo acompanharam a equipe do 42\u00ba DP (Distrito Policial) da Pol\u00edcia Civil do Estado para cumprimento de Mandado de Busca e Apreens\u00e3o em um apartamento na Zona Sul da capital paulista, em endere\u00e7o pr\u00f3ximo \u00e0 Marginal Pinheiros (Ponte Eus\u00e9bio Matoso). As investiga\u00e7\u00f5es no [&hellip;]<\/p>\n","protected":false},"author":260896546,"featured_media":0,"comment_status":"open","ping_status":"open","sticky":false,"template":"","format":"standard","meta":{"_crdt_document":"","_monsterinsights_skip_tracking":false,"_monsterinsights_sitenote_active":false,"_monsterinsights_sitenote_note":"","_monsterinsights_sitenote_category":0,"advanced_seo_description":"","jetpack_seo_html_title":"","jetpack_seo_noindex":false,"_jetpack_newsletter_access":"","_jetpack_dont_email_post_to_subs":false,"_jetpack_newsletter_tier_id":0,"_jetpack_memberships_contains_paywalled_content":false,"_jetpack_memberships_contains_paid_content":false,"footnotes":"","jetpack_publicize_message":"","jetpack_publicize_feature_enabled":true,"jetpack_social_post_already_shared":false,"jetpack_social_options":{"image_generator_settings":{"template":"fullscreen","default_image_id":0,"font":"","enabled":false},"version":2},"_wpas_customize_per_network":false,"jetpack_post_was_ever_published":false},"categories":[38185],"tags":[781171812,1036487],"class_list":["post-2967","post","type-post","status-publish","format-standard","hentry","category-brasil","tag-fiscalizacao","tag-seguranca-publica"],"jetpack_publicize_connections":[],"jetpack_featured_media_url":"","jetpack_likes_enabled":true,"jetpack_sharing_enabled":true,"jetpack_shortlink":"https:\/\/wp.me\/pgitne-LR","jetpack-related-posts":[{"id":3413,"url":"https:\/\/diariodegarca.com\/?p=3413","url_meta":{"origin":2967,"position":0},"title":"Anatel retira 56 mil produtos irregulares de telecomunica\u00e7\u00f5es em megaopera\u00e7\u00e3o","author":"Di\u00e1rio de Gar\u00e7a","date":"26 de maio de 2025","format":false,"excerpt":"Fiscaliza\u00e7\u00e3o em Cama\u00e7ari, Bahia, coibiu fabrica\u00e7\u00e3o e venda de equipamentos sem homologa\u00e7\u00e3o, incluindo caixas de som e fones Bluetooth. A Ag\u00eancia Nacional de Telecomunica\u00e7\u00f5es (Anatel) realizou, no dia 22 de maio, uma opera\u00e7\u00e3o de grande porte em Cama\u00e7ari (BA), resultando na apreens\u00e3o de 56 mil produtos de telecomunica\u00e7\u00f5es irregulares. A\u2026","rel":"","context":"Em &quot;Fiscaliza\u00e7\u00e3o&quot;","block_context":{"text":"Fiscaliza\u00e7\u00e3o","link":"https:\/\/diariodegarca.com\/?cat=1192752"},"img":{"alt_text":"","src":"","width":0,"height":0},"classes":[]},{"id":3353,"url":"https:\/\/diariodegarca.com\/?p=3353","url_meta":{"origin":2967,"position":1},"title":"Anatel apreende equipamento clandestino de SMS usado em golpes em S\u00e3o Paulo","author":"Di\u00e1rio de Gar\u00e7a","date":"23 de maio de 2025","format":false,"excerpt":"Fiscais da ag\u00eancia, com apoio da Pol\u00edcia Civil, localizaram um dispositivo conhecido como \"ERB Fake\" em um pr\u00e9dio na regi\u00e3o central da capital paulista. Esta \u00e9 a quinta apreens\u00e3o do tipo em menos de um ano. Na tarde de quinta-feira, dia 22 de maio, agentes da\u00a0Ag\u00eancia Nacional de Telecomunica\u00e7\u00f5es (Anatel)\u00a0realizaram\u2026","rel":"","context":"Em &quot;Golpe&quot;","block_context":{"text":"Golpe","link":"https:\/\/diariodegarca.com\/?cat=571016"},"img":{"alt_text":"","src":"","width":0,"height":0},"classes":[]},{"id":5659,"url":"https:\/\/diariodegarca.com\/?p=5659","url_meta":{"origin":2967,"position":2},"title":"Opera\u00e7\u00e3o &#8220;Fantasma da Rede&#8221; desmantela esquema de pirataria de TV com 30 mil usu\u00e1rios em SP","author":"Di\u00e1rio de Gar\u00e7a","date":"15 de agosto de 2025","format":false,"excerpt":"Anatel e Pol\u00edcia Civil apreendem equipamentos e prendem suspeitos em esta\u00e7\u00e3o clandestina na zona leste da capital. Em uma a\u00e7\u00e3o conjunta realizada nesta ter\u00e7a-feira, 12 de agosto, a Anatel S\u00e3o Paulo e o Departamento de Investiga\u00e7\u00f5es Criminais da Pol\u00edcia Civil (DEIC\/SP) desarticularam uma rede de pirataria de TV por assinatura\u2026","rel":"","context":"Em &quot;Brasil&quot;","block_context":{"text":"Brasil","link":"https:\/\/diariodegarca.com\/?cat=38185"},"img":{"alt_text":"","src":"https:\/\/i0.wp.com\/diariodegarca.com\/wp-content\/uploads\/2025\/08\/aceb67b6-6325-454c-bcc7-67fc878574c3.jpeg?fit=768%2C400&ssl=1&resize=350%2C200","width":350,"height":200,"srcset":"https:\/\/i0.wp.com\/diariodegarca.com\/wp-content\/uploads\/2025\/08\/aceb67b6-6325-454c-bcc7-67fc878574c3.jpeg?fit=768%2C400&ssl=1&resize=350%2C200 1x, https:\/\/i0.wp.com\/diariodegarca.com\/wp-content\/uploads\/2025\/08\/aceb67b6-6325-454c-bcc7-67fc878574c3.jpeg?fit=768%2C400&ssl=1&resize=525%2C300 1.5x, https:\/\/i0.wp.com\/diariodegarca.com\/wp-content\/uploads\/2025\/08\/aceb67b6-6325-454c-bcc7-67fc878574c3.jpeg?fit=768%2C400&ssl=1&resize=700%2C400 2x"},"classes":[]},{"id":2820,"url":"https:\/\/diariodegarca.com\/?p=2820","url_meta":{"origin":2967,"position":3},"title":"Anatel investiga envio de alertas de terremoto por Google em dispositivos Android","author":"Di\u00e1rio de Gar\u00e7a","date":"14 de fevereiro de 2025","format":false,"excerpt":"A Ag\u00eancia Nacional de Telecomunica\u00e7\u00f5es (Anatel) est\u00e1 investigando o envio de alertas de terremoto para dispositivos Android em diversas regi\u00f5es dos estados do Rio de Janeiro, S\u00e3o Paulo e Minas Gerais. As notifica\u00e7\u00f5es, enviadas diretamente pelo Google, n\u00e3o tiveram participa\u00e7\u00e3o das operadoras de telecomunica\u00e7\u00f5es nem do Sistema Nacional de Defesa\u2026","rel":"","context":"Em &quot;Brasil&quot;","block_context":{"text":"Brasil","link":"https:\/\/diariodegarca.com\/?cat=38185"},"img":{"alt_text":"","src":"","width":0,"height":0},"classes":[]},{"id":3577,"url":"https:\/\/diariodegarca.com\/?p=3577","url_meta":{"origin":2967,"position":4},"title":"Anatel intensifica fiscaliza\u00e7\u00e3o em marketplaces e apreende produtos irregulares","author":"Di\u00e1rio de Gar\u00e7a","date":"30 de maio de 2025","format":false,"excerpt":"Opera\u00e7\u00e3o em centros de distribui\u00e7\u00e3o de Mercado Livre, Amazon e Shopee visa combater venda de drones, celulares e TV Box n\u00e3o homologados Desde o dia 26 de maio de 2025, a Ag\u00eancia Nacional de Telecomunica\u00e7\u00f5es (Anatel) est\u00e1 realizando opera\u00e7\u00f5es de fiscaliza\u00e7\u00e3o em centros de distribui\u00e7\u00e3o (CDs) de grandes marketplaces, como\u00a0Mercado\u2026","rel":"","context":"Em &quot;Fiscaliza\u00e7\u00e3o&quot;","block_context":{"text":"Fiscaliza\u00e7\u00e3o","link":"https:\/\/diariodegarca.com\/?cat=1192752"},"img":{"alt_text":"","src":"","width":0,"height":0},"classes":[]},{"id":6312,"url":"https:\/\/diariodegarca.com\/?p=6312","url_meta":{"origin":2967,"position":5},"title":"Anatel torna obrigat\u00f3rio &#8220;N\u00e3o Me Perturbe&#8221; por todas as operadoras de telemarketing","author":"Di\u00e1rio de Gar\u00e7a","date":"3 de setembro de 2025","format":false,"excerpt":"Decis\u00e3o unifica em uma \u00fanica plataforma o cadastro de consumidores que n\u00e3o desejam receber liga\u00e7\u00f5es promocionais; empresas ter\u00e3o 60 dias para se adaptar \u00e0 regra. Em uma medida que impacta milh\u00f5es de consumidores e empresas de telecomunica\u00e7\u00f5es, a Ag\u00eancia Nacional de Telecomunica\u00e7\u00f5es (Anatel) determinou, na ter\u00e7a-feira, 2 de setembro, a\u2026","rel":"","context":"Em &quot;Brasil&quot;","block_context":{"text":"Brasil","link":"https:\/\/diariodegarca.com\/?cat=38185"},"img":{"alt_text":"","src":"https:\/\/i0.wp.com\/diariodegarca.com\/wp-content\/uploads\/2025\/09\/fone-de-ouvido-de-audio-usado-por-agentes-de-call-center-para-atender-clientes-e-fazer-telecomunicacoes-com-tecnologia-estacao-de-trabalho-de-atendimento-ao-cliente-vazia-com-fones-de-ou.jpg?fit=1200%2C675&ssl=1&resize=350%2C200","width":350,"height":200,"srcset":"https:\/\/i0.wp.com\/diariodegarca.com\/wp-content\/uploads\/2025\/09\/fone-de-ouvido-de-audio-usado-por-agentes-de-call-center-para-atender-clientes-e-fazer-telecomunicacoes-com-tecnologia-estacao-de-trabalho-de-atendimento-ao-cliente-vazia-com-fones-de-ou.jpg?fit=1200%2C675&ssl=1&resize=350%2C200 1x, https:\/\/i0.wp.com\/diariodegarca.com\/wp-content\/uploads\/2025\/09\/fone-de-ouvido-de-audio-usado-por-agentes-de-call-center-para-atender-clientes-e-fazer-telecomunicacoes-com-tecnologia-estacao-de-trabalho-de-atendimento-ao-cliente-vazia-com-fones-de-ou.jpg?fit=1200%2C675&ssl=1&resize=525%2C300 1.5x, https:\/\/i0.wp.com\/diariodegarca.com\/wp-content\/uploads\/2025\/09\/fone-de-ouvido-de-audio-usado-por-agentes-de-call-center-para-atender-clientes-e-fazer-telecomunicacoes-com-tecnologia-estacao-de-trabalho-de-atendimento-ao-cliente-vazia-com-fones-de-ou.jpg?fit=1200%2C675&ssl=1&resize=700%2C400 2x, https:\/\/i0.wp.com\/diariodegarca.com\/wp-content\/uploads\/2025\/09\/fone-de-ouvido-de-audio-usado-por-agentes-de-call-center-para-atender-clientes-e-fazer-telecomunicacoes-com-tecnologia-estacao-de-trabalho-de-atendimento-ao-cliente-vazia-com-fones-de-ou.jpg?fit=1200%2C675&ssl=1&resize=1050%2C600 3x"},"classes":[]}],"_links":{"self":[{"href":"https:\/\/diariodegarca.com\/index.php?rest_route=\/wp\/v2\/posts\/2967","targetHints":{"allow":["GET"]}}],"collection":[{"href":"https:\/\/diariodegarca.com\/index.php?rest_route=\/wp\/v2\/posts"}],"about":[{"href":"https:\/\/diariodegarca.com\/index.php?rest_route=\/wp\/v2\/types\/post"}],"author":[{"embeddable":true,"href":"https:\/\/diariodegarca.com\/index.php?rest_route=\/wp\/v2\/users\/260896546"}],"replies":[{"embeddable":true,"href":"https:\/\/diariodegarca.com\/index.php?rest_route=%2Fwp%2Fv2%2Fcomments&post=2967"}],"version-history":[{"count":0,"href":"https:\/\/diariodegarca.com\/index.php?rest_route=\/wp\/v2\/posts\/2967\/revisions"}],"wp:attachment":[{"href":"https:\/\/diariodegarca.com\/index.php?rest_route=%2Fwp%2Fv2%2Fmedia&parent=2967"}],"wp:term":[{"taxonomy":"category","embeddable":true,"href":"https:\/\/diariodegarca.com\/index.php?rest_route=%2Fwp%2Fv2%2Fcategories&post=2967"},{"taxonomy":"post_tag","embeddable":true,"href":"https:\/\/diariodegarca.com\/index.php?rest_route=%2Fwp%2Fv2%2Ftags&post=2967"}],"curies":[{"name":"wp","href":"https:\/\/api.w.org\/{rel}","templated":true}]}}