{"id":2969,"date":"2025-01-23T19:11:00","date_gmt":"2025-01-23T19:11:00","guid":{"rendered":"https:\/\/diariodegarca.com\/2025\/01\/23\/projeto-de-ocaucu-transforma-oleo-usado-em-sustentabilidade\/"},"modified":"2025-01-23T19:11:00","modified_gmt":"2025-01-23T19:11:00","slug":"projeto-de-ocaucu-transforma-oleo-usado-em-sustentabilidade","status":"publish","type":"post","link":"https:\/\/diariodegarca.com\/?p=2969","title":{"rendered":"Projeto de Ocau\u00e7u transforma \u00f3leo usado em sustentabilidade"},"content":{"rendered":"<div>\n<div class=\"separator\" style=\"clear: both;text-align: center\">\n  <a href=\"https:\/\/blogger.googleusercontent.com\/img\/a\/AVvXsEjZY0ZxcREc8Cqr5opJnMdqbSwRlgJYLn53sZVshlNghV3dwz3kfER4k6w3nMa93pM1cB-scinlZVmCigtmijC5sUplJZbQAcq0UVWEBSseqby7spkh4Clgjk8j9VcKMcXj4q_5gAQHWhyIRKR-APxGk1V5EPWzWvOeijO4NWy-XJalSYI9N5wKps2Lw-4\" style=\"margin-left: 1em;margin-right: 1em\"><br \/>\n    <img decoding=\"async\" border=\"0\" src=\"https:\/\/blogger.googleusercontent.com\/img\/a\/AVvXsEjZY0ZxcREc8Cqr5opJnMdqbSwRlgJYLn53sZVshlNghV3dwz3kfER4k6w3nMa93pM1cB-scinlZVmCigtmijC5sUplJZbQAcq0UVWEBSseqby7spkh4Clgjk8j9VcKMcXj4q_5gAQHWhyIRKR-APxGk1V5EPWzWvOeijO4NWy-XJalSYI9N5wKps2Lw-4\" width=\"400\"><br \/>\n  <\/a>\n<\/div>\n<p><\/div>\n<div><\/div>\n<div>A Prefeitura de Ocau\u00e7u est\u00e1 promovendo uma a\u00e7\u00e3o sustent\u00e1vel que beneficia o meio ambiente e os cidad\u00e3os. Por meio da iniciativa, \u00e9 poss\u00edvel trocar <b>4 litros de \u00f3leo de cozinha usado por 1 litro de \u00f3leo novo<\/b>.<\/div>\n<div><\/div>\n<div>\ud83d\udca1 <b>Como participar<\/b><\/div>\n<div>Leve o \u00f3leo de cozinha usado at\u00e9 o ponto de coleta:<\/div>\n<div>\ud83d\udccd Endere\u00e7o: Avenida Celeste Casagrande, 204.<\/div>\n<div>\ud83d\udd52 Hor\u00e1rio de atendimento: Segunda a sexta, das 8h \u00e0s 11h30 e das 13h \u00e0s 17h.<\/div>\n<div><\/div>\n<div><b>Motivos para aderir<\/b><\/div>\n<div>&#8211; Evite a contamina\u00e7\u00e3o de solos e \u00e1guas.<\/div>\n<div>&#8211; Contribua para a economia circular e sustent\u00e1vel.<\/div>\n<div>&#8211; Receba 1 litro de \u00f3leo novo como incentivo.<\/div>\n<div><\/div>\n<div>Essa a\u00e7\u00e3o \u00e9 realizada em parceria com a Secretaria do Meio Ambiente e a Secretaria de \u00c1gua e Esgoto, visando promover a reciclagem respons\u00e1vel e a preserva\u00e7\u00e3o ambiental.<\/div>\n<div><\/div>\n<div><\/div>\n","protected":false},"excerpt":{"rendered":"<p>A Prefeitura de Ocau\u00e7u est\u00e1 promovendo uma a\u00e7\u00e3o sustent\u00e1vel que beneficia o meio ambiente e os cidad\u00e3os. Por meio da iniciativa, \u00e9 poss\u00edvel trocar 4 litros de \u00f3leo de cozinha usado por 1 litro de \u00f3leo novo. \ud83d\udca1 Como participar Leve o \u00f3leo de cozinha usado at\u00e9 o ponto de coleta: \ud83d\udccd Endere\u00e7o: Avenida Celeste [&hellip;]<\/p>\n","protected":false},"author":260896546,"featured_media":0,"comment_status":"open","ping_status":"open","sticky":false,"template":"","format":"standard","meta":{"_crdt_document":"","_monsterinsights_skip_tracking":false,"_monsterinsights_sitenote_active":false,"_monsterinsights_sitenote_note":"","_monsterinsights_sitenote_category":0,"advanced_seo_description":"","jetpack_seo_html_title":"","jetpack_seo_noindex":false,"_jetpack_newsletter_access":"","_jetpack_dont_email_post_to_subs":false,"_jetpack_newsletter_tier_id":0,"_jetpack_memberships_contains_paywalled_content":false,"_jetpack_memberships_contains_paid_content":false,"footnotes":"","jetpack_publicize_message":"","jetpack_publicize_feature_enabled":true,"jetpack_social_post_already_shared":false,"jetpack_social_options":{"image_generator_settings":{"template":"fullscreen","default_image_id":0,"font":"","enabled":false},"version":2},"_wpas_customize_per_network":false,"jetpack_post_was_ever_published":false},"categories":[38185],"tags":[781171796,781171828],"class_list":["post-2969","post","type-post","status-publish","format-standard","hentry","category-brasil","tag-meio-ambiente","tag-ocaucu"],"jetpack_publicize_connections":[],"jetpack_featured_media_url":"","jetpack_likes_enabled":true,"jetpack_sharing_enabled":true,"jetpack_shortlink":"https:\/\/wp.me\/pgitne-LT","jetpack-related-posts":[{"id":10004,"url":"https:\/\/diariodegarca.com\/?p=10004","url_meta":{"origin":2969,"position":0},"title":"Gar\u00e7a promove mutir\u00e3o para descarte correto de res\u00edduos especiais neste s\u00e1bado","author":"Di\u00e1rio de Gar\u00e7a","date":"9 de janeiro de 2026","format":false,"excerpt":"A\u00e7\u00e3o da Prefeitura acontece em frente \u00e0 Pra\u00e7a da Matriz e incentiva o descarte ambientalmente adequado de materiais que n\u00e3o devem ir para o lixo comum A Prefeitura de Gar\u00e7a promove neste s\u00e1bado, 10 de janeiro, um Mutir\u00e3o de Coleta de Res\u00edduos Especiais com o objetivo de incentivar pr\u00e1ticas ambientalmente\u2026","rel":"","context":"Em &quot;Gar\u00e7a&quot;","block_context":{"text":"Gar\u00e7a","link":"https:\/\/diariodegarca.com\/?cat=781171664"},"img":{"alt_text":"","src":"https:\/\/i0.wp.com\/diariodegarca.com\/wp-content\/uploads\/2026\/01\/reciclaveis.jpg?fit=1200%2C988&ssl=1&resize=350%2C200","width":350,"height":200,"srcset":"https:\/\/i0.wp.com\/diariodegarca.com\/wp-content\/uploads\/2026\/01\/reciclaveis.jpg?fit=1200%2C988&ssl=1&resize=350%2C200 1x, https:\/\/i0.wp.com\/diariodegarca.com\/wp-content\/uploads\/2026\/01\/reciclaveis.jpg?fit=1200%2C988&ssl=1&resize=525%2C300 1.5x, https:\/\/i0.wp.com\/diariodegarca.com\/wp-content\/uploads\/2026\/01\/reciclaveis.jpg?fit=1200%2C988&ssl=1&resize=700%2C400 2x, https:\/\/i0.wp.com\/diariodegarca.com\/wp-content\/uploads\/2026\/01\/reciclaveis.jpg?fit=1200%2C988&ssl=1&resize=1050%2C600 3x"},"classes":[]},{"id":3713,"url":"https:\/\/diariodegarca.com\/?p=3713","url_meta":{"origin":2969,"position":1},"title":"Gar\u00e7a ter\u00e1 a\u00e7\u00e3o pelo Dia Mundial do Meio Ambiente com plantio, feira sustent\u00e1vel e atividades educativas","author":"Di\u00e1rio de Gar\u00e7a","date":"5 de junho de 2025","format":false,"excerpt":"Evento gratuito no Complexo Reginaldo Moreti, organizado Prefeitura em parceria com o Lions Clube e outras institui\u00e7\u00f5es, oferece programa\u00e7\u00e3o pr\u00e1tica para toda a fam\u00edlia No pr\u00f3ximo s\u00e1bado,\u00a08 de junho, das 9h \u00e0s 13h, o\u00a0Complexo Tur\u00edstico e de Lazer \"Reginaldo Moreti\", no bairro Williams, receber\u00e1 uma s\u00e9rie de atividades em comemora\u00e7\u00e3o\u2026","rel":"","context":"Em &quot;Eventos&quot;","block_context":{"text":"Eventos","link":"https:\/\/diariodegarca.com\/?cat=2366"},"img":{"alt_text":"","src":"https:\/\/i0.wp.com\/diariodegarca.com\/wp-content\/uploads\/2025\/06\/9150-870-320-1-garca.jpg?fit=870%2C320&ssl=1&resize=350%2C200","width":350,"height":200,"srcset":"https:\/\/i0.wp.com\/diariodegarca.com\/wp-content\/uploads\/2025\/06\/9150-870-320-1-garca.jpg?fit=870%2C320&ssl=1&resize=350%2C200 1x, https:\/\/i0.wp.com\/diariodegarca.com\/wp-content\/uploads\/2025\/06\/9150-870-320-1-garca.jpg?fit=870%2C320&ssl=1&resize=525%2C300 1.5x, https:\/\/i0.wp.com\/diariodegarca.com\/wp-content\/uploads\/2025\/06\/9150-870-320-1-garca.jpg?fit=870%2C320&ssl=1&resize=700%2C400 2x"},"classes":[]},{"id":3910,"url":"https:\/\/diariodegarca.com\/?p=3910","url_meta":{"origin":2969,"position":2},"title":"ANP fiscaliza e notifica postos de combust\u00edvel em v\u00e1rios estados","author":"Di\u00e1rio de Gar\u00e7a","date":"13 de junho de 2025","format":false,"excerpt":"Opera\u00e7\u00f5es verificaram qualidade, medi\u00e7\u00e3o e documenta\u00e7\u00e3o em postos e revendas de combust\u00edveis Entre os dias 2 e 5 de junho, a Ag\u00eancia Nacional do Petr\u00f3leo, G\u00e1s Natural e Biocombust\u00edveis (ANP) realizou a\u00e7\u00f5es de fiscaliza\u00e7\u00e3o em 12 unidades da Federa\u00e7\u00e3o, com foco na qualidade dos combust\u00edveis, medi\u00e7\u00e3o correta nas bombas, adequa\u00e7\u00e3o\u2026","rel":"","context":"Em &quot;Fiscaliza\u00e7\u00e3o&quot;","block_context":{"text":"Fiscaliza\u00e7\u00e3o","link":"https:\/\/diariodegarca.com\/?cat=1192752"},"img":{"alt_text":"","src":"https:\/\/i0.wp.com\/diariodegarca.com\/wp-content\/uploads\/2025\/06\/vista-da-mulher-com-carro-no-posto-de-gasolina.jpg?fit=1200%2C800&ssl=1&resize=350%2C200","width":350,"height":200,"srcset":"https:\/\/i0.wp.com\/diariodegarca.com\/wp-content\/uploads\/2025\/06\/vista-da-mulher-com-carro-no-posto-de-gasolina.jpg?fit=1200%2C800&ssl=1&resize=350%2C200 1x, https:\/\/i0.wp.com\/diariodegarca.com\/wp-content\/uploads\/2025\/06\/vista-da-mulher-com-carro-no-posto-de-gasolina.jpg?fit=1200%2C800&ssl=1&resize=525%2C300 1.5x, https:\/\/i0.wp.com\/diariodegarca.com\/wp-content\/uploads\/2025\/06\/vista-da-mulher-com-carro-no-posto-de-gasolina.jpg?fit=1200%2C800&ssl=1&resize=700%2C400 2x, https:\/\/i0.wp.com\/diariodegarca.com\/wp-content\/uploads\/2025\/06\/vista-da-mulher-com-carro-no-posto-de-gasolina.jpg?fit=1200%2C800&ssl=1&resize=1050%2C600 3x"},"classes":[]},{"id":9081,"url":"https:\/\/diariodegarca.com\/?p=9081","url_meta":{"origin":2969,"position":3},"title":"Governo de SP entrega 200 ve\u00edculos para impulsionar a\u00e7\u00f5es sociais em pequenos munic\u00edpios","author":"Di\u00e1rio de Gar\u00e7a","date":"26 de novembro de 2025","format":false,"excerpt":"Iniciativa priorizou cidades com menos de 6 mil habitantes; regi\u00f5es de Mar\u00edlia e Bauru foram contempladas com 44 ve\u00edculos, refor\u00e7ando o atendimento em comunidades rurais e de dif\u00edcil acesso. Na \u00faltima ter\u00e7a-feira, 25 de novembro, o Governo do Estado de S\u00e3o Paulo deu in\u00edcio a um programa para fortalecer a\u2026","rel":"","context":"Em &quot;Alvinl\u00e2ndia&quot;","block_context":{"text":"Alvinl\u00e2ndia","link":"https:\/\/diariodegarca.com\/?cat=32102633"},"img":{"alt_text":"","src":"https:\/\/i0.wp.com\/diariodegarca.com\/wp-content\/uploads\/2025\/11\/fundo-social-veiculos.jpg?fit=1024%2C683&ssl=1&resize=350%2C200","width":350,"height":200,"srcset":"https:\/\/i0.wp.com\/diariodegarca.com\/wp-content\/uploads\/2025\/11\/fundo-social-veiculos.jpg?fit=1024%2C683&ssl=1&resize=350%2C200 1x, https:\/\/i0.wp.com\/diariodegarca.com\/wp-content\/uploads\/2025\/11\/fundo-social-veiculos.jpg?fit=1024%2C683&ssl=1&resize=525%2C300 1.5x, https:\/\/i0.wp.com\/diariodegarca.com\/wp-content\/uploads\/2025\/11\/fundo-social-veiculos.jpg?fit=1024%2C683&ssl=1&resize=700%2C400 2x"},"classes":[]},{"id":2320,"url":"https:\/\/diariodegarca.com\/?p=2320","url_meta":{"origin":2969,"position":4},"title":"ANP fiscaliza postos de combust\u00edveis em nove estados e aplica multas e interdi\u00e7\u00f5es por irregularidades","author":"Di\u00e1rio de Gar\u00e7a","date":"17 de abril de 2025","format":false,"excerpt":"Entre os dias 7 e 10 de abril, a Ag\u00eancia Nacional do Petr\u00f3leo, G\u00e1s Natural e Biocombust\u00edveis (ANP) realizou opera\u00e7\u00f5es de fiscaliza\u00e7\u00e3o em postos de combust\u00edveis, distribuidoras e revendedoras em nove unidades da Federa\u00e7\u00e3o. As a\u00e7\u00f5es, que contaram com parcerias de \u00f3rg\u00e3os estaduais e municipais, resultaram em autua\u00e7\u00f5es e interdi\u00e7\u00f5es\u2026","rel":"","context":"Em &quot;Brasil&quot;","block_context":{"text":"Brasil","link":"https:\/\/diariodegarca.com\/?cat=38185"},"img":{"alt_text":"","src":"https:\/\/i0.wp.com\/blogger.googleusercontent.com\/img\/b\/R29vZ2xl\/AVvXsEhJ7NXic28bntRI1XAhvD9P-A5q4I3kjG22-8LNvP0ZtWQe_YNct774dOlCzO2K9JlQK92pERR1ekn7L8tOkI8zwKi_ZJH44omAumnFvgkdAr8NlvzLPpmd_I888cGvgfwRWnM1mzfkbfG91idvlHOKSCBi8vdSc2dmaiQdCV5pK8pAre136K7h7V8DVXc\/s320\/Captura%20de%20tela%202025-04-17%20161623.jpg?resize=350%2C200&ssl=1","width":350,"height":200},"classes":[]},{"id":2419,"url":"https:\/\/diariodegarca.com\/?p=2419","url_meta":{"origin":2969,"position":5},"title":"Fiocruz assume coparticipa\u00e7\u00e3o em patente de larvicida sustent\u00e1vel contra o Aedes aegypti","author":"Di\u00e1rio de Gar\u00e7a","date":"9 de abril de 2025","format":false,"excerpt":"C\u00e9lulas de levedura com \u00f3leo de laranja encapsulado (imagem: Genta e colaboradores, BMC, 2020)O Instituto Oswaldo Cruz (IOC\/Fiocruz) passou a ser cotitular da patente de um larvicida inovador contra o\u00a0Aedes aegypti, mosquito transmissor da dengue, zika e chikungunya. Desenvolvido em parceria com universidades estrangeiras, o produto utiliza c\u00e1psulas de \u00f3leo\u2026","rel":"","context":"Em &quot;Brasil&quot;","block_context":{"text":"Brasil","link":"https:\/\/diariodegarca.com\/?cat=38185"},"img":{"alt_text":"","src":"https:\/\/i0.wp.com\/blogger.googleusercontent.com\/img\/b\/R29vZ2xl\/AVvXsEh6T-FcwBGAzokolUZippbLljG_r8u197yUdfRqSMsOplAFqO8aU0chAcjPWsHOqCR9iectuPHZCtAMvq-Q1-CKI5P9ME18cQUyZLryXgxO4HUzLI7baSgk0lCkUowkHD9Yvkj2CDyF6UBJr6WUA0alYLBu9_ymus7nBG4xqmQRlpHoJv_1g1Nkl8oV4gs\/s320\/larvicida_maior_1.jpg?resize=350%2C200&ssl=1","width":350,"height":200},"classes":[]}],"_links":{"self":[{"href":"https:\/\/diariodegarca.com\/index.php?rest_route=\/wp\/v2\/posts\/2969","targetHints":{"allow":["GET"]}}],"collection":[{"href":"https:\/\/diariodegarca.com\/index.php?rest_route=\/wp\/v2\/posts"}],"about":[{"href":"https:\/\/diariodegarca.com\/index.php?rest_route=\/wp\/v2\/types\/post"}],"author":[{"embeddable":true,"href":"https:\/\/diariodegarca.com\/index.php?rest_route=\/wp\/v2\/users\/260896546"}],"replies":[{"embeddable":true,"href":"https:\/\/diariodegarca.com\/index.php?rest_route=%2Fwp%2Fv2%2Fcomments&post=2969"}],"version-history":[{"count":0,"href":"https:\/\/diariodegarca.com\/index.php?rest_route=\/wp\/v2\/posts\/2969\/revisions"}],"wp:attachment":[{"href":"https:\/\/diariodegarca.com\/index.php?rest_route=%2Fwp%2Fv2%2Fmedia&parent=2969"}],"wp:term":[{"taxonomy":"category","embeddable":true,"href":"https:\/\/diariodegarca.com\/index.php?rest_route=%2Fwp%2Fv2%2Fcategories&post=2969"},{"taxonomy":"post_tag","embeddable":true,"href":"https:\/\/diariodegarca.com\/index.php?rest_route=%2Fwp%2Fv2%2Ftags&post=2969"}],"curies":[{"name":"wp","href":"https:\/\/api.w.org\/{rel}","templated":true}]}}