{"id":2970,"date":"2025-01-23T18:48:00","date_gmt":"2025-01-23T18:48:00","guid":{"rendered":"https:\/\/diariodegarca.com\/2025\/01\/23\/secretaria-de-desenvolvimento-economico-tem-alteracao-de-parte-dos-seus-servicos-para-predio-da-acig\/"},"modified":"2025-01-23T18:48:00","modified_gmt":"2025-01-23T18:48:00","slug":"secretaria-de-desenvolvimento-economico-tem-alteracao-de-parte-dos-seus-servicos-para-predio-da-acig","status":"publish","type":"post","link":"https:\/\/diariodegarca.com\/?p=2970","title":{"rendered":"Secretaria de Desenvolvimento Econ\u00f4mico tem altera\u00e7\u00e3o de parte dos seus servi\u00e7os para pr\u00e9dio da ACIG"},"content":{"rendered":"<div>\n<p><div class=\"separator\" style=\"clear: both;text-align: center\">\n  <a href=\"https:\/\/blogger.googleusercontent.com\/img\/a\/AVvXsEigjCHHMnmLM9KpJ8gwdbbCL1sQqHVQvVW7DWH02ZqXfLgDLM6vlJJcFh22Rgi7G34gxXqHBE-pyKv_cUxDR0tEib-mTE5i2aoXARar8jXH4TcG7aI4H46RPGu4mb6bAGWwH7MNG8J9PDN8K8JcExCIQP6hgeWMxbwMDzJRalswSodwXh56eCQsaM10rYs\" style=\"margin-left: 1em;margin-right: 1em\"><br \/>\n    <img decoding=\"async\" border=\"0\" src=\"https:\/\/blogger.googleusercontent.com\/img\/a\/AVvXsEigjCHHMnmLM9KpJ8gwdbbCL1sQqHVQvVW7DWH02ZqXfLgDLM6vlJJcFh22Rgi7G34gxXqHBE-pyKv_cUxDR0tEib-mTE5i2aoXARar8jXH4TcG7aI4H46RPGu4mb6bAGWwH7MNG8J9PDN8K8JcExCIQP6hgeWMxbwMDzJRalswSodwXh56eCQsaM10rYs\" width=\"400\"><br \/>\n  <\/a>\n<\/div>\n<\/p>\n<p>A Prefeitura de Gar\u00e7a comunicou altera\u00e7\u00f5es no local e no hor\u00e1rio de atendimento da Secretaria de Desenvolvimento Econ\u00f4mico e Turismo. A maior parte dos servi\u00e7os passar\u00e3o a ser realizados no pr\u00e9dio da ACIG, na avenida Doutor Rafael Paes de Barros, 347. As mudan\u00e7as j\u00e1 est\u00e3o em vigor.<\/p>\n<p>Confira os detalhes:<\/p>\n<p><strong>1. SEBRAE \/ Viabilidade \/ \u00c1rea Azul (servi\u00e7os administrativos)<\/strong><\/p>\n<ul>\n<li><strong>Local de Atendimento<\/strong>: ACIG &#8211; Av. Dr. Rafael Paes de Barros, 347 &#8211; Williams.<\/li>\n<li><strong>Hor\u00e1rios<\/strong>:\n<ul>\n<li>Dias 23 e 24\/01\/2025: das 08h30 \u00e0s 11h e das 13h \u00e0s 16h30.<\/li>\n<li>A partir de 27\/01\/2025: das 08h30 \u00e0s 16h30 (segunda a sexta-feira).<\/li>\n<\/ul>\n<\/li>\n<\/ul>\n<p><strong>2. Banco do Povo<\/strong><\/p>\n<ul>\n<li><strong>Local de Atendimento<\/strong>: ACIG &#8211; Av. Dr. Rafael Paes de Barros, 347 &#8211; Williams.<\/li>\n<li><strong>Hor\u00e1rios<\/strong>: A partir de 27\/01\/2025: das 08h30 \u00e0s 16h30 (segunda a sexta-feira).<\/li>\n<\/ul>\n<p><strong>3. Posto de Atendimento ao Trabalhador (PAT)<\/strong><\/p>\n<ul>\n<li><strong>Local de Atendimento<\/strong>: Secretaria de Desenvolvimento Econ\u00f4mico e Turismo &#8211; Rua Bar\u00e3o do Rio Branco, 295 \u2013 Centro.<\/li>\n<li><strong>Hor\u00e1rios<\/strong>: das 08h30 \u00e0s 11h e das 13h \u00e0s 16h30.<\/li>\n<\/ul>\n<div><\/div>\n<\/div>\n","protected":false},"excerpt":{"rendered":"<p>A Prefeitura de Gar\u00e7a comunicou altera\u00e7\u00f5es no local e no hor\u00e1rio de atendimento da Secretaria de Desenvolvimento Econ\u00f4mico e Turismo. A maior parte dos servi\u00e7os passar\u00e3o a ser realizados no pr\u00e9dio da ACIG, na avenida Doutor Rafael Paes de Barros, 347. As mudan\u00e7as j\u00e1 est\u00e3o em vigor. Confira os detalhes: 1. SEBRAE \/ Viabilidade \/ [&hellip;]<\/p>\n","protected":false},"author":260896546,"featured_media":0,"comment_status":"open","ping_status":"open","sticky":false,"template":"","format":"standard","meta":{"_crdt_document":"","_monsterinsights_skip_tracking":false,"_monsterinsights_sitenote_active":false,"_monsterinsights_sitenote_note":"","_monsterinsights_sitenote_category":0,"advanced_seo_description":"","jetpack_seo_html_title":"","jetpack_seo_noindex":false,"_jetpack_newsletter_access":"","_jetpack_dont_email_post_to_subs":false,"_jetpack_newsletter_tier_id":0,"_jetpack_memberships_contains_paywalled_content":false,"_jetpack_memberships_contains_paid_content":false,"footnotes":"","jetpack_publicize_message":"","jetpack_publicize_feature_enabled":true,"jetpack_social_post_already_shared":false,"jetpack_social_options":{"image_generator_settings":{"template":"fullscreen","default_image_id":0,"font":"","enabled":false},"version":2},"_wpas_customize_per_network":false,"jetpack_post_was_ever_published":false},"categories":[38185],"tags":[1054543,781171801],"class_list":["post-2970","post","type-post","status-publish","format-standard","hentry","category-brasil","tag-atencao","tag-brasil"],"jetpack_publicize_connections":[],"jetpack_featured_media_url":"","jetpack_likes_enabled":true,"jetpack_sharing_enabled":true,"jetpack_shortlink":"https:\/\/wp.me\/pgitne-LU","jetpack-related-posts":[{"id":2977,"url":"https:\/\/diariodegarca.com\/?p=2977","url_meta":{"origin":2970,"position":0},"title":"Mutir\u00e3o do MEI em Gar\u00e7a: Sebrae M\u00f3vel oferece atendimento gratuito nos dias 23 e 24 de janeiro","author":"Di\u00e1rio de Gar\u00e7a","date":"22 de janeiro de 2025","format":false,"excerpt":"Nos dias 23 e 24 de janeiro de 2025, o Sebrae M\u00f3vel estar\u00e1 em Gar\u00e7a para auxiliar os Microempreendedores Individuais (MEIs) com consultas e regulariza\u00e7\u00f5es.\u00a0A a\u00e7\u00e3o busca ajudar os empreendedores a ficarem em dia com suas obriga\u00e7\u00f5es fiscais, como o pagamento do DAS (Documento de Arrecada\u00e7\u00e3o do Simples Nacional) e\u2026","rel":"","context":"Em &quot;Brasil&quot;","block_context":{"text":"Brasil","link":"https:\/\/diariodegarca.com\/?cat=38185"},"img":{"alt_text":"","src":"","width":0,"height":0},"classes":[]},{"id":2621,"url":"https:\/\/diariodegarca.com\/?p=2621","url_meta":{"origin":2970,"position":1},"title":"ACIG amplia acesso ao mercado de trabalho com Banco de Curr\u00edculos","author":"Di\u00e1rio de Gar\u00e7a","date":"14 de mar\u00e7o de 2025","format":false,"excerpt":"A Associa\u00e7\u00e3o Comercial e Industrial de Gar\u00e7a (ACIG) n\u00e3o se destaca apenas pelos servi\u00e7os oferecidos aos associados, mas tamb\u00e9m pelo papel fundamental na conex\u00e3o entre empresas e profissionais. Por meio do Instituto de Talentos e do Banco de Curr\u00edculos, a entidade promove a inclus\u00e3o social e facilita a inser\u00e7\u00e3o no\u2026","rel":"","context":"Em &quot;Brasil&quot;","block_context":{"text":"Brasil","link":"https:\/\/diariodegarca.com\/?cat=38185"},"img":{"alt_text":"","src":"","width":0,"height":0},"classes":[]},{"id":2756,"url":"https:\/\/diariodegarca.com\/?p=2756","url_meta":{"origin":2970,"position":2},"title":"Gar\u00e7a oferece curso gratuito de pizzas artesanais com t\u00e9cnicas profissionais","author":"Di\u00e1rio de Gar\u00e7a","date":"25 de fevereiro de 2025","format":false,"excerpt":"\u00a0\u00a0 A Prefeitura de Gar\u00e7a, por meio da Secretaria de Desenvolvimento Econ\u00f4mico e Turismo, em parceria com o SEBRAE, abre inscri\u00e7\u00f5es para o curso \u201cPrepare e venda pizzas doces e salgadas\u201d, uma oportunidade para empreendedores e entusiastas da gastronomia dominarem t\u00e9cnicas de produ\u00e7\u00e3o, seguran\u00e7a alimentar e gest\u00e3o de neg\u00f3cios.\u00a0Com aulas\u2026","rel":"","context":"Em &quot;Brasil&quot;","block_context":{"text":"Brasil","link":"https:\/\/diariodegarca.com\/?cat=38185"},"img":{"alt_text":"","src":"","width":0,"height":0},"classes":[]},{"id":2753,"url":"https:\/\/diariodegarca.com\/?p=2753","url_meta":{"origin":2970,"position":3},"title":"Definida a data da FITEC 2025: Espa\u00e7os para expositores j\u00e1 est\u00e3o sendo comercializados","author":"Di\u00e1rio de Gar\u00e7a","date":"25 de fevereiro de 2025","format":false,"excerpt":"A data da FITEC 2025, tradicional feira de tecnologia de Gar\u00e7a, foi oficialmente definida para os dias 25 e 26 de setembro. O evento, que acontecer\u00e1 no Gr\u00eamio Teatral Leopoldo Fr\u00f3es, das 9h \u00e0s 22h, j\u00e1 est\u00e1 com os espa\u00e7os para expositores em fase de comercializa\u00e7\u00e3o. Empresas, startups e institui\u00e7\u00f5es\u2026","rel":"","context":"Em &quot;Brasil&quot;","block_context":{"text":"Brasil","link":"https:\/\/diariodegarca.com\/?cat=38185"},"img":{"alt_text":"","src":"","width":0,"height":0},"classes":[]},{"id":8996,"url":"https:\/\/diariodegarca.com\/?p=8996","url_meta":{"origin":2970,"position":4},"title":"C\u00e2mara de Gar\u00e7a debate crise de pessoas em situa\u00e7\u00e3o de rua e transporte p\u00fablico","author":"Andreza Sega","date":"25 de novembro de 2025","format":false,"excerpt":"Vereadores destinam recursos e cobram solu\u00e7\u00f5es para quest\u00f5es urbanas; equipamentos de sa\u00fade s\u00e3o destacados como avan\u00e7os, enquanto a tarifa de R$ 2,00 para o \u00f4nibus gera expectativa e questionamentos. Em uma sess\u00e3o marcada por vota\u00e7\u00f5es r\u00e1pidas de projetos de lei e pela apresenta\u00e7\u00e3o de uma pauta diversa de requerimentos, a\u2026","rel":"","context":"Em &quot;Gar\u00e7a&quot;","block_context":{"text":"Gar\u00e7a","link":"https:\/\/diariodegarca.com\/?cat=781171664"},"img":{"alt_text":"","src":"https:\/\/i0.wp.com\/diariodegarca.com\/wp-content\/uploads\/2025\/11\/camara.jpg?fit=1200%2C802&ssl=1&resize=350%2C200","width":350,"height":200,"srcset":"https:\/\/i0.wp.com\/diariodegarca.com\/wp-content\/uploads\/2025\/11\/camara.jpg?fit=1200%2C802&ssl=1&resize=350%2C200 1x, https:\/\/i0.wp.com\/diariodegarca.com\/wp-content\/uploads\/2025\/11\/camara.jpg?fit=1200%2C802&ssl=1&resize=525%2C300 1.5x, https:\/\/i0.wp.com\/diariodegarca.com\/wp-content\/uploads\/2025\/11\/camara.jpg?fit=1200%2C802&ssl=1&resize=700%2C400 2x, https:\/\/i0.wp.com\/diariodegarca.com\/wp-content\/uploads\/2025\/11\/camara.jpg?fit=1200%2C802&ssl=1&resize=1050%2C600 3x"},"classes":[]},{"id":2510,"url":"https:\/\/diariodegarca.com\/?p=2510","url_meta":{"origin":2970,"position":5},"title":"ACIG divulga abertura de vagas em diferentes \u00e1reas","author":"Di\u00e1rio de Gar\u00e7a","date":"1 de abril de 2025","format":false,"excerpt":"A Associa\u00e7\u00e3o Comercial e Industrial de Gar\u00e7a (ACIG) anunciou novas oportunidades de emprego em diferentes setores, abrangendo tanto profissionais qualificados quanto estudantes em busca de experi\u00eancia. Os interessados devem se inscrever pelo e-mail vagas@garcaonline.com.br, informando a vaga pretendida no campo \"assunto\" do e-mail.Confira as oportunidades:Operador de m\u00e1quina pl\u00e1sticaRequisitos: Experi\u00eancia em\u2026","rel":"","context":"Em &quot;Brasil&quot;","block_context":{"text":"Brasil","link":"https:\/\/diariodegarca.com\/?cat=38185"},"img":{"alt_text":"","src":"https:\/\/i0.wp.com\/blogger.googleusercontent.com\/img\/b\/R29vZ2xl\/AVvXsEjHVeMPdlYzZ3o0AG4772gQMKzzSa0Fzipzt_qqmEUo_3Zq_gXSdtIv2Q_xFmRyO1Ft29QFu6-lkfAvHlYg8hYT-EXlr4WjQzUTvELH-nqTcrt0JKOsGKQXl91HAMuFTw4iZEXVnk9OxE0M8fHko9Kc_4eZbjzh9R6CMWhB-yeQF5Q-__2qzMrjeaUtJ0Q\/s320\/african-american-financial-advisor-going-through-paperwork-with-her-clients-while-having-meeting-office.jpg?resize=350%2C200&ssl=1","width":350,"height":200},"classes":[]}],"_links":{"self":[{"href":"https:\/\/diariodegarca.com\/index.php?rest_route=\/wp\/v2\/posts\/2970","targetHints":{"allow":["GET"]}}],"collection":[{"href":"https:\/\/diariodegarca.com\/index.php?rest_route=\/wp\/v2\/posts"}],"about":[{"href":"https:\/\/diariodegarca.com\/index.php?rest_route=\/wp\/v2\/types\/post"}],"author":[{"embeddable":true,"href":"https:\/\/diariodegarca.com\/index.php?rest_route=\/wp\/v2\/users\/260896546"}],"replies":[{"embeddable":true,"href":"https:\/\/diariodegarca.com\/index.php?rest_route=%2Fwp%2Fv2%2Fcomments&post=2970"}],"version-history":[{"count":0,"href":"https:\/\/diariodegarca.com\/index.php?rest_route=\/wp\/v2\/posts\/2970\/revisions"}],"wp:attachment":[{"href":"https:\/\/diariodegarca.com\/index.php?rest_route=%2Fwp%2Fv2%2Fmedia&parent=2970"}],"wp:term":[{"taxonomy":"category","embeddable":true,"href":"https:\/\/diariodegarca.com\/index.php?rest_route=%2Fwp%2Fv2%2Fcategories&post=2970"},{"taxonomy":"post_tag","embeddable":true,"href":"https:\/\/diariodegarca.com\/index.php?rest_route=%2Fwp%2Fv2%2Ftags&post=2970"}],"curies":[{"name":"wp","href":"https:\/\/api.w.org\/{rel}","templated":true}]}}